{"id":375499,"date":"2025-12-19T00:00:07","date_gmt":"2025-12-19T03:00:07","guid":{"rendered":"https:\/\/www.notibras.com\/site\/?p=375499"},"modified":"2025-12-19T10:11:27","modified_gmt":"2025-12-19T13:11:27","slug":"conselho-monetario-amplia-socorro-a-produtores-afetados-pelo-clima","status":"publish","type":"post","link":"https:\/\/www.notibras.com\/site\/conselho-monetario-amplia-socorro-a-produtores-afetados-pelo-clima\/","title":{"rendered":"Conselho Monet\u00e1rio amplia socorro a produtores afetados pelo clima"},"content":{"rendered":"<p>O Conselho Monet\u00e1rio Nacional (CMN) aprovou nesta quinta-feira (18) um pacote de medidas que amplia o apoio financeiro a produtores rurais impactados por eventos clim\u00e1ticos adversos e promove ajustes nas regras do cr\u00e9dito rural. As decis\u00f5es, propostas pelo Minist\u00e9rio da Fazenda, buscam preservar a atividade produtiva no campo, reduzir riscos de inadimpl\u00eancia e garantir a continuidade do financiamento, sem afastar crit\u00e9rios socioambientais.<\/p>\n<p>Entre as principais medidas est\u00e1 a amplia\u00e7\u00e3o da linha de cr\u00e9dito destinada \u00e0 liquida\u00e7\u00e3o ou amortiza\u00e7\u00e3o de d\u00edvidas de produtores que sofreram perdas relevantes em raz\u00e3o do clima. A iniciativa beneficia opera\u00e7\u00f5es de custeio contratadas entre 1\u00ba de janeiro de 2024 e 30 de junho de 2025, inclusive aquelas que j\u00e1 tenham sido renegociadas ou prorrogadas.<\/p>\n<p>Tamb\u00e9m passam a ser contempladas C\u00e9dulas de Produto Rural (CPRs) emitidas no mesmo per\u00edodo e registradas em favor de institui\u00e7\u00f5es financeiras, desde que estivessem inadimplentes em 15 de dezembro deste ano.<\/p>\n<p>Segundo o Minist\u00e9rio da Fazenda, o objetivo \u00e9 evitar a quebra financeira de produtores atingidos por eventos extremos e permitir a reorganiza\u00e7\u00e3o das d\u00edvidas, mantendo a atividade produtiva.<\/p>\n<p>\u201cO foco \u00e9 garantir acesso ao cr\u00e9dito rural, com previsibilidade para produtores e institui\u00e7\u00f5es financeiras, sem abrir m\u00e3o do alinhamento com pol\u00edticas ambientais\u201d, informou a pasta, em nota.<\/p>\n<p><strong>Mudan\u00e7as nas exig\u00eancias ambientais<\/strong><br \/>\nAl\u00e9m do socorro financeiro, o CMN aprovou ajustes nas normas que tratam dos impedimentos sociais, ambientais e clim\u00e1ticos para a concess\u00e3o de cr\u00e9dito rural. As altera\u00e7\u00f5es criam um per\u00edodo de transi\u00e7\u00e3o para a aplica\u00e7\u00e3o das exig\u00eancias, com o objetivo de evitar bloqueios imediatos ao financiamento.<\/p>\n<p>Pelas novas regras, a verifica\u00e7\u00e3o de desmatamento ilegal em im\u00f3veis com \u00e1rea superior a quatro m\u00f3dulos fiscais ser\u00e1 obrigat\u00f3ria a partir de abril de 2026. Para agricultores familiares e propriedades de at\u00e9 quatro m\u00f3dulos fiscais, a exig\u00eancia passa a valer em janeiro de 2027.<\/p>\n<p>A checagem ser\u00e1 feita com base em listas de im\u00f3veis com poss\u00edveis ind\u00edcios de desmatamento elaboradas pelo Minist\u00e9rio do Meio Ambiente e Mudan\u00e7a do Clima, a partir de dados do sistema Prodes, do Instituto Nacional de Pesquisas Espaciais (Inpe). Mesmo que o im\u00f3vel conste nessas listas, o produtor poder\u00e1 apresentar documentos que comprovem a legalidade da atividade, como autoriza\u00e7\u00f5es ambientais, termos de ajuste de conduta ou laudos t\u00e9cnicos.<\/p>\n<p>No caso de povos e comunidades tradicionais, o CMN autorizou, at\u00e9 30 de junho de 2028, a concess\u00e3o de cr\u00e9dito do Pronaf a benefici\u00e1rios de Reservas Extrativistas, Florestas Nacionais e Reservas de Desenvolvimento Sustent\u00e1vel mesmo sem plano de manejo publicado, desde que haja anu\u00eancia do \u00f3rg\u00e3o gestor da unidade. Segundo a Fazenda, a medida reconhece as especificidades desses territ\u00f3rios e evita a exclus\u00e3o financeira dessas popula\u00e7\u00f5es.<\/p>\n<p><strong>Pre\u00e7o m\u00ednimo e refor\u00e7o ao Pronaf<\/strong><br \/>\nO colegiado tamb\u00e9m aprovou novos pre\u00e7os de garantia do Programa de Garantia de Pre\u00e7os para a Agricultura Familiar (PGPAF), v\u00e1lido de 10 de janeiro de 2026 a 9 de janeiro de 2027. O mecanismo funciona como um pre\u00e7o m\u00ednimo para produtos financiados pelo Pronaf e garante desconto no financiamento sempre que o pre\u00e7o de mercado ficar abaixo do valor de refer\u00eancia definido pelo governo.<\/p>\n<p>O desconto \u00e9 calculado com base na diferen\u00e7a entre o pre\u00e7o m\u00e9dio de comercializa\u00e7\u00e3o no m\u00eas anterior ao vencimento da parcela e o pre\u00e7o de garantia. O benef\u00edcio \u00e9 limitado a R$ 5 mil por agricultor e por ano agr\u00edcola nas opera\u00e7\u00f5es de custeio e a R$ 2 mil nas opera\u00e7\u00f5es de investimento.<\/p>\n<p>\u201cO PGPAF \u00e9 um instrumento de prote\u00e7\u00e3o de renda que garante a cobertura dos custos vari\u00e1veis de produ\u00e7\u00e3o em momentos de queda de pre\u00e7os\u201d, informou o Minist\u00e9rio da Fazenda.<\/p>\n<p>Al\u00e9m disso, o CMN aprovou ajustes nas regras do Pronaf para ampliar o acesso ao cr\u00e9dito, especialmente no microcr\u00e9dito produtivo voltado aos agricultores de menor renda. Entre as mudan\u00e7as, est\u00e1 a possibilidade de o produtor autorizar o pagamento direto, pelo banco, dos servi\u00e7os de assist\u00eancia t\u00e9cnica inclu\u00eddos no projeto financiado.<\/p>\n<p>O prazo para contrata\u00e7\u00e3o de cr\u00e9dito de custeio agr\u00edcola, que havia se encerrado em 2025, foi reaberto at\u00e9 julho de 2027. Tamb\u00e9m foi ampliado de R$ 3 mil para R$ 5 mil o limite de financiamento para constru\u00e7\u00e3o ou reforma de instala\u00e7\u00f5es sanit\u00e1rias nas propriedades rurais.<\/p>\n<p>Segundo a equipe econ\u00f4mica, o conjunto de medidas refor\u00e7a o papel do cr\u00e9dito rural como pol\u00edtica p\u00fablica de estabiliza\u00e7\u00e3o de renda e de apoio \u00e0 produ\u00e7\u00e3o. \u201cO objetivo \u00e9 ampliar o acesso ao financiamento, reduzir riscos para o produtor e dar mais previsibilidade \u00e0 agricultura familiar\u201d, afirmou a Fazenda.<\/p>\n","protected":false},"excerpt":{"rendered":"<p>O Conselho Monet\u00e1rio Nacional (CMN) aprovou nesta quinta-feira (18) um pacote de medidas que amplia o apoio financeiro a produtores rurais impactados por eventos clim\u00e1ticos adversos e promove ajustes nas regras do cr\u00e9dito rural. As decis\u00f5es, propostas pelo Minist\u00e9rio da Fazenda, buscam preservar a atividade produtiva no campo, reduzir riscos de inadimpl\u00eancia e garantir a [&hellip;]<\/p>\n","protected":false},"author":2,"featured_media":375500,"comment_status":"closed","ping_status":"closed","sticky":false,"template":"","format":"standard","meta":{"_acf_changed":false,"footnotes":""},"categories":[16],"tags":[],"class_list":["post-375499","post","type-post","status-publish","format-standard","has-post-thumbnail","hentry","category-brasil"],"acf":[],"yoast_head":"<!-- This site is optimized with the Yoast SEO plugin v27.5 - https:\/\/yoast.com\/product\/yoast-seo-wordpress\/ -->\n<title>Conselho Monet\u00e1rio amplia socorro a produtores afetados pelo clima - Notibras<\/title>\n<meta name=\"robots\" content=\"index, follow, max-snippet:-1, max-image-preview:large, max-video-preview:-1\" \/>\n<link rel=\"canonical\" href=\"https:\/\/www.notibras.com\/site\/conselho-monetario-amplia-socorro-a-produtores-afetados-pelo-clima\/\" \/>\n<meta property=\"og:locale\" content=\"pt_BR\" \/>\n<meta property=\"og:type\" content=\"article\" \/>\n<meta property=\"og:title\" content=\"Conselho Monet\u00e1rio amplia socorro a produtores afetados pelo clima - Notibras\" \/>\n<meta property=\"og:description\" content=\"O Conselho Monet\u00e1rio Nacional (CMN) aprovou nesta quinta-feira (18) um pacote de medidas que amplia o apoio financeiro a produtores rurais impactados por eventos clim\u00e1ticos adversos e promove ajustes nas regras do cr\u00e9dito rural. As decis\u00f5es, propostas pelo Minist\u00e9rio da Fazenda, buscam preservar a atividade produtiva no campo, reduzir riscos de inadimpl\u00eancia e garantir a [&hellip;]\" \/>\n<meta property=\"og:url\" content=\"https:\/\/www.notibras.com\/site\/conselho-monetario-amplia-socorro-a-produtores-afetados-pelo-clima\/\" \/>\n<meta property=\"og:site_name\" content=\"Notibras\" \/>\n<meta property=\"article:publisher\" content=\"https:\/\/www.facebook.com\/notibras\/\" \/>\n<meta property=\"article:published_time\" content=\"2025-12-19T03:00:07+00:00\" \/>\n<meta property=\"article:modified_time\" content=\"2025-12-19T13:11:27+00:00\" \/>\n<meta property=\"og:image\" content=\"https:\/\/www.notibras.com\/site\/wp-content\/uploads\/2025\/12\/960819-agroflorestas-dsc_4332.jpg\" \/>\n\t<meta property=\"og:image:width\" content=\"1170\" \/>\n\t<meta property=\"og:image:height\" content=\"700\" \/>\n\t<meta property=\"og:image:type\" content=\"image\/jpeg\" \/>\n<meta name=\"author\" content=\"Reda\u00e7\u00e3o\" \/>\n<meta name=\"twitter:card\" content=\"summary_large_image\" \/>\n<meta name=\"twitter:creator\" content=\"@Notibras\" \/>\n<meta name=\"twitter:site\" content=\"@Notibras\" \/>\n<meta name=\"twitter:label1\" content=\"Escrito por\" \/>\n\t<meta name=\"twitter:data1\" content=\"Reda\u00e7\u00e3o\" \/>\n\t<meta name=\"twitter:label2\" content=\"Est. tempo de leitura\" \/>\n\t<meta name=\"twitter:data2\" content=\"5 minutos\" \/>\n<script type=\"application\/ld+json\" class=\"yoast-schema-graph\">{\"@context\":\"https:\\\/\\\/schema.org\",\"@graph\":[{\"@type\":\"Article\",\"@id\":\"https:\\\/\\\/www.notibras.com\\\/site\\\/conselho-monetario-amplia-socorro-a-produtores-afetados-pelo-clima\\\/#article\",\"isPartOf\":{\"@id\":\"https:\\\/\\\/www.notibras.com\\\/site\\\/conselho-monetario-amplia-socorro-a-produtores-afetados-pelo-clima\\\/\"},\"author\":{\"name\":\"Reda\u00e7\u00e3o\",\"@id\":\"https:\\\/\\\/www.notibras.com\\\/site\\\/#\\\/schema\\\/person\\\/36ab0979449956132d3e5b517ea76ac8\"},\"headline\":\"Conselho Monet\u00e1rio amplia socorro a produtores afetados pelo clima\",\"datePublished\":\"2025-12-19T03:00:07+00:00\",\"dateModified\":\"2025-12-19T13:11:27+00:00\",\"mainEntityOfPage\":{\"@id\":\"https:\\\/\\\/www.notibras.com\\\/site\\\/conselho-monetario-amplia-socorro-a-produtores-afetados-pelo-clima\\\/\"},\"wordCount\":817,\"publisher\":{\"@id\":\"https:\\\/\\\/www.notibras.com\\\/site\\\/#organization\"},\"image\":{\"@id\":\"https:\\\/\\\/www.notibras.com\\\/site\\\/conselho-monetario-amplia-socorro-a-produtores-afetados-pelo-clima\\\/#primaryimage\"},\"thumbnailUrl\":\"https:\\\/\\\/www.notibras.com\\\/site\\\/wp-content\\\/uploads\\\/2025\\\/12\\\/960819-agroflorestas-dsc_4332.jpg\",\"articleSection\":[\"Brasil\"],\"inLanguage\":\"pt-BR\"},{\"@type\":\"WebPage\",\"@id\":\"https:\\\/\\\/www.notibras.com\\\/site\\\/conselho-monetario-amplia-socorro-a-produtores-afetados-pelo-clima\\\/\",\"url\":\"https:\\\/\\\/www.notibras.com\\\/site\\\/conselho-monetario-amplia-socorro-a-produtores-afetados-pelo-clima\\\/\",\"name\":\"Conselho Monet\u00e1rio amplia socorro a produtores afetados pelo clima - Notibras\",\"isPartOf\":{\"@id\":\"https:\\\/\\\/www.notibras.com\\\/site\\\/#website\"},\"primaryImageOfPage\":{\"@id\":\"https:\\\/\\\/www.notibras.com\\\/site\\\/conselho-monetario-amplia-socorro-a-produtores-afetados-pelo-clima\\\/#primaryimage\"},\"image\":{\"@id\":\"https:\\\/\\\/www.notibras.com\\\/site\\\/conselho-monetario-amplia-socorro-a-produtores-afetados-pelo-clima\\\/#primaryimage\"},\"thumbnailUrl\":\"https:\\\/\\\/www.notibras.com\\\/site\\\/wp-content\\\/uploads\\\/2025\\\/12\\\/960819-agroflorestas-dsc_4332.jpg\",\"datePublished\":\"2025-12-19T03:00:07+00:00\",\"dateModified\":\"2025-12-19T13:11:27+00:00\",\"breadcrumb\":{\"@id\":\"https:\\\/\\\/www.notibras.com\\\/site\\\/conselho-monetario-amplia-socorro-a-produtores-afetados-pelo-clima\\\/#breadcrumb\"},\"inLanguage\":\"pt-BR\",\"potentialAction\":[{\"@type\":\"ReadAction\",\"target\":[\"https:\\\/\\\/www.notibras.com\\\/site\\\/conselho-monetario-amplia-socorro-a-produtores-afetados-pelo-clima\\\/\"]}]},{\"@type\":\"ImageObject\",\"inLanguage\":\"pt-BR\",\"@id\":\"https:\\\/\\\/www.notibras.com\\\/site\\\/conselho-monetario-amplia-socorro-a-produtores-afetados-pelo-clima\\\/#primaryimage\",\"url\":\"https:\\\/\\\/www.notibras.com\\\/site\\\/wp-content\\\/uploads\\\/2025\\\/12\\\/960819-agroflorestas-dsc_4332.jpg\",\"contentUrl\":\"https:\\\/\\\/www.notibras.com\\\/site\\\/wp-content\\\/uploads\\\/2025\\\/12\\\/960819-agroflorestas-dsc_4332.jpg\",\"width\":1170,\"height\":700},{\"@type\":\"BreadcrumbList\",\"@id\":\"https:\\\/\\\/www.notibras.com\\\/site\\\/conselho-monetario-amplia-socorro-a-produtores-afetados-pelo-clima\\\/#breadcrumb\",\"itemListElement\":[{\"@type\":\"ListItem\",\"position\":1,\"name\":\"In\u00edcio\",\"item\":\"https:\\\/\\\/www.notibras.com\\\/site\\\/\"},{\"@type\":\"ListItem\",\"position\":2,\"name\":\"Conselho Monet\u00e1rio amplia socorro a produtores afetados pelo clima\"}]},{\"@type\":\"WebSite\",\"@id\":\"https:\\\/\\\/www.notibras.com\\\/site\\\/#website\",\"url\":\"https:\\\/\\\/www.notibras.com\\\/site\\\/\",\"name\":\"Notibras\",\"description\":\"Not\u00edcias de Bras\u00edlia, do Brasil e do Mundo\",\"publisher\":{\"@id\":\"https:\\\/\\\/www.notibras.com\\\/site\\\/#organization\"},\"potentialAction\":[{\"@type\":\"SearchAction\",\"target\":{\"@type\":\"EntryPoint\",\"urlTemplate\":\"https:\\\/\\\/www.notibras.com\\\/site\\\/?s={search_term_string}\"},\"query-input\":{\"@type\":\"PropertyValueSpecification\",\"valueRequired\":true,\"valueName\":\"search_term_string\"}}],\"inLanguage\":\"pt-BR\"},{\"@type\":\"Organization\",\"@id\":\"https:\\\/\\\/www.notibras.com\\\/site\\\/#organization\",\"name\":\"Grupo Notibras de Comunica\u00e7\u00e3o\",\"url\":\"https:\\\/\\\/www.notibras.com\\\/site\\\/\",\"logo\":{\"@type\":\"ImageObject\",\"inLanguage\":\"pt-BR\",\"@id\":\"https:\\\/\\\/www.notibras.com\\\/site\\\/#\\\/schema\\\/logo\\\/image\\\/\",\"url\":\"https:\\\/\\\/www.notibras.com\\\/site\\\/wp-content\\\/uploads\\\/2023\\\/01\\\/notibras23.png\",\"contentUrl\":\"https:\\\/\\\/www.notibras.com\\\/site\\\/wp-content\\\/uploads\\\/2023\\\/01\\\/notibras23.png\",\"width\":350,\"height\":87,\"caption\":\"Grupo Notibras de Comunica\u00e7\u00e3o\"},\"image\":{\"@id\":\"https:\\\/\\\/www.notibras.com\\\/site\\\/#\\\/schema\\\/logo\\\/image\\\/\"},\"sameAs\":[\"https:\\\/\\\/www.facebook.com\\\/notibras\\\/\",\"https:\\\/\\\/x.com\\\/Notibras\",\"https:\\\/\\\/www.instagram.com\\\/notibras\\\/\"]},{\"@type\":\"Person\",\"@id\":\"https:\\\/\\\/www.notibras.com\\\/site\\\/#\\\/schema\\\/person\\\/36ab0979449956132d3e5b517ea76ac8\",\"name\":\"Reda\u00e7\u00e3o\",\"image\":{\"@type\":\"ImageObject\",\"inLanguage\":\"pt-BR\",\"@id\":\"https:\\\/\\\/secure.gravatar.com\\\/avatar\\\/e0a867bdedb85fd243eadf09663511f96fc81e0720a4a42581f334ad4303aa6b?s=96&d=mm&r=g\",\"url\":\"https:\\\/\\\/secure.gravatar.com\\\/avatar\\\/e0a867bdedb85fd243eadf09663511f96fc81e0720a4a42581f334ad4303aa6b?s=96&d=mm&r=g\",\"contentUrl\":\"https:\\\/\\\/secure.gravatar.com\\\/avatar\\\/e0a867bdedb85fd243eadf09663511f96fc81e0720a4a42581f334ad4303aa6b?s=96&d=mm&r=g\",\"caption\":\"Reda\u00e7\u00e3o\"}}]}<\/script>\n<!-- \/ Yoast SEO plugin. -->","yoast_head_json":{"title":"Conselho Monet\u00e1rio amplia socorro a produtores afetados pelo clima - Notibras","robots":{"index":"index","follow":"follow","max-snippet":"max-snippet:-1","max-image-preview":"max-image-preview:large","max-video-preview":"max-video-preview:-1"},"canonical":"https:\/\/www.notibras.com\/site\/conselho-monetario-amplia-socorro-a-produtores-afetados-pelo-clima\/","og_locale":"pt_BR","og_type":"article","og_title":"Conselho Monet\u00e1rio amplia socorro a produtores afetados pelo clima - Notibras","og_description":"O Conselho Monet\u00e1rio Nacional (CMN) aprovou nesta quinta-feira (18) um pacote de medidas que amplia o apoio financeiro a produtores rurais impactados por eventos clim\u00e1ticos adversos e promove ajustes nas regras do cr\u00e9dito rural. As decis\u00f5es, propostas pelo Minist\u00e9rio da Fazenda, buscam preservar a atividade produtiva no campo, reduzir riscos de inadimpl\u00eancia e garantir a [&hellip;]","og_url":"https:\/\/www.notibras.com\/site\/conselho-monetario-amplia-socorro-a-produtores-afetados-pelo-clima\/","og_site_name":"Notibras","article_publisher":"https:\/\/www.facebook.com\/notibras\/","article_published_time":"2025-12-19T03:00:07+00:00","article_modified_time":"2025-12-19T13:11:27+00:00","og_image":[{"width":1170,"height":700,"url":"https:\/\/www.notibras.com\/site\/wp-content\/uploads\/2025\/12\/960819-agroflorestas-dsc_4332.jpg","type":"image\/jpeg"}],"author":"Reda\u00e7\u00e3o","twitter_card":"summary_large_image","twitter_creator":"@Notibras","twitter_site":"@Notibras","twitter_misc":{"Escrito por":"Reda\u00e7\u00e3o","Est. tempo de leitura":"5 minutos"},"schema":{"@context":"https:\/\/schema.org","@graph":[{"@type":"Article","@id":"https:\/\/www.notibras.com\/site\/conselho-monetario-amplia-socorro-a-produtores-afetados-pelo-clima\/#article","isPartOf":{"@id":"https:\/\/www.notibras.com\/site\/conselho-monetario-amplia-socorro-a-produtores-afetados-pelo-clima\/"},"author":{"name":"Reda\u00e7\u00e3o","@id":"https:\/\/www.notibras.com\/site\/#\/schema\/person\/36ab0979449956132d3e5b517ea76ac8"},"headline":"Conselho Monet\u00e1rio amplia socorro a produtores afetados pelo clima","datePublished":"2025-12-19T03:00:07+00:00","dateModified":"2025-12-19T13:11:27+00:00","mainEntityOfPage":{"@id":"https:\/\/www.notibras.com\/site\/conselho-monetario-amplia-socorro-a-produtores-afetados-pelo-clima\/"},"wordCount":817,"publisher":{"@id":"https:\/\/www.notibras.com\/site\/#organization"},"image":{"@id":"https:\/\/www.notibras.com\/site\/conselho-monetario-amplia-socorro-a-produtores-afetados-pelo-clima\/#primaryimage"},"thumbnailUrl":"https:\/\/www.notibras.com\/site\/wp-content\/uploads\/2025\/12\/960819-agroflorestas-dsc_4332.jpg","articleSection":["Brasil"],"inLanguage":"pt-BR"},{"@type":"WebPage","@id":"https:\/\/www.notibras.com\/site\/conselho-monetario-amplia-socorro-a-produtores-afetados-pelo-clima\/","url":"https:\/\/www.notibras.com\/site\/conselho-monetario-amplia-socorro-a-produtores-afetados-pelo-clima\/","name":"Conselho Monet\u00e1rio amplia socorro a produtores afetados pelo clima - Notibras","isPartOf":{"@id":"https:\/\/www.notibras.com\/site\/#website"},"primaryImageOfPage":{"@id":"https:\/\/www.notibras.com\/site\/conselho-monetario-amplia-socorro-a-produtores-afetados-pelo-clima\/#primaryimage"},"image":{"@id":"https:\/\/www.notibras.com\/site\/conselho-monetario-amplia-socorro-a-produtores-afetados-pelo-clima\/#primaryimage"},"thumbnailUrl":"https:\/\/www.notibras.com\/site\/wp-content\/uploads\/2025\/12\/960819-agroflorestas-dsc_4332.jpg","datePublished":"2025-12-19T03:00:07+00:00","dateModified":"2025-12-19T13:11:27+00:00","breadcrumb":{"@id":"https:\/\/www.notibras.com\/site\/conselho-monetario-amplia-socorro-a-produtores-afetados-pelo-clima\/#breadcrumb"},"inLanguage":"pt-BR","potentialAction":[{"@type":"ReadAction","target":["https:\/\/www.notibras.com\/site\/conselho-monetario-amplia-socorro-a-produtores-afetados-pelo-clima\/"]}]},{"@type":"ImageObject","inLanguage":"pt-BR","@id":"https:\/\/www.notibras.com\/site\/conselho-monetario-amplia-socorro-a-produtores-afetados-pelo-clima\/#primaryimage","url":"https:\/\/www.notibras.com\/site\/wp-content\/uploads\/2025\/12\/960819-agroflorestas-dsc_4332.jpg","contentUrl":"https:\/\/www.notibras.com\/site\/wp-content\/uploads\/2025\/12\/960819-agroflorestas-dsc_4332.jpg","width":1170,"height":700},{"@type":"BreadcrumbList","@id":"https:\/\/www.notibras.com\/site\/conselho-monetario-amplia-socorro-a-produtores-afetados-pelo-clima\/#breadcrumb","itemListElement":[{"@type":"ListItem","position":1,"name":"In\u00edcio","item":"https:\/\/www.notibras.com\/site\/"},{"@type":"ListItem","position":2,"name":"Conselho Monet\u00e1rio amplia socorro a produtores afetados pelo clima"}]},{"@type":"WebSite","@id":"https:\/\/www.notibras.com\/site\/#website","url":"https:\/\/www.notibras.com\/site\/","name":"Notibras","description":"Not\u00edcias de Bras\u00edlia, do Brasil e do Mundo","publisher":{"@id":"https:\/\/www.notibras.com\/site\/#organization"},"potentialAction":[{"@type":"SearchAction","target":{"@type":"EntryPoint","urlTemplate":"https:\/\/www.notibras.com\/site\/?s={search_term_string}"},"query-input":{"@type":"PropertyValueSpecification","valueRequired":true,"valueName":"search_term_string"}}],"inLanguage":"pt-BR"},{"@type":"Organization","@id":"https:\/\/www.notibras.com\/site\/#organization","name":"Grupo Notibras de Comunica\u00e7\u00e3o","url":"https:\/\/www.notibras.com\/site\/","logo":{"@type":"ImageObject","inLanguage":"pt-BR","@id":"https:\/\/www.notibras.com\/site\/#\/schema\/logo\/image\/","url":"https:\/\/www.notibras.com\/site\/wp-content\/uploads\/2023\/01\/notibras23.png","contentUrl":"https:\/\/www.notibras.com\/site\/wp-content\/uploads\/2023\/01\/notibras23.png","width":350,"height":87,"caption":"Grupo Notibras de Comunica\u00e7\u00e3o"},"image":{"@id":"https:\/\/www.notibras.com\/site\/#\/schema\/logo\/image\/"},"sameAs":["https:\/\/www.facebook.com\/notibras\/","https:\/\/x.com\/Notibras","https:\/\/www.instagram.com\/notibras\/"]},{"@type":"Person","@id":"https:\/\/www.notibras.com\/site\/#\/schema\/person\/36ab0979449956132d3e5b517ea76ac8","name":"Reda\u00e7\u00e3o","image":{"@type":"ImageObject","inLanguage":"pt-BR","@id":"https:\/\/secure.gravatar.com\/avatar\/e0a867bdedb85fd243eadf09663511f96fc81e0720a4a42581f334ad4303aa6b?s=96&d=mm&r=g","url":"https:\/\/secure.gravatar.com\/avatar\/e0a867bdedb85fd243eadf09663511f96fc81e0720a4a42581f334ad4303aa6b?s=96&d=mm&r=g","contentUrl":"https:\/\/secure.gravatar.com\/avatar\/e0a867bdedb85fd243eadf09663511f96fc81e0720a4a42581f334ad4303aa6b?s=96&d=mm&r=g","caption":"Reda\u00e7\u00e3o"}}]}},"amp_enabled":true,"_links":{"self":[{"href":"https:\/\/www.notibras.com\/site\/wp-json\/wp\/v2\/posts\/375499","targetHints":{"allow":["GET"]}}],"collection":[{"href":"https:\/\/www.notibras.com\/site\/wp-json\/wp\/v2\/posts"}],"about":[{"href":"https:\/\/www.notibras.com\/site\/wp-json\/wp\/v2\/types\/post"}],"author":[{"embeddable":true,"href":"https:\/\/www.notibras.com\/site\/wp-json\/wp\/v2\/users\/2"}],"replies":[{"embeddable":true,"href":"https:\/\/www.notibras.com\/site\/wp-json\/wp\/v2\/comments?post=375499"}],"version-history":[{"count":1,"href":"https:\/\/www.notibras.com\/site\/wp-json\/wp\/v2\/posts\/375499\/revisions"}],"predecessor-version":[{"id":375501,"href":"https:\/\/www.notibras.com\/site\/wp-json\/wp\/v2\/posts\/375499\/revisions\/375501"}],"wp:featuredmedia":[{"embeddable":true,"href":"https:\/\/www.notibras.com\/site\/wp-json\/wp\/v2\/media\/375500"}],"wp:attachment":[{"href":"https:\/\/www.notibras.com\/site\/wp-json\/wp\/v2\/media?parent=375499"}],"wp:term":[{"taxonomy":"category","embeddable":true,"href":"https:\/\/www.notibras.com\/site\/wp-json\/wp\/v2\/categories?post=375499"},{"taxonomy":"post_tag","embeddable":true,"href":"https:\/\/www.notibras.com\/site\/wp-json\/wp\/v2\/tags?post=375499"}],"curies":[{"name":"wp","href":"https:\/\/api.w.org\/{rel}","templated":true}]}}