{"id":375505,"date":"2025-12-19T10:36:52","date_gmt":"2025-12-19T13:36:52","guid":{"rendered":"https:\/\/www.notibras.com\/site\/?p=375505"},"modified":"2025-12-19T10:36:52","modified_gmt":"2025-12-19T13:36:52","slug":"quanto-mais-sou-nordestina-mais-tenho-orgulho-de-ser","status":"publish","type":"post","link":"https:\/\/www.notibras.com\/site\/quanto-mais-sou-nordestina-mais-tenho-orgulho-de-ser\/","title":{"rendered":"&#8216;Quanto mais sou nordestina, mais tenho orgulho de ser&#8217;"},"content":{"rendered":"<p>Quanto mais o tempo passa, mais descubro que ser nordestino n\u00e3o \u00e9 apenas nascer em uma parte espec\u00edfica do mapa \u2014 \u00e9 nascer com um sol no peito, uma teimosia bonita na alma e uma poesia escondida at\u00e9 nos sil\u00eancios. \u00c9 carregar no passo a mem\u00f3ria de um povo que n\u00e3o abaixa a cabe\u00e7a, mesmo quando o ch\u00e3o racha, mesmo quando a vida pesa. Quanto mais sou nordestina, mais tenho orgulho de ser.<\/p>\n<p>Porque o Nordeste me ensinou que for\u00e7a n\u00e3o se mede no grito, mas na persist\u00eancia de quem acorda cedo, ajeita o chap\u00e9u de couro e enfrenta o mundo com coragem mi\u00fada e gigante ao mesmo tempo. Me ensinou que esperan\u00e7a n\u00e3o \u00e9 ilus\u00e3o: \u00e9 a f\u00e9 teimosa de quem sabe que a chuva volta, que a porta abre, que o amanh\u00e3 melhora.<\/p>\n<p>Tenho orgulho do sotaque que abra\u00e7a, da risada que espanta tristeza, da rede esticada no alpendre onde o vento vem prosear. Orgulho da comida que alimenta o corpo e a mem\u00f3ria \u2014 do cheiro quente do cuscuz, do feij\u00e3o de corda que consola, do caf\u00e9 forte que desperta at\u00e9 saudade.<\/p>\n<p>Tenho orgulho da cultura que pulsa: do repente que improvisa o imposs\u00edvel, do forr\u00f3 que arrasta cora\u00e7\u00e3o, da literatura que transforma o sert\u00e3o em mundo. Orgulho das mulheres arretadas, dos homens de palavra, dos jovens que sonham grande sem esquecer de onde v\u00eam.<\/p>\n<p>E quanto mais eu me vejo nesse peda\u00e7o de Brasil, mais entendo que ser nordestino \u00e9 n\u00e3o caber em estere\u00f3tipo nenhum. \u00c9 ser vasto como a caatinga, profundo como o mar do litoral, diverso como cada canto que enfeita esse territ\u00f3rio.<\/p>\n<p>Sou nordestina. Sou feito de luta, riso, f\u00e9 e caminho. Sou feito daquilo que n\u00e3o se explica \u2014 s\u00f3 se sente. E quanto mais sou nordestina, mais tenho orgulho de ser. Porque aqui, at\u00e9 a simplicidade tem dignidade; a dureza tem beleza. E at\u00e9 a esperan\u00e7a tem nome: Nordeste.<\/p>\n","protected":false},"excerpt":{"rendered":"<p>Quanto mais o tempo passa, mais descubro que ser nordestino n\u00e3o \u00e9 apenas nascer em uma parte espec\u00edfica do mapa \u2014 \u00e9 nascer com um sol no peito, uma teimosia bonita na alma e uma poesia escondida at\u00e9 nos sil\u00eancios. \u00c9 carregar no passo a mem\u00f3ria de um povo que n\u00e3o abaixa a cabe\u00e7a, mesmo [&hellip;]<\/p>\n","protected":false},"author":2,"featured_media":375506,"comment_status":"closed","ping_status":"closed","sticky":false,"template":"","format":"standard","meta":{"_acf_changed":false,"footnotes":""},"categories":[165],"tags":[],"class_list":["post-375505","post","type-post","status-publish","format-standard","has-post-thumbnail","hentry","category-nordeste"],"acf":[],"yoast_head":"<!-- This site is optimized with the Yoast SEO plugin v27.2 - https:\/\/yoast.com\/product\/yoast-seo-wordpress\/ -->\n<title>&#039;Quanto mais sou nordestina, mais tenho orgulho de ser&#039; - Notibras<\/title>\n<meta name=\"robots\" content=\"index, follow, max-snippet:-1, max-image-preview:large, max-video-preview:-1\" \/>\n<link rel=\"canonical\" href=\"https:\/\/www.notibras.com\/site\/quanto-mais-sou-nordestina-mais-tenho-orgulho-de-ser\/\" \/>\n<meta property=\"og:locale\" content=\"pt_BR\" \/>\n<meta property=\"og:type\" content=\"article\" \/>\n<meta property=\"og:title\" content=\"&#039;Quanto mais sou nordestina, mais tenho orgulho de ser&#039; - Notibras\" \/>\n<meta property=\"og:description\" content=\"Quanto mais o tempo passa, mais descubro que ser nordestino n\u00e3o \u00e9 apenas nascer em uma parte espec\u00edfica do mapa \u2014 \u00e9 nascer com um sol no peito, uma teimosia bonita na alma e uma poesia escondida at\u00e9 nos sil\u00eancios. \u00c9 carregar no passo a mem\u00f3ria de um povo que n\u00e3o abaixa a cabe\u00e7a, mesmo [&hellip;]\" \/>\n<meta property=\"og:url\" content=\"https:\/\/www.notibras.com\/site\/quanto-mais-sou-nordestina-mais-tenho-orgulho-de-ser\/\" \/>\n<meta property=\"og:site_name\" content=\"Notibras\" \/>\n<meta property=\"article:publisher\" content=\"https:\/\/www.facebook.com\/notibras\/\" \/>\n<meta property=\"article:published_time\" content=\"2025-12-19T13:36:52+00:00\" \/>\n<meta property=\"og:image\" content=\"https:\/\/www.notibras.com\/site\/wp-content\/uploads\/2025\/12\/bfd2a080-8cb2-4dd4-b5a0-d556b06109bf.jpg\" \/>\n\t<meta property=\"og:image:width\" content=\"1600\" \/>\n\t<meta property=\"og:image:height\" content=\"900\" \/>\n\t<meta property=\"og:image:type\" content=\"image\/jpeg\" \/>\n<meta name=\"author\" content=\"Reda\u00e7\u00e3o\" \/>\n<meta name=\"twitter:card\" content=\"summary_large_image\" \/>\n<meta name=\"twitter:creator\" content=\"@Notibras\" \/>\n<meta name=\"twitter:site\" content=\"@Notibras\" \/>\n<meta name=\"twitter:label1\" content=\"Escrito por\" \/>\n\t<meta name=\"twitter:data1\" content=\"Reda\u00e7\u00e3o\" \/>\n\t<meta name=\"twitter:label2\" content=\"Est. tempo de leitura\" \/>\n\t<meta name=\"twitter:data2\" content=\"2 minutos\" \/>\n<script type=\"application\/ld+json\" class=\"yoast-schema-graph\">{\"@context\":\"https:\/\/schema.org\",\"@graph\":[{\"@type\":\"Article\",\"@id\":\"https:\/\/www.notibras.com\/site\/quanto-mais-sou-nordestina-mais-tenho-orgulho-de-ser\/#article\",\"isPartOf\":{\"@id\":\"https:\/\/www.notibras.com\/site\/quanto-mais-sou-nordestina-mais-tenho-orgulho-de-ser\/\"},\"author\":{\"name\":\"Reda\u00e7\u00e3o\",\"@id\":\"https:\/\/www.notibras.com\/site\/#\/schema\/person\/36ab0979449956132d3e5b517ea76ac8\"},\"headline\":\"&#8216;Quanto mais sou nordestina, mais tenho orgulho de ser&#8217;\",\"datePublished\":\"2025-12-19T13:36:52+00:00\",\"mainEntityOfPage\":{\"@id\":\"https:\/\/www.notibras.com\/site\/quanto-mais-sou-nordestina-mais-tenho-orgulho-de-ser\/\"},\"wordCount\":345,\"publisher\":{\"@id\":\"https:\/\/www.notibras.com\/site\/#organization\"},\"image\":{\"@id\":\"https:\/\/www.notibras.com\/site\/quanto-mais-sou-nordestina-mais-tenho-orgulho-de-ser\/#primaryimage\"},\"thumbnailUrl\":\"https:\/\/www.notibras.com\/site\/wp-content\/uploads\/2025\/12\/bfd2a080-8cb2-4dd4-b5a0-d556b06109bf.jpg\",\"articleSection\":[\"Nordeste\"],\"inLanguage\":\"pt-BR\"},{\"@type\":\"WebPage\",\"@id\":\"https:\/\/www.notibras.com\/site\/quanto-mais-sou-nordestina-mais-tenho-orgulho-de-ser\/\",\"url\":\"https:\/\/www.notibras.com\/site\/quanto-mais-sou-nordestina-mais-tenho-orgulho-de-ser\/\",\"name\":\"'Quanto mais sou nordestina, mais tenho orgulho de ser' - Notibras\",\"isPartOf\":{\"@id\":\"https:\/\/www.notibras.com\/site\/#website\"},\"primaryImageOfPage\":{\"@id\":\"https:\/\/www.notibras.com\/site\/quanto-mais-sou-nordestina-mais-tenho-orgulho-de-ser\/#primaryimage\"},\"image\":{\"@id\":\"https:\/\/www.notibras.com\/site\/quanto-mais-sou-nordestina-mais-tenho-orgulho-de-ser\/#primaryimage\"},\"thumbnailUrl\":\"https:\/\/www.notibras.com\/site\/wp-content\/uploads\/2025\/12\/bfd2a080-8cb2-4dd4-b5a0-d556b06109bf.jpg\",\"datePublished\":\"2025-12-19T13:36:52+00:00\",\"breadcrumb\":{\"@id\":\"https:\/\/www.notibras.com\/site\/quanto-mais-sou-nordestina-mais-tenho-orgulho-de-ser\/#breadcrumb\"},\"inLanguage\":\"pt-BR\",\"potentialAction\":[{\"@type\":\"ReadAction\",\"target\":[\"https:\/\/www.notibras.com\/site\/quanto-mais-sou-nordestina-mais-tenho-orgulho-de-ser\/\"]}]},{\"@type\":\"ImageObject\",\"inLanguage\":\"pt-BR\",\"@id\":\"https:\/\/www.notibras.com\/site\/quanto-mais-sou-nordestina-mais-tenho-orgulho-de-ser\/#primaryimage\",\"url\":\"https:\/\/www.notibras.com\/site\/wp-content\/uploads\/2025\/12\/bfd2a080-8cb2-4dd4-b5a0-d556b06109bf.jpg\",\"contentUrl\":\"https:\/\/www.notibras.com\/site\/wp-content\/uploads\/2025\/12\/bfd2a080-8cb2-4dd4-b5a0-d556b06109bf.jpg\",\"width\":1600,\"height\":900},{\"@type\":\"BreadcrumbList\",\"@id\":\"https:\/\/www.notibras.com\/site\/quanto-mais-sou-nordestina-mais-tenho-orgulho-de-ser\/#breadcrumb\",\"itemListElement\":[{\"@type\":\"ListItem\",\"position\":1,\"name\":\"In\u00edcio\",\"item\":\"https:\/\/www.notibras.com\/site\/\"},{\"@type\":\"ListItem\",\"position\":2,\"name\":\"&#8216;Quanto mais sou nordestina, mais tenho orgulho de ser&#8217;\"}]},{\"@type\":\"WebSite\",\"@id\":\"https:\/\/www.notibras.com\/site\/#website\",\"url\":\"https:\/\/www.notibras.com\/site\/\",\"name\":\"Notibras\",\"description\":\"Not\u00edcias de Bras\u00edlia, do Brasil e do Mundo\",\"publisher\":{\"@id\":\"https:\/\/www.notibras.com\/site\/#organization\"},\"potentialAction\":[{\"@type\":\"SearchAction\",\"target\":{\"@type\":\"EntryPoint\",\"urlTemplate\":\"https:\/\/www.notibras.com\/site\/?s={search_term_string}\"},\"query-input\":{\"@type\":\"PropertyValueSpecification\",\"valueRequired\":true,\"valueName\":\"search_term_string\"}}],\"inLanguage\":\"pt-BR\"},{\"@type\":\"Organization\",\"@id\":\"https:\/\/www.notibras.com\/site\/#organization\",\"name\":\"Grupo Notibras de Comunica\u00e7\u00e3o\",\"url\":\"https:\/\/www.notibras.com\/site\/\",\"logo\":{\"@type\":\"ImageObject\",\"inLanguage\":\"pt-BR\",\"@id\":\"https:\/\/www.notibras.com\/site\/#\/schema\/logo\/image\/\",\"url\":\"https:\/\/www.notibras.com\/site\/wp-content\/uploads\/2023\/01\/notibras23.png\",\"contentUrl\":\"https:\/\/www.notibras.com\/site\/wp-content\/uploads\/2023\/01\/notibras23.png\",\"width\":350,\"height\":87,\"caption\":\"Grupo Notibras de Comunica\u00e7\u00e3o\"},\"image\":{\"@id\":\"https:\/\/www.notibras.com\/site\/#\/schema\/logo\/image\/\"},\"sameAs\":[\"https:\/\/www.facebook.com\/notibras\/\",\"https:\/\/x.com\/Notibras\",\"https:\/\/www.instagram.com\/notibras\/\"]},{\"@type\":\"Person\",\"@id\":\"https:\/\/www.notibras.com\/site\/#\/schema\/person\/36ab0979449956132d3e5b517ea76ac8\",\"name\":\"Reda\u00e7\u00e3o\",\"image\":{\"@type\":\"ImageObject\",\"inLanguage\":\"pt-BR\",\"@id\":\"https:\/\/secure.gravatar.com\/avatar\/e0a867bdedb85fd243eadf09663511f96fc81e0720a4a42581f334ad4303aa6b?s=96&d=mm&r=g\",\"url\":\"https:\/\/secure.gravatar.com\/avatar\/e0a867bdedb85fd243eadf09663511f96fc81e0720a4a42581f334ad4303aa6b?s=96&d=mm&r=g\",\"contentUrl\":\"https:\/\/secure.gravatar.com\/avatar\/e0a867bdedb85fd243eadf09663511f96fc81e0720a4a42581f334ad4303aa6b?s=96&d=mm&r=g\",\"caption\":\"Reda\u00e7\u00e3o\"}}]}<\/script>\n<!-- \/ Yoast SEO plugin. -->","yoast_head_json":{"title":"'Quanto mais sou nordestina, mais tenho orgulho de ser' - Notibras","robots":{"index":"index","follow":"follow","max-snippet":"max-snippet:-1","max-image-preview":"max-image-preview:large","max-video-preview":"max-video-preview:-1"},"canonical":"https:\/\/www.notibras.com\/site\/quanto-mais-sou-nordestina-mais-tenho-orgulho-de-ser\/","og_locale":"pt_BR","og_type":"article","og_title":"'Quanto mais sou nordestina, mais tenho orgulho de ser' - Notibras","og_description":"Quanto mais o tempo passa, mais descubro que ser nordestino n\u00e3o \u00e9 apenas nascer em uma parte espec\u00edfica do mapa \u2014 \u00e9 nascer com um sol no peito, uma teimosia bonita na alma e uma poesia escondida at\u00e9 nos sil\u00eancios. \u00c9 carregar no passo a mem\u00f3ria de um povo que n\u00e3o abaixa a cabe\u00e7a, mesmo [&hellip;]","og_url":"https:\/\/www.notibras.com\/site\/quanto-mais-sou-nordestina-mais-tenho-orgulho-de-ser\/","og_site_name":"Notibras","article_publisher":"https:\/\/www.facebook.com\/notibras\/","article_published_time":"2025-12-19T13:36:52+00:00","og_image":[{"width":1600,"height":900,"url":"https:\/\/www.notibras.com\/site\/wp-content\/uploads\/2025\/12\/bfd2a080-8cb2-4dd4-b5a0-d556b06109bf.jpg","type":"image\/jpeg"}],"author":"Reda\u00e7\u00e3o","twitter_card":"summary_large_image","twitter_creator":"@Notibras","twitter_site":"@Notibras","twitter_misc":{"Escrito por":"Reda\u00e7\u00e3o","Est. tempo de leitura":"2 minutos"},"schema":{"@context":"https:\/\/schema.org","@graph":[{"@type":"Article","@id":"https:\/\/www.notibras.com\/site\/quanto-mais-sou-nordestina-mais-tenho-orgulho-de-ser\/#article","isPartOf":{"@id":"https:\/\/www.notibras.com\/site\/quanto-mais-sou-nordestina-mais-tenho-orgulho-de-ser\/"},"author":{"name":"Reda\u00e7\u00e3o","@id":"https:\/\/www.notibras.com\/site\/#\/schema\/person\/36ab0979449956132d3e5b517ea76ac8"},"headline":"&#8216;Quanto mais sou nordestina, mais tenho orgulho de ser&#8217;","datePublished":"2025-12-19T13:36:52+00:00","mainEntityOfPage":{"@id":"https:\/\/www.notibras.com\/site\/quanto-mais-sou-nordestina-mais-tenho-orgulho-de-ser\/"},"wordCount":345,"publisher":{"@id":"https:\/\/www.notibras.com\/site\/#organization"},"image":{"@id":"https:\/\/www.notibras.com\/site\/quanto-mais-sou-nordestina-mais-tenho-orgulho-de-ser\/#primaryimage"},"thumbnailUrl":"https:\/\/www.notibras.com\/site\/wp-content\/uploads\/2025\/12\/bfd2a080-8cb2-4dd4-b5a0-d556b06109bf.jpg","articleSection":["Nordeste"],"inLanguage":"pt-BR"},{"@type":"WebPage","@id":"https:\/\/www.notibras.com\/site\/quanto-mais-sou-nordestina-mais-tenho-orgulho-de-ser\/","url":"https:\/\/www.notibras.com\/site\/quanto-mais-sou-nordestina-mais-tenho-orgulho-de-ser\/","name":"'Quanto mais sou nordestina, mais tenho orgulho de ser' - Notibras","isPartOf":{"@id":"https:\/\/www.notibras.com\/site\/#website"},"primaryImageOfPage":{"@id":"https:\/\/www.notibras.com\/site\/quanto-mais-sou-nordestina-mais-tenho-orgulho-de-ser\/#primaryimage"},"image":{"@id":"https:\/\/www.notibras.com\/site\/quanto-mais-sou-nordestina-mais-tenho-orgulho-de-ser\/#primaryimage"},"thumbnailUrl":"https:\/\/www.notibras.com\/site\/wp-content\/uploads\/2025\/12\/bfd2a080-8cb2-4dd4-b5a0-d556b06109bf.jpg","datePublished":"2025-12-19T13:36:52+00:00","breadcrumb":{"@id":"https:\/\/www.notibras.com\/site\/quanto-mais-sou-nordestina-mais-tenho-orgulho-de-ser\/#breadcrumb"},"inLanguage":"pt-BR","potentialAction":[{"@type":"ReadAction","target":["https:\/\/www.notibras.com\/site\/quanto-mais-sou-nordestina-mais-tenho-orgulho-de-ser\/"]}]},{"@type":"ImageObject","inLanguage":"pt-BR","@id":"https:\/\/www.notibras.com\/site\/quanto-mais-sou-nordestina-mais-tenho-orgulho-de-ser\/#primaryimage","url":"https:\/\/www.notibras.com\/site\/wp-content\/uploads\/2025\/12\/bfd2a080-8cb2-4dd4-b5a0-d556b06109bf.jpg","contentUrl":"https:\/\/www.notibras.com\/site\/wp-content\/uploads\/2025\/12\/bfd2a080-8cb2-4dd4-b5a0-d556b06109bf.jpg","width":1600,"height":900},{"@type":"BreadcrumbList","@id":"https:\/\/www.notibras.com\/site\/quanto-mais-sou-nordestina-mais-tenho-orgulho-de-ser\/#breadcrumb","itemListElement":[{"@type":"ListItem","position":1,"name":"In\u00edcio","item":"https:\/\/www.notibras.com\/site\/"},{"@type":"ListItem","position":2,"name":"&#8216;Quanto mais sou nordestina, mais tenho orgulho de ser&#8217;"}]},{"@type":"WebSite","@id":"https:\/\/www.notibras.com\/site\/#website","url":"https:\/\/www.notibras.com\/site\/","name":"Notibras","description":"Not\u00edcias de Bras\u00edlia, do Brasil e do Mundo","publisher":{"@id":"https:\/\/www.notibras.com\/site\/#organization"},"potentialAction":[{"@type":"SearchAction","target":{"@type":"EntryPoint","urlTemplate":"https:\/\/www.notibras.com\/site\/?s={search_term_string}"},"query-input":{"@type":"PropertyValueSpecification","valueRequired":true,"valueName":"search_term_string"}}],"inLanguage":"pt-BR"},{"@type":"Organization","@id":"https:\/\/www.notibras.com\/site\/#organization","name":"Grupo Notibras de Comunica\u00e7\u00e3o","url":"https:\/\/www.notibras.com\/site\/","logo":{"@type":"ImageObject","inLanguage":"pt-BR","@id":"https:\/\/www.notibras.com\/site\/#\/schema\/logo\/image\/","url":"https:\/\/www.notibras.com\/site\/wp-content\/uploads\/2023\/01\/notibras23.png","contentUrl":"https:\/\/www.notibras.com\/site\/wp-content\/uploads\/2023\/01\/notibras23.png","width":350,"height":87,"caption":"Grupo Notibras de Comunica\u00e7\u00e3o"},"image":{"@id":"https:\/\/www.notibras.com\/site\/#\/schema\/logo\/image\/"},"sameAs":["https:\/\/www.facebook.com\/notibras\/","https:\/\/x.com\/Notibras","https:\/\/www.instagram.com\/notibras\/"]},{"@type":"Person","@id":"https:\/\/www.notibras.com\/site\/#\/schema\/person\/36ab0979449956132d3e5b517ea76ac8","name":"Reda\u00e7\u00e3o","image":{"@type":"ImageObject","inLanguage":"pt-BR","@id":"https:\/\/secure.gravatar.com\/avatar\/e0a867bdedb85fd243eadf09663511f96fc81e0720a4a42581f334ad4303aa6b?s=96&d=mm&r=g","url":"https:\/\/secure.gravatar.com\/avatar\/e0a867bdedb85fd243eadf09663511f96fc81e0720a4a42581f334ad4303aa6b?s=96&d=mm&r=g","contentUrl":"https:\/\/secure.gravatar.com\/avatar\/e0a867bdedb85fd243eadf09663511f96fc81e0720a4a42581f334ad4303aa6b?s=96&d=mm&r=g","caption":"Reda\u00e7\u00e3o"}}]}},"amp_enabled":true,"_links":{"self":[{"href":"https:\/\/www.notibras.com\/site\/wp-json\/wp\/v2\/posts\/375505","targetHints":{"allow":["GET"]}}],"collection":[{"href":"https:\/\/www.notibras.com\/site\/wp-json\/wp\/v2\/posts"}],"about":[{"href":"https:\/\/www.notibras.com\/site\/wp-json\/wp\/v2\/types\/post"}],"author":[{"embeddable":true,"href":"https:\/\/www.notibras.com\/site\/wp-json\/wp\/v2\/users\/2"}],"replies":[{"embeddable":true,"href":"https:\/\/www.notibras.com\/site\/wp-json\/wp\/v2\/comments?post=375505"}],"version-history":[{"count":1,"href":"https:\/\/www.notibras.com\/site\/wp-json\/wp\/v2\/posts\/375505\/revisions"}],"predecessor-version":[{"id":375507,"href":"https:\/\/www.notibras.com\/site\/wp-json\/wp\/v2\/posts\/375505\/revisions\/375507"}],"wp:featuredmedia":[{"embeddable":true,"href":"https:\/\/www.notibras.com\/site\/wp-json\/wp\/v2\/media\/375506"}],"wp:attachment":[{"href":"https:\/\/www.notibras.com\/site\/wp-json\/wp\/v2\/media?parent=375505"}],"wp:term":[{"taxonomy":"category","embeddable":true,"href":"https:\/\/www.notibras.com\/site\/wp-json\/wp\/v2\/categories?post=375505"},{"taxonomy":"post_tag","embeddable":true,"href":"https:\/\/www.notibras.com\/site\/wp-json\/wp\/v2\/tags?post=375505"}],"curies":[{"name":"wp","href":"https:\/\/api.w.org\/{rel}","templated":true}]}}