{"id":375509,"date":"2025-12-19T00:59:45","date_gmt":"2025-12-19T03:59:45","guid":{"rendered":"https:\/\/www.notibras.com\/site\/?p=375509"},"modified":"2025-12-19T11:04:59","modified_gmt":"2025-12-19T14:04:59","slug":"como-vai-funcionar-o-novo-app-para-consultas-e-exames-medicos","status":"publish","type":"post","link":"https:\/\/www.notibras.com\/site\/como-vai-funcionar-o-novo-app-para-consultas-e-exames-medicos\/","title":{"rendered":"Como vai funcionar o novo app para consultas e exames m\u00e9dicos"},"content":{"rendered":"<div>O governo de Alagoas acaba de lan\u00e7ar o Sa\u00fade At\u00e9 Voc\u00ea Digital, um aplicativo inovador que promete transformar o acesso a servi\u00e7os de sa\u00fade no estado, com consultas m\u00e9dicas e agendamentos de exames dispon\u00edveis 24 horas por dia, 7 dias por semana, diretamente pelo celular ou computador.<\/div>\n<div><\/div>\n<div>O lan\u00e7amento foi anunciado em solenidade no Pal\u00e1cio Rep\u00fablica dos Palmares, com a presen\u00e7a do governador Paulo Dantas e autoridades estaduais de sa\u00fade. A expectativa \u00e9 que a plataforma esteja totalmente operacional at\u00e9 o final deste m\u00eas para toda a popula\u00e7\u00e3o alagoana.<\/div>\n<div><\/div>\n<div><strong>O que \u00e9 o Sa\u00fade At\u00e9 Voc\u00ea Digital<\/strong><\/div>\n<div>O novo app faz parte da estrat\u00e9gia do Estado para modernizar o atendimento no Sistema \u00danico de Sa\u00fade (SUS) em Alagoas, oferecendo uma alternativa digital para quem precisa de cuidados m\u00e9dicos sem enfrentar filas ou deslocamentos desnecess\u00e1rios.<\/div>\n<div><\/div>\n<div>Pelo app, os usu\u00e1rios poder\u00e3o:<\/div>\n<div><\/div>\n<div>\u2022Agendar consultas m\u00e9dicas em diversas especialidades;<\/div>\n<div><\/div>\n<div>\u2022Solicitar exames diagn\u00f3sticos e verificar hor\u00e1rios e locais;<\/div>\n<div><\/div>\n<div>\u2022Acessar resultados e laudos m\u00e9dicos de maneira digital;<\/div>\n<div><\/div>\n<div>\u2022Ter triagem e atendimento inicial, com orienta\u00e7\u00e3o m\u00e9dica sem sair de casa.<\/div>\n<div><\/div>\n<div>A plataforma foi projetada para funcionar 24h por dia \u2014 inclusive feriados e finais de semana \u2014 com profissionais de sa\u00fade dispon\u00edveis online para atender a popula\u00e7\u00e3o quando necess\u00e1rio.<\/div>\n<div><\/div>\n<div><strong>Como usar o aplicativo<\/strong><\/div>\n<div>Para acessar o Sa\u00fade At\u00e9 Voc\u00ea Digital, basta ter um smartphone ou computador com acesso \u00e0 internet. Ap\u00f3s baixar o aplicativo (ou acessar via navegador, conforme orienta\u00e7\u00f5es que ser\u00e3o disponibilizadas pelo governo), o usu\u00e1rio faz um cadastro simples com dados pessoais e cart\u00e3o do SUS.<\/div>\n<div><\/div>\n<div>O governo tamb\u00e9m firmou parcerias com as prefeituras dos 102 munic\u00edpios de Alagoas para garantir que o app esteja facilmente acess\u00edvel em todas as unidades de sa\u00fade, inclusive para quem n\u00e3o tem familiaridade com tecnologia \u2014 por meio de salas f\u00edsicas de atendimento digital nas unidades de sa\u00fade.<\/div>\n<div><\/div>\n<div><strong>Estrutura de apoio presencial<\/strong><\/div>\n<div>Enquanto o app ganha ades\u00e3o, o Estado j\u00e1 instalou salas do Sa\u00fade At\u00e9 Voc\u00ea Digital em cinco hospitais p\u00fablicos da capital, incluindo o Hospital Geral, Hospital do Cora\u00e7\u00e3o, Hospital da Mulher, Hospital da Crian\u00e7a e o Hospital Metropolitano. Essas salas contam com suporte t\u00e9cnico e profissionais para auxiliar no uso da plataforma e realizar atendimentos com telemedicina.\u00a0 \ufffc<\/div>\n<div><\/div>\n<div>A implanta\u00e7\u00e3o da telemedicina tamb\u00e9m facilita a realiza\u00e7\u00e3o de consultas, exames, diagn\u00f3sticos e acompanhamentos sem que o paciente precise se deslocar para regi\u00f5es distantes \u2014 uma mudan\u00e7a bem-vinda especialmente para moradores de \u00e1reas rurais ou com pouco acesso \u00e0 rede de sa\u00fade f\u00edsica.<\/div>\n<div><\/div>\n<div>Segundo informa\u00e7\u00f5es divulgadas pelos gestores do projeto, o sistema ter\u00e1 capacidade de atender cerca de 50 mil usu\u00e1rios por m\u00eas, o que equivale a aproximadamente 1.600 atendimentos por dia, com um tempo de espera m\u00e9dio inferior a 10 minutos ap\u00f3s o acesso \u00e0 plataforma.\u00a0 \ufffc<\/div>\n<div><\/div>\n<div>O governador Paulo Dantas ressaltou que a iniciativa \u00e9 um \u201cmarco para universalizar e democratizar o acesso \u00e0 sa\u00fade p\u00fablica\u201d em Alagoas, garantindo que todos, independentemente de onde moram ou de sua condi\u00e7\u00e3o socioecon\u00f4mica, possam ser atendidos de forma r\u00e1pida, eficiente e com tecnologia de ponta.<\/div>\n","protected":false},"excerpt":{"rendered":"<p>O governo de Alagoas acaba de lan\u00e7ar o Sa\u00fade At\u00e9 Voc\u00ea Digital, um aplicativo inovador que promete transformar o acesso a servi\u00e7os de sa\u00fade no estado, com consultas m\u00e9dicas e agendamentos de exames dispon\u00edveis 24 horas por dia, 7 dias por semana, diretamente pelo celular ou computador. O lan\u00e7amento foi anunciado em solenidade no Pal\u00e1cio [&hellip;]<\/p>\n","protected":false},"author":2,"featured_media":375510,"comment_status":"closed","ping_status":"closed","sticky":false,"template":"","format":"standard","meta":{"_acf_changed":false,"footnotes":""},"categories":[165],"tags":[],"class_list":["post-375509","post","type-post","status-publish","format-standard","has-post-thumbnail","hentry","category-nordeste"],"acf":[],"yoast_head":"<!-- This site is optimized with the Yoast SEO plugin v27.2 - https:\/\/yoast.com\/product\/yoast-seo-wordpress\/ -->\n<title>Como vai funcionar o novo app para consultas e exames m\u00e9dicos - Notibras<\/title>\n<meta name=\"robots\" content=\"index, follow, max-snippet:-1, max-image-preview:large, max-video-preview:-1\" \/>\n<link rel=\"canonical\" href=\"https:\/\/www.notibras.com\/site\/como-vai-funcionar-o-novo-app-para-consultas-e-exames-medicos\/\" \/>\n<meta property=\"og:locale\" content=\"pt_BR\" \/>\n<meta property=\"og:type\" content=\"article\" \/>\n<meta property=\"og:title\" content=\"Como vai funcionar o novo app para consultas e exames m\u00e9dicos - Notibras\" \/>\n<meta property=\"og:description\" content=\"O governo de Alagoas acaba de lan\u00e7ar o Sa\u00fade At\u00e9 Voc\u00ea Digital, um aplicativo inovador que promete transformar o acesso a servi\u00e7os de sa\u00fade no estado, com consultas m\u00e9dicas e agendamentos de exames dispon\u00edveis 24 horas por dia, 7 dias por semana, diretamente pelo celular ou computador. O lan\u00e7amento foi anunciado em solenidade no Pal\u00e1cio [&hellip;]\" \/>\n<meta property=\"og:url\" content=\"https:\/\/www.notibras.com\/site\/como-vai-funcionar-o-novo-app-para-consultas-e-exames-medicos\/\" \/>\n<meta property=\"og:site_name\" content=\"Notibras\" \/>\n<meta property=\"article:publisher\" content=\"https:\/\/www.facebook.com\/notibras\/\" \/>\n<meta property=\"article:published_time\" content=\"2025-12-19T03:59:45+00:00\" \/>\n<meta property=\"article:modified_time\" content=\"2025-12-19T14:04:59+00:00\" \/>\n<meta property=\"og:image\" content=\"https:\/\/www.notibras.com\/site\/wp-content\/uploads\/2025\/12\/dc069ee2-d0cf-4967-99f2-7da73fc58889.jpg\" \/>\n\t<meta property=\"og:image:width\" content=\"984\" \/>\n\t<meta property=\"og:image:height\" content=\"655\" \/>\n\t<meta property=\"og:image:type\" content=\"image\/jpeg\" \/>\n<meta name=\"author\" content=\"Reda\u00e7\u00e3o\" \/>\n<meta name=\"twitter:card\" content=\"summary_large_image\" \/>\n<meta name=\"twitter:creator\" content=\"@Notibras\" \/>\n<meta name=\"twitter:site\" content=\"@Notibras\" \/>\n<meta name=\"twitter:label1\" content=\"Escrito por\" \/>\n\t<meta name=\"twitter:data1\" content=\"Reda\u00e7\u00e3o\" \/>\n\t<meta name=\"twitter:label2\" content=\"Est. tempo de leitura\" \/>\n\t<meta name=\"twitter:data2\" content=\"3 minutos\" \/>\n<script type=\"application\/ld+json\" class=\"yoast-schema-graph\">{\"@context\":\"https:\/\/schema.org\",\"@graph\":[{\"@type\":\"Article\",\"@id\":\"https:\/\/www.notibras.com\/site\/como-vai-funcionar-o-novo-app-para-consultas-e-exames-medicos\/#article\",\"isPartOf\":{\"@id\":\"https:\/\/www.notibras.com\/site\/como-vai-funcionar-o-novo-app-para-consultas-e-exames-medicos\/\"},\"author\":{\"name\":\"Reda\u00e7\u00e3o\",\"@id\":\"https:\/\/www.notibras.com\/site\/#\/schema\/person\/36ab0979449956132d3e5b517ea76ac8\"},\"headline\":\"Como vai funcionar o novo app para consultas e exames m\u00e9dicos\",\"datePublished\":\"2025-12-19T03:59:45+00:00\",\"dateModified\":\"2025-12-19T14:04:59+00:00\",\"mainEntityOfPage\":{\"@id\":\"https:\/\/www.notibras.com\/site\/como-vai-funcionar-o-novo-app-para-consultas-e-exames-medicos\/\"},\"wordCount\":555,\"publisher\":{\"@id\":\"https:\/\/www.notibras.com\/site\/#organization\"},\"image\":{\"@id\":\"https:\/\/www.notibras.com\/site\/como-vai-funcionar-o-novo-app-para-consultas-e-exames-medicos\/#primaryimage\"},\"thumbnailUrl\":\"https:\/\/www.notibras.com\/site\/wp-content\/uploads\/2025\/12\/dc069ee2-d0cf-4967-99f2-7da73fc58889.jpg\",\"articleSection\":[\"Nordeste\"],\"inLanguage\":\"pt-BR\"},{\"@type\":\"WebPage\",\"@id\":\"https:\/\/www.notibras.com\/site\/como-vai-funcionar-o-novo-app-para-consultas-e-exames-medicos\/\",\"url\":\"https:\/\/www.notibras.com\/site\/como-vai-funcionar-o-novo-app-para-consultas-e-exames-medicos\/\",\"name\":\"Como vai funcionar o novo app para consultas e exames m\u00e9dicos - Notibras\",\"isPartOf\":{\"@id\":\"https:\/\/www.notibras.com\/site\/#website\"},\"primaryImageOfPage\":{\"@id\":\"https:\/\/www.notibras.com\/site\/como-vai-funcionar-o-novo-app-para-consultas-e-exames-medicos\/#primaryimage\"},\"image\":{\"@id\":\"https:\/\/www.notibras.com\/site\/como-vai-funcionar-o-novo-app-para-consultas-e-exames-medicos\/#primaryimage\"},\"thumbnailUrl\":\"https:\/\/www.notibras.com\/site\/wp-content\/uploads\/2025\/12\/dc069ee2-d0cf-4967-99f2-7da73fc58889.jpg\",\"datePublished\":\"2025-12-19T03:59:45+00:00\",\"dateModified\":\"2025-12-19T14:04:59+00:00\",\"breadcrumb\":{\"@id\":\"https:\/\/www.notibras.com\/site\/como-vai-funcionar-o-novo-app-para-consultas-e-exames-medicos\/#breadcrumb\"},\"inLanguage\":\"pt-BR\",\"potentialAction\":[{\"@type\":\"ReadAction\",\"target\":[\"https:\/\/www.notibras.com\/site\/como-vai-funcionar-o-novo-app-para-consultas-e-exames-medicos\/\"]}]},{\"@type\":\"ImageObject\",\"inLanguage\":\"pt-BR\",\"@id\":\"https:\/\/www.notibras.com\/site\/como-vai-funcionar-o-novo-app-para-consultas-e-exames-medicos\/#primaryimage\",\"url\":\"https:\/\/www.notibras.com\/site\/wp-content\/uploads\/2025\/12\/dc069ee2-d0cf-4967-99f2-7da73fc58889.jpg\",\"contentUrl\":\"https:\/\/www.notibras.com\/site\/wp-content\/uploads\/2025\/12\/dc069ee2-d0cf-4967-99f2-7da73fc58889.jpg\",\"width\":984,\"height\":655},{\"@type\":\"BreadcrumbList\",\"@id\":\"https:\/\/www.notibras.com\/site\/como-vai-funcionar-o-novo-app-para-consultas-e-exames-medicos\/#breadcrumb\",\"itemListElement\":[{\"@type\":\"ListItem\",\"position\":1,\"name\":\"In\u00edcio\",\"item\":\"https:\/\/www.notibras.com\/site\/\"},{\"@type\":\"ListItem\",\"position\":2,\"name\":\"Como vai funcionar o novo app para consultas e exames m\u00e9dicos\"}]},{\"@type\":\"WebSite\",\"@id\":\"https:\/\/www.notibras.com\/site\/#website\",\"url\":\"https:\/\/www.notibras.com\/site\/\",\"name\":\"Notibras\",\"description\":\"Not\u00edcias de Bras\u00edlia, do Brasil e do Mundo\",\"publisher\":{\"@id\":\"https:\/\/www.notibras.com\/site\/#organization\"},\"potentialAction\":[{\"@type\":\"SearchAction\",\"target\":{\"@type\":\"EntryPoint\",\"urlTemplate\":\"https:\/\/www.notibras.com\/site\/?s={search_term_string}\"},\"query-input\":{\"@type\":\"PropertyValueSpecification\",\"valueRequired\":true,\"valueName\":\"search_term_string\"}}],\"inLanguage\":\"pt-BR\"},{\"@type\":\"Organization\",\"@id\":\"https:\/\/www.notibras.com\/site\/#organization\",\"name\":\"Grupo Notibras de Comunica\u00e7\u00e3o\",\"url\":\"https:\/\/www.notibras.com\/site\/\",\"logo\":{\"@type\":\"ImageObject\",\"inLanguage\":\"pt-BR\",\"@id\":\"https:\/\/www.notibras.com\/site\/#\/schema\/logo\/image\/\",\"url\":\"https:\/\/www.notibras.com\/site\/wp-content\/uploads\/2023\/01\/notibras23.png\",\"contentUrl\":\"https:\/\/www.notibras.com\/site\/wp-content\/uploads\/2023\/01\/notibras23.png\",\"width\":350,\"height\":87,\"caption\":\"Grupo Notibras de Comunica\u00e7\u00e3o\"},\"image\":{\"@id\":\"https:\/\/www.notibras.com\/site\/#\/schema\/logo\/image\/\"},\"sameAs\":[\"https:\/\/www.facebook.com\/notibras\/\",\"https:\/\/x.com\/Notibras\",\"https:\/\/www.instagram.com\/notibras\/\"]},{\"@type\":\"Person\",\"@id\":\"https:\/\/www.notibras.com\/site\/#\/schema\/person\/36ab0979449956132d3e5b517ea76ac8\",\"name\":\"Reda\u00e7\u00e3o\",\"image\":{\"@type\":\"ImageObject\",\"inLanguage\":\"pt-BR\",\"@id\":\"https:\/\/secure.gravatar.com\/avatar\/e0a867bdedb85fd243eadf09663511f96fc81e0720a4a42581f334ad4303aa6b?s=96&d=mm&r=g\",\"url\":\"https:\/\/secure.gravatar.com\/avatar\/e0a867bdedb85fd243eadf09663511f96fc81e0720a4a42581f334ad4303aa6b?s=96&d=mm&r=g\",\"contentUrl\":\"https:\/\/secure.gravatar.com\/avatar\/e0a867bdedb85fd243eadf09663511f96fc81e0720a4a42581f334ad4303aa6b?s=96&d=mm&r=g\",\"caption\":\"Reda\u00e7\u00e3o\"}}]}<\/script>\n<!-- \/ Yoast SEO plugin. -->","yoast_head_json":{"title":"Como vai funcionar o novo app para consultas e exames m\u00e9dicos - Notibras","robots":{"index":"index","follow":"follow","max-snippet":"max-snippet:-1","max-image-preview":"max-image-preview:large","max-video-preview":"max-video-preview:-1"},"canonical":"https:\/\/www.notibras.com\/site\/como-vai-funcionar-o-novo-app-para-consultas-e-exames-medicos\/","og_locale":"pt_BR","og_type":"article","og_title":"Como vai funcionar o novo app para consultas e exames m\u00e9dicos - Notibras","og_description":"O governo de Alagoas acaba de lan\u00e7ar o Sa\u00fade At\u00e9 Voc\u00ea Digital, um aplicativo inovador que promete transformar o acesso a servi\u00e7os de sa\u00fade no estado, com consultas m\u00e9dicas e agendamentos de exames dispon\u00edveis 24 horas por dia, 7 dias por semana, diretamente pelo celular ou computador. O lan\u00e7amento foi anunciado em solenidade no Pal\u00e1cio [&hellip;]","og_url":"https:\/\/www.notibras.com\/site\/como-vai-funcionar-o-novo-app-para-consultas-e-exames-medicos\/","og_site_name":"Notibras","article_publisher":"https:\/\/www.facebook.com\/notibras\/","article_published_time":"2025-12-19T03:59:45+00:00","article_modified_time":"2025-12-19T14:04:59+00:00","og_image":[{"width":984,"height":655,"url":"https:\/\/www.notibras.com\/site\/wp-content\/uploads\/2025\/12\/dc069ee2-d0cf-4967-99f2-7da73fc58889.jpg","type":"image\/jpeg"}],"author":"Reda\u00e7\u00e3o","twitter_card":"summary_large_image","twitter_creator":"@Notibras","twitter_site":"@Notibras","twitter_misc":{"Escrito por":"Reda\u00e7\u00e3o","Est. tempo de leitura":"3 minutos"},"schema":{"@context":"https:\/\/schema.org","@graph":[{"@type":"Article","@id":"https:\/\/www.notibras.com\/site\/como-vai-funcionar-o-novo-app-para-consultas-e-exames-medicos\/#article","isPartOf":{"@id":"https:\/\/www.notibras.com\/site\/como-vai-funcionar-o-novo-app-para-consultas-e-exames-medicos\/"},"author":{"name":"Reda\u00e7\u00e3o","@id":"https:\/\/www.notibras.com\/site\/#\/schema\/person\/36ab0979449956132d3e5b517ea76ac8"},"headline":"Como vai funcionar o novo app para consultas e exames m\u00e9dicos","datePublished":"2025-12-19T03:59:45+00:00","dateModified":"2025-12-19T14:04:59+00:00","mainEntityOfPage":{"@id":"https:\/\/www.notibras.com\/site\/como-vai-funcionar-o-novo-app-para-consultas-e-exames-medicos\/"},"wordCount":555,"publisher":{"@id":"https:\/\/www.notibras.com\/site\/#organization"},"image":{"@id":"https:\/\/www.notibras.com\/site\/como-vai-funcionar-o-novo-app-para-consultas-e-exames-medicos\/#primaryimage"},"thumbnailUrl":"https:\/\/www.notibras.com\/site\/wp-content\/uploads\/2025\/12\/dc069ee2-d0cf-4967-99f2-7da73fc58889.jpg","articleSection":["Nordeste"],"inLanguage":"pt-BR"},{"@type":"WebPage","@id":"https:\/\/www.notibras.com\/site\/como-vai-funcionar-o-novo-app-para-consultas-e-exames-medicos\/","url":"https:\/\/www.notibras.com\/site\/como-vai-funcionar-o-novo-app-para-consultas-e-exames-medicos\/","name":"Como vai funcionar o novo app para consultas e exames m\u00e9dicos - Notibras","isPartOf":{"@id":"https:\/\/www.notibras.com\/site\/#website"},"primaryImageOfPage":{"@id":"https:\/\/www.notibras.com\/site\/como-vai-funcionar-o-novo-app-para-consultas-e-exames-medicos\/#primaryimage"},"image":{"@id":"https:\/\/www.notibras.com\/site\/como-vai-funcionar-o-novo-app-para-consultas-e-exames-medicos\/#primaryimage"},"thumbnailUrl":"https:\/\/www.notibras.com\/site\/wp-content\/uploads\/2025\/12\/dc069ee2-d0cf-4967-99f2-7da73fc58889.jpg","datePublished":"2025-12-19T03:59:45+00:00","dateModified":"2025-12-19T14:04:59+00:00","breadcrumb":{"@id":"https:\/\/www.notibras.com\/site\/como-vai-funcionar-o-novo-app-para-consultas-e-exames-medicos\/#breadcrumb"},"inLanguage":"pt-BR","potentialAction":[{"@type":"ReadAction","target":["https:\/\/www.notibras.com\/site\/como-vai-funcionar-o-novo-app-para-consultas-e-exames-medicos\/"]}]},{"@type":"ImageObject","inLanguage":"pt-BR","@id":"https:\/\/www.notibras.com\/site\/como-vai-funcionar-o-novo-app-para-consultas-e-exames-medicos\/#primaryimage","url":"https:\/\/www.notibras.com\/site\/wp-content\/uploads\/2025\/12\/dc069ee2-d0cf-4967-99f2-7da73fc58889.jpg","contentUrl":"https:\/\/www.notibras.com\/site\/wp-content\/uploads\/2025\/12\/dc069ee2-d0cf-4967-99f2-7da73fc58889.jpg","width":984,"height":655},{"@type":"BreadcrumbList","@id":"https:\/\/www.notibras.com\/site\/como-vai-funcionar-o-novo-app-para-consultas-e-exames-medicos\/#breadcrumb","itemListElement":[{"@type":"ListItem","position":1,"name":"In\u00edcio","item":"https:\/\/www.notibras.com\/site\/"},{"@type":"ListItem","position":2,"name":"Como vai funcionar o novo app para consultas e exames m\u00e9dicos"}]},{"@type":"WebSite","@id":"https:\/\/www.notibras.com\/site\/#website","url":"https:\/\/www.notibras.com\/site\/","name":"Notibras","description":"Not\u00edcias de Bras\u00edlia, do Brasil e do Mundo","publisher":{"@id":"https:\/\/www.notibras.com\/site\/#organization"},"potentialAction":[{"@type":"SearchAction","target":{"@type":"EntryPoint","urlTemplate":"https:\/\/www.notibras.com\/site\/?s={search_term_string}"},"query-input":{"@type":"PropertyValueSpecification","valueRequired":true,"valueName":"search_term_string"}}],"inLanguage":"pt-BR"},{"@type":"Organization","@id":"https:\/\/www.notibras.com\/site\/#organization","name":"Grupo Notibras de Comunica\u00e7\u00e3o","url":"https:\/\/www.notibras.com\/site\/","logo":{"@type":"ImageObject","inLanguage":"pt-BR","@id":"https:\/\/www.notibras.com\/site\/#\/schema\/logo\/image\/","url":"https:\/\/www.notibras.com\/site\/wp-content\/uploads\/2023\/01\/notibras23.png","contentUrl":"https:\/\/www.notibras.com\/site\/wp-content\/uploads\/2023\/01\/notibras23.png","width":350,"height":87,"caption":"Grupo Notibras de Comunica\u00e7\u00e3o"},"image":{"@id":"https:\/\/www.notibras.com\/site\/#\/schema\/logo\/image\/"},"sameAs":["https:\/\/www.facebook.com\/notibras\/","https:\/\/x.com\/Notibras","https:\/\/www.instagram.com\/notibras\/"]},{"@type":"Person","@id":"https:\/\/www.notibras.com\/site\/#\/schema\/person\/36ab0979449956132d3e5b517ea76ac8","name":"Reda\u00e7\u00e3o","image":{"@type":"ImageObject","inLanguage":"pt-BR","@id":"https:\/\/secure.gravatar.com\/avatar\/e0a867bdedb85fd243eadf09663511f96fc81e0720a4a42581f334ad4303aa6b?s=96&d=mm&r=g","url":"https:\/\/secure.gravatar.com\/avatar\/e0a867bdedb85fd243eadf09663511f96fc81e0720a4a42581f334ad4303aa6b?s=96&d=mm&r=g","contentUrl":"https:\/\/secure.gravatar.com\/avatar\/e0a867bdedb85fd243eadf09663511f96fc81e0720a4a42581f334ad4303aa6b?s=96&d=mm&r=g","caption":"Reda\u00e7\u00e3o"}}]}},"amp_enabled":true,"_links":{"self":[{"href":"https:\/\/www.notibras.com\/site\/wp-json\/wp\/v2\/posts\/375509","targetHints":{"allow":["GET"]}}],"collection":[{"href":"https:\/\/www.notibras.com\/site\/wp-json\/wp\/v2\/posts"}],"about":[{"href":"https:\/\/www.notibras.com\/site\/wp-json\/wp\/v2\/types\/post"}],"author":[{"embeddable":true,"href":"https:\/\/www.notibras.com\/site\/wp-json\/wp\/v2\/users\/2"}],"replies":[{"embeddable":true,"href":"https:\/\/www.notibras.com\/site\/wp-json\/wp\/v2\/comments?post=375509"}],"version-history":[{"count":1,"href":"https:\/\/www.notibras.com\/site\/wp-json\/wp\/v2\/posts\/375509\/revisions"}],"predecessor-version":[{"id":375511,"href":"https:\/\/www.notibras.com\/site\/wp-json\/wp\/v2\/posts\/375509\/revisions\/375511"}],"wp:featuredmedia":[{"embeddable":true,"href":"https:\/\/www.notibras.com\/site\/wp-json\/wp\/v2\/media\/375510"}],"wp:attachment":[{"href":"https:\/\/www.notibras.com\/site\/wp-json\/wp\/v2\/media?parent=375509"}],"wp:term":[{"taxonomy":"category","embeddable":true,"href":"https:\/\/www.notibras.com\/site\/wp-json\/wp\/v2\/categories?post=375509"},{"taxonomy":"post_tag","embeddable":true,"href":"https:\/\/www.notibras.com\/site\/wp-json\/wp\/v2\/tags?post=375509"}],"curies":[{"name":"wp","href":"https:\/\/api.w.org\/{rel}","templated":true}]}}