{"id":37551,"date":"2015-02-19T01:15:14","date_gmt":"2015-02-19T04:15:14","guid":{"rendered":"http:\/\/www.notibras.com\/site\/?p=37551"},"modified":"2015-02-19T02:23:29","modified_gmt":"2015-02-19T05:23:29","slug":"lista-de-depoentes-do-petrolao-comeca-a-ser-desenhada","status":"publish","type":"post","link":"https:\/\/www.notibras.com\/site\/lista-de-depoentes-do-petrolao-comeca-a-ser-desenhada\/","title":{"rendered":"Lista de depoentes do Petrol\u00e3o come\u00e7a a ser desenhada"},"content":{"rendered":"<p>Embora ainda n\u00e3o tenha sido instalada, a nova CPI da Petrobras j\u00e1 tem futuros convocados. A oposi\u00e7\u00e3o, com certeza, vai querer ouvir ao menos tr\u00eas expoentes que circulam com a estrela no peito. O ex-ministro Jos\u00e9 Dirceu \u00e9 o primeiro da lista, que deve ter quebrados seus sigilos banc\u00e1rio, fiscal e telef\u00f4nico. Na esteira aparecem Jo\u00e3o Vaccari, tesoureiro do PT e Aldemir Bendine, que sucedeu Gra\u00e7a Foster na Petrobras. A ex-presidente da estatal, claro, ser\u00e1 convocada. Mas sem pressa.<\/p>\n","protected":false},"excerpt":{"rendered":"<p>Embora ainda n\u00e3o tenha sido instalada, a nova CPI da Petrobras j\u00e1 tem futuros convocados. A oposi\u00e7\u00e3o, com certeza, vai querer ouvir ao menos tr\u00eas expoentes que circulam com a estrela no peito. O ex-ministro Jos\u00e9 Dirceu \u00e9 o primeiro da lista, que deve ter quebrados seus sigilos banc\u00e1rio, fiscal e telef\u00f4nico. Na esteira aparecem [&hellip;]<\/p>\n","protected":false},"author":2,"featured_media":37552,"comment_status":"open","ping_status":"closed","sticky":false,"template":"","format":"standard","meta":{"_acf_changed":false,"footnotes":""},"categories":[26],"tags":[],"class_list":["post-37551","post","type-post","status-publish","format-standard","has-post-thumbnail","hentry","category-eleicoes-2022"],"acf":[],"yoast_head":"<!-- This site is optimized with the Yoast SEO plugin v27.2 - https:\/\/yoast.com\/product\/yoast-seo-wordpress\/ -->\n<title>Lista de depoentes do Petrol\u00e3o come\u00e7a a ser desenhada - Notibras<\/title>\n<meta name=\"robots\" content=\"index, follow, max-snippet:-1, max-image-preview:large, max-video-preview:-1\" \/>\n<link rel=\"canonical\" href=\"https:\/\/www.notibras.com\/site\/lista-de-depoentes-do-petrolao-comeca-a-ser-desenhada\/\" \/>\n<meta property=\"og:locale\" content=\"pt_BR\" \/>\n<meta property=\"og:type\" content=\"article\" \/>\n<meta property=\"og:title\" content=\"Lista de depoentes do Petrol\u00e3o come\u00e7a a ser desenhada - Notibras\" \/>\n<meta property=\"og:description\" content=\"Embora ainda n\u00e3o tenha sido instalada, a nova CPI da Petrobras j\u00e1 tem futuros convocados. A oposi\u00e7\u00e3o, com certeza, vai querer ouvir ao menos tr\u00eas expoentes que circulam com a estrela no peito. O ex-ministro Jos\u00e9 Dirceu \u00e9 o primeiro da lista, que deve ter quebrados seus sigilos banc\u00e1rio, fiscal e telef\u00f4nico. Na esteira aparecem [&hellip;]\" \/>\n<meta property=\"og:url\" content=\"https:\/\/www.notibras.com\/site\/lista-de-depoentes-do-petrolao-comeca-a-ser-desenhada\/\" \/>\n<meta property=\"og:site_name\" content=\"Notibras\" \/>\n<meta property=\"article:publisher\" content=\"https:\/\/www.facebook.com\/notibras\/\" \/>\n<meta property=\"article:published_time\" content=\"2015-02-19T04:15:14+00:00\" \/>\n<meta property=\"article:modified_time\" content=\"2015-02-19T05:23:29+00:00\" \/>\n<meta property=\"og:image\" content=\"https:\/\/www.notibras.com\/site\/wp-content\/uploads\/2015\/02\/p22.jpg\" \/>\n\t<meta property=\"og:image:width\" content=\"467\" \/>\n\t<meta property=\"og:image:height\" content=\"307\" \/>\n\t<meta property=\"og:image:type\" content=\"image\/jpeg\" \/>\n<meta name=\"author\" content=\"Reda\u00e7\u00e3o\" \/>\n<meta name=\"twitter:card\" content=\"summary_large_image\" \/>\n<meta name=\"twitter:creator\" content=\"@Notibras\" \/>\n<meta name=\"twitter:site\" content=\"@Notibras\" \/>\n<meta name=\"twitter:label1\" content=\"Escrito por\" \/>\n\t<meta name=\"twitter:data1\" content=\"Reda\u00e7\u00e3o\" \/>\n<script type=\"application\/ld+json\" class=\"yoast-schema-graph\">{\"@context\":\"https:\/\/schema.org\",\"@graph\":[{\"@type\":\"Article\",\"@id\":\"https:\/\/www.notibras.com\/site\/lista-de-depoentes-do-petrolao-comeca-a-ser-desenhada\/#article\",\"isPartOf\":{\"@id\":\"https:\/\/www.notibras.com\/site\/lista-de-depoentes-do-petrolao-comeca-a-ser-desenhada\/\"},\"author\":{\"name\":\"Reda\u00e7\u00e3o\",\"@id\":\"https:\/\/www.notibras.com\/site\/#\/schema\/person\/36ab0979449956132d3e5b517ea76ac8\"},\"headline\":\"Lista de depoentes do Petrol\u00e3o come\u00e7a a ser desenhada\",\"datePublished\":\"2015-02-19T04:15:14+00:00\",\"dateModified\":\"2015-02-19T05:23:29+00:00\",\"mainEntityOfPage\":{\"@id\":\"https:\/\/www.notibras.com\/site\/lista-de-depoentes-do-petrolao-comeca-a-ser-desenhada\/\"},\"wordCount\":96,\"commentCount\":0,\"publisher\":{\"@id\":\"https:\/\/www.notibras.com\/site\/#organization\"},\"image\":{\"@id\":\"https:\/\/www.notibras.com\/site\/lista-de-depoentes-do-petrolao-comeca-a-ser-desenhada\/#primaryimage\"},\"thumbnailUrl\":\"https:\/\/www.notibras.com\/site\/wp-content\/uploads\/2015\/02\/p22.jpg\",\"articleSection\":[\"Elei\u00e7\u00f5es 2022\"],\"inLanguage\":\"pt-BR\",\"potentialAction\":[{\"@type\":\"CommentAction\",\"name\":\"Comment\",\"target\":[\"https:\/\/www.notibras.com\/site\/lista-de-depoentes-do-petrolao-comeca-a-ser-desenhada\/#respond\"]}]},{\"@type\":\"WebPage\",\"@id\":\"https:\/\/www.notibras.com\/site\/lista-de-depoentes-do-petrolao-comeca-a-ser-desenhada\/\",\"url\":\"https:\/\/www.notibras.com\/site\/lista-de-depoentes-do-petrolao-comeca-a-ser-desenhada\/\",\"name\":\"Lista de depoentes do Petrol\u00e3o come\u00e7a a ser desenhada - Notibras\",\"isPartOf\":{\"@id\":\"https:\/\/www.notibras.com\/site\/#website\"},\"primaryImageOfPage\":{\"@id\":\"https:\/\/www.notibras.com\/site\/lista-de-depoentes-do-petrolao-comeca-a-ser-desenhada\/#primaryimage\"},\"image\":{\"@id\":\"https:\/\/www.notibras.com\/site\/lista-de-depoentes-do-petrolao-comeca-a-ser-desenhada\/#primaryimage\"},\"thumbnailUrl\":\"https:\/\/www.notibras.com\/site\/wp-content\/uploads\/2015\/02\/p22.jpg\",\"datePublished\":\"2015-02-19T04:15:14+00:00\",\"dateModified\":\"2015-02-19T05:23:29+00:00\",\"breadcrumb\":{\"@id\":\"https:\/\/www.notibras.com\/site\/lista-de-depoentes-do-petrolao-comeca-a-ser-desenhada\/#breadcrumb\"},\"inLanguage\":\"pt-BR\",\"potentialAction\":[{\"@type\":\"ReadAction\",\"target\":[\"https:\/\/www.notibras.com\/site\/lista-de-depoentes-do-petrolao-comeca-a-ser-desenhada\/\"]}]},{\"@type\":\"ImageObject\",\"inLanguage\":\"pt-BR\",\"@id\":\"https:\/\/www.notibras.com\/site\/lista-de-depoentes-do-petrolao-comeca-a-ser-desenhada\/#primaryimage\",\"url\":\"https:\/\/www.notibras.com\/site\/wp-content\/uploads\/2015\/02\/p22.jpg\",\"contentUrl\":\"https:\/\/www.notibras.com\/site\/wp-content\/uploads\/2015\/02\/p22.jpg\",\"width\":467,\"height\":307},{\"@type\":\"BreadcrumbList\",\"@id\":\"https:\/\/www.notibras.com\/site\/lista-de-depoentes-do-petrolao-comeca-a-ser-desenhada\/#breadcrumb\",\"itemListElement\":[{\"@type\":\"ListItem\",\"position\":1,\"name\":\"In\u00edcio\",\"item\":\"https:\/\/www.notibras.com\/site\/\"},{\"@type\":\"ListItem\",\"position\":2,\"name\":\"Lista de depoentes do Petrol\u00e3o come\u00e7a a ser desenhada\"}]},{\"@type\":\"WebSite\",\"@id\":\"https:\/\/www.notibras.com\/site\/#website\",\"url\":\"https:\/\/www.notibras.com\/site\/\",\"name\":\"Notibras\",\"description\":\"Not\u00edcias de Bras\u00edlia, do Brasil e do Mundo\",\"publisher\":{\"@id\":\"https:\/\/www.notibras.com\/site\/#organization\"},\"potentialAction\":[{\"@type\":\"SearchAction\",\"target\":{\"@type\":\"EntryPoint\",\"urlTemplate\":\"https:\/\/www.notibras.com\/site\/?s={search_term_string}\"},\"query-input\":{\"@type\":\"PropertyValueSpecification\",\"valueRequired\":true,\"valueName\":\"search_term_string\"}}],\"inLanguage\":\"pt-BR\"},{\"@type\":\"Organization\",\"@id\":\"https:\/\/www.notibras.com\/site\/#organization\",\"name\":\"Grupo Notibras de Comunica\u00e7\u00e3o\",\"url\":\"https:\/\/www.notibras.com\/site\/\",\"logo\":{\"@type\":\"ImageObject\",\"inLanguage\":\"pt-BR\",\"@id\":\"https:\/\/www.notibras.com\/site\/#\/schema\/logo\/image\/\",\"url\":\"https:\/\/www.notibras.com\/site\/wp-content\/uploads\/2023\/01\/notibras23.png\",\"contentUrl\":\"https:\/\/www.notibras.com\/site\/wp-content\/uploads\/2023\/01\/notibras23.png\",\"width\":350,\"height\":87,\"caption\":\"Grupo Notibras de Comunica\u00e7\u00e3o\"},\"image\":{\"@id\":\"https:\/\/www.notibras.com\/site\/#\/schema\/logo\/image\/\"},\"sameAs\":[\"https:\/\/www.facebook.com\/notibras\/\",\"https:\/\/x.com\/Notibras\",\"https:\/\/www.instagram.com\/notibras\/\"]},{\"@type\":\"Person\",\"@id\":\"https:\/\/www.notibras.com\/site\/#\/schema\/person\/36ab0979449956132d3e5b517ea76ac8\",\"name\":\"Reda\u00e7\u00e3o\",\"image\":{\"@type\":\"ImageObject\",\"inLanguage\":\"pt-BR\",\"@id\":\"https:\/\/secure.gravatar.com\/avatar\/e0a867bdedb85fd243eadf09663511f96fc81e0720a4a42581f334ad4303aa6b?s=96&d=mm&r=g\",\"url\":\"https:\/\/secure.gravatar.com\/avatar\/e0a867bdedb85fd243eadf09663511f96fc81e0720a4a42581f334ad4303aa6b?s=96&d=mm&r=g\",\"contentUrl\":\"https:\/\/secure.gravatar.com\/avatar\/e0a867bdedb85fd243eadf09663511f96fc81e0720a4a42581f334ad4303aa6b?s=96&d=mm&r=g\",\"caption\":\"Reda\u00e7\u00e3o\"}}]}<\/script>\n<!-- \/ Yoast SEO plugin. -->","yoast_head_json":{"title":"Lista de depoentes do Petrol\u00e3o come\u00e7a a ser desenhada - Notibras","robots":{"index":"index","follow":"follow","max-snippet":"max-snippet:-1","max-image-preview":"max-image-preview:large","max-video-preview":"max-video-preview:-1"},"canonical":"https:\/\/www.notibras.com\/site\/lista-de-depoentes-do-petrolao-comeca-a-ser-desenhada\/","og_locale":"pt_BR","og_type":"article","og_title":"Lista de depoentes do Petrol\u00e3o come\u00e7a a ser desenhada - Notibras","og_description":"Embora ainda n\u00e3o tenha sido instalada, a nova CPI da Petrobras j\u00e1 tem futuros convocados. A oposi\u00e7\u00e3o, com certeza, vai querer ouvir ao menos tr\u00eas expoentes que circulam com a estrela no peito. O ex-ministro Jos\u00e9 Dirceu \u00e9 o primeiro da lista, que deve ter quebrados seus sigilos banc\u00e1rio, fiscal e telef\u00f4nico. Na esteira aparecem [&hellip;]","og_url":"https:\/\/www.notibras.com\/site\/lista-de-depoentes-do-petrolao-comeca-a-ser-desenhada\/","og_site_name":"Notibras","article_publisher":"https:\/\/www.facebook.com\/notibras\/","article_published_time":"2015-02-19T04:15:14+00:00","article_modified_time":"2015-02-19T05:23:29+00:00","og_image":[{"width":467,"height":307,"url":"https:\/\/www.notibras.com\/site\/wp-content\/uploads\/2015\/02\/p22.jpg","type":"image\/jpeg"}],"author":"Reda\u00e7\u00e3o","twitter_card":"summary_large_image","twitter_creator":"@Notibras","twitter_site":"@Notibras","twitter_misc":{"Escrito por":"Reda\u00e7\u00e3o"},"schema":{"@context":"https:\/\/schema.org","@graph":[{"@type":"Article","@id":"https:\/\/www.notibras.com\/site\/lista-de-depoentes-do-petrolao-comeca-a-ser-desenhada\/#article","isPartOf":{"@id":"https:\/\/www.notibras.com\/site\/lista-de-depoentes-do-petrolao-comeca-a-ser-desenhada\/"},"author":{"name":"Reda\u00e7\u00e3o","@id":"https:\/\/www.notibras.com\/site\/#\/schema\/person\/36ab0979449956132d3e5b517ea76ac8"},"headline":"Lista de depoentes do Petrol\u00e3o come\u00e7a a ser desenhada","datePublished":"2015-02-19T04:15:14+00:00","dateModified":"2015-02-19T05:23:29+00:00","mainEntityOfPage":{"@id":"https:\/\/www.notibras.com\/site\/lista-de-depoentes-do-petrolao-comeca-a-ser-desenhada\/"},"wordCount":96,"commentCount":0,"publisher":{"@id":"https:\/\/www.notibras.com\/site\/#organization"},"image":{"@id":"https:\/\/www.notibras.com\/site\/lista-de-depoentes-do-petrolao-comeca-a-ser-desenhada\/#primaryimage"},"thumbnailUrl":"https:\/\/www.notibras.com\/site\/wp-content\/uploads\/2015\/02\/p22.jpg","articleSection":["Elei\u00e7\u00f5es 2022"],"inLanguage":"pt-BR","potentialAction":[{"@type":"CommentAction","name":"Comment","target":["https:\/\/www.notibras.com\/site\/lista-de-depoentes-do-petrolao-comeca-a-ser-desenhada\/#respond"]}]},{"@type":"WebPage","@id":"https:\/\/www.notibras.com\/site\/lista-de-depoentes-do-petrolao-comeca-a-ser-desenhada\/","url":"https:\/\/www.notibras.com\/site\/lista-de-depoentes-do-petrolao-comeca-a-ser-desenhada\/","name":"Lista de depoentes do Petrol\u00e3o come\u00e7a a ser desenhada - Notibras","isPartOf":{"@id":"https:\/\/www.notibras.com\/site\/#website"},"primaryImageOfPage":{"@id":"https:\/\/www.notibras.com\/site\/lista-de-depoentes-do-petrolao-comeca-a-ser-desenhada\/#primaryimage"},"image":{"@id":"https:\/\/www.notibras.com\/site\/lista-de-depoentes-do-petrolao-comeca-a-ser-desenhada\/#primaryimage"},"thumbnailUrl":"https:\/\/www.notibras.com\/site\/wp-content\/uploads\/2015\/02\/p22.jpg","datePublished":"2015-02-19T04:15:14+00:00","dateModified":"2015-02-19T05:23:29+00:00","breadcrumb":{"@id":"https:\/\/www.notibras.com\/site\/lista-de-depoentes-do-petrolao-comeca-a-ser-desenhada\/#breadcrumb"},"inLanguage":"pt-BR","potentialAction":[{"@type":"ReadAction","target":["https:\/\/www.notibras.com\/site\/lista-de-depoentes-do-petrolao-comeca-a-ser-desenhada\/"]}]},{"@type":"ImageObject","inLanguage":"pt-BR","@id":"https:\/\/www.notibras.com\/site\/lista-de-depoentes-do-petrolao-comeca-a-ser-desenhada\/#primaryimage","url":"https:\/\/www.notibras.com\/site\/wp-content\/uploads\/2015\/02\/p22.jpg","contentUrl":"https:\/\/www.notibras.com\/site\/wp-content\/uploads\/2015\/02\/p22.jpg","width":467,"height":307},{"@type":"BreadcrumbList","@id":"https:\/\/www.notibras.com\/site\/lista-de-depoentes-do-petrolao-comeca-a-ser-desenhada\/#breadcrumb","itemListElement":[{"@type":"ListItem","position":1,"name":"In\u00edcio","item":"https:\/\/www.notibras.com\/site\/"},{"@type":"ListItem","position":2,"name":"Lista de depoentes do Petrol\u00e3o come\u00e7a a ser desenhada"}]},{"@type":"WebSite","@id":"https:\/\/www.notibras.com\/site\/#website","url":"https:\/\/www.notibras.com\/site\/","name":"Notibras","description":"Not\u00edcias de Bras\u00edlia, do Brasil e do Mundo","publisher":{"@id":"https:\/\/www.notibras.com\/site\/#organization"},"potentialAction":[{"@type":"SearchAction","target":{"@type":"EntryPoint","urlTemplate":"https:\/\/www.notibras.com\/site\/?s={search_term_string}"},"query-input":{"@type":"PropertyValueSpecification","valueRequired":true,"valueName":"search_term_string"}}],"inLanguage":"pt-BR"},{"@type":"Organization","@id":"https:\/\/www.notibras.com\/site\/#organization","name":"Grupo Notibras de Comunica\u00e7\u00e3o","url":"https:\/\/www.notibras.com\/site\/","logo":{"@type":"ImageObject","inLanguage":"pt-BR","@id":"https:\/\/www.notibras.com\/site\/#\/schema\/logo\/image\/","url":"https:\/\/www.notibras.com\/site\/wp-content\/uploads\/2023\/01\/notibras23.png","contentUrl":"https:\/\/www.notibras.com\/site\/wp-content\/uploads\/2023\/01\/notibras23.png","width":350,"height":87,"caption":"Grupo Notibras de Comunica\u00e7\u00e3o"},"image":{"@id":"https:\/\/www.notibras.com\/site\/#\/schema\/logo\/image\/"},"sameAs":["https:\/\/www.facebook.com\/notibras\/","https:\/\/x.com\/Notibras","https:\/\/www.instagram.com\/notibras\/"]},{"@type":"Person","@id":"https:\/\/www.notibras.com\/site\/#\/schema\/person\/36ab0979449956132d3e5b517ea76ac8","name":"Reda\u00e7\u00e3o","image":{"@type":"ImageObject","inLanguage":"pt-BR","@id":"https:\/\/secure.gravatar.com\/avatar\/e0a867bdedb85fd243eadf09663511f96fc81e0720a4a42581f334ad4303aa6b?s=96&d=mm&r=g","url":"https:\/\/secure.gravatar.com\/avatar\/e0a867bdedb85fd243eadf09663511f96fc81e0720a4a42581f334ad4303aa6b?s=96&d=mm&r=g","contentUrl":"https:\/\/secure.gravatar.com\/avatar\/e0a867bdedb85fd243eadf09663511f96fc81e0720a4a42581f334ad4303aa6b?s=96&d=mm&r=g","caption":"Reda\u00e7\u00e3o"}}]}},"amp_enabled":true,"_links":{"self":[{"href":"https:\/\/www.notibras.com\/site\/wp-json\/wp\/v2\/posts\/37551","targetHints":{"allow":["GET"]}}],"collection":[{"href":"https:\/\/www.notibras.com\/site\/wp-json\/wp\/v2\/posts"}],"about":[{"href":"https:\/\/www.notibras.com\/site\/wp-json\/wp\/v2\/types\/post"}],"author":[{"embeddable":true,"href":"https:\/\/www.notibras.com\/site\/wp-json\/wp\/v2\/users\/2"}],"replies":[{"embeddable":true,"href":"https:\/\/www.notibras.com\/site\/wp-json\/wp\/v2\/comments?post=37551"}],"version-history":[{"count":0,"href":"https:\/\/www.notibras.com\/site\/wp-json\/wp\/v2\/posts\/37551\/revisions"}],"wp:featuredmedia":[{"embeddable":true,"href":"https:\/\/www.notibras.com\/site\/wp-json\/wp\/v2\/media\/37552"}],"wp:attachment":[{"href":"https:\/\/www.notibras.com\/site\/wp-json\/wp\/v2\/media?parent=37551"}],"wp:term":[{"taxonomy":"category","embeddable":true,"href":"https:\/\/www.notibras.com\/site\/wp-json\/wp\/v2\/categories?post=37551"},{"taxonomy":"post_tag","embeddable":true,"href":"https:\/\/www.notibras.com\/site\/wp-json\/wp\/v2\/tags?post=37551"}],"curies":[{"name":"wp","href":"https:\/\/api.w.org\/{rel}","templated":true}]}}