{"id":375519,"date":"2025-12-19T17:07:39","date_gmt":"2025-12-19T20:07:39","guid":{"rendered":"https:\/\/www.notibras.com\/site\/?p=375519"},"modified":"2025-12-19T17:55:41","modified_gmt":"2025-12-19T20:55:41","slug":"congresso-aprova-orcamento-de-65-trilhoes-61-bi-sao-de-emendas","status":"publish","type":"post","link":"https:\/\/www.notibras.com\/site\/congresso-aprova-orcamento-de-65-trilhoes-61-bi-sao-de-emendas\/","title":{"rendered":"Congresso aprova Or\u00e7amento de 6,5 trilh\u00f5es; 61 bi s\u00e3o de emendas"},"content":{"rendered":"<p>O Congresso Nacional aprovou nesta sexta-feira (19) o parecer do relator, deputado Isnaldo Bulh\u00f5es (MDB-AL), do Projeto de Lei Or\u00e7ament\u00e1ria (PLOA) de 2026. O relat\u00f3rio preliminar prev\u00ea despesas totais de R$ 6,5 trilh\u00f5es e meta de super\u00e1vit de R$ 34,2 bilh\u00f5es, que ser\u00e1 cumprido se o d\u00e9ficit for zero ou se chegar a um super\u00e1vit de R$ 68,6 bilh\u00f5es. O texto segue agora para a san\u00e7\u00e3o do presidente Luiz In\u00e1cio Lula da Silva.<\/p>\n<p>Do total de despesas, R$ 6,3 trilh\u00f5es s\u00e3o direcionados aos or\u00e7amentos fiscal e da seguridade social (OFSS) e R$ 197,9 bilh\u00f5es ao or\u00e7amento de investimento das estatais. O limite de gastos para os minist\u00e9rios e os demais Poderes passou a ser de R$ 2,4 trilh\u00f5es.<\/p>\n<p>O texto destaca ainda que 28% do OFSS ser\u00e1 destinado exclusivamente para o pagamento de juros da d\u00edvida p\u00fablica, o que equivale a R$ 1,82 trilh\u00f5es. Esse montante envolve a amortiza\u00e7\u00e3o do principal da d\u00edvida contratual ou mobili\u00e1ria com recursos obtidos por novas opera\u00e7\u00f5es de cr\u00e9dito (emiss\u00e3o de t\u00edtulos).<\/p>\n<p>\u201cDescontado o refinanciamento da d\u00edvida, a receita projetada para 2026 \u00e9 de R$ 4,5 trilh\u00f5es, sendo R$ 3.27 trilh\u00f5es (72,6%) provenientes de receitas correntes e R$ 1.237,6 bilh\u00f5es (27,4%) de receitas de capital\u201d, diz o parecer.<\/p>\n<p>O sal\u00e1rio m\u00ednimo de 2026 ser\u00e1 de R$ 1.621, R$ 10 abaixo da estimativa inicial do governo. Para 2026, tamb\u00e9m haver\u00e1 uma despesa extra com o fundo eleitoral, programado em cerca de R$ 5 bilh\u00f5es.<\/p>\n<p><strong>Emendas<\/strong><br \/>\nO relat\u00f3rio prev\u00ea cerca de R$ 61 bilh\u00f5es em emendas parlamentares. Desse total, cerca de R$ 37,8 bilh\u00f5es ser\u00e3o destinados a emendas impositivas, de pagamento obrigat\u00f3rio. As emendas individuais, dos deputados e senadores, somam R$ 26,6 bilh\u00f5es; as de bancada, destinadas \u00e0s bancadas estaduais, ficaram com R$ 11,2 bilh\u00f5es. J\u00e1 as emendas de comiss\u00e3o, que n\u00e3o t\u00eam execu\u00e7\u00e3o obrigat\u00f3ria, somam R$ 12,1 bilh\u00f5es.<\/p>\n<p>Outros R$ 11,1 bilh\u00f5es est\u00e3o previstos no parecer como parcelas adicionais, para despesas discricion\u00e1rias e para projetos selecionados no Projeto de Acelera\u00e7\u00e3o do Crescimento (PAC).<\/p>\n<p>Al\u00e9m do Or\u00e7amento para o pr\u00f3ximo ano, foram aprovados outros 20 projetos de lei que abrem cr\u00e9ditos adicionais no Or\u00e7amento de 2025.<\/p>\n<p>Entre eles est\u00e3o o PLN 6\/2025, que destina R$ 8,3 bilh\u00f5es para a constitui\u00e7\u00e3o do Fundo de Compensa\u00e7\u00e3o de Benef\u00edcios Fiscais, previsto na reforma tribut\u00e1ria; o PLN 18\/2025, que abre cr\u00e9dito suplementar de R$ 3 milh\u00f5es para a Companhia Docas do Cear\u00e1.<\/p>\n<p>Os recursos, resultantes de cancelamento de outras dota\u00e7\u00f5es, ser\u00e3o usados para aquisi\u00e7\u00e3o de equipamentos e para estudos n\u00e1uticos de manobrabilidade e navegabilidade necess\u00e1rios para o recebimento de navios porta-cont\u00eainer.<\/p>\n<p>L\u00edder do governo no Senado, Randolfe Rodrigues (PT-AP) comemorou a aprova\u00e7\u00e3o do or\u00e7amento ainda este ano e disse que \u00e9 fundamental para celebrar conquistas de 2025 em 2026.<\/p>\n<p>&#8220;O Brasil est\u00e1 na sua menor m\u00e9dia de desemprego da sua m\u00e9dia hist\u00f3rica, 5,4%, e reduzindo, estamos com a menor m\u00e9dia inflacion\u00e1ria desde o advento do plano real. A renda m\u00e9dia do trabalhador brasileiro chegou ao seu melhor n\u00edvel da hist\u00f3ria, R$ 3.800 e em janeiro melhora mais ainda, porque a partir de janeiro quem recebe at\u00e9 R$ 5 mil, que corresponde a 90% dos brasileiros que pagam imposto de renda, n\u00e3o pagar\u00e3o mais imposto de renda devido ao projeto do presidente Lula aprovado pelo Congresso Nacional. Os brasileiro que recebem de R$ 5 mil a R$ 7 mil ter\u00e3o tamb\u00e9m desconto pagando menos imposto&#8221;, afirmou.<\/p>\n<p><strong>Professores<\/strong><br \/>\nPela manh\u00e3, o Congresso realizou uma sess\u00e3o solene para promulgar a Emenda Constitucional 138 que autoriza a acumula\u00e7\u00e3o de cargo p\u00fablico de professor com outro de qualquer natureza, respeitando o teto salarial e a carga hor\u00e1ria.<\/p>\n<p>At\u00e9 hoje, a Constitui\u00e7\u00e3o s\u00f3 permitia o ac\u00famulo remunerado do cargo de professor com outro t\u00e9cnico ou cient\u00edfico, o que permitia diversos questionamentos judiciais.<\/p>\n<p>A constitui\u00e7\u00e3o tamb\u00e9m permite o acumulo de dois cargos de professor e de dois cargos p\u00fablicos para profissionais de sa\u00fade.<\/p>\n","protected":false},"excerpt":{"rendered":"<p>O Congresso Nacional aprovou nesta sexta-feira (19) o parecer do relator, deputado Isnaldo Bulh\u00f5es (MDB-AL), do Projeto de Lei Or\u00e7ament\u00e1ria (PLOA) de 2026. O relat\u00f3rio preliminar prev\u00ea despesas totais de R$ 6,5 trilh\u00f5es e meta de super\u00e1vit de R$ 34,2 bilh\u00f5es, que ser\u00e1 cumprido se o d\u00e9ficit for zero ou se chegar a um super\u00e1vit [&hellip;]<\/p>\n","protected":false},"author":2,"featured_media":375520,"comment_status":"closed","ping_status":"closed","sticky":false,"template":"","format":"standard","meta":{"_acf_changed":false,"footnotes":""},"categories":[16],"tags":[],"class_list":["post-375519","post","type-post","status-publish","format-standard","has-post-thumbnail","hentry","category-brasil"],"acf":[],"yoast_head":"<!-- This site is optimized with the Yoast SEO plugin v27.5 - https:\/\/yoast.com\/product\/yoast-seo-wordpress\/ -->\n<title>Congresso aprova Or\u00e7amento de 6,5 trilh\u00f5es; 61 bi s\u00e3o de emendas - Notibras<\/title>\n<meta name=\"robots\" content=\"index, follow, max-snippet:-1, max-image-preview:large, max-video-preview:-1\" \/>\n<link rel=\"canonical\" href=\"https:\/\/www.notibras.com\/site\/congresso-aprova-orcamento-de-65-trilhoes-61-bi-sao-de-emendas\/\" \/>\n<meta property=\"og:locale\" content=\"pt_BR\" \/>\n<meta property=\"og:type\" content=\"article\" \/>\n<meta property=\"og:title\" content=\"Congresso aprova Or\u00e7amento de 6,5 trilh\u00f5es; 61 bi s\u00e3o de emendas - Notibras\" \/>\n<meta property=\"og:description\" content=\"O Congresso Nacional aprovou nesta sexta-feira (19) o parecer do relator, deputado Isnaldo Bulh\u00f5es (MDB-AL), do Projeto de Lei Or\u00e7ament\u00e1ria (PLOA) de 2026. O relat\u00f3rio preliminar prev\u00ea despesas totais de R$ 6,5 trilh\u00f5es e meta de super\u00e1vit de R$ 34,2 bilh\u00f5es, que ser\u00e1 cumprido se o d\u00e9ficit for zero ou se chegar a um super\u00e1vit [&hellip;]\" \/>\n<meta property=\"og:url\" content=\"https:\/\/www.notibras.com\/site\/congresso-aprova-orcamento-de-65-trilhoes-61-bi-sao-de-emendas\/\" \/>\n<meta property=\"og:site_name\" content=\"Notibras\" \/>\n<meta property=\"article:publisher\" content=\"https:\/\/www.facebook.com\/notibras\/\" \/>\n<meta property=\"article:published_time\" content=\"2025-12-19T20:07:39+00:00\" \/>\n<meta property=\"article:modified_time\" content=\"2025-12-19T20:55:41+00:00\" \/>\n<meta property=\"og:image\" content=\"https:\/\/www.notibras.com\/site\/wp-content\/uploads\/2025\/12\/img20251219120548343.webp\" \/>\n\t<meta property=\"og:image:width\" content=\"1170\" \/>\n\t<meta property=\"og:image:height\" content=\"700\" \/>\n\t<meta property=\"og:image:type\" content=\"image\/webp\" \/>\n<meta name=\"author\" content=\"Reda\u00e7\u00e3o\" \/>\n<meta name=\"twitter:card\" content=\"summary_large_image\" \/>\n<meta name=\"twitter:creator\" content=\"@Notibras\" \/>\n<meta name=\"twitter:site\" content=\"@Notibras\" \/>\n<meta name=\"twitter:label1\" content=\"Escrito por\" \/>\n\t<meta name=\"twitter:data1\" content=\"Reda\u00e7\u00e3o\" \/>\n\t<meta name=\"twitter:label2\" content=\"Est. tempo de leitura\" \/>\n\t<meta name=\"twitter:data2\" content=\"4 minutos\" \/>\n<script type=\"application\/ld+json\" class=\"yoast-schema-graph\">{\"@context\":\"https:\\\/\\\/schema.org\",\"@graph\":[{\"@type\":\"Article\",\"@id\":\"https:\\\/\\\/www.notibras.com\\\/site\\\/congresso-aprova-orcamento-de-65-trilhoes-61-bi-sao-de-emendas\\\/#article\",\"isPartOf\":{\"@id\":\"https:\\\/\\\/www.notibras.com\\\/site\\\/congresso-aprova-orcamento-de-65-trilhoes-61-bi-sao-de-emendas\\\/\"},\"author\":{\"name\":\"Reda\u00e7\u00e3o\",\"@id\":\"https:\\\/\\\/www.notibras.com\\\/site\\\/#\\\/schema\\\/person\\\/36ab0979449956132d3e5b517ea76ac8\"},\"headline\":\"Congresso aprova Or\u00e7amento de 6,5 trilh\u00f5es; 61 bi s\u00e3o de emendas\",\"datePublished\":\"2025-12-19T20:07:39+00:00\",\"dateModified\":\"2025-12-19T20:55:41+00:00\",\"mainEntityOfPage\":{\"@id\":\"https:\\\/\\\/www.notibras.com\\\/site\\\/congresso-aprova-orcamento-de-65-trilhoes-61-bi-sao-de-emendas\\\/\"},\"wordCount\":703,\"publisher\":{\"@id\":\"https:\\\/\\\/www.notibras.com\\\/site\\\/#organization\"},\"image\":{\"@id\":\"https:\\\/\\\/www.notibras.com\\\/site\\\/congresso-aprova-orcamento-de-65-trilhoes-61-bi-sao-de-emendas\\\/#primaryimage\"},\"thumbnailUrl\":\"https:\\\/\\\/www.notibras.com\\\/site\\\/wp-content\\\/uploads\\\/2025\\\/12\\\/img20251219120548343.webp\",\"articleSection\":[\"Brasil\"],\"inLanguage\":\"pt-BR\"},{\"@type\":\"WebPage\",\"@id\":\"https:\\\/\\\/www.notibras.com\\\/site\\\/congresso-aprova-orcamento-de-65-trilhoes-61-bi-sao-de-emendas\\\/\",\"url\":\"https:\\\/\\\/www.notibras.com\\\/site\\\/congresso-aprova-orcamento-de-65-trilhoes-61-bi-sao-de-emendas\\\/\",\"name\":\"Congresso aprova Or\u00e7amento de 6,5 trilh\u00f5es; 61 bi s\u00e3o de emendas - Notibras\",\"isPartOf\":{\"@id\":\"https:\\\/\\\/www.notibras.com\\\/site\\\/#website\"},\"primaryImageOfPage\":{\"@id\":\"https:\\\/\\\/www.notibras.com\\\/site\\\/congresso-aprova-orcamento-de-65-trilhoes-61-bi-sao-de-emendas\\\/#primaryimage\"},\"image\":{\"@id\":\"https:\\\/\\\/www.notibras.com\\\/site\\\/congresso-aprova-orcamento-de-65-trilhoes-61-bi-sao-de-emendas\\\/#primaryimage\"},\"thumbnailUrl\":\"https:\\\/\\\/www.notibras.com\\\/site\\\/wp-content\\\/uploads\\\/2025\\\/12\\\/img20251219120548343.webp\",\"datePublished\":\"2025-12-19T20:07:39+00:00\",\"dateModified\":\"2025-12-19T20:55:41+00:00\",\"breadcrumb\":{\"@id\":\"https:\\\/\\\/www.notibras.com\\\/site\\\/congresso-aprova-orcamento-de-65-trilhoes-61-bi-sao-de-emendas\\\/#breadcrumb\"},\"inLanguage\":\"pt-BR\",\"potentialAction\":[{\"@type\":\"ReadAction\",\"target\":[\"https:\\\/\\\/www.notibras.com\\\/site\\\/congresso-aprova-orcamento-de-65-trilhoes-61-bi-sao-de-emendas\\\/\"]}]},{\"@type\":\"ImageObject\",\"inLanguage\":\"pt-BR\",\"@id\":\"https:\\\/\\\/www.notibras.com\\\/site\\\/congresso-aprova-orcamento-de-65-trilhoes-61-bi-sao-de-emendas\\\/#primaryimage\",\"url\":\"https:\\\/\\\/www.notibras.com\\\/site\\\/wp-content\\\/uploads\\\/2025\\\/12\\\/img20251219120548343.webp\",\"contentUrl\":\"https:\\\/\\\/www.notibras.com\\\/site\\\/wp-content\\\/uploads\\\/2025\\\/12\\\/img20251219120548343.webp\",\"width\":1170,\"height\":700},{\"@type\":\"BreadcrumbList\",\"@id\":\"https:\\\/\\\/www.notibras.com\\\/site\\\/congresso-aprova-orcamento-de-65-trilhoes-61-bi-sao-de-emendas\\\/#breadcrumb\",\"itemListElement\":[{\"@type\":\"ListItem\",\"position\":1,\"name\":\"In\u00edcio\",\"item\":\"https:\\\/\\\/www.notibras.com\\\/site\\\/\"},{\"@type\":\"ListItem\",\"position\":2,\"name\":\"Congresso aprova Or\u00e7amento de 6,5 trilh\u00f5es; 61 bi s\u00e3o de emendas\"}]},{\"@type\":\"WebSite\",\"@id\":\"https:\\\/\\\/www.notibras.com\\\/site\\\/#website\",\"url\":\"https:\\\/\\\/www.notibras.com\\\/site\\\/\",\"name\":\"Notibras\",\"description\":\"Not\u00edcias de Bras\u00edlia, do Brasil e do Mundo\",\"publisher\":{\"@id\":\"https:\\\/\\\/www.notibras.com\\\/site\\\/#organization\"},\"potentialAction\":[{\"@type\":\"SearchAction\",\"target\":{\"@type\":\"EntryPoint\",\"urlTemplate\":\"https:\\\/\\\/www.notibras.com\\\/site\\\/?s={search_term_string}\"},\"query-input\":{\"@type\":\"PropertyValueSpecification\",\"valueRequired\":true,\"valueName\":\"search_term_string\"}}],\"inLanguage\":\"pt-BR\"},{\"@type\":\"Organization\",\"@id\":\"https:\\\/\\\/www.notibras.com\\\/site\\\/#organization\",\"name\":\"Grupo Notibras de Comunica\u00e7\u00e3o\",\"url\":\"https:\\\/\\\/www.notibras.com\\\/site\\\/\",\"logo\":{\"@type\":\"ImageObject\",\"inLanguage\":\"pt-BR\",\"@id\":\"https:\\\/\\\/www.notibras.com\\\/site\\\/#\\\/schema\\\/logo\\\/image\\\/\",\"url\":\"https:\\\/\\\/www.notibras.com\\\/site\\\/wp-content\\\/uploads\\\/2023\\\/01\\\/notibras23.png\",\"contentUrl\":\"https:\\\/\\\/www.notibras.com\\\/site\\\/wp-content\\\/uploads\\\/2023\\\/01\\\/notibras23.png\",\"width\":350,\"height\":87,\"caption\":\"Grupo Notibras de Comunica\u00e7\u00e3o\"},\"image\":{\"@id\":\"https:\\\/\\\/www.notibras.com\\\/site\\\/#\\\/schema\\\/logo\\\/image\\\/\"},\"sameAs\":[\"https:\\\/\\\/www.facebook.com\\\/notibras\\\/\",\"https:\\\/\\\/x.com\\\/Notibras\",\"https:\\\/\\\/www.instagram.com\\\/notibras\\\/\"]},{\"@type\":\"Person\",\"@id\":\"https:\\\/\\\/www.notibras.com\\\/site\\\/#\\\/schema\\\/person\\\/36ab0979449956132d3e5b517ea76ac8\",\"name\":\"Reda\u00e7\u00e3o\",\"image\":{\"@type\":\"ImageObject\",\"inLanguage\":\"pt-BR\",\"@id\":\"https:\\\/\\\/secure.gravatar.com\\\/avatar\\\/e0a867bdedb85fd243eadf09663511f96fc81e0720a4a42581f334ad4303aa6b?s=96&d=mm&r=g\",\"url\":\"https:\\\/\\\/secure.gravatar.com\\\/avatar\\\/e0a867bdedb85fd243eadf09663511f96fc81e0720a4a42581f334ad4303aa6b?s=96&d=mm&r=g\",\"contentUrl\":\"https:\\\/\\\/secure.gravatar.com\\\/avatar\\\/e0a867bdedb85fd243eadf09663511f96fc81e0720a4a42581f334ad4303aa6b?s=96&d=mm&r=g\",\"caption\":\"Reda\u00e7\u00e3o\"}}]}<\/script>\n<!-- \/ Yoast SEO plugin. -->","yoast_head_json":{"title":"Congresso aprova Or\u00e7amento de 6,5 trilh\u00f5es; 61 bi s\u00e3o de emendas - Notibras","robots":{"index":"index","follow":"follow","max-snippet":"max-snippet:-1","max-image-preview":"max-image-preview:large","max-video-preview":"max-video-preview:-1"},"canonical":"https:\/\/www.notibras.com\/site\/congresso-aprova-orcamento-de-65-trilhoes-61-bi-sao-de-emendas\/","og_locale":"pt_BR","og_type":"article","og_title":"Congresso aprova Or\u00e7amento de 6,5 trilh\u00f5es; 61 bi s\u00e3o de emendas - Notibras","og_description":"O Congresso Nacional aprovou nesta sexta-feira (19) o parecer do relator, deputado Isnaldo Bulh\u00f5es (MDB-AL), do Projeto de Lei Or\u00e7ament\u00e1ria (PLOA) de 2026. O relat\u00f3rio preliminar prev\u00ea despesas totais de R$ 6,5 trilh\u00f5es e meta de super\u00e1vit de R$ 34,2 bilh\u00f5es, que ser\u00e1 cumprido se o d\u00e9ficit for zero ou se chegar a um super\u00e1vit [&hellip;]","og_url":"https:\/\/www.notibras.com\/site\/congresso-aprova-orcamento-de-65-trilhoes-61-bi-sao-de-emendas\/","og_site_name":"Notibras","article_publisher":"https:\/\/www.facebook.com\/notibras\/","article_published_time":"2025-12-19T20:07:39+00:00","article_modified_time":"2025-12-19T20:55:41+00:00","og_image":[{"width":1170,"height":700,"url":"https:\/\/www.notibras.com\/site\/wp-content\/uploads\/2025\/12\/img20251219120548343.webp","type":"image\/webp"}],"author":"Reda\u00e7\u00e3o","twitter_card":"summary_large_image","twitter_creator":"@Notibras","twitter_site":"@Notibras","twitter_misc":{"Escrito por":"Reda\u00e7\u00e3o","Est. tempo de leitura":"4 minutos"},"schema":{"@context":"https:\/\/schema.org","@graph":[{"@type":"Article","@id":"https:\/\/www.notibras.com\/site\/congresso-aprova-orcamento-de-65-trilhoes-61-bi-sao-de-emendas\/#article","isPartOf":{"@id":"https:\/\/www.notibras.com\/site\/congresso-aprova-orcamento-de-65-trilhoes-61-bi-sao-de-emendas\/"},"author":{"name":"Reda\u00e7\u00e3o","@id":"https:\/\/www.notibras.com\/site\/#\/schema\/person\/36ab0979449956132d3e5b517ea76ac8"},"headline":"Congresso aprova Or\u00e7amento de 6,5 trilh\u00f5es; 61 bi s\u00e3o de emendas","datePublished":"2025-12-19T20:07:39+00:00","dateModified":"2025-12-19T20:55:41+00:00","mainEntityOfPage":{"@id":"https:\/\/www.notibras.com\/site\/congresso-aprova-orcamento-de-65-trilhoes-61-bi-sao-de-emendas\/"},"wordCount":703,"publisher":{"@id":"https:\/\/www.notibras.com\/site\/#organization"},"image":{"@id":"https:\/\/www.notibras.com\/site\/congresso-aprova-orcamento-de-65-trilhoes-61-bi-sao-de-emendas\/#primaryimage"},"thumbnailUrl":"https:\/\/www.notibras.com\/site\/wp-content\/uploads\/2025\/12\/img20251219120548343.webp","articleSection":["Brasil"],"inLanguage":"pt-BR"},{"@type":"WebPage","@id":"https:\/\/www.notibras.com\/site\/congresso-aprova-orcamento-de-65-trilhoes-61-bi-sao-de-emendas\/","url":"https:\/\/www.notibras.com\/site\/congresso-aprova-orcamento-de-65-trilhoes-61-bi-sao-de-emendas\/","name":"Congresso aprova Or\u00e7amento de 6,5 trilh\u00f5es; 61 bi s\u00e3o de emendas - Notibras","isPartOf":{"@id":"https:\/\/www.notibras.com\/site\/#website"},"primaryImageOfPage":{"@id":"https:\/\/www.notibras.com\/site\/congresso-aprova-orcamento-de-65-trilhoes-61-bi-sao-de-emendas\/#primaryimage"},"image":{"@id":"https:\/\/www.notibras.com\/site\/congresso-aprova-orcamento-de-65-trilhoes-61-bi-sao-de-emendas\/#primaryimage"},"thumbnailUrl":"https:\/\/www.notibras.com\/site\/wp-content\/uploads\/2025\/12\/img20251219120548343.webp","datePublished":"2025-12-19T20:07:39+00:00","dateModified":"2025-12-19T20:55:41+00:00","breadcrumb":{"@id":"https:\/\/www.notibras.com\/site\/congresso-aprova-orcamento-de-65-trilhoes-61-bi-sao-de-emendas\/#breadcrumb"},"inLanguage":"pt-BR","potentialAction":[{"@type":"ReadAction","target":["https:\/\/www.notibras.com\/site\/congresso-aprova-orcamento-de-65-trilhoes-61-bi-sao-de-emendas\/"]}]},{"@type":"ImageObject","inLanguage":"pt-BR","@id":"https:\/\/www.notibras.com\/site\/congresso-aprova-orcamento-de-65-trilhoes-61-bi-sao-de-emendas\/#primaryimage","url":"https:\/\/www.notibras.com\/site\/wp-content\/uploads\/2025\/12\/img20251219120548343.webp","contentUrl":"https:\/\/www.notibras.com\/site\/wp-content\/uploads\/2025\/12\/img20251219120548343.webp","width":1170,"height":700},{"@type":"BreadcrumbList","@id":"https:\/\/www.notibras.com\/site\/congresso-aprova-orcamento-de-65-trilhoes-61-bi-sao-de-emendas\/#breadcrumb","itemListElement":[{"@type":"ListItem","position":1,"name":"In\u00edcio","item":"https:\/\/www.notibras.com\/site\/"},{"@type":"ListItem","position":2,"name":"Congresso aprova Or\u00e7amento de 6,5 trilh\u00f5es; 61 bi s\u00e3o de emendas"}]},{"@type":"WebSite","@id":"https:\/\/www.notibras.com\/site\/#website","url":"https:\/\/www.notibras.com\/site\/","name":"Notibras","description":"Not\u00edcias de Bras\u00edlia, do Brasil e do Mundo","publisher":{"@id":"https:\/\/www.notibras.com\/site\/#organization"},"potentialAction":[{"@type":"SearchAction","target":{"@type":"EntryPoint","urlTemplate":"https:\/\/www.notibras.com\/site\/?s={search_term_string}"},"query-input":{"@type":"PropertyValueSpecification","valueRequired":true,"valueName":"search_term_string"}}],"inLanguage":"pt-BR"},{"@type":"Organization","@id":"https:\/\/www.notibras.com\/site\/#organization","name":"Grupo Notibras de Comunica\u00e7\u00e3o","url":"https:\/\/www.notibras.com\/site\/","logo":{"@type":"ImageObject","inLanguage":"pt-BR","@id":"https:\/\/www.notibras.com\/site\/#\/schema\/logo\/image\/","url":"https:\/\/www.notibras.com\/site\/wp-content\/uploads\/2023\/01\/notibras23.png","contentUrl":"https:\/\/www.notibras.com\/site\/wp-content\/uploads\/2023\/01\/notibras23.png","width":350,"height":87,"caption":"Grupo Notibras de Comunica\u00e7\u00e3o"},"image":{"@id":"https:\/\/www.notibras.com\/site\/#\/schema\/logo\/image\/"},"sameAs":["https:\/\/www.facebook.com\/notibras\/","https:\/\/x.com\/Notibras","https:\/\/www.instagram.com\/notibras\/"]},{"@type":"Person","@id":"https:\/\/www.notibras.com\/site\/#\/schema\/person\/36ab0979449956132d3e5b517ea76ac8","name":"Reda\u00e7\u00e3o","image":{"@type":"ImageObject","inLanguage":"pt-BR","@id":"https:\/\/secure.gravatar.com\/avatar\/e0a867bdedb85fd243eadf09663511f96fc81e0720a4a42581f334ad4303aa6b?s=96&d=mm&r=g","url":"https:\/\/secure.gravatar.com\/avatar\/e0a867bdedb85fd243eadf09663511f96fc81e0720a4a42581f334ad4303aa6b?s=96&d=mm&r=g","contentUrl":"https:\/\/secure.gravatar.com\/avatar\/e0a867bdedb85fd243eadf09663511f96fc81e0720a4a42581f334ad4303aa6b?s=96&d=mm&r=g","caption":"Reda\u00e7\u00e3o"}}]}},"amp_enabled":true,"_links":{"self":[{"href":"https:\/\/www.notibras.com\/site\/wp-json\/wp\/v2\/posts\/375519","targetHints":{"allow":["GET"]}}],"collection":[{"href":"https:\/\/www.notibras.com\/site\/wp-json\/wp\/v2\/posts"}],"about":[{"href":"https:\/\/www.notibras.com\/site\/wp-json\/wp\/v2\/types\/post"}],"author":[{"embeddable":true,"href":"https:\/\/www.notibras.com\/site\/wp-json\/wp\/v2\/users\/2"}],"replies":[{"embeddable":true,"href":"https:\/\/www.notibras.com\/site\/wp-json\/wp\/v2\/comments?post=375519"}],"version-history":[{"count":7,"href":"https:\/\/www.notibras.com\/site\/wp-json\/wp\/v2\/posts\/375519\/revisions"}],"predecessor-version":[{"id":375527,"href":"https:\/\/www.notibras.com\/site\/wp-json\/wp\/v2\/posts\/375519\/revisions\/375527"}],"wp:featuredmedia":[{"embeddable":true,"href":"https:\/\/www.notibras.com\/site\/wp-json\/wp\/v2\/media\/375520"}],"wp:attachment":[{"href":"https:\/\/www.notibras.com\/site\/wp-json\/wp\/v2\/media?parent=375519"}],"wp:term":[{"taxonomy":"category","embeddable":true,"href":"https:\/\/www.notibras.com\/site\/wp-json\/wp\/v2\/categories?post=375519"},{"taxonomy":"post_tag","embeddable":true,"href":"https:\/\/www.notibras.com\/site\/wp-json\/wp\/v2\/tags?post=375519"}],"curies":[{"name":"wp","href":"https:\/\/api.w.org\/{rel}","templated":true}]}}