{"id":375532,"date":"2025-12-20T00:15:55","date_gmt":"2025-12-20T03:15:55","guid":{"rendered":"https:\/\/www.notibras.com\/site\/?p=375532"},"modified":"2025-12-19T22:44:38","modified_gmt":"2025-12-20T01:44:38","slug":"avancos-impulsionam-a-producao-no-campo-em-2025","status":"publish","type":"post","link":"https:\/\/www.notibras.com\/site\/avancos-impulsionam-a-producao-no-campo-em-2025\/","title":{"rendered":"Avan\u00e7os impulsionam a produ\u00e7\u00e3o no campo em 2025"},"content":{"rendered":"<p>O ano de 2025 ficar\u00e1 registrado como um marco para a agricultura do Distrito Federal. Com a\u00e7\u00f5es decisivas, investimentos estrat\u00e9gicos e presen\u00e7a constante no campo, a Secretaria da Agricultura, Abastecimento e Desenvolvimento Rural (Seagri-DF) consolidou um dos ciclos mais robustos de entregas dos \u00faltimos anos, refor\u00e7ando o compromisso do Governo do Distrito Federal (GDF) com o produtor rural, a seguran\u00e7a alimentar e o desenvolvimento sustent\u00e1vel.<\/p>\n<p>A infraestrutura rural recebeu aten\u00e7\u00e3o especial. At\u00e9 o momento, mais de 1.300 km de estradas coletivas foram recuperadas, garantindo mobilidade, redu\u00e7\u00e3o de custos e mais efici\u00eancia no escoamento da produ\u00e7\u00e3o. Pelo programa Porteira para Dentro, outros 121 km de melhorias chegaram diretamente \u00e0s propriedades, somando mais de R$ 500 mil em investimentos. Bols\u00f5es, peitos de pombo e novas m\u00e1quinas \u2014 entre elas uma motoniveladora, motosserras e uma carreta prancha \u2014 ampliaram a capacidade de atendimento e modernizaram a atua\u00e7\u00e3o da pasta.<\/p>\n<p>A irriga\u00e7\u00e3o n\u00e3o parou. Com 8,8 km de tubula\u00e7\u00f5es instaladas e mais de 3 km de canais recuperados, mais de 300 propriedades foram beneficiadas. Regi\u00f5es essenciais como Jardim II, Jatobazinho, Taquara e Rodeador tiveram refor\u00e7o na seguran\u00e7a h\u00eddrica, garantindo produ\u00e7\u00e3o mais est\u00e1vel mesmo nos per\u00edodos de estiagem.<\/p>\n<p>A agricultura familiar viveu um ano de conquistas. O cr\u00e9dito fundi\u00e1rio permitiu que 10 fam\u00edlias do projeto Fazenda Campo Largo acessassem mais de R$ 1,6 milh\u00e3o. Nos programas de alimenta\u00e7\u00e3o institucional, o desempenho foi hist\u00f3rico: o Programa de Aquisi\u00e7\u00e3o de Alimentos (PAA) investiu R$ 2,4 milh\u00f5es; o Programa de Aquisi\u00e7\u00e3o da Produ\u00e7\u00e3o da Agricultura (Papa-DF) alcan\u00e7ou R$ 6,9 milh\u00f5es e 624 toneladas adquiridas; e o Programa Nacional de Alimenta\u00e7\u00e3o Escolar (PNAE) registrou o maior volume da s\u00e9rie, com R$ 32,2 milh\u00f5es contratados e 1.181 agricultores participando. A inclus\u00e3o do mel na merenda escolar levou qualidade nutricional para 438 mil estudantes.<\/p>\n<p>No eixo ambiental, os resultados tamb\u00e9m se destacaram. O Alevinar distribuiu 73.530 alevinos comercializados e doou 6 mil. O Reflorestar produziu 19.650 mudas e recuperou 9,47 hectares de \u00e1reas protegidas. A Rota da Fruticultura impulsionou uma nova cadeia produtiva ao entregar 51.480 mudas de mirtilo, criando oportunidades e novas perspectivas de renda.<\/p>\n<p>A Defesa Agropecu\u00e1ria intensificou a prote\u00e7\u00e3o da sa\u00fade p\u00fablica e do produtor: foram 7.798 fiscaliza\u00e7\u00f5es de cargas vivas, 533 inspe\u00e7\u00f5es em agroind\u00fastrias e 16.293 kg de produtos irregulares apreendidos. A Subsecretaria de Prote\u00e7\u00e3o aos Animais de Produ\u00e7\u00e3o (Suproa) estruturou as a\u00e7\u00f5es de bem-estar animal, com 417 animais de grande porte apreendidos e 144 doados.<\/p>\n<p>Fechando 2025, a Seagri-DF se consolida como s\u00edmbolo de efici\u00eancia, presen\u00e7a e transforma\u00e7\u00e3o no campo. Um ano de entregas que fortaleceram quem produz, alimentaram quem precisa e preparam o DF para os desafios do futuro. A agricultura segue no centro das pol\u00edticas p\u00fablicas \u2014 forte, sustent\u00e1vel e protagonista no desenvolvimento do nosso quadradinho.<\/p>\n","protected":false},"excerpt":{"rendered":"<p>O ano de 2025 ficar\u00e1 registrado como um marco para a agricultura do Distrito Federal. Com a\u00e7\u00f5es decisivas, investimentos estrat\u00e9gicos e presen\u00e7a constante no campo, a Secretaria da Agricultura, Abastecimento e Desenvolvimento Rural (Seagri-DF) consolidou um dos ciclos mais robustos de entregas dos \u00faltimos anos, refor\u00e7ando o compromisso do Governo do Distrito Federal (GDF) com [&hellip;]<\/p>\n","protected":false},"author":21,"featured_media":375533,"comment_status":"closed","ping_status":"closed","sticky":false,"template":"","format":"standard","meta":{"_acf_changed":false,"footnotes":""},"categories":[161],"tags":[],"class_list":["post-375532","post","type-post","status-publish","format-standard","has-post-thumbnail","hentry","category-quadradinho-em-foco"],"acf":[],"yoast_head":"<!-- This site is optimized with the Yoast SEO plugin v27.5 - https:\/\/yoast.com\/product\/yoast-seo-wordpress\/ -->\n<title>Avan\u00e7os impulsionam a produ\u00e7\u00e3o no campo em 2025 - Notibras<\/title>\n<meta name=\"robots\" content=\"index, follow, max-snippet:-1, max-image-preview:large, max-video-preview:-1\" \/>\n<link rel=\"canonical\" href=\"https:\/\/www.notibras.com\/site\/avancos-impulsionam-a-producao-no-campo-em-2025\/\" \/>\n<meta property=\"og:locale\" content=\"pt_BR\" \/>\n<meta property=\"og:type\" content=\"article\" \/>\n<meta property=\"og:title\" content=\"Avan\u00e7os impulsionam a produ\u00e7\u00e3o no campo em 2025 - Notibras\" \/>\n<meta property=\"og:description\" content=\"O ano de 2025 ficar\u00e1 registrado como um marco para a agricultura do Distrito Federal. Com a\u00e7\u00f5es decisivas, investimentos estrat\u00e9gicos e presen\u00e7a constante no campo, a Secretaria da Agricultura, Abastecimento e Desenvolvimento Rural (Seagri-DF) consolidou um dos ciclos mais robustos de entregas dos \u00faltimos anos, refor\u00e7ando o compromisso do Governo do Distrito Federal (GDF) com [&hellip;]\" \/>\n<meta property=\"og:url\" content=\"https:\/\/www.notibras.com\/site\/avancos-impulsionam-a-producao-no-campo-em-2025\/\" \/>\n<meta property=\"og:site_name\" content=\"Notibras\" \/>\n<meta property=\"article:publisher\" content=\"https:\/\/www.facebook.com\/notibras\/\" \/>\n<meta property=\"article:published_time\" content=\"2025-12-20T03:15:55+00:00\" \/>\n<meta property=\"og:image\" content=\"https:\/\/www.notibras.com\/site\/wp-content\/uploads\/2025\/12\/01-1.jpeg\" \/>\n\t<meta property=\"og:image:width\" content=\"799\" \/>\n\t<meta property=\"og:image:height\" content=\"533\" \/>\n\t<meta property=\"og:image:type\" content=\"image\/jpeg\" \/>\n<meta name=\"author\" content=\"Eduardo Mart\u00ednez\" \/>\n<meta name=\"twitter:card\" content=\"summary_large_image\" \/>\n<meta name=\"twitter:creator\" content=\"@Notibras\" \/>\n<meta name=\"twitter:site\" content=\"@Notibras\" \/>\n<meta name=\"twitter:label1\" content=\"Escrito por\" \/>\n\t<meta name=\"twitter:data1\" content=\"Eduardo Mart\u00ednez\" \/>\n\t<meta name=\"twitter:label2\" content=\"Est. tempo de leitura\" \/>\n\t<meta name=\"twitter:data2\" content=\"3 minutos\" \/>\n<script type=\"application\/ld+json\" class=\"yoast-schema-graph\">{\"@context\":\"https:\\\/\\\/schema.org\",\"@graph\":[{\"@type\":\"Article\",\"@id\":\"https:\\\/\\\/www.notibras.com\\\/site\\\/avancos-impulsionam-a-producao-no-campo-em-2025\\\/#article\",\"isPartOf\":{\"@id\":\"https:\\\/\\\/www.notibras.com\\\/site\\\/avancos-impulsionam-a-producao-no-campo-em-2025\\\/\"},\"author\":{\"name\":\"Eduardo Mart\u00ednez\",\"@id\":\"https:\\\/\\\/www.notibras.com\\\/site\\\/#\\\/schema\\\/person\\\/5b7fabf2aedc3ada2105f03b22b4d3dd\"},\"headline\":\"Avan\u00e7os impulsionam a produ\u00e7\u00e3o no campo em 2025\",\"datePublished\":\"2025-12-20T03:15:55+00:00\",\"mainEntityOfPage\":{\"@id\":\"https:\\\/\\\/www.notibras.com\\\/site\\\/avancos-impulsionam-a-producao-no-campo-em-2025\\\/\"},\"wordCount\":489,\"publisher\":{\"@id\":\"https:\\\/\\\/www.notibras.com\\\/site\\\/#organization\"},\"image\":{\"@id\":\"https:\\\/\\\/www.notibras.com\\\/site\\\/avancos-impulsionam-a-producao-no-campo-em-2025\\\/#primaryimage\"},\"thumbnailUrl\":\"https:\\\/\\\/www.notibras.com\\\/site\\\/wp-content\\\/uploads\\\/2025\\\/12\\\/01-1.jpeg\",\"articleSection\":[\"Quadradinho em Foco\"],\"inLanguage\":\"pt-BR\"},{\"@type\":\"WebPage\",\"@id\":\"https:\\\/\\\/www.notibras.com\\\/site\\\/avancos-impulsionam-a-producao-no-campo-em-2025\\\/\",\"url\":\"https:\\\/\\\/www.notibras.com\\\/site\\\/avancos-impulsionam-a-producao-no-campo-em-2025\\\/\",\"name\":\"Avan\u00e7os impulsionam a produ\u00e7\u00e3o no campo em 2025 - Notibras\",\"isPartOf\":{\"@id\":\"https:\\\/\\\/www.notibras.com\\\/site\\\/#website\"},\"primaryImageOfPage\":{\"@id\":\"https:\\\/\\\/www.notibras.com\\\/site\\\/avancos-impulsionam-a-producao-no-campo-em-2025\\\/#primaryimage\"},\"image\":{\"@id\":\"https:\\\/\\\/www.notibras.com\\\/site\\\/avancos-impulsionam-a-producao-no-campo-em-2025\\\/#primaryimage\"},\"thumbnailUrl\":\"https:\\\/\\\/www.notibras.com\\\/site\\\/wp-content\\\/uploads\\\/2025\\\/12\\\/01-1.jpeg\",\"datePublished\":\"2025-12-20T03:15:55+00:00\",\"breadcrumb\":{\"@id\":\"https:\\\/\\\/www.notibras.com\\\/site\\\/avancos-impulsionam-a-producao-no-campo-em-2025\\\/#breadcrumb\"},\"inLanguage\":\"pt-BR\",\"potentialAction\":[{\"@type\":\"ReadAction\",\"target\":[\"https:\\\/\\\/www.notibras.com\\\/site\\\/avancos-impulsionam-a-producao-no-campo-em-2025\\\/\"]}]},{\"@type\":\"ImageObject\",\"inLanguage\":\"pt-BR\",\"@id\":\"https:\\\/\\\/www.notibras.com\\\/site\\\/avancos-impulsionam-a-producao-no-campo-em-2025\\\/#primaryimage\",\"url\":\"https:\\\/\\\/www.notibras.com\\\/site\\\/wp-content\\\/uploads\\\/2025\\\/12\\\/01-1.jpeg\",\"contentUrl\":\"https:\\\/\\\/www.notibras.com\\\/site\\\/wp-content\\\/uploads\\\/2025\\\/12\\\/01-1.jpeg\",\"width\":799,\"height\":533},{\"@type\":\"BreadcrumbList\",\"@id\":\"https:\\\/\\\/www.notibras.com\\\/site\\\/avancos-impulsionam-a-producao-no-campo-em-2025\\\/#breadcrumb\",\"itemListElement\":[{\"@type\":\"ListItem\",\"position\":1,\"name\":\"In\u00edcio\",\"item\":\"https:\\\/\\\/www.notibras.com\\\/site\\\/\"},{\"@type\":\"ListItem\",\"position\":2,\"name\":\"Avan\u00e7os impulsionam a produ\u00e7\u00e3o no campo em 2025\"}]},{\"@type\":\"WebSite\",\"@id\":\"https:\\\/\\\/www.notibras.com\\\/site\\\/#website\",\"url\":\"https:\\\/\\\/www.notibras.com\\\/site\\\/\",\"name\":\"Notibras\",\"description\":\"Not\u00edcias de Bras\u00edlia, do Brasil e do Mundo\",\"publisher\":{\"@id\":\"https:\\\/\\\/www.notibras.com\\\/site\\\/#organization\"},\"potentialAction\":[{\"@type\":\"SearchAction\",\"target\":{\"@type\":\"EntryPoint\",\"urlTemplate\":\"https:\\\/\\\/www.notibras.com\\\/site\\\/?s={search_term_string}\"},\"query-input\":{\"@type\":\"PropertyValueSpecification\",\"valueRequired\":true,\"valueName\":\"search_term_string\"}}],\"inLanguage\":\"pt-BR\"},{\"@type\":\"Organization\",\"@id\":\"https:\\\/\\\/www.notibras.com\\\/site\\\/#organization\",\"name\":\"Grupo Notibras de Comunica\u00e7\u00e3o\",\"url\":\"https:\\\/\\\/www.notibras.com\\\/site\\\/\",\"logo\":{\"@type\":\"ImageObject\",\"inLanguage\":\"pt-BR\",\"@id\":\"https:\\\/\\\/www.notibras.com\\\/site\\\/#\\\/schema\\\/logo\\\/image\\\/\",\"url\":\"https:\\\/\\\/www.notibras.com\\\/site\\\/wp-content\\\/uploads\\\/2023\\\/01\\\/notibras23.png\",\"contentUrl\":\"https:\\\/\\\/www.notibras.com\\\/site\\\/wp-content\\\/uploads\\\/2023\\\/01\\\/notibras23.png\",\"width\":350,\"height\":87,\"caption\":\"Grupo Notibras de Comunica\u00e7\u00e3o\"},\"image\":{\"@id\":\"https:\\\/\\\/www.notibras.com\\\/site\\\/#\\\/schema\\\/logo\\\/image\\\/\"},\"sameAs\":[\"https:\\\/\\\/www.facebook.com\\\/notibras\\\/\",\"https:\\\/\\\/x.com\\\/Notibras\",\"https:\\\/\\\/www.instagram.com\\\/notibras\\\/\"]},{\"@type\":\"Person\",\"@id\":\"https:\\\/\\\/www.notibras.com\\\/site\\\/#\\\/schema\\\/person\\\/5b7fabf2aedc3ada2105f03b22b4d3dd\",\"name\":\"Eduardo Mart\u00ednez\",\"image\":{\"@type\":\"ImageObject\",\"inLanguage\":\"pt-BR\",\"@id\":\"https:\\\/\\\/secure.gravatar.com\\\/avatar\\\/7902f906289926289cbcda644b5197c796b893c6ffd7b9a536a42d290f7704a0?s=96&d=mm&r=g\",\"url\":\"https:\\\/\\\/secure.gravatar.com\\\/avatar\\\/7902f906289926289cbcda644b5197c796b893c6ffd7b9a536a42d290f7704a0?s=96&d=mm&r=g\",\"contentUrl\":\"https:\\\/\\\/secure.gravatar.com\\\/avatar\\\/7902f906289926289cbcda644b5197c796b893c6ffd7b9a536a42d290f7704a0?s=96&d=mm&r=g\",\"caption\":\"Eduardo Mart\u00ednez\"}}]}<\/script>\n<!-- \/ Yoast SEO plugin. -->","yoast_head_json":{"title":"Avan\u00e7os impulsionam a produ\u00e7\u00e3o no campo em 2025 - Notibras","robots":{"index":"index","follow":"follow","max-snippet":"max-snippet:-1","max-image-preview":"max-image-preview:large","max-video-preview":"max-video-preview:-1"},"canonical":"https:\/\/www.notibras.com\/site\/avancos-impulsionam-a-producao-no-campo-em-2025\/","og_locale":"pt_BR","og_type":"article","og_title":"Avan\u00e7os impulsionam a produ\u00e7\u00e3o no campo em 2025 - Notibras","og_description":"O ano de 2025 ficar\u00e1 registrado como um marco para a agricultura do Distrito Federal. Com a\u00e7\u00f5es decisivas, investimentos estrat\u00e9gicos e presen\u00e7a constante no campo, a Secretaria da Agricultura, Abastecimento e Desenvolvimento Rural (Seagri-DF) consolidou um dos ciclos mais robustos de entregas dos \u00faltimos anos, refor\u00e7ando o compromisso do Governo do Distrito Federal (GDF) com [&hellip;]","og_url":"https:\/\/www.notibras.com\/site\/avancos-impulsionam-a-producao-no-campo-em-2025\/","og_site_name":"Notibras","article_publisher":"https:\/\/www.facebook.com\/notibras\/","article_published_time":"2025-12-20T03:15:55+00:00","og_image":[{"width":799,"height":533,"url":"https:\/\/www.notibras.com\/site\/wp-content\/uploads\/2025\/12\/01-1.jpeg","type":"image\/jpeg"}],"author":"Eduardo Mart\u00ednez","twitter_card":"summary_large_image","twitter_creator":"@Notibras","twitter_site":"@Notibras","twitter_misc":{"Escrito por":"Eduardo Mart\u00ednez","Est. tempo de leitura":"3 minutos"},"schema":{"@context":"https:\/\/schema.org","@graph":[{"@type":"Article","@id":"https:\/\/www.notibras.com\/site\/avancos-impulsionam-a-producao-no-campo-em-2025\/#article","isPartOf":{"@id":"https:\/\/www.notibras.com\/site\/avancos-impulsionam-a-producao-no-campo-em-2025\/"},"author":{"name":"Eduardo Mart\u00ednez","@id":"https:\/\/www.notibras.com\/site\/#\/schema\/person\/5b7fabf2aedc3ada2105f03b22b4d3dd"},"headline":"Avan\u00e7os impulsionam a produ\u00e7\u00e3o no campo em 2025","datePublished":"2025-12-20T03:15:55+00:00","mainEntityOfPage":{"@id":"https:\/\/www.notibras.com\/site\/avancos-impulsionam-a-producao-no-campo-em-2025\/"},"wordCount":489,"publisher":{"@id":"https:\/\/www.notibras.com\/site\/#organization"},"image":{"@id":"https:\/\/www.notibras.com\/site\/avancos-impulsionam-a-producao-no-campo-em-2025\/#primaryimage"},"thumbnailUrl":"https:\/\/www.notibras.com\/site\/wp-content\/uploads\/2025\/12\/01-1.jpeg","articleSection":["Quadradinho em Foco"],"inLanguage":"pt-BR"},{"@type":"WebPage","@id":"https:\/\/www.notibras.com\/site\/avancos-impulsionam-a-producao-no-campo-em-2025\/","url":"https:\/\/www.notibras.com\/site\/avancos-impulsionam-a-producao-no-campo-em-2025\/","name":"Avan\u00e7os impulsionam a produ\u00e7\u00e3o no campo em 2025 - Notibras","isPartOf":{"@id":"https:\/\/www.notibras.com\/site\/#website"},"primaryImageOfPage":{"@id":"https:\/\/www.notibras.com\/site\/avancos-impulsionam-a-producao-no-campo-em-2025\/#primaryimage"},"image":{"@id":"https:\/\/www.notibras.com\/site\/avancos-impulsionam-a-producao-no-campo-em-2025\/#primaryimage"},"thumbnailUrl":"https:\/\/www.notibras.com\/site\/wp-content\/uploads\/2025\/12\/01-1.jpeg","datePublished":"2025-12-20T03:15:55+00:00","breadcrumb":{"@id":"https:\/\/www.notibras.com\/site\/avancos-impulsionam-a-producao-no-campo-em-2025\/#breadcrumb"},"inLanguage":"pt-BR","potentialAction":[{"@type":"ReadAction","target":["https:\/\/www.notibras.com\/site\/avancos-impulsionam-a-producao-no-campo-em-2025\/"]}]},{"@type":"ImageObject","inLanguage":"pt-BR","@id":"https:\/\/www.notibras.com\/site\/avancos-impulsionam-a-producao-no-campo-em-2025\/#primaryimage","url":"https:\/\/www.notibras.com\/site\/wp-content\/uploads\/2025\/12\/01-1.jpeg","contentUrl":"https:\/\/www.notibras.com\/site\/wp-content\/uploads\/2025\/12\/01-1.jpeg","width":799,"height":533},{"@type":"BreadcrumbList","@id":"https:\/\/www.notibras.com\/site\/avancos-impulsionam-a-producao-no-campo-em-2025\/#breadcrumb","itemListElement":[{"@type":"ListItem","position":1,"name":"In\u00edcio","item":"https:\/\/www.notibras.com\/site\/"},{"@type":"ListItem","position":2,"name":"Avan\u00e7os impulsionam a produ\u00e7\u00e3o no campo em 2025"}]},{"@type":"WebSite","@id":"https:\/\/www.notibras.com\/site\/#website","url":"https:\/\/www.notibras.com\/site\/","name":"Notibras","description":"Not\u00edcias de Bras\u00edlia, do Brasil e do Mundo","publisher":{"@id":"https:\/\/www.notibras.com\/site\/#organization"},"potentialAction":[{"@type":"SearchAction","target":{"@type":"EntryPoint","urlTemplate":"https:\/\/www.notibras.com\/site\/?s={search_term_string}"},"query-input":{"@type":"PropertyValueSpecification","valueRequired":true,"valueName":"search_term_string"}}],"inLanguage":"pt-BR"},{"@type":"Organization","@id":"https:\/\/www.notibras.com\/site\/#organization","name":"Grupo Notibras de Comunica\u00e7\u00e3o","url":"https:\/\/www.notibras.com\/site\/","logo":{"@type":"ImageObject","inLanguage":"pt-BR","@id":"https:\/\/www.notibras.com\/site\/#\/schema\/logo\/image\/","url":"https:\/\/www.notibras.com\/site\/wp-content\/uploads\/2023\/01\/notibras23.png","contentUrl":"https:\/\/www.notibras.com\/site\/wp-content\/uploads\/2023\/01\/notibras23.png","width":350,"height":87,"caption":"Grupo Notibras de Comunica\u00e7\u00e3o"},"image":{"@id":"https:\/\/www.notibras.com\/site\/#\/schema\/logo\/image\/"},"sameAs":["https:\/\/www.facebook.com\/notibras\/","https:\/\/x.com\/Notibras","https:\/\/www.instagram.com\/notibras\/"]},{"@type":"Person","@id":"https:\/\/www.notibras.com\/site\/#\/schema\/person\/5b7fabf2aedc3ada2105f03b22b4d3dd","name":"Eduardo Mart\u00ednez","image":{"@type":"ImageObject","inLanguage":"pt-BR","@id":"https:\/\/secure.gravatar.com\/avatar\/7902f906289926289cbcda644b5197c796b893c6ffd7b9a536a42d290f7704a0?s=96&d=mm&r=g","url":"https:\/\/secure.gravatar.com\/avatar\/7902f906289926289cbcda644b5197c796b893c6ffd7b9a536a42d290f7704a0?s=96&d=mm&r=g","contentUrl":"https:\/\/secure.gravatar.com\/avatar\/7902f906289926289cbcda644b5197c796b893c6ffd7b9a536a42d290f7704a0?s=96&d=mm&r=g","caption":"Eduardo Mart\u00ednez"}}]}},"amp_enabled":true,"_links":{"self":[{"href":"https:\/\/www.notibras.com\/site\/wp-json\/wp\/v2\/posts\/375532","targetHints":{"allow":["GET"]}}],"collection":[{"href":"https:\/\/www.notibras.com\/site\/wp-json\/wp\/v2\/posts"}],"about":[{"href":"https:\/\/www.notibras.com\/site\/wp-json\/wp\/v2\/types\/post"}],"author":[{"embeddable":true,"href":"https:\/\/www.notibras.com\/site\/wp-json\/wp\/v2\/users\/21"}],"replies":[{"embeddable":true,"href":"https:\/\/www.notibras.com\/site\/wp-json\/wp\/v2\/comments?post=375532"}],"version-history":[{"count":4,"href":"https:\/\/www.notibras.com\/site\/wp-json\/wp\/v2\/posts\/375532\/revisions"}],"predecessor-version":[{"id":375559,"href":"https:\/\/www.notibras.com\/site\/wp-json\/wp\/v2\/posts\/375532\/revisions\/375559"}],"wp:featuredmedia":[{"embeddable":true,"href":"https:\/\/www.notibras.com\/site\/wp-json\/wp\/v2\/media\/375533"}],"wp:attachment":[{"href":"https:\/\/www.notibras.com\/site\/wp-json\/wp\/v2\/media?parent=375532"}],"wp:term":[{"taxonomy":"category","embeddable":true,"href":"https:\/\/www.notibras.com\/site\/wp-json\/wp\/v2\/categories?post=375532"},{"taxonomy":"post_tag","embeddable":true,"href":"https:\/\/www.notibras.com\/site\/wp-json\/wp\/v2\/tags?post=375532"}],"curies":[{"name":"wp","href":"https:\/\/api.w.org\/{rel}","templated":true}]}}