{"id":375537,"date":"2025-12-20T00:30:50","date_gmt":"2025-12-20T03:30:50","guid":{"rendered":"https:\/\/www.notibras.com\/site\/?p=375537"},"modified":"2025-12-19T22:16:39","modified_gmt":"2025-12-20T01:16:39","slug":"transito-sera-alterado-no-arapoanga-e-na-esplanada-neste-domingo-21","status":"publish","type":"post","link":"https:\/\/www.notibras.com\/site\/transito-sera-alterado-no-arapoanga-e-na-esplanada-neste-domingo-21\/","title":{"rendered":"Tr\u00e2nsito ser\u00e1 alterado no Arapoanga e na Esplanada neste domingo (21)"},"content":{"rendered":"<p>Neste domingo (21), o Departamento de Tr\u00e2nsito do Distrito Federal (Detran-DF) far\u00e1 interdi\u00e7\u00f5es na Esplanada dos Minist\u00e9rios em raz\u00e3o do Circuito de Corridas Caixa, que contar\u00e1 com percursos de 5 km e 10 km pelas vias S1 e N1. A largada e a chegada ocorrer\u00e3o na altura da Catedral Metropolitana de Bras\u00edlia.<\/p>\n<p>A partir das 6h30, a via S1 ser\u00e1 bloqueada na altura do Museu da Rep\u00fablica, e o fluxo de ve\u00edculos ser\u00e1 desviado para a via L2 Sul. O tr\u00e1fego que segue pela L2 Sul, no sentido Esplanada, ser\u00e1 direcionado para o Buraco do Tatu\u00ed. Na Esplanada, a faixa mais \u00e0 direita ser\u00e1 destinada \u00e0 sa\u00edda de ve\u00edculos dos minist\u00e9rios. O fluxo seguir\u00e1 at\u00e9 a altura do Itamaraty, onde ser\u00e1 desviado para a via S2. O acesso ao estacionamento da Catedral ser\u00e1 permitido apenas pelo t\u00fanel da C\u00faria, na via S2.<\/p>\n<p>Na via N1, o bloqueio ocorrer\u00e1 desde o quartel do Corpo de Bombeiros Militar do Distrito Federal (CBMDF) at\u00e9 a altura da via L2 Norte. Os acessos \u00e0 N1 pela via Pal\u00e1cio Presidencial e pela L4 Norte ficar\u00e3o fechados. Na N1, a faixa mais \u00e0 direita, a partir do quartel do CBMDF, ser\u00e1 destinada \u00e0 sa\u00edda de ve\u00edculos de emerg\u00eancia, enquanto as demais faixas ser\u00e3o utilizadas pelos participantes do evento. A previs\u00e3o \u00e9 que as interdi\u00e7\u00f5es ocorram at\u00e9 as 10h.<\/p>\n<p><strong>Arapoanga<\/strong><\/p>\n<p>No domingo, no Arapoanga, ser\u00e1 realizada a Rua do Lazer, no trecho entre a Avenida Erasmo de Castro e a DF-230. As equipes do Detran-DF far\u00e3o o fechamento de todos os acessos \u00e0 via, das 6h \u00e0s 18h.<\/p>\n","protected":false},"excerpt":{"rendered":"<p>Neste domingo (21), o Departamento de Tr\u00e2nsito do Distrito Federal (Detran-DF) far\u00e1 interdi\u00e7\u00f5es na Esplanada dos Minist\u00e9rios em raz\u00e3o do Circuito de Corridas Caixa, que contar\u00e1 com percursos de 5 km e 10 km pelas vias S1 e N1. A largada e a chegada ocorrer\u00e3o na altura da Catedral Metropolitana de Bras\u00edlia. A partir das [&hellip;]<\/p>\n","protected":false},"author":21,"featured_media":375538,"comment_status":"closed","ping_status":"closed","sticky":false,"template":"","format":"standard","meta":{"_acf_changed":false,"footnotes":""},"categories":[161],"tags":[],"class_list":["post-375537","post","type-post","status-publish","format-standard","has-post-thumbnail","hentry","category-quadradinho-em-foco"],"acf":[],"yoast_head":"<!-- This site is optimized with the Yoast SEO plugin v27.5 - https:\/\/yoast.com\/product\/yoast-seo-wordpress\/ -->\n<title>Tr\u00e2nsito ser\u00e1 alterado no Arapoanga e na Esplanada neste domingo (21) - Notibras<\/title>\n<meta name=\"robots\" content=\"index, follow, max-snippet:-1, max-image-preview:large, max-video-preview:-1\" \/>\n<link rel=\"canonical\" href=\"https:\/\/www.notibras.com\/site\/transito-sera-alterado-no-arapoanga-e-na-esplanada-neste-domingo-21\/\" \/>\n<meta property=\"og:locale\" content=\"pt_BR\" \/>\n<meta property=\"og:type\" content=\"article\" \/>\n<meta property=\"og:title\" content=\"Tr\u00e2nsito ser\u00e1 alterado no Arapoanga e na Esplanada neste domingo (21) - Notibras\" \/>\n<meta property=\"og:description\" content=\"Neste domingo (21), o Departamento de Tr\u00e2nsito do Distrito Federal (Detran-DF) far\u00e1 interdi\u00e7\u00f5es na Esplanada dos Minist\u00e9rios em raz\u00e3o do Circuito de Corridas Caixa, que contar\u00e1 com percursos de 5 km e 10 km pelas vias S1 e N1. A largada e a chegada ocorrer\u00e3o na altura da Catedral Metropolitana de Bras\u00edlia. A partir das [&hellip;]\" \/>\n<meta property=\"og:url\" content=\"https:\/\/www.notibras.com\/site\/transito-sera-alterado-no-arapoanga-e-na-esplanada-neste-domingo-21\/\" \/>\n<meta property=\"og:site_name\" content=\"Notibras\" \/>\n<meta property=\"article:publisher\" content=\"https:\/\/www.facebook.com\/notibras\/\" \/>\n<meta property=\"article:published_time\" content=\"2025-12-20T03:30:50+00:00\" \/>\n<meta property=\"og:image\" content=\"https:\/\/www.notibras.com\/site\/wp-content\/uploads\/2025\/12\/WhatsApp-Image-2025-12-19-at-22.02.36.jpeg\" \/>\n\t<meta property=\"og:image:width\" content=\"1143\" \/>\n\t<meta property=\"og:image:height\" content=\"554\" \/>\n\t<meta property=\"og:image:type\" content=\"image\/jpeg\" \/>\n<meta name=\"author\" content=\"Eduardo Mart\u00ednez\" \/>\n<meta name=\"twitter:card\" content=\"summary_large_image\" \/>\n<meta name=\"twitter:creator\" content=\"@Notibras\" \/>\n<meta name=\"twitter:site\" content=\"@Notibras\" \/>\n<meta name=\"twitter:label1\" content=\"Escrito por\" \/>\n\t<meta name=\"twitter:data1\" content=\"Eduardo Mart\u00ednez\" \/>\n\t<meta name=\"twitter:label2\" content=\"Est. tempo de leitura\" \/>\n\t<meta name=\"twitter:data2\" content=\"2 minutos\" \/>\n<script type=\"application\/ld+json\" class=\"yoast-schema-graph\">{\"@context\":\"https:\\\/\\\/schema.org\",\"@graph\":[{\"@type\":\"Article\",\"@id\":\"https:\\\/\\\/www.notibras.com\\\/site\\\/transito-sera-alterado-no-arapoanga-e-na-esplanada-neste-domingo-21\\\/#article\",\"isPartOf\":{\"@id\":\"https:\\\/\\\/www.notibras.com\\\/site\\\/transito-sera-alterado-no-arapoanga-e-na-esplanada-neste-domingo-21\\\/\"},\"author\":{\"name\":\"Eduardo Mart\u00ednez\",\"@id\":\"https:\\\/\\\/www.notibras.com\\\/site\\\/#\\\/schema\\\/person\\\/5b7fabf2aedc3ada2105f03b22b4d3dd\"},\"headline\":\"Tr\u00e2nsito ser\u00e1 alterado no Arapoanga e na Esplanada neste domingo (21)\",\"datePublished\":\"2025-12-20T03:30:50+00:00\",\"mainEntityOfPage\":{\"@id\":\"https:\\\/\\\/www.notibras.com\\\/site\\\/transito-sera-alterado-no-arapoanga-e-na-esplanada-neste-domingo-21\\\/\"},\"wordCount\":285,\"publisher\":{\"@id\":\"https:\\\/\\\/www.notibras.com\\\/site\\\/#organization\"},\"image\":{\"@id\":\"https:\\\/\\\/www.notibras.com\\\/site\\\/transito-sera-alterado-no-arapoanga-e-na-esplanada-neste-domingo-21\\\/#primaryimage\"},\"thumbnailUrl\":\"https:\\\/\\\/www.notibras.com\\\/site\\\/wp-content\\\/uploads\\\/2025\\\/12\\\/WhatsApp-Image-2025-12-19-at-22.02.36.jpeg\",\"articleSection\":[\"Quadradinho em Foco\"],\"inLanguage\":\"pt-BR\"},{\"@type\":\"WebPage\",\"@id\":\"https:\\\/\\\/www.notibras.com\\\/site\\\/transito-sera-alterado-no-arapoanga-e-na-esplanada-neste-domingo-21\\\/\",\"url\":\"https:\\\/\\\/www.notibras.com\\\/site\\\/transito-sera-alterado-no-arapoanga-e-na-esplanada-neste-domingo-21\\\/\",\"name\":\"Tr\u00e2nsito ser\u00e1 alterado no Arapoanga e na Esplanada neste domingo (21) - Notibras\",\"isPartOf\":{\"@id\":\"https:\\\/\\\/www.notibras.com\\\/site\\\/#website\"},\"primaryImageOfPage\":{\"@id\":\"https:\\\/\\\/www.notibras.com\\\/site\\\/transito-sera-alterado-no-arapoanga-e-na-esplanada-neste-domingo-21\\\/#primaryimage\"},\"image\":{\"@id\":\"https:\\\/\\\/www.notibras.com\\\/site\\\/transito-sera-alterado-no-arapoanga-e-na-esplanada-neste-domingo-21\\\/#primaryimage\"},\"thumbnailUrl\":\"https:\\\/\\\/www.notibras.com\\\/site\\\/wp-content\\\/uploads\\\/2025\\\/12\\\/WhatsApp-Image-2025-12-19-at-22.02.36.jpeg\",\"datePublished\":\"2025-12-20T03:30:50+00:00\",\"breadcrumb\":{\"@id\":\"https:\\\/\\\/www.notibras.com\\\/site\\\/transito-sera-alterado-no-arapoanga-e-na-esplanada-neste-domingo-21\\\/#breadcrumb\"},\"inLanguage\":\"pt-BR\",\"potentialAction\":[{\"@type\":\"ReadAction\",\"target\":[\"https:\\\/\\\/www.notibras.com\\\/site\\\/transito-sera-alterado-no-arapoanga-e-na-esplanada-neste-domingo-21\\\/\"]}]},{\"@type\":\"ImageObject\",\"inLanguage\":\"pt-BR\",\"@id\":\"https:\\\/\\\/www.notibras.com\\\/site\\\/transito-sera-alterado-no-arapoanga-e-na-esplanada-neste-domingo-21\\\/#primaryimage\",\"url\":\"https:\\\/\\\/www.notibras.com\\\/site\\\/wp-content\\\/uploads\\\/2025\\\/12\\\/WhatsApp-Image-2025-12-19-at-22.02.36.jpeg\",\"contentUrl\":\"https:\\\/\\\/www.notibras.com\\\/site\\\/wp-content\\\/uploads\\\/2025\\\/12\\\/WhatsApp-Image-2025-12-19-at-22.02.36.jpeg\",\"width\":1143,\"height\":554},{\"@type\":\"BreadcrumbList\",\"@id\":\"https:\\\/\\\/www.notibras.com\\\/site\\\/transito-sera-alterado-no-arapoanga-e-na-esplanada-neste-domingo-21\\\/#breadcrumb\",\"itemListElement\":[{\"@type\":\"ListItem\",\"position\":1,\"name\":\"In\u00edcio\",\"item\":\"https:\\\/\\\/www.notibras.com\\\/site\\\/\"},{\"@type\":\"ListItem\",\"position\":2,\"name\":\"Tr\u00e2nsito ser\u00e1 alterado no Arapoanga e na Esplanada neste domingo (21)\"}]},{\"@type\":\"WebSite\",\"@id\":\"https:\\\/\\\/www.notibras.com\\\/site\\\/#website\",\"url\":\"https:\\\/\\\/www.notibras.com\\\/site\\\/\",\"name\":\"Notibras\",\"description\":\"Not\u00edcias de Bras\u00edlia, do Brasil e do Mundo\",\"publisher\":{\"@id\":\"https:\\\/\\\/www.notibras.com\\\/site\\\/#organization\"},\"potentialAction\":[{\"@type\":\"SearchAction\",\"target\":{\"@type\":\"EntryPoint\",\"urlTemplate\":\"https:\\\/\\\/www.notibras.com\\\/site\\\/?s={search_term_string}\"},\"query-input\":{\"@type\":\"PropertyValueSpecification\",\"valueRequired\":true,\"valueName\":\"search_term_string\"}}],\"inLanguage\":\"pt-BR\"},{\"@type\":\"Organization\",\"@id\":\"https:\\\/\\\/www.notibras.com\\\/site\\\/#organization\",\"name\":\"Grupo Notibras de Comunica\u00e7\u00e3o\",\"url\":\"https:\\\/\\\/www.notibras.com\\\/site\\\/\",\"logo\":{\"@type\":\"ImageObject\",\"inLanguage\":\"pt-BR\",\"@id\":\"https:\\\/\\\/www.notibras.com\\\/site\\\/#\\\/schema\\\/logo\\\/image\\\/\",\"url\":\"https:\\\/\\\/www.notibras.com\\\/site\\\/wp-content\\\/uploads\\\/2023\\\/01\\\/notibras23.png\",\"contentUrl\":\"https:\\\/\\\/www.notibras.com\\\/site\\\/wp-content\\\/uploads\\\/2023\\\/01\\\/notibras23.png\",\"width\":350,\"height\":87,\"caption\":\"Grupo Notibras de Comunica\u00e7\u00e3o\"},\"image\":{\"@id\":\"https:\\\/\\\/www.notibras.com\\\/site\\\/#\\\/schema\\\/logo\\\/image\\\/\"},\"sameAs\":[\"https:\\\/\\\/www.facebook.com\\\/notibras\\\/\",\"https:\\\/\\\/x.com\\\/Notibras\",\"https:\\\/\\\/www.instagram.com\\\/notibras\\\/\"]},{\"@type\":\"Person\",\"@id\":\"https:\\\/\\\/www.notibras.com\\\/site\\\/#\\\/schema\\\/person\\\/5b7fabf2aedc3ada2105f03b22b4d3dd\",\"name\":\"Eduardo Mart\u00ednez\",\"image\":{\"@type\":\"ImageObject\",\"inLanguage\":\"pt-BR\",\"@id\":\"https:\\\/\\\/secure.gravatar.com\\\/avatar\\\/7902f906289926289cbcda644b5197c796b893c6ffd7b9a536a42d290f7704a0?s=96&d=mm&r=g\",\"url\":\"https:\\\/\\\/secure.gravatar.com\\\/avatar\\\/7902f906289926289cbcda644b5197c796b893c6ffd7b9a536a42d290f7704a0?s=96&d=mm&r=g\",\"contentUrl\":\"https:\\\/\\\/secure.gravatar.com\\\/avatar\\\/7902f906289926289cbcda644b5197c796b893c6ffd7b9a536a42d290f7704a0?s=96&d=mm&r=g\",\"caption\":\"Eduardo Mart\u00ednez\"}}]}<\/script>\n<!-- \/ Yoast SEO plugin. -->","yoast_head_json":{"title":"Tr\u00e2nsito ser\u00e1 alterado no Arapoanga e na Esplanada neste domingo (21) - Notibras","robots":{"index":"index","follow":"follow","max-snippet":"max-snippet:-1","max-image-preview":"max-image-preview:large","max-video-preview":"max-video-preview:-1"},"canonical":"https:\/\/www.notibras.com\/site\/transito-sera-alterado-no-arapoanga-e-na-esplanada-neste-domingo-21\/","og_locale":"pt_BR","og_type":"article","og_title":"Tr\u00e2nsito ser\u00e1 alterado no Arapoanga e na Esplanada neste domingo (21) - Notibras","og_description":"Neste domingo (21), o Departamento de Tr\u00e2nsito do Distrito Federal (Detran-DF) far\u00e1 interdi\u00e7\u00f5es na Esplanada dos Minist\u00e9rios em raz\u00e3o do Circuito de Corridas Caixa, que contar\u00e1 com percursos de 5 km e 10 km pelas vias S1 e N1. A largada e a chegada ocorrer\u00e3o na altura da Catedral Metropolitana de Bras\u00edlia. A partir das [&hellip;]","og_url":"https:\/\/www.notibras.com\/site\/transito-sera-alterado-no-arapoanga-e-na-esplanada-neste-domingo-21\/","og_site_name":"Notibras","article_publisher":"https:\/\/www.facebook.com\/notibras\/","article_published_time":"2025-12-20T03:30:50+00:00","og_image":[{"width":1143,"height":554,"url":"https:\/\/www.notibras.com\/site\/wp-content\/uploads\/2025\/12\/WhatsApp-Image-2025-12-19-at-22.02.36.jpeg","type":"image\/jpeg"}],"author":"Eduardo Mart\u00ednez","twitter_card":"summary_large_image","twitter_creator":"@Notibras","twitter_site":"@Notibras","twitter_misc":{"Escrito por":"Eduardo Mart\u00ednez","Est. tempo de leitura":"2 minutos"},"schema":{"@context":"https:\/\/schema.org","@graph":[{"@type":"Article","@id":"https:\/\/www.notibras.com\/site\/transito-sera-alterado-no-arapoanga-e-na-esplanada-neste-domingo-21\/#article","isPartOf":{"@id":"https:\/\/www.notibras.com\/site\/transito-sera-alterado-no-arapoanga-e-na-esplanada-neste-domingo-21\/"},"author":{"name":"Eduardo Mart\u00ednez","@id":"https:\/\/www.notibras.com\/site\/#\/schema\/person\/5b7fabf2aedc3ada2105f03b22b4d3dd"},"headline":"Tr\u00e2nsito ser\u00e1 alterado no Arapoanga e na Esplanada neste domingo (21)","datePublished":"2025-12-20T03:30:50+00:00","mainEntityOfPage":{"@id":"https:\/\/www.notibras.com\/site\/transito-sera-alterado-no-arapoanga-e-na-esplanada-neste-domingo-21\/"},"wordCount":285,"publisher":{"@id":"https:\/\/www.notibras.com\/site\/#organization"},"image":{"@id":"https:\/\/www.notibras.com\/site\/transito-sera-alterado-no-arapoanga-e-na-esplanada-neste-domingo-21\/#primaryimage"},"thumbnailUrl":"https:\/\/www.notibras.com\/site\/wp-content\/uploads\/2025\/12\/WhatsApp-Image-2025-12-19-at-22.02.36.jpeg","articleSection":["Quadradinho em Foco"],"inLanguage":"pt-BR"},{"@type":"WebPage","@id":"https:\/\/www.notibras.com\/site\/transito-sera-alterado-no-arapoanga-e-na-esplanada-neste-domingo-21\/","url":"https:\/\/www.notibras.com\/site\/transito-sera-alterado-no-arapoanga-e-na-esplanada-neste-domingo-21\/","name":"Tr\u00e2nsito ser\u00e1 alterado no Arapoanga e na Esplanada neste domingo (21) - Notibras","isPartOf":{"@id":"https:\/\/www.notibras.com\/site\/#website"},"primaryImageOfPage":{"@id":"https:\/\/www.notibras.com\/site\/transito-sera-alterado-no-arapoanga-e-na-esplanada-neste-domingo-21\/#primaryimage"},"image":{"@id":"https:\/\/www.notibras.com\/site\/transito-sera-alterado-no-arapoanga-e-na-esplanada-neste-domingo-21\/#primaryimage"},"thumbnailUrl":"https:\/\/www.notibras.com\/site\/wp-content\/uploads\/2025\/12\/WhatsApp-Image-2025-12-19-at-22.02.36.jpeg","datePublished":"2025-12-20T03:30:50+00:00","breadcrumb":{"@id":"https:\/\/www.notibras.com\/site\/transito-sera-alterado-no-arapoanga-e-na-esplanada-neste-domingo-21\/#breadcrumb"},"inLanguage":"pt-BR","potentialAction":[{"@type":"ReadAction","target":["https:\/\/www.notibras.com\/site\/transito-sera-alterado-no-arapoanga-e-na-esplanada-neste-domingo-21\/"]}]},{"@type":"ImageObject","inLanguage":"pt-BR","@id":"https:\/\/www.notibras.com\/site\/transito-sera-alterado-no-arapoanga-e-na-esplanada-neste-domingo-21\/#primaryimage","url":"https:\/\/www.notibras.com\/site\/wp-content\/uploads\/2025\/12\/WhatsApp-Image-2025-12-19-at-22.02.36.jpeg","contentUrl":"https:\/\/www.notibras.com\/site\/wp-content\/uploads\/2025\/12\/WhatsApp-Image-2025-12-19-at-22.02.36.jpeg","width":1143,"height":554},{"@type":"BreadcrumbList","@id":"https:\/\/www.notibras.com\/site\/transito-sera-alterado-no-arapoanga-e-na-esplanada-neste-domingo-21\/#breadcrumb","itemListElement":[{"@type":"ListItem","position":1,"name":"In\u00edcio","item":"https:\/\/www.notibras.com\/site\/"},{"@type":"ListItem","position":2,"name":"Tr\u00e2nsito ser\u00e1 alterado no Arapoanga e na Esplanada neste domingo (21)"}]},{"@type":"WebSite","@id":"https:\/\/www.notibras.com\/site\/#website","url":"https:\/\/www.notibras.com\/site\/","name":"Notibras","description":"Not\u00edcias de Bras\u00edlia, do Brasil e do Mundo","publisher":{"@id":"https:\/\/www.notibras.com\/site\/#organization"},"potentialAction":[{"@type":"SearchAction","target":{"@type":"EntryPoint","urlTemplate":"https:\/\/www.notibras.com\/site\/?s={search_term_string}"},"query-input":{"@type":"PropertyValueSpecification","valueRequired":true,"valueName":"search_term_string"}}],"inLanguage":"pt-BR"},{"@type":"Organization","@id":"https:\/\/www.notibras.com\/site\/#organization","name":"Grupo Notibras de Comunica\u00e7\u00e3o","url":"https:\/\/www.notibras.com\/site\/","logo":{"@type":"ImageObject","inLanguage":"pt-BR","@id":"https:\/\/www.notibras.com\/site\/#\/schema\/logo\/image\/","url":"https:\/\/www.notibras.com\/site\/wp-content\/uploads\/2023\/01\/notibras23.png","contentUrl":"https:\/\/www.notibras.com\/site\/wp-content\/uploads\/2023\/01\/notibras23.png","width":350,"height":87,"caption":"Grupo Notibras de Comunica\u00e7\u00e3o"},"image":{"@id":"https:\/\/www.notibras.com\/site\/#\/schema\/logo\/image\/"},"sameAs":["https:\/\/www.facebook.com\/notibras\/","https:\/\/x.com\/Notibras","https:\/\/www.instagram.com\/notibras\/"]},{"@type":"Person","@id":"https:\/\/www.notibras.com\/site\/#\/schema\/person\/5b7fabf2aedc3ada2105f03b22b4d3dd","name":"Eduardo Mart\u00ednez","image":{"@type":"ImageObject","inLanguage":"pt-BR","@id":"https:\/\/secure.gravatar.com\/avatar\/7902f906289926289cbcda644b5197c796b893c6ffd7b9a536a42d290f7704a0?s=96&d=mm&r=g","url":"https:\/\/secure.gravatar.com\/avatar\/7902f906289926289cbcda644b5197c796b893c6ffd7b9a536a42d290f7704a0?s=96&d=mm&r=g","contentUrl":"https:\/\/secure.gravatar.com\/avatar\/7902f906289926289cbcda644b5197c796b893c6ffd7b9a536a42d290f7704a0?s=96&d=mm&r=g","caption":"Eduardo Mart\u00ednez"}}]}},"amp_enabled":true,"_links":{"self":[{"href":"https:\/\/www.notibras.com\/site\/wp-json\/wp\/v2\/posts\/375537","targetHints":{"allow":["GET"]}}],"collection":[{"href":"https:\/\/www.notibras.com\/site\/wp-json\/wp\/v2\/posts"}],"about":[{"href":"https:\/\/www.notibras.com\/site\/wp-json\/wp\/v2\/types\/post"}],"author":[{"embeddable":true,"href":"https:\/\/www.notibras.com\/site\/wp-json\/wp\/v2\/users\/21"}],"replies":[{"embeddable":true,"href":"https:\/\/www.notibras.com\/site\/wp-json\/wp\/v2\/comments?post=375537"}],"version-history":[{"count":3,"href":"https:\/\/www.notibras.com\/site\/wp-json\/wp\/v2\/posts\/375537\/revisions"}],"predecessor-version":[{"id":375541,"href":"https:\/\/www.notibras.com\/site\/wp-json\/wp\/v2\/posts\/375537\/revisions\/375541"}],"wp:featuredmedia":[{"embeddable":true,"href":"https:\/\/www.notibras.com\/site\/wp-json\/wp\/v2\/media\/375538"}],"wp:attachment":[{"href":"https:\/\/www.notibras.com\/site\/wp-json\/wp\/v2\/media?parent=375537"}],"wp:term":[{"taxonomy":"category","embeddable":true,"href":"https:\/\/www.notibras.com\/site\/wp-json\/wp\/v2\/categories?post=375537"},{"taxonomy":"post_tag","embeddable":true,"href":"https:\/\/www.notibras.com\/site\/wp-json\/wp\/v2\/tags?post=375537"}],"curies":[{"name":"wp","href":"https:\/\/api.w.org\/{rel}","templated":true}]}}