{"id":375542,"date":"2025-12-20T00:45:40","date_gmt":"2025-12-20T03:45:40","guid":{"rendered":"https:\/\/www.notibras.com\/site\/?p=375542"},"modified":"2025-12-19T22:24:25","modified_gmt":"2025-12-20T01:24:25","slug":"saiba-onde-se-vacinar-neste-sabado-20","status":"publish","type":"post","link":"https:\/\/www.notibras.com\/site\/saiba-onde-se-vacinar-neste-sabado-20\/","title":{"rendered":"Saiba onde se vacinar neste s\u00e1bado (20)"},"content":{"rendered":"<p>Quem estiver com o esquema vacinal em atraso tem a chance de se proteger neste s\u00e1bado (20). A Secretaria de Sa\u00fade do Distrito Federal (SES-DF) disponibilizar\u00e1 47 locais de atendimento para todas as faixas et\u00e1rias. Os imunizantes ser\u00e3o aplicados conforme o calend\u00e1rio de rotina e, se necess\u00e1rio, a pessoa poder\u00e1 receber mais de uma vacina na mesma ocasi\u00e3o.<\/p>\n<p>Em Ceil\u00e2ndia, al\u00e9m das unidades b\u00e1sicas de sa\u00fade, uma equipe far\u00e1 atendimento na Pra\u00e7a da B\u00edblia, das 11h \u00e0s 17h. Tamb\u00e9m haver\u00e1 vacina\u00e7\u00e3o no Shopping Popular de Ceil\u00e2ndia, das 9h \u00e0s 17h. Ao todo, o atendimento ocorrer\u00e1 em 45 unidades b\u00e1sicas de sa\u00fade (UBSs), de Norte a Sul do Distrito Federal. A lista completa de endere\u00e7os e hor\u00e1rios est\u00e1 dispon\u00edvel no <a href=\"https:\/\/www.saude.df.gov.br\/pt\/web\/guest\/locais-de-vacinacao\">site da SES-DF<\/a>.<\/p>\n<p>A orienta\u00e7\u00e3o \u00e9 levar documento de identidade e, se poss\u00edvel, a caderneta de imuniza\u00e7\u00e3o. \u00c9 importante acessar o site da pasta para conferir endere\u00e7o, hor\u00e1rio de atendimento e quais vacinas est\u00e3o dispon\u00edveis, conforme o <a href=\"https:\/\/www.saude.df.gov.br\/documents\/37101\/0\/Calend%C3%A1rio+rotina_site.pdf\/2e9d248c-08d8-7336-d348-cc0f8c741fce?t=1759422457025\">Calend\u00e1rio de Vacina\u00e7\u00e3o<\/a>. Mulheres a partir da 28\u00aa semana de gesta\u00e7\u00e3o, sem restri\u00e7\u00e3o de idade, poder\u00e3o receber a vacina contra o v\u00edrus sincicial respirat\u00f3rio (VSR).<\/p>\n<p>N\u00e3o haver\u00e1 vacina\u00e7\u00e3o no domingo (21). Na segunda-feira (22), as mais de cem salas de vacina\u00e7\u00e3o reabrem em hor\u00e1rio normal.<\/p>\n","protected":false},"excerpt":{"rendered":"<p>Quem estiver com o esquema vacinal em atraso tem a chance de se proteger neste s\u00e1bado (20). A Secretaria de Sa\u00fade do Distrito Federal (SES-DF) disponibilizar\u00e1 47 locais de atendimento para todas as faixas et\u00e1rias. Os imunizantes ser\u00e3o aplicados conforme o calend\u00e1rio de rotina e, se necess\u00e1rio, a pessoa poder\u00e1 receber mais de uma vacina [&hellip;]<\/p>\n","protected":false},"author":21,"featured_media":375543,"comment_status":"closed","ping_status":"closed","sticky":false,"template":"","format":"standard","meta":{"_acf_changed":false,"footnotes":""},"categories":[161],"tags":[],"class_list":["post-375542","post","type-post","status-publish","format-standard","has-post-thumbnail","hentry","category-quadradinho-em-foco"],"acf":[],"yoast_head":"<!-- This site is optimized with the Yoast SEO plugin v27.5 - https:\/\/yoast.com\/product\/yoast-seo-wordpress\/ -->\n<title>Saiba onde se vacinar neste s\u00e1bado (20) - Notibras<\/title>\n<meta name=\"robots\" content=\"index, follow, max-snippet:-1, max-image-preview:large, max-video-preview:-1\" \/>\n<link rel=\"canonical\" href=\"https:\/\/www.notibras.com\/site\/saiba-onde-se-vacinar-neste-sabado-20\/\" \/>\n<meta property=\"og:locale\" content=\"pt_BR\" \/>\n<meta property=\"og:type\" content=\"article\" \/>\n<meta property=\"og:title\" content=\"Saiba onde se vacinar neste s\u00e1bado (20) - Notibras\" \/>\n<meta property=\"og:description\" content=\"Quem estiver com o esquema vacinal em atraso tem a chance de se proteger neste s\u00e1bado (20). A Secretaria de Sa\u00fade do Distrito Federal (SES-DF) disponibilizar\u00e1 47 locais de atendimento para todas as faixas et\u00e1rias. Os imunizantes ser\u00e3o aplicados conforme o calend\u00e1rio de rotina e, se necess\u00e1rio, a pessoa poder\u00e1 receber mais de uma vacina [&hellip;]\" \/>\n<meta property=\"og:url\" content=\"https:\/\/www.notibras.com\/site\/saiba-onde-se-vacinar-neste-sabado-20\/\" \/>\n<meta property=\"og:site_name\" content=\"Notibras\" \/>\n<meta property=\"article:publisher\" content=\"https:\/\/www.facebook.com\/notibras\/\" \/>\n<meta property=\"article:published_time\" content=\"2025-12-20T03:45:40+00:00\" \/>\n<meta property=\"og:image\" content=\"https:\/\/www.notibras.com\/site\/wp-content\/uploads\/2025\/12\/Vacinacao-no-DF.-Foto-Jhonatan-Cantarelle-Agencia-Saude-DF-2.jpg\" \/>\n\t<meta property=\"og:image:width\" content=\"2048\" \/>\n\t<meta property=\"og:image:height\" content=\"1365\" \/>\n\t<meta property=\"og:image:type\" content=\"image\/jpeg\" \/>\n<meta name=\"author\" content=\"Eduardo Mart\u00ednez\" \/>\n<meta name=\"twitter:card\" content=\"summary_large_image\" \/>\n<meta name=\"twitter:creator\" content=\"@Notibras\" \/>\n<meta name=\"twitter:site\" content=\"@Notibras\" \/>\n<meta name=\"twitter:label1\" content=\"Escrito por\" \/>\n\t<meta name=\"twitter:data1\" content=\"Eduardo Mart\u00ednez\" \/>\n\t<meta name=\"twitter:label2\" content=\"Est. tempo de leitura\" \/>\n\t<meta name=\"twitter:data2\" content=\"2 minutos\" \/>\n<script type=\"application\/ld+json\" class=\"yoast-schema-graph\">{\"@context\":\"https:\\\/\\\/schema.org\",\"@graph\":[{\"@type\":\"Article\",\"@id\":\"https:\\\/\\\/www.notibras.com\\\/site\\\/saiba-onde-se-vacinar-neste-sabado-20\\\/#article\",\"isPartOf\":{\"@id\":\"https:\\\/\\\/www.notibras.com\\\/site\\\/saiba-onde-se-vacinar-neste-sabado-20\\\/\"},\"author\":{\"name\":\"Eduardo Mart\u00ednez\",\"@id\":\"https:\\\/\\\/www.notibras.com\\\/site\\\/#\\\/schema\\\/person\\\/5b7fabf2aedc3ada2105f03b22b4d3dd\"},\"headline\":\"Saiba onde se vacinar neste s\u00e1bado (20)\",\"datePublished\":\"2025-12-20T03:45:40+00:00\",\"mainEntityOfPage\":{\"@id\":\"https:\\\/\\\/www.notibras.com\\\/site\\\/saiba-onde-se-vacinar-neste-sabado-20\\\/\"},\"wordCount\":239,\"publisher\":{\"@id\":\"https:\\\/\\\/www.notibras.com\\\/site\\\/#organization\"},\"image\":{\"@id\":\"https:\\\/\\\/www.notibras.com\\\/site\\\/saiba-onde-se-vacinar-neste-sabado-20\\\/#primaryimage\"},\"thumbnailUrl\":\"https:\\\/\\\/www.notibras.com\\\/site\\\/wp-content\\\/uploads\\\/2025\\\/12\\\/Vacinacao-no-DF.-Foto-Jhonatan-Cantarelle-Agencia-Saude-DF-2.jpg\",\"articleSection\":[\"Quadradinho em Foco\"],\"inLanguage\":\"pt-BR\"},{\"@type\":\"WebPage\",\"@id\":\"https:\\\/\\\/www.notibras.com\\\/site\\\/saiba-onde-se-vacinar-neste-sabado-20\\\/\",\"url\":\"https:\\\/\\\/www.notibras.com\\\/site\\\/saiba-onde-se-vacinar-neste-sabado-20\\\/\",\"name\":\"Saiba onde se vacinar neste s\u00e1bado (20) - Notibras\",\"isPartOf\":{\"@id\":\"https:\\\/\\\/www.notibras.com\\\/site\\\/#website\"},\"primaryImageOfPage\":{\"@id\":\"https:\\\/\\\/www.notibras.com\\\/site\\\/saiba-onde-se-vacinar-neste-sabado-20\\\/#primaryimage\"},\"image\":{\"@id\":\"https:\\\/\\\/www.notibras.com\\\/site\\\/saiba-onde-se-vacinar-neste-sabado-20\\\/#primaryimage\"},\"thumbnailUrl\":\"https:\\\/\\\/www.notibras.com\\\/site\\\/wp-content\\\/uploads\\\/2025\\\/12\\\/Vacinacao-no-DF.-Foto-Jhonatan-Cantarelle-Agencia-Saude-DF-2.jpg\",\"datePublished\":\"2025-12-20T03:45:40+00:00\",\"breadcrumb\":{\"@id\":\"https:\\\/\\\/www.notibras.com\\\/site\\\/saiba-onde-se-vacinar-neste-sabado-20\\\/#breadcrumb\"},\"inLanguage\":\"pt-BR\",\"potentialAction\":[{\"@type\":\"ReadAction\",\"target\":[\"https:\\\/\\\/www.notibras.com\\\/site\\\/saiba-onde-se-vacinar-neste-sabado-20\\\/\"]}]},{\"@type\":\"ImageObject\",\"inLanguage\":\"pt-BR\",\"@id\":\"https:\\\/\\\/www.notibras.com\\\/site\\\/saiba-onde-se-vacinar-neste-sabado-20\\\/#primaryimage\",\"url\":\"https:\\\/\\\/www.notibras.com\\\/site\\\/wp-content\\\/uploads\\\/2025\\\/12\\\/Vacinacao-no-DF.-Foto-Jhonatan-Cantarelle-Agencia-Saude-DF-2.jpg\",\"contentUrl\":\"https:\\\/\\\/www.notibras.com\\\/site\\\/wp-content\\\/uploads\\\/2025\\\/12\\\/Vacinacao-no-DF.-Foto-Jhonatan-Cantarelle-Agencia-Saude-DF-2.jpg\",\"width\":2048,\"height\":1365},{\"@type\":\"BreadcrumbList\",\"@id\":\"https:\\\/\\\/www.notibras.com\\\/site\\\/saiba-onde-se-vacinar-neste-sabado-20\\\/#breadcrumb\",\"itemListElement\":[{\"@type\":\"ListItem\",\"position\":1,\"name\":\"In\u00edcio\",\"item\":\"https:\\\/\\\/www.notibras.com\\\/site\\\/\"},{\"@type\":\"ListItem\",\"position\":2,\"name\":\"Saiba onde se vacinar neste s\u00e1bado (20)\"}]},{\"@type\":\"WebSite\",\"@id\":\"https:\\\/\\\/www.notibras.com\\\/site\\\/#website\",\"url\":\"https:\\\/\\\/www.notibras.com\\\/site\\\/\",\"name\":\"Notibras\",\"description\":\"Not\u00edcias de Bras\u00edlia, do Brasil e do Mundo\",\"publisher\":{\"@id\":\"https:\\\/\\\/www.notibras.com\\\/site\\\/#organization\"},\"potentialAction\":[{\"@type\":\"SearchAction\",\"target\":{\"@type\":\"EntryPoint\",\"urlTemplate\":\"https:\\\/\\\/www.notibras.com\\\/site\\\/?s={search_term_string}\"},\"query-input\":{\"@type\":\"PropertyValueSpecification\",\"valueRequired\":true,\"valueName\":\"search_term_string\"}}],\"inLanguage\":\"pt-BR\"},{\"@type\":\"Organization\",\"@id\":\"https:\\\/\\\/www.notibras.com\\\/site\\\/#organization\",\"name\":\"Grupo Notibras de Comunica\u00e7\u00e3o\",\"url\":\"https:\\\/\\\/www.notibras.com\\\/site\\\/\",\"logo\":{\"@type\":\"ImageObject\",\"inLanguage\":\"pt-BR\",\"@id\":\"https:\\\/\\\/www.notibras.com\\\/site\\\/#\\\/schema\\\/logo\\\/image\\\/\",\"url\":\"https:\\\/\\\/www.notibras.com\\\/site\\\/wp-content\\\/uploads\\\/2023\\\/01\\\/notibras23.png\",\"contentUrl\":\"https:\\\/\\\/www.notibras.com\\\/site\\\/wp-content\\\/uploads\\\/2023\\\/01\\\/notibras23.png\",\"width\":350,\"height\":87,\"caption\":\"Grupo Notibras de Comunica\u00e7\u00e3o\"},\"image\":{\"@id\":\"https:\\\/\\\/www.notibras.com\\\/site\\\/#\\\/schema\\\/logo\\\/image\\\/\"},\"sameAs\":[\"https:\\\/\\\/www.facebook.com\\\/notibras\\\/\",\"https:\\\/\\\/x.com\\\/Notibras\",\"https:\\\/\\\/www.instagram.com\\\/notibras\\\/\"]},{\"@type\":\"Person\",\"@id\":\"https:\\\/\\\/www.notibras.com\\\/site\\\/#\\\/schema\\\/person\\\/5b7fabf2aedc3ada2105f03b22b4d3dd\",\"name\":\"Eduardo Mart\u00ednez\",\"image\":{\"@type\":\"ImageObject\",\"inLanguage\":\"pt-BR\",\"@id\":\"https:\\\/\\\/secure.gravatar.com\\\/avatar\\\/7902f906289926289cbcda644b5197c796b893c6ffd7b9a536a42d290f7704a0?s=96&d=mm&r=g\",\"url\":\"https:\\\/\\\/secure.gravatar.com\\\/avatar\\\/7902f906289926289cbcda644b5197c796b893c6ffd7b9a536a42d290f7704a0?s=96&d=mm&r=g\",\"contentUrl\":\"https:\\\/\\\/secure.gravatar.com\\\/avatar\\\/7902f906289926289cbcda644b5197c796b893c6ffd7b9a536a42d290f7704a0?s=96&d=mm&r=g\",\"caption\":\"Eduardo Mart\u00ednez\"}}]}<\/script>\n<!-- \/ Yoast SEO plugin. -->","yoast_head_json":{"title":"Saiba onde se vacinar neste s\u00e1bado (20) - Notibras","robots":{"index":"index","follow":"follow","max-snippet":"max-snippet:-1","max-image-preview":"max-image-preview:large","max-video-preview":"max-video-preview:-1"},"canonical":"https:\/\/www.notibras.com\/site\/saiba-onde-se-vacinar-neste-sabado-20\/","og_locale":"pt_BR","og_type":"article","og_title":"Saiba onde se vacinar neste s\u00e1bado (20) - Notibras","og_description":"Quem estiver com o esquema vacinal em atraso tem a chance de se proteger neste s\u00e1bado (20). A Secretaria de Sa\u00fade do Distrito Federal (SES-DF) disponibilizar\u00e1 47 locais de atendimento para todas as faixas et\u00e1rias. Os imunizantes ser\u00e3o aplicados conforme o calend\u00e1rio de rotina e, se necess\u00e1rio, a pessoa poder\u00e1 receber mais de uma vacina [&hellip;]","og_url":"https:\/\/www.notibras.com\/site\/saiba-onde-se-vacinar-neste-sabado-20\/","og_site_name":"Notibras","article_publisher":"https:\/\/www.facebook.com\/notibras\/","article_published_time":"2025-12-20T03:45:40+00:00","og_image":[{"width":2048,"height":1365,"url":"https:\/\/www.notibras.com\/site\/wp-content\/uploads\/2025\/12\/Vacinacao-no-DF.-Foto-Jhonatan-Cantarelle-Agencia-Saude-DF-2.jpg","type":"image\/jpeg"}],"author":"Eduardo Mart\u00ednez","twitter_card":"summary_large_image","twitter_creator":"@Notibras","twitter_site":"@Notibras","twitter_misc":{"Escrito por":"Eduardo Mart\u00ednez","Est. tempo de leitura":"2 minutos"},"schema":{"@context":"https:\/\/schema.org","@graph":[{"@type":"Article","@id":"https:\/\/www.notibras.com\/site\/saiba-onde-se-vacinar-neste-sabado-20\/#article","isPartOf":{"@id":"https:\/\/www.notibras.com\/site\/saiba-onde-se-vacinar-neste-sabado-20\/"},"author":{"name":"Eduardo Mart\u00ednez","@id":"https:\/\/www.notibras.com\/site\/#\/schema\/person\/5b7fabf2aedc3ada2105f03b22b4d3dd"},"headline":"Saiba onde se vacinar neste s\u00e1bado (20)","datePublished":"2025-12-20T03:45:40+00:00","mainEntityOfPage":{"@id":"https:\/\/www.notibras.com\/site\/saiba-onde-se-vacinar-neste-sabado-20\/"},"wordCount":239,"publisher":{"@id":"https:\/\/www.notibras.com\/site\/#organization"},"image":{"@id":"https:\/\/www.notibras.com\/site\/saiba-onde-se-vacinar-neste-sabado-20\/#primaryimage"},"thumbnailUrl":"https:\/\/www.notibras.com\/site\/wp-content\/uploads\/2025\/12\/Vacinacao-no-DF.-Foto-Jhonatan-Cantarelle-Agencia-Saude-DF-2.jpg","articleSection":["Quadradinho em Foco"],"inLanguage":"pt-BR"},{"@type":"WebPage","@id":"https:\/\/www.notibras.com\/site\/saiba-onde-se-vacinar-neste-sabado-20\/","url":"https:\/\/www.notibras.com\/site\/saiba-onde-se-vacinar-neste-sabado-20\/","name":"Saiba onde se vacinar neste s\u00e1bado (20) - Notibras","isPartOf":{"@id":"https:\/\/www.notibras.com\/site\/#website"},"primaryImageOfPage":{"@id":"https:\/\/www.notibras.com\/site\/saiba-onde-se-vacinar-neste-sabado-20\/#primaryimage"},"image":{"@id":"https:\/\/www.notibras.com\/site\/saiba-onde-se-vacinar-neste-sabado-20\/#primaryimage"},"thumbnailUrl":"https:\/\/www.notibras.com\/site\/wp-content\/uploads\/2025\/12\/Vacinacao-no-DF.-Foto-Jhonatan-Cantarelle-Agencia-Saude-DF-2.jpg","datePublished":"2025-12-20T03:45:40+00:00","breadcrumb":{"@id":"https:\/\/www.notibras.com\/site\/saiba-onde-se-vacinar-neste-sabado-20\/#breadcrumb"},"inLanguage":"pt-BR","potentialAction":[{"@type":"ReadAction","target":["https:\/\/www.notibras.com\/site\/saiba-onde-se-vacinar-neste-sabado-20\/"]}]},{"@type":"ImageObject","inLanguage":"pt-BR","@id":"https:\/\/www.notibras.com\/site\/saiba-onde-se-vacinar-neste-sabado-20\/#primaryimage","url":"https:\/\/www.notibras.com\/site\/wp-content\/uploads\/2025\/12\/Vacinacao-no-DF.-Foto-Jhonatan-Cantarelle-Agencia-Saude-DF-2.jpg","contentUrl":"https:\/\/www.notibras.com\/site\/wp-content\/uploads\/2025\/12\/Vacinacao-no-DF.-Foto-Jhonatan-Cantarelle-Agencia-Saude-DF-2.jpg","width":2048,"height":1365},{"@type":"BreadcrumbList","@id":"https:\/\/www.notibras.com\/site\/saiba-onde-se-vacinar-neste-sabado-20\/#breadcrumb","itemListElement":[{"@type":"ListItem","position":1,"name":"In\u00edcio","item":"https:\/\/www.notibras.com\/site\/"},{"@type":"ListItem","position":2,"name":"Saiba onde se vacinar neste s\u00e1bado (20)"}]},{"@type":"WebSite","@id":"https:\/\/www.notibras.com\/site\/#website","url":"https:\/\/www.notibras.com\/site\/","name":"Notibras","description":"Not\u00edcias de Bras\u00edlia, do Brasil e do Mundo","publisher":{"@id":"https:\/\/www.notibras.com\/site\/#organization"},"potentialAction":[{"@type":"SearchAction","target":{"@type":"EntryPoint","urlTemplate":"https:\/\/www.notibras.com\/site\/?s={search_term_string}"},"query-input":{"@type":"PropertyValueSpecification","valueRequired":true,"valueName":"search_term_string"}}],"inLanguage":"pt-BR"},{"@type":"Organization","@id":"https:\/\/www.notibras.com\/site\/#organization","name":"Grupo Notibras de Comunica\u00e7\u00e3o","url":"https:\/\/www.notibras.com\/site\/","logo":{"@type":"ImageObject","inLanguage":"pt-BR","@id":"https:\/\/www.notibras.com\/site\/#\/schema\/logo\/image\/","url":"https:\/\/www.notibras.com\/site\/wp-content\/uploads\/2023\/01\/notibras23.png","contentUrl":"https:\/\/www.notibras.com\/site\/wp-content\/uploads\/2023\/01\/notibras23.png","width":350,"height":87,"caption":"Grupo Notibras de Comunica\u00e7\u00e3o"},"image":{"@id":"https:\/\/www.notibras.com\/site\/#\/schema\/logo\/image\/"},"sameAs":["https:\/\/www.facebook.com\/notibras\/","https:\/\/x.com\/Notibras","https:\/\/www.instagram.com\/notibras\/"]},{"@type":"Person","@id":"https:\/\/www.notibras.com\/site\/#\/schema\/person\/5b7fabf2aedc3ada2105f03b22b4d3dd","name":"Eduardo Mart\u00ednez","image":{"@type":"ImageObject","inLanguage":"pt-BR","@id":"https:\/\/secure.gravatar.com\/avatar\/7902f906289926289cbcda644b5197c796b893c6ffd7b9a536a42d290f7704a0?s=96&d=mm&r=g","url":"https:\/\/secure.gravatar.com\/avatar\/7902f906289926289cbcda644b5197c796b893c6ffd7b9a536a42d290f7704a0?s=96&d=mm&r=g","contentUrl":"https:\/\/secure.gravatar.com\/avatar\/7902f906289926289cbcda644b5197c796b893c6ffd7b9a536a42d290f7704a0?s=96&d=mm&r=g","caption":"Eduardo Mart\u00ednez"}}]}},"amp_enabled":true,"_links":{"self":[{"href":"https:\/\/www.notibras.com\/site\/wp-json\/wp\/v2\/posts\/375542","targetHints":{"allow":["GET"]}}],"collection":[{"href":"https:\/\/www.notibras.com\/site\/wp-json\/wp\/v2\/posts"}],"about":[{"href":"https:\/\/www.notibras.com\/site\/wp-json\/wp\/v2\/types\/post"}],"author":[{"embeddable":true,"href":"https:\/\/www.notibras.com\/site\/wp-json\/wp\/v2\/users\/21"}],"replies":[{"embeddable":true,"href":"https:\/\/www.notibras.com\/site\/wp-json\/wp\/v2\/comments?post=375542"}],"version-history":[{"count":2,"href":"https:\/\/www.notibras.com\/site\/wp-json\/wp\/v2\/posts\/375542\/revisions"}],"predecessor-version":[{"id":375545,"href":"https:\/\/www.notibras.com\/site\/wp-json\/wp\/v2\/posts\/375542\/revisions\/375545"}],"wp:featuredmedia":[{"embeddable":true,"href":"https:\/\/www.notibras.com\/site\/wp-json\/wp\/v2\/media\/375543"}],"wp:attachment":[{"href":"https:\/\/www.notibras.com\/site\/wp-json\/wp\/v2\/media?parent=375542"}],"wp:term":[{"taxonomy":"category","embeddable":true,"href":"https:\/\/www.notibras.com\/site\/wp-json\/wp\/v2\/categories?post=375542"},{"taxonomy":"post_tag","embeddable":true,"href":"https:\/\/www.notibras.com\/site\/wp-json\/wp\/v2\/tags?post=375542"}],"curies":[{"name":"wp","href":"https:\/\/api.w.org\/{rel}","templated":true}]}}