{"id":375546,"date":"2025-12-20T01:00:15","date_gmt":"2025-12-20T04:00:15","guid":{"rendered":"https:\/\/www.notibras.com\/site\/?p=375546"},"modified":"2025-12-19T22:32:42","modified_gmt":"2025-12-20T01:32:42","slug":"comunidade-kids-leva-diversao-lazer-e-servicos-neste-sabado-20","status":"publish","type":"post","link":"https:\/\/www.notibras.com\/site\/comunidade-kids-leva-diversao-lazer-e-servicos-neste-sabado-20\/","title":{"rendered":"Comunidade Kids leva divers\u00e3o, lazer e servi\u00e7os neste s\u00e1bado (20)"},"content":{"rendered":"<p>A Secretaria de Atendimento \u00e0 Comunidade do Distrito Federal (Seac-DF) realiza neste s\u00e1bado (20) mais uma edi\u00e7\u00e3o da A\u00e7\u00e3o Comunidade Kids, desta vez em Arniqueira. O evento ser\u00e1 das 9h \u00e0s 13h, na QS 8 do Parque Ecol\u00f3gico do Areal, e promete uma manh\u00e3 de alegria, lazer e cuidado para as crian\u00e7as e suas fam\u00edlias.<\/p>\n<p>Com foco no bem-estar infantil e no fortalecimento dos v\u00ednculos comunit\u00e1rios, a programa\u00e7\u00e3o inclui brinquedos infl\u00e1veis, atividades l\u00fadicas, al\u00e9m da distribui\u00e7\u00e3o gratuita de pipoca e algod\u00e3o-doce, garantindo um ambiente acolhedor e cheio de divers\u00e3o para a crian\u00e7ada.<\/p>\n<p>A a\u00e7\u00e3o contar\u00e1 ainda com exame oftalmol\u00f3gico e com a presen\u00e7a da Van do Atendimento em Movimento, que leva servi\u00e7os e orienta\u00e7\u00f5es diretamente \u00e0 popula\u00e7\u00e3o, refor\u00e7ando o compromisso da Seac de estar presente nos territ\u00f3rios e facilitar o acesso da comunidade \u00e0s pol\u00edticas p\u00fablicas.<\/p>\n<p>Para a secret\u00e1ria de Atendimento \u00e0 Comunidade, Clara Roriz, a iniciativa refor\u00e7a o cuidado com a inf\u00e2ncia e a aproxima\u00e7\u00e3o do governo com a popula\u00e7\u00e3o. \u201cO Comunidade Kids \u00e9 um espa\u00e7o de conviv\u00eancia, alegria e cuidado. Levamos divers\u00e3o, mas tamb\u00e9m servi\u00e7os e aten\u00e7\u00e3o \u00e0s fam\u00edlias, fortalecendo os la\u00e7os com a comunidade e garantindo que nossas crian\u00e7as tenham acesso a momentos de lazer e cidadania\u201d, destaca a secret\u00e1ria.<\/p>\n<p>Este Comunidade Kids ser\u00e1 realizado em parceria com a Administra\u00e7\u00e3o Regional de Arniqueira e conta com o apoio do Detran-DF, da Caesb e do Servi\u00e7o de Limpeza Urbana (SLU), CBMDF e Pol\u00edcia Civil, fortalecendo a atua\u00e7\u00e3o integrada do Governo do Distrito Federal em prol das fam\u00edlias.<\/p>\n","protected":false},"excerpt":{"rendered":"<p>A Secretaria de Atendimento \u00e0 Comunidade do Distrito Federal (Seac-DF) realiza neste s\u00e1bado (20) mais uma edi\u00e7\u00e3o da A\u00e7\u00e3o Comunidade Kids, desta vez em Arniqueira. O evento ser\u00e1 das 9h \u00e0s 13h, na QS 8 do Parque Ecol\u00f3gico do Areal, e promete uma manh\u00e3 de alegria, lazer e cuidado para as crian\u00e7as e suas fam\u00edlias. [&hellip;]<\/p>\n","protected":false},"author":21,"featured_media":375547,"comment_status":"closed","ping_status":"closed","sticky":false,"template":"","format":"standard","meta":{"_acf_changed":false,"footnotes":""},"categories":[161],"tags":[],"class_list":["post-375546","post","type-post","status-publish","format-standard","has-post-thumbnail","hentry","category-quadradinho-em-foco"],"acf":[],"yoast_head":"<!-- This site is optimized with the Yoast SEO plugin v27.5 - https:\/\/yoast.com\/product\/yoast-seo-wordpress\/ -->\n<title>Comunidade Kids leva divers\u00e3o, lazer e servi\u00e7os neste s\u00e1bado (20) - Notibras<\/title>\n<meta name=\"robots\" content=\"index, follow, max-snippet:-1, max-image-preview:large, max-video-preview:-1\" \/>\n<link rel=\"canonical\" href=\"https:\/\/www.notibras.com\/site\/comunidade-kids-leva-diversao-lazer-e-servicos-neste-sabado-20\/\" \/>\n<meta property=\"og:locale\" content=\"pt_BR\" \/>\n<meta property=\"og:type\" content=\"article\" \/>\n<meta property=\"og:title\" content=\"Comunidade Kids leva divers\u00e3o, lazer e servi\u00e7os neste s\u00e1bado (20) - Notibras\" \/>\n<meta property=\"og:description\" content=\"A Secretaria de Atendimento \u00e0 Comunidade do Distrito Federal (Seac-DF) realiza neste s\u00e1bado (20) mais uma edi\u00e7\u00e3o da A\u00e7\u00e3o Comunidade Kids, desta vez em Arniqueira. O evento ser\u00e1 das 9h \u00e0s 13h, na QS 8 do Parque Ecol\u00f3gico do Areal, e promete uma manh\u00e3 de alegria, lazer e cuidado para as crian\u00e7as e suas fam\u00edlias. [&hellip;]\" \/>\n<meta property=\"og:url\" content=\"https:\/\/www.notibras.com\/site\/comunidade-kids-leva-diversao-lazer-e-servicos-neste-sabado-20\/\" \/>\n<meta property=\"og:site_name\" content=\"Notibras\" \/>\n<meta property=\"article:publisher\" content=\"https:\/\/www.facebook.com\/notibras\/\" \/>\n<meta property=\"article:published_time\" content=\"2025-12-20T04:00:15+00:00\" \/>\n<meta property=\"og:image\" content=\"https:\/\/www.notibras.com\/site\/wp-content\/uploads\/2025\/12\/IMG_2202.jpg\" \/>\n\t<meta property=\"og:image:width\" content=\"1616\" \/>\n\t<meta property=\"og:image:height\" content=\"1080\" \/>\n\t<meta property=\"og:image:type\" content=\"image\/jpeg\" \/>\n<meta name=\"author\" content=\"Eduardo Mart\u00ednez\" \/>\n<meta name=\"twitter:card\" content=\"summary_large_image\" \/>\n<meta name=\"twitter:creator\" content=\"@Notibras\" \/>\n<meta name=\"twitter:site\" content=\"@Notibras\" \/>\n<meta name=\"twitter:label1\" content=\"Escrito por\" \/>\n\t<meta name=\"twitter:data1\" content=\"Eduardo Mart\u00ednez\" \/>\n\t<meta name=\"twitter:label2\" content=\"Est. tempo de leitura\" \/>\n\t<meta name=\"twitter:data2\" content=\"2 minutos\" \/>\n<script type=\"application\/ld+json\" class=\"yoast-schema-graph\">{\"@context\":\"https:\\\/\\\/schema.org\",\"@graph\":[{\"@type\":\"Article\",\"@id\":\"https:\\\/\\\/www.notibras.com\\\/site\\\/comunidade-kids-leva-diversao-lazer-e-servicos-neste-sabado-20\\\/#article\",\"isPartOf\":{\"@id\":\"https:\\\/\\\/www.notibras.com\\\/site\\\/comunidade-kids-leva-diversao-lazer-e-servicos-neste-sabado-20\\\/\"},\"author\":{\"name\":\"Eduardo Mart\u00ednez\",\"@id\":\"https:\\\/\\\/www.notibras.com\\\/site\\\/#\\\/schema\\\/person\\\/5b7fabf2aedc3ada2105f03b22b4d3dd\"},\"headline\":\"Comunidade Kids leva divers\u00e3o, lazer e servi\u00e7os neste s\u00e1bado (20)\",\"datePublished\":\"2025-12-20T04:00:15+00:00\",\"mainEntityOfPage\":{\"@id\":\"https:\\\/\\\/www.notibras.com\\\/site\\\/comunidade-kids-leva-diversao-lazer-e-servicos-neste-sabado-20\\\/\"},\"wordCount\":301,\"publisher\":{\"@id\":\"https:\\\/\\\/www.notibras.com\\\/site\\\/#organization\"},\"image\":{\"@id\":\"https:\\\/\\\/www.notibras.com\\\/site\\\/comunidade-kids-leva-diversao-lazer-e-servicos-neste-sabado-20\\\/#primaryimage\"},\"thumbnailUrl\":\"https:\\\/\\\/www.notibras.com\\\/site\\\/wp-content\\\/uploads\\\/2025\\\/12\\\/IMG_2202.jpg\",\"articleSection\":[\"Quadradinho em Foco\"],\"inLanguage\":\"pt-BR\"},{\"@type\":\"WebPage\",\"@id\":\"https:\\\/\\\/www.notibras.com\\\/site\\\/comunidade-kids-leva-diversao-lazer-e-servicos-neste-sabado-20\\\/\",\"url\":\"https:\\\/\\\/www.notibras.com\\\/site\\\/comunidade-kids-leva-diversao-lazer-e-servicos-neste-sabado-20\\\/\",\"name\":\"Comunidade Kids leva divers\u00e3o, lazer e servi\u00e7os neste s\u00e1bado (20) - Notibras\",\"isPartOf\":{\"@id\":\"https:\\\/\\\/www.notibras.com\\\/site\\\/#website\"},\"primaryImageOfPage\":{\"@id\":\"https:\\\/\\\/www.notibras.com\\\/site\\\/comunidade-kids-leva-diversao-lazer-e-servicos-neste-sabado-20\\\/#primaryimage\"},\"image\":{\"@id\":\"https:\\\/\\\/www.notibras.com\\\/site\\\/comunidade-kids-leva-diversao-lazer-e-servicos-neste-sabado-20\\\/#primaryimage\"},\"thumbnailUrl\":\"https:\\\/\\\/www.notibras.com\\\/site\\\/wp-content\\\/uploads\\\/2025\\\/12\\\/IMG_2202.jpg\",\"datePublished\":\"2025-12-20T04:00:15+00:00\",\"breadcrumb\":{\"@id\":\"https:\\\/\\\/www.notibras.com\\\/site\\\/comunidade-kids-leva-diversao-lazer-e-servicos-neste-sabado-20\\\/#breadcrumb\"},\"inLanguage\":\"pt-BR\",\"potentialAction\":[{\"@type\":\"ReadAction\",\"target\":[\"https:\\\/\\\/www.notibras.com\\\/site\\\/comunidade-kids-leva-diversao-lazer-e-servicos-neste-sabado-20\\\/\"]}]},{\"@type\":\"ImageObject\",\"inLanguage\":\"pt-BR\",\"@id\":\"https:\\\/\\\/www.notibras.com\\\/site\\\/comunidade-kids-leva-diversao-lazer-e-servicos-neste-sabado-20\\\/#primaryimage\",\"url\":\"https:\\\/\\\/www.notibras.com\\\/site\\\/wp-content\\\/uploads\\\/2025\\\/12\\\/IMG_2202.jpg\",\"contentUrl\":\"https:\\\/\\\/www.notibras.com\\\/site\\\/wp-content\\\/uploads\\\/2025\\\/12\\\/IMG_2202.jpg\",\"width\":1616,\"height\":1080},{\"@type\":\"BreadcrumbList\",\"@id\":\"https:\\\/\\\/www.notibras.com\\\/site\\\/comunidade-kids-leva-diversao-lazer-e-servicos-neste-sabado-20\\\/#breadcrumb\",\"itemListElement\":[{\"@type\":\"ListItem\",\"position\":1,\"name\":\"In\u00edcio\",\"item\":\"https:\\\/\\\/www.notibras.com\\\/site\\\/\"},{\"@type\":\"ListItem\",\"position\":2,\"name\":\"Comunidade Kids leva divers\u00e3o, lazer e servi\u00e7os neste s\u00e1bado (20)\"}]},{\"@type\":\"WebSite\",\"@id\":\"https:\\\/\\\/www.notibras.com\\\/site\\\/#website\",\"url\":\"https:\\\/\\\/www.notibras.com\\\/site\\\/\",\"name\":\"Notibras\",\"description\":\"Not\u00edcias de Bras\u00edlia, do Brasil e do Mundo\",\"publisher\":{\"@id\":\"https:\\\/\\\/www.notibras.com\\\/site\\\/#organization\"},\"potentialAction\":[{\"@type\":\"SearchAction\",\"target\":{\"@type\":\"EntryPoint\",\"urlTemplate\":\"https:\\\/\\\/www.notibras.com\\\/site\\\/?s={search_term_string}\"},\"query-input\":{\"@type\":\"PropertyValueSpecification\",\"valueRequired\":true,\"valueName\":\"search_term_string\"}}],\"inLanguage\":\"pt-BR\"},{\"@type\":\"Organization\",\"@id\":\"https:\\\/\\\/www.notibras.com\\\/site\\\/#organization\",\"name\":\"Grupo Notibras de Comunica\u00e7\u00e3o\",\"url\":\"https:\\\/\\\/www.notibras.com\\\/site\\\/\",\"logo\":{\"@type\":\"ImageObject\",\"inLanguage\":\"pt-BR\",\"@id\":\"https:\\\/\\\/www.notibras.com\\\/site\\\/#\\\/schema\\\/logo\\\/image\\\/\",\"url\":\"https:\\\/\\\/www.notibras.com\\\/site\\\/wp-content\\\/uploads\\\/2023\\\/01\\\/notibras23.png\",\"contentUrl\":\"https:\\\/\\\/www.notibras.com\\\/site\\\/wp-content\\\/uploads\\\/2023\\\/01\\\/notibras23.png\",\"width\":350,\"height\":87,\"caption\":\"Grupo Notibras de Comunica\u00e7\u00e3o\"},\"image\":{\"@id\":\"https:\\\/\\\/www.notibras.com\\\/site\\\/#\\\/schema\\\/logo\\\/image\\\/\"},\"sameAs\":[\"https:\\\/\\\/www.facebook.com\\\/notibras\\\/\",\"https:\\\/\\\/x.com\\\/Notibras\",\"https:\\\/\\\/www.instagram.com\\\/notibras\\\/\"]},{\"@type\":\"Person\",\"@id\":\"https:\\\/\\\/www.notibras.com\\\/site\\\/#\\\/schema\\\/person\\\/5b7fabf2aedc3ada2105f03b22b4d3dd\",\"name\":\"Eduardo Mart\u00ednez\",\"image\":{\"@type\":\"ImageObject\",\"inLanguage\":\"pt-BR\",\"@id\":\"https:\\\/\\\/secure.gravatar.com\\\/avatar\\\/7902f906289926289cbcda644b5197c796b893c6ffd7b9a536a42d290f7704a0?s=96&d=mm&r=g\",\"url\":\"https:\\\/\\\/secure.gravatar.com\\\/avatar\\\/7902f906289926289cbcda644b5197c796b893c6ffd7b9a536a42d290f7704a0?s=96&d=mm&r=g\",\"contentUrl\":\"https:\\\/\\\/secure.gravatar.com\\\/avatar\\\/7902f906289926289cbcda644b5197c796b893c6ffd7b9a536a42d290f7704a0?s=96&d=mm&r=g\",\"caption\":\"Eduardo Mart\u00ednez\"}}]}<\/script>\n<!-- \/ Yoast SEO plugin. -->","yoast_head_json":{"title":"Comunidade Kids leva divers\u00e3o, lazer e servi\u00e7os neste s\u00e1bado (20) - Notibras","robots":{"index":"index","follow":"follow","max-snippet":"max-snippet:-1","max-image-preview":"max-image-preview:large","max-video-preview":"max-video-preview:-1"},"canonical":"https:\/\/www.notibras.com\/site\/comunidade-kids-leva-diversao-lazer-e-servicos-neste-sabado-20\/","og_locale":"pt_BR","og_type":"article","og_title":"Comunidade Kids leva divers\u00e3o, lazer e servi\u00e7os neste s\u00e1bado (20) - Notibras","og_description":"A Secretaria de Atendimento \u00e0 Comunidade do Distrito Federal (Seac-DF) realiza neste s\u00e1bado (20) mais uma edi\u00e7\u00e3o da A\u00e7\u00e3o Comunidade Kids, desta vez em Arniqueira. O evento ser\u00e1 das 9h \u00e0s 13h, na QS 8 do Parque Ecol\u00f3gico do Areal, e promete uma manh\u00e3 de alegria, lazer e cuidado para as crian\u00e7as e suas fam\u00edlias. [&hellip;]","og_url":"https:\/\/www.notibras.com\/site\/comunidade-kids-leva-diversao-lazer-e-servicos-neste-sabado-20\/","og_site_name":"Notibras","article_publisher":"https:\/\/www.facebook.com\/notibras\/","article_published_time":"2025-12-20T04:00:15+00:00","og_image":[{"width":1616,"height":1080,"url":"https:\/\/www.notibras.com\/site\/wp-content\/uploads\/2025\/12\/IMG_2202.jpg","type":"image\/jpeg"}],"author":"Eduardo Mart\u00ednez","twitter_card":"summary_large_image","twitter_creator":"@Notibras","twitter_site":"@Notibras","twitter_misc":{"Escrito por":"Eduardo Mart\u00ednez","Est. tempo de leitura":"2 minutos"},"schema":{"@context":"https:\/\/schema.org","@graph":[{"@type":"Article","@id":"https:\/\/www.notibras.com\/site\/comunidade-kids-leva-diversao-lazer-e-servicos-neste-sabado-20\/#article","isPartOf":{"@id":"https:\/\/www.notibras.com\/site\/comunidade-kids-leva-diversao-lazer-e-servicos-neste-sabado-20\/"},"author":{"name":"Eduardo Mart\u00ednez","@id":"https:\/\/www.notibras.com\/site\/#\/schema\/person\/5b7fabf2aedc3ada2105f03b22b4d3dd"},"headline":"Comunidade Kids leva divers\u00e3o, lazer e servi\u00e7os neste s\u00e1bado (20)","datePublished":"2025-12-20T04:00:15+00:00","mainEntityOfPage":{"@id":"https:\/\/www.notibras.com\/site\/comunidade-kids-leva-diversao-lazer-e-servicos-neste-sabado-20\/"},"wordCount":301,"publisher":{"@id":"https:\/\/www.notibras.com\/site\/#organization"},"image":{"@id":"https:\/\/www.notibras.com\/site\/comunidade-kids-leva-diversao-lazer-e-servicos-neste-sabado-20\/#primaryimage"},"thumbnailUrl":"https:\/\/www.notibras.com\/site\/wp-content\/uploads\/2025\/12\/IMG_2202.jpg","articleSection":["Quadradinho em Foco"],"inLanguage":"pt-BR"},{"@type":"WebPage","@id":"https:\/\/www.notibras.com\/site\/comunidade-kids-leva-diversao-lazer-e-servicos-neste-sabado-20\/","url":"https:\/\/www.notibras.com\/site\/comunidade-kids-leva-diversao-lazer-e-servicos-neste-sabado-20\/","name":"Comunidade Kids leva divers\u00e3o, lazer e servi\u00e7os neste s\u00e1bado (20) - Notibras","isPartOf":{"@id":"https:\/\/www.notibras.com\/site\/#website"},"primaryImageOfPage":{"@id":"https:\/\/www.notibras.com\/site\/comunidade-kids-leva-diversao-lazer-e-servicos-neste-sabado-20\/#primaryimage"},"image":{"@id":"https:\/\/www.notibras.com\/site\/comunidade-kids-leva-diversao-lazer-e-servicos-neste-sabado-20\/#primaryimage"},"thumbnailUrl":"https:\/\/www.notibras.com\/site\/wp-content\/uploads\/2025\/12\/IMG_2202.jpg","datePublished":"2025-12-20T04:00:15+00:00","breadcrumb":{"@id":"https:\/\/www.notibras.com\/site\/comunidade-kids-leva-diversao-lazer-e-servicos-neste-sabado-20\/#breadcrumb"},"inLanguage":"pt-BR","potentialAction":[{"@type":"ReadAction","target":["https:\/\/www.notibras.com\/site\/comunidade-kids-leva-diversao-lazer-e-servicos-neste-sabado-20\/"]}]},{"@type":"ImageObject","inLanguage":"pt-BR","@id":"https:\/\/www.notibras.com\/site\/comunidade-kids-leva-diversao-lazer-e-servicos-neste-sabado-20\/#primaryimage","url":"https:\/\/www.notibras.com\/site\/wp-content\/uploads\/2025\/12\/IMG_2202.jpg","contentUrl":"https:\/\/www.notibras.com\/site\/wp-content\/uploads\/2025\/12\/IMG_2202.jpg","width":1616,"height":1080},{"@type":"BreadcrumbList","@id":"https:\/\/www.notibras.com\/site\/comunidade-kids-leva-diversao-lazer-e-servicos-neste-sabado-20\/#breadcrumb","itemListElement":[{"@type":"ListItem","position":1,"name":"In\u00edcio","item":"https:\/\/www.notibras.com\/site\/"},{"@type":"ListItem","position":2,"name":"Comunidade Kids leva divers\u00e3o, lazer e servi\u00e7os neste s\u00e1bado (20)"}]},{"@type":"WebSite","@id":"https:\/\/www.notibras.com\/site\/#website","url":"https:\/\/www.notibras.com\/site\/","name":"Notibras","description":"Not\u00edcias de Bras\u00edlia, do Brasil e do Mundo","publisher":{"@id":"https:\/\/www.notibras.com\/site\/#organization"},"potentialAction":[{"@type":"SearchAction","target":{"@type":"EntryPoint","urlTemplate":"https:\/\/www.notibras.com\/site\/?s={search_term_string}"},"query-input":{"@type":"PropertyValueSpecification","valueRequired":true,"valueName":"search_term_string"}}],"inLanguage":"pt-BR"},{"@type":"Organization","@id":"https:\/\/www.notibras.com\/site\/#organization","name":"Grupo Notibras de Comunica\u00e7\u00e3o","url":"https:\/\/www.notibras.com\/site\/","logo":{"@type":"ImageObject","inLanguage":"pt-BR","@id":"https:\/\/www.notibras.com\/site\/#\/schema\/logo\/image\/","url":"https:\/\/www.notibras.com\/site\/wp-content\/uploads\/2023\/01\/notibras23.png","contentUrl":"https:\/\/www.notibras.com\/site\/wp-content\/uploads\/2023\/01\/notibras23.png","width":350,"height":87,"caption":"Grupo Notibras de Comunica\u00e7\u00e3o"},"image":{"@id":"https:\/\/www.notibras.com\/site\/#\/schema\/logo\/image\/"},"sameAs":["https:\/\/www.facebook.com\/notibras\/","https:\/\/x.com\/Notibras","https:\/\/www.instagram.com\/notibras\/"]},{"@type":"Person","@id":"https:\/\/www.notibras.com\/site\/#\/schema\/person\/5b7fabf2aedc3ada2105f03b22b4d3dd","name":"Eduardo Mart\u00ednez","image":{"@type":"ImageObject","inLanguage":"pt-BR","@id":"https:\/\/secure.gravatar.com\/avatar\/7902f906289926289cbcda644b5197c796b893c6ffd7b9a536a42d290f7704a0?s=96&d=mm&r=g","url":"https:\/\/secure.gravatar.com\/avatar\/7902f906289926289cbcda644b5197c796b893c6ffd7b9a536a42d290f7704a0?s=96&d=mm&r=g","contentUrl":"https:\/\/secure.gravatar.com\/avatar\/7902f906289926289cbcda644b5197c796b893c6ffd7b9a536a42d290f7704a0?s=96&d=mm&r=g","caption":"Eduardo Mart\u00ednez"}}]}},"amp_enabled":true,"_links":{"self":[{"href":"https:\/\/www.notibras.com\/site\/wp-json\/wp\/v2\/posts\/375546","targetHints":{"allow":["GET"]}}],"collection":[{"href":"https:\/\/www.notibras.com\/site\/wp-json\/wp\/v2\/posts"}],"about":[{"href":"https:\/\/www.notibras.com\/site\/wp-json\/wp\/v2\/types\/post"}],"author":[{"embeddable":true,"href":"https:\/\/www.notibras.com\/site\/wp-json\/wp\/v2\/users\/21"}],"replies":[{"embeddable":true,"href":"https:\/\/www.notibras.com\/site\/wp-json\/wp\/v2\/comments?post=375546"}],"version-history":[{"count":3,"href":"https:\/\/www.notibras.com\/site\/wp-json\/wp\/v2\/posts\/375546\/revisions"}],"predecessor-version":[{"id":375550,"href":"https:\/\/www.notibras.com\/site\/wp-json\/wp\/v2\/posts\/375546\/revisions\/375550"}],"wp:featuredmedia":[{"embeddable":true,"href":"https:\/\/www.notibras.com\/site\/wp-json\/wp\/v2\/media\/375547"}],"wp:attachment":[{"href":"https:\/\/www.notibras.com\/site\/wp-json\/wp\/v2\/media?parent=375546"}],"wp:term":[{"taxonomy":"category","embeddable":true,"href":"https:\/\/www.notibras.com\/site\/wp-json\/wp\/v2\/categories?post=375546"},{"taxonomy":"post_tag","embeddable":true,"href":"https:\/\/www.notibras.com\/site\/wp-json\/wp\/v2\/tags?post=375546"}],"curies":[{"name":"wp","href":"https:\/\/api.w.org\/{rel}","templated":true}]}}