{"id":375552,"date":"2025-12-20T01:15:41","date_gmt":"2025-12-20T04:15:41","guid":{"rendered":"https:\/\/www.notibras.com\/site\/?p=375552"},"modified":"2025-12-19T22:43:01","modified_gmt":"2025-12-20T01:43:01","slug":"instituto-de-pesquisas-tecnologicas-consolida-presenca-em-redes-eletricas","status":"publish","type":"post","link":"https:\/\/www.notibras.com\/site\/instituto-de-pesquisas-tecnologicas-consolida-presenca-em-redes-eletricas\/","title":{"rendered":"Instituto de Pesquisas Tecnol\u00f3gicas consolida presen\u00e7a em redes el\u00e9tricas"},"content":{"rendered":"<p>A implanta\u00e7\u00e3o da unidade do Instituto de Pesquisas Tecnol\u00f3gicas (IPT) em Bras\u00edlia foi aprovada em reuni\u00e3o do Conselho de Administra\u00e7\u00e3o do IPT, com in\u00edcio previsto para janeiro de 2026, e marca um movimento estrat\u00e9gico para ampliar a atua\u00e7\u00e3o institucional junto ao Governo do Distrito Federal (GDF), ao Governo Federal, a ag\u00eancias reguladoras, empresas e ao ecossistema local e nacional de ci\u00eancia, tecnologia e inova\u00e7\u00e3o.<\/p>\n<p>A unidade inicia suas atividades com um contrato ativo j\u00e1 em execu\u00e7\u00e3o, voltado \u00e0 realiza\u00e7\u00e3o de pesquisa, desenvolvimento e inova\u00e7\u00e3o (P,D&amp;I) com intelig\u00eancia artificial (IA) aplicada em redes el\u00e9tricas. A iniciativa envolve solu\u00e7\u00f5es tecnol\u00f3gicas avan\u00e7adas para essa infraestrutura cr\u00edtica, com foco em seguran\u00e7a operacional, efici\u00eancia energ\u00e9tica, an\u00e1lise de dados e sistemas inteligentes aplicados ao setor el\u00e9trico.<\/p>\n<p>A presen\u00e7a do IPT em Bras\u00edlia representa um movimento estrat\u00e9gico para fortalecer conex\u00f5es com o setor p\u00fablico, ampliar o di\u00e1logo com formuladores de pol\u00edticas p\u00fablicas e consolidar parcerias na regi\u00e3o Centro-Oeste. A unidade atua como um escrit\u00f3rio de neg\u00f3cios, articula\u00e7\u00e3o institucional e prospec\u00e7\u00e3o tecnol\u00f3gica, aproximando as compet\u00eancias t\u00e9cnicas e laboratoriais do IPT das demandas nacionais e regionais.<\/p>\n<p>Nesse contexto, destaca-se a atua\u00e7\u00e3o do instituto junto ao Biotic Parque Tecnol\u00f3gico de Bras\u00edlia, onde a unidade do IPT est\u00e1 localizada fisicamente. Esse ambiente estrat\u00e9gico de inova\u00e7\u00e3o conecta empresas, governo, academia e centros de pesquisa. Essa articula\u00e7\u00e3o fortalece a inser\u00e7\u00e3o do instituto no ecossistema local de tecnologia e inova\u00e7\u00e3o, ampliando oportunidades de coopera\u00e7\u00e3o em projetos estruturantes e de alto impacto tecnol\u00f3gico.<\/p>\n<p>A unidade de Bras\u00edlia tamb\u00e9m refor\u00e7a a coopera\u00e7\u00e3o com o Governo do Distrito Federal e com institui\u00e7\u00f5es de fomento \u00e0 pesquisa, como a Funda\u00e7\u00e3o de Apoio \u00e0 Pesquisa do Distrito Federal (FAPDF), contribuindo para a consolida\u00e7\u00e3o de um ambiente favor\u00e1vel ao desenvolvimento cient\u00edfico, tecnol\u00f3gico e \u00e0 inova\u00e7\u00e3o aplicada.<\/p>\n<p>Com essa iniciativa, o IPT reafirma seu papel como institui\u00e7\u00e3o p\u00fablica de ci\u00eancia e tecnologia voltada \u00e0 pesquisa aplicada, \u00e0 inova\u00e7\u00e3o e \u00e0 transfer\u00eancia de conhecimento, conectando sua expertise t\u00e9cnica e laboratorial aos centros de decis\u00e3o, \u00e0s pol\u00edticas p\u00fablicas e \u00e0s estrat\u00e9gias de desenvolvimento sustent\u00e1vel do pa\u00eds.<\/p>\n","protected":false},"excerpt":{"rendered":"<p>A implanta\u00e7\u00e3o da unidade do Instituto de Pesquisas Tecnol\u00f3gicas (IPT) em Bras\u00edlia foi aprovada em reuni\u00e3o do Conselho de Administra\u00e7\u00e3o do IPT, com in\u00edcio previsto para janeiro de 2026, e marca um movimento estrat\u00e9gico para ampliar a atua\u00e7\u00e3o institucional junto ao Governo do Distrito Federal (GDF), ao Governo Federal, a ag\u00eancias reguladoras, empresas e ao [&hellip;]<\/p>\n","protected":false},"author":21,"featured_media":375553,"comment_status":"closed","ping_status":"closed","sticky":false,"template":"","format":"standard","meta":{"_acf_changed":false,"footnotes":""},"categories":[161],"tags":[],"class_list":["post-375552","post","type-post","status-publish","format-standard","has-post-thumbnail","hentry","category-quadradinho-em-foco"],"acf":[],"yoast_head":"<!-- This site is optimized with the Yoast SEO plugin v27.5 - https:\/\/yoast.com\/product\/yoast-seo-wordpress\/ -->\n<title>Instituto de Pesquisas Tecnol\u00f3gicas consolida presen\u00e7a em redes el\u00e9tricas - Notibras<\/title>\n<meta name=\"robots\" content=\"index, follow, max-snippet:-1, max-image-preview:large, max-video-preview:-1\" \/>\n<link rel=\"canonical\" href=\"https:\/\/www.notibras.com\/site\/instituto-de-pesquisas-tecnologicas-consolida-presenca-em-redes-eletricas\/\" \/>\n<meta property=\"og:locale\" content=\"pt_BR\" \/>\n<meta property=\"og:type\" content=\"article\" \/>\n<meta property=\"og:title\" content=\"Instituto de Pesquisas Tecnol\u00f3gicas consolida presen\u00e7a em redes el\u00e9tricas - Notibras\" \/>\n<meta property=\"og:description\" content=\"A implanta\u00e7\u00e3o da unidade do Instituto de Pesquisas Tecnol\u00f3gicas (IPT) em Bras\u00edlia foi aprovada em reuni\u00e3o do Conselho de Administra\u00e7\u00e3o do IPT, com in\u00edcio previsto para janeiro de 2026, e marca um movimento estrat\u00e9gico para ampliar a atua\u00e7\u00e3o institucional junto ao Governo do Distrito Federal (GDF), ao Governo Federal, a ag\u00eancias reguladoras, empresas e ao [&hellip;]\" \/>\n<meta property=\"og:url\" content=\"https:\/\/www.notibras.com\/site\/instituto-de-pesquisas-tecnologicas-consolida-presenca-em-redes-eletricas\/\" \/>\n<meta property=\"og:site_name\" content=\"Notibras\" \/>\n<meta property=\"article:publisher\" content=\"https:\/\/www.facebook.com\/notibras\/\" \/>\n<meta property=\"article:published_time\" content=\"2025-12-20T04:15:41+00:00\" \/>\n<meta property=\"og:image\" content=\"https:\/\/www.notibras.com\/site\/wp-content\/uploads\/2025\/12\/51162644805_171f47df37_o-2-scaled.jpg\" \/>\n\t<meta property=\"og:image:width\" content=\"2560\" \/>\n\t<meta property=\"og:image:height\" content=\"1685\" \/>\n\t<meta property=\"og:image:type\" content=\"image\/jpeg\" \/>\n<meta name=\"author\" content=\"Eduardo Mart\u00ednez\" \/>\n<meta name=\"twitter:card\" content=\"summary_large_image\" \/>\n<meta name=\"twitter:creator\" content=\"@Notibras\" \/>\n<meta name=\"twitter:site\" content=\"@Notibras\" \/>\n<meta name=\"twitter:label1\" content=\"Escrito por\" \/>\n\t<meta name=\"twitter:data1\" content=\"Eduardo Mart\u00ednez\" \/>\n\t<meta name=\"twitter:label2\" content=\"Est. tempo de leitura\" \/>\n\t<meta name=\"twitter:data2\" content=\"3 minutos\" \/>\n<script type=\"application\/ld+json\" class=\"yoast-schema-graph\">{\"@context\":\"https:\\\/\\\/schema.org\",\"@graph\":[{\"@type\":\"Article\",\"@id\":\"https:\\\/\\\/www.notibras.com\\\/site\\\/instituto-de-pesquisas-tecnologicas-consolida-presenca-em-redes-eletricas\\\/#article\",\"isPartOf\":{\"@id\":\"https:\\\/\\\/www.notibras.com\\\/site\\\/instituto-de-pesquisas-tecnologicas-consolida-presenca-em-redes-eletricas\\\/\"},\"author\":{\"name\":\"Eduardo Mart\u00ednez\",\"@id\":\"https:\\\/\\\/www.notibras.com\\\/site\\\/#\\\/schema\\\/person\\\/5b7fabf2aedc3ada2105f03b22b4d3dd\"},\"headline\":\"Instituto de Pesquisas Tecnol\u00f3gicas consolida presen\u00e7a em redes el\u00e9tricas\",\"datePublished\":\"2025-12-20T04:15:41+00:00\",\"mainEntityOfPage\":{\"@id\":\"https:\\\/\\\/www.notibras.com\\\/site\\\/instituto-de-pesquisas-tecnologicas-consolida-presenca-em-redes-eletricas\\\/\"},\"wordCount\":414,\"publisher\":{\"@id\":\"https:\\\/\\\/www.notibras.com\\\/site\\\/#organization\"},\"image\":{\"@id\":\"https:\\\/\\\/www.notibras.com\\\/site\\\/instituto-de-pesquisas-tecnologicas-consolida-presenca-em-redes-eletricas\\\/#primaryimage\"},\"thumbnailUrl\":\"https:\\\/\\\/www.notibras.com\\\/site\\\/wp-content\\\/uploads\\\/2025\\\/12\\\/51162644805_171f47df37_o-2-scaled.jpg\",\"articleSection\":[\"Quadradinho em Foco\"],\"inLanguage\":\"pt-BR\"},{\"@type\":\"WebPage\",\"@id\":\"https:\\\/\\\/www.notibras.com\\\/site\\\/instituto-de-pesquisas-tecnologicas-consolida-presenca-em-redes-eletricas\\\/\",\"url\":\"https:\\\/\\\/www.notibras.com\\\/site\\\/instituto-de-pesquisas-tecnologicas-consolida-presenca-em-redes-eletricas\\\/\",\"name\":\"Instituto de Pesquisas Tecnol\u00f3gicas consolida presen\u00e7a em redes el\u00e9tricas - Notibras\",\"isPartOf\":{\"@id\":\"https:\\\/\\\/www.notibras.com\\\/site\\\/#website\"},\"primaryImageOfPage\":{\"@id\":\"https:\\\/\\\/www.notibras.com\\\/site\\\/instituto-de-pesquisas-tecnologicas-consolida-presenca-em-redes-eletricas\\\/#primaryimage\"},\"image\":{\"@id\":\"https:\\\/\\\/www.notibras.com\\\/site\\\/instituto-de-pesquisas-tecnologicas-consolida-presenca-em-redes-eletricas\\\/#primaryimage\"},\"thumbnailUrl\":\"https:\\\/\\\/www.notibras.com\\\/site\\\/wp-content\\\/uploads\\\/2025\\\/12\\\/51162644805_171f47df37_o-2-scaled.jpg\",\"datePublished\":\"2025-12-20T04:15:41+00:00\",\"breadcrumb\":{\"@id\":\"https:\\\/\\\/www.notibras.com\\\/site\\\/instituto-de-pesquisas-tecnologicas-consolida-presenca-em-redes-eletricas\\\/#breadcrumb\"},\"inLanguage\":\"pt-BR\",\"potentialAction\":[{\"@type\":\"ReadAction\",\"target\":[\"https:\\\/\\\/www.notibras.com\\\/site\\\/instituto-de-pesquisas-tecnologicas-consolida-presenca-em-redes-eletricas\\\/\"]}]},{\"@type\":\"ImageObject\",\"inLanguage\":\"pt-BR\",\"@id\":\"https:\\\/\\\/www.notibras.com\\\/site\\\/instituto-de-pesquisas-tecnologicas-consolida-presenca-em-redes-eletricas\\\/#primaryimage\",\"url\":\"https:\\\/\\\/www.notibras.com\\\/site\\\/wp-content\\\/uploads\\\/2025\\\/12\\\/51162644805_171f47df37_o-2-scaled.jpg\",\"contentUrl\":\"https:\\\/\\\/www.notibras.com\\\/site\\\/wp-content\\\/uploads\\\/2025\\\/12\\\/51162644805_171f47df37_o-2-scaled.jpg\",\"width\":2560,\"height\":1685},{\"@type\":\"BreadcrumbList\",\"@id\":\"https:\\\/\\\/www.notibras.com\\\/site\\\/instituto-de-pesquisas-tecnologicas-consolida-presenca-em-redes-eletricas\\\/#breadcrumb\",\"itemListElement\":[{\"@type\":\"ListItem\",\"position\":1,\"name\":\"In\u00edcio\",\"item\":\"https:\\\/\\\/www.notibras.com\\\/site\\\/\"},{\"@type\":\"ListItem\",\"position\":2,\"name\":\"Instituto de Pesquisas Tecnol\u00f3gicas consolida presen\u00e7a em redes el\u00e9tricas\"}]},{\"@type\":\"WebSite\",\"@id\":\"https:\\\/\\\/www.notibras.com\\\/site\\\/#website\",\"url\":\"https:\\\/\\\/www.notibras.com\\\/site\\\/\",\"name\":\"Notibras\",\"description\":\"Not\u00edcias de Bras\u00edlia, do Brasil e do Mundo\",\"publisher\":{\"@id\":\"https:\\\/\\\/www.notibras.com\\\/site\\\/#organization\"},\"potentialAction\":[{\"@type\":\"SearchAction\",\"target\":{\"@type\":\"EntryPoint\",\"urlTemplate\":\"https:\\\/\\\/www.notibras.com\\\/site\\\/?s={search_term_string}\"},\"query-input\":{\"@type\":\"PropertyValueSpecification\",\"valueRequired\":true,\"valueName\":\"search_term_string\"}}],\"inLanguage\":\"pt-BR\"},{\"@type\":\"Organization\",\"@id\":\"https:\\\/\\\/www.notibras.com\\\/site\\\/#organization\",\"name\":\"Grupo Notibras de Comunica\u00e7\u00e3o\",\"url\":\"https:\\\/\\\/www.notibras.com\\\/site\\\/\",\"logo\":{\"@type\":\"ImageObject\",\"inLanguage\":\"pt-BR\",\"@id\":\"https:\\\/\\\/www.notibras.com\\\/site\\\/#\\\/schema\\\/logo\\\/image\\\/\",\"url\":\"https:\\\/\\\/www.notibras.com\\\/site\\\/wp-content\\\/uploads\\\/2023\\\/01\\\/notibras23.png\",\"contentUrl\":\"https:\\\/\\\/www.notibras.com\\\/site\\\/wp-content\\\/uploads\\\/2023\\\/01\\\/notibras23.png\",\"width\":350,\"height\":87,\"caption\":\"Grupo Notibras de Comunica\u00e7\u00e3o\"},\"image\":{\"@id\":\"https:\\\/\\\/www.notibras.com\\\/site\\\/#\\\/schema\\\/logo\\\/image\\\/\"},\"sameAs\":[\"https:\\\/\\\/www.facebook.com\\\/notibras\\\/\",\"https:\\\/\\\/x.com\\\/Notibras\",\"https:\\\/\\\/www.instagram.com\\\/notibras\\\/\"]},{\"@type\":\"Person\",\"@id\":\"https:\\\/\\\/www.notibras.com\\\/site\\\/#\\\/schema\\\/person\\\/5b7fabf2aedc3ada2105f03b22b4d3dd\",\"name\":\"Eduardo Mart\u00ednez\",\"image\":{\"@type\":\"ImageObject\",\"inLanguage\":\"pt-BR\",\"@id\":\"https:\\\/\\\/secure.gravatar.com\\\/avatar\\\/7902f906289926289cbcda644b5197c796b893c6ffd7b9a536a42d290f7704a0?s=96&d=mm&r=g\",\"url\":\"https:\\\/\\\/secure.gravatar.com\\\/avatar\\\/7902f906289926289cbcda644b5197c796b893c6ffd7b9a536a42d290f7704a0?s=96&d=mm&r=g\",\"contentUrl\":\"https:\\\/\\\/secure.gravatar.com\\\/avatar\\\/7902f906289926289cbcda644b5197c796b893c6ffd7b9a536a42d290f7704a0?s=96&d=mm&r=g\",\"caption\":\"Eduardo Mart\u00ednez\"}}]}<\/script>\n<!-- \/ Yoast SEO plugin. -->","yoast_head_json":{"title":"Instituto de Pesquisas Tecnol\u00f3gicas consolida presen\u00e7a em redes el\u00e9tricas - Notibras","robots":{"index":"index","follow":"follow","max-snippet":"max-snippet:-1","max-image-preview":"max-image-preview:large","max-video-preview":"max-video-preview:-1"},"canonical":"https:\/\/www.notibras.com\/site\/instituto-de-pesquisas-tecnologicas-consolida-presenca-em-redes-eletricas\/","og_locale":"pt_BR","og_type":"article","og_title":"Instituto de Pesquisas Tecnol\u00f3gicas consolida presen\u00e7a em redes el\u00e9tricas - Notibras","og_description":"A implanta\u00e7\u00e3o da unidade do Instituto de Pesquisas Tecnol\u00f3gicas (IPT) em Bras\u00edlia foi aprovada em reuni\u00e3o do Conselho de Administra\u00e7\u00e3o do IPT, com in\u00edcio previsto para janeiro de 2026, e marca um movimento estrat\u00e9gico para ampliar a atua\u00e7\u00e3o institucional junto ao Governo do Distrito Federal (GDF), ao Governo Federal, a ag\u00eancias reguladoras, empresas e ao [&hellip;]","og_url":"https:\/\/www.notibras.com\/site\/instituto-de-pesquisas-tecnologicas-consolida-presenca-em-redes-eletricas\/","og_site_name":"Notibras","article_publisher":"https:\/\/www.facebook.com\/notibras\/","article_published_time":"2025-12-20T04:15:41+00:00","og_image":[{"width":2560,"height":1685,"url":"https:\/\/www.notibras.com\/site\/wp-content\/uploads\/2025\/12\/51162644805_171f47df37_o-2-scaled.jpg","type":"image\/jpeg"}],"author":"Eduardo Mart\u00ednez","twitter_card":"summary_large_image","twitter_creator":"@Notibras","twitter_site":"@Notibras","twitter_misc":{"Escrito por":"Eduardo Mart\u00ednez","Est. tempo de leitura":"3 minutos"},"schema":{"@context":"https:\/\/schema.org","@graph":[{"@type":"Article","@id":"https:\/\/www.notibras.com\/site\/instituto-de-pesquisas-tecnologicas-consolida-presenca-em-redes-eletricas\/#article","isPartOf":{"@id":"https:\/\/www.notibras.com\/site\/instituto-de-pesquisas-tecnologicas-consolida-presenca-em-redes-eletricas\/"},"author":{"name":"Eduardo Mart\u00ednez","@id":"https:\/\/www.notibras.com\/site\/#\/schema\/person\/5b7fabf2aedc3ada2105f03b22b4d3dd"},"headline":"Instituto de Pesquisas Tecnol\u00f3gicas consolida presen\u00e7a em redes el\u00e9tricas","datePublished":"2025-12-20T04:15:41+00:00","mainEntityOfPage":{"@id":"https:\/\/www.notibras.com\/site\/instituto-de-pesquisas-tecnologicas-consolida-presenca-em-redes-eletricas\/"},"wordCount":414,"publisher":{"@id":"https:\/\/www.notibras.com\/site\/#organization"},"image":{"@id":"https:\/\/www.notibras.com\/site\/instituto-de-pesquisas-tecnologicas-consolida-presenca-em-redes-eletricas\/#primaryimage"},"thumbnailUrl":"https:\/\/www.notibras.com\/site\/wp-content\/uploads\/2025\/12\/51162644805_171f47df37_o-2-scaled.jpg","articleSection":["Quadradinho em Foco"],"inLanguage":"pt-BR"},{"@type":"WebPage","@id":"https:\/\/www.notibras.com\/site\/instituto-de-pesquisas-tecnologicas-consolida-presenca-em-redes-eletricas\/","url":"https:\/\/www.notibras.com\/site\/instituto-de-pesquisas-tecnologicas-consolida-presenca-em-redes-eletricas\/","name":"Instituto de Pesquisas Tecnol\u00f3gicas consolida presen\u00e7a em redes el\u00e9tricas - Notibras","isPartOf":{"@id":"https:\/\/www.notibras.com\/site\/#website"},"primaryImageOfPage":{"@id":"https:\/\/www.notibras.com\/site\/instituto-de-pesquisas-tecnologicas-consolida-presenca-em-redes-eletricas\/#primaryimage"},"image":{"@id":"https:\/\/www.notibras.com\/site\/instituto-de-pesquisas-tecnologicas-consolida-presenca-em-redes-eletricas\/#primaryimage"},"thumbnailUrl":"https:\/\/www.notibras.com\/site\/wp-content\/uploads\/2025\/12\/51162644805_171f47df37_o-2-scaled.jpg","datePublished":"2025-12-20T04:15:41+00:00","breadcrumb":{"@id":"https:\/\/www.notibras.com\/site\/instituto-de-pesquisas-tecnologicas-consolida-presenca-em-redes-eletricas\/#breadcrumb"},"inLanguage":"pt-BR","potentialAction":[{"@type":"ReadAction","target":["https:\/\/www.notibras.com\/site\/instituto-de-pesquisas-tecnologicas-consolida-presenca-em-redes-eletricas\/"]}]},{"@type":"ImageObject","inLanguage":"pt-BR","@id":"https:\/\/www.notibras.com\/site\/instituto-de-pesquisas-tecnologicas-consolida-presenca-em-redes-eletricas\/#primaryimage","url":"https:\/\/www.notibras.com\/site\/wp-content\/uploads\/2025\/12\/51162644805_171f47df37_o-2-scaled.jpg","contentUrl":"https:\/\/www.notibras.com\/site\/wp-content\/uploads\/2025\/12\/51162644805_171f47df37_o-2-scaled.jpg","width":2560,"height":1685},{"@type":"BreadcrumbList","@id":"https:\/\/www.notibras.com\/site\/instituto-de-pesquisas-tecnologicas-consolida-presenca-em-redes-eletricas\/#breadcrumb","itemListElement":[{"@type":"ListItem","position":1,"name":"In\u00edcio","item":"https:\/\/www.notibras.com\/site\/"},{"@type":"ListItem","position":2,"name":"Instituto de Pesquisas Tecnol\u00f3gicas consolida presen\u00e7a em redes el\u00e9tricas"}]},{"@type":"WebSite","@id":"https:\/\/www.notibras.com\/site\/#website","url":"https:\/\/www.notibras.com\/site\/","name":"Notibras","description":"Not\u00edcias de Bras\u00edlia, do Brasil e do Mundo","publisher":{"@id":"https:\/\/www.notibras.com\/site\/#organization"},"potentialAction":[{"@type":"SearchAction","target":{"@type":"EntryPoint","urlTemplate":"https:\/\/www.notibras.com\/site\/?s={search_term_string}"},"query-input":{"@type":"PropertyValueSpecification","valueRequired":true,"valueName":"search_term_string"}}],"inLanguage":"pt-BR"},{"@type":"Organization","@id":"https:\/\/www.notibras.com\/site\/#organization","name":"Grupo Notibras de Comunica\u00e7\u00e3o","url":"https:\/\/www.notibras.com\/site\/","logo":{"@type":"ImageObject","inLanguage":"pt-BR","@id":"https:\/\/www.notibras.com\/site\/#\/schema\/logo\/image\/","url":"https:\/\/www.notibras.com\/site\/wp-content\/uploads\/2023\/01\/notibras23.png","contentUrl":"https:\/\/www.notibras.com\/site\/wp-content\/uploads\/2023\/01\/notibras23.png","width":350,"height":87,"caption":"Grupo Notibras de Comunica\u00e7\u00e3o"},"image":{"@id":"https:\/\/www.notibras.com\/site\/#\/schema\/logo\/image\/"},"sameAs":["https:\/\/www.facebook.com\/notibras\/","https:\/\/x.com\/Notibras","https:\/\/www.instagram.com\/notibras\/"]},{"@type":"Person","@id":"https:\/\/www.notibras.com\/site\/#\/schema\/person\/5b7fabf2aedc3ada2105f03b22b4d3dd","name":"Eduardo Mart\u00ednez","image":{"@type":"ImageObject","inLanguage":"pt-BR","@id":"https:\/\/secure.gravatar.com\/avatar\/7902f906289926289cbcda644b5197c796b893c6ffd7b9a536a42d290f7704a0?s=96&d=mm&r=g","url":"https:\/\/secure.gravatar.com\/avatar\/7902f906289926289cbcda644b5197c796b893c6ffd7b9a536a42d290f7704a0?s=96&d=mm&r=g","contentUrl":"https:\/\/secure.gravatar.com\/avatar\/7902f906289926289cbcda644b5197c796b893c6ffd7b9a536a42d290f7704a0?s=96&d=mm&r=g","caption":"Eduardo Mart\u00ednez"}}]}},"amp_enabled":true,"_links":{"self":[{"href":"https:\/\/www.notibras.com\/site\/wp-json\/wp\/v2\/posts\/375552","targetHints":{"allow":["GET"]}}],"collection":[{"href":"https:\/\/www.notibras.com\/site\/wp-json\/wp\/v2\/posts"}],"about":[{"href":"https:\/\/www.notibras.com\/site\/wp-json\/wp\/v2\/types\/post"}],"author":[{"embeddable":true,"href":"https:\/\/www.notibras.com\/site\/wp-json\/wp\/v2\/users\/21"}],"replies":[{"embeddable":true,"href":"https:\/\/www.notibras.com\/site\/wp-json\/wp\/v2\/comments?post=375552"}],"version-history":[{"count":4,"href":"https:\/\/www.notibras.com\/site\/wp-json\/wp\/v2\/posts\/375552\/revisions"}],"predecessor-version":[{"id":375557,"href":"https:\/\/www.notibras.com\/site\/wp-json\/wp\/v2\/posts\/375552\/revisions\/375557"}],"wp:featuredmedia":[{"embeddable":true,"href":"https:\/\/www.notibras.com\/site\/wp-json\/wp\/v2\/media\/375553"}],"wp:attachment":[{"href":"https:\/\/www.notibras.com\/site\/wp-json\/wp\/v2\/media?parent=375552"}],"wp:term":[{"taxonomy":"category","embeddable":true,"href":"https:\/\/www.notibras.com\/site\/wp-json\/wp\/v2\/categories?post=375552"},{"taxonomy":"post_tag","embeddable":true,"href":"https:\/\/www.notibras.com\/site\/wp-json\/wp\/v2\/tags?post=375552"}],"curies":[{"name":"wp","href":"https:\/\/api.w.org\/{rel}","templated":true}]}}