{"id":375593,"date":"2025-12-26T02:15:22","date_gmt":"2025-12-26T05:15:22","guid":{"rendered":"https:\/\/www.notibras.com\/site\/?p=375593"},"modified":"2025-12-20T00:56:12","modified_gmt":"2025-12-20T03:56:12","slug":"quando-o-agora-vira-depois","status":"publish","type":"post","link":"https:\/\/www.notibras.com\/site\/quando-o-agora-vira-depois\/","title":{"rendered":"Quando o Agora Vira Depois"},"content":{"rendered":"<p>N\u00f3s nunca sabemos o valor de um momento enquanto ele acontece.<\/p>\n<p>O instante passa como coisa pequena, quase banal, misturado \u00e0 rotina, \u00e0s urg\u00eancias, \u00e0s distra\u00e7\u00f5es do dia. N\u00f3s estamos ali, vivendo, mas n\u00e3o exatamente percebendo. S\u00f3 depois, quando o tempo reorganiza tudo, \u00e9 que entendemos: aquilo era importante. Aquilo nos atravessava. Aquilo nos formava.<\/p>\n<p>O presente raramente se anuncia como decisivo.<\/p>\n<p>Ele n\u00e3o chega com placas, nem com trilha sonora. Ele chega simples: uma conversa qualquer, um sil\u00eancio compartilhado, uma caminhada sem destino, um riso que parece comum. N\u00f3s seguimos achando que haver\u00e1 outros iguais, que haver\u00e1 tempo, que aquilo pode se repetir. O erro n\u00e3o est\u00e1 em viver est\u00e1 em acreditar que o agora \u00e9 infinito.<\/p>\n<p>\u00c9 quando o momento vira mem\u00f3ria que ele ganha peso.<\/p>\n<p>Quando n\u00e3o podemos mais voltar, quando a pessoa mudou, quando a cidade ficou para tr\u00e1s, quando n\u00f3s j\u00e1 n\u00e3o somos as mesmas. A mem\u00f3ria n\u00e3o d\u00f3i porque o momento foi ruim; d\u00f3i porque foi real. Porque ali existia algo vivo, e n\u00f3s s\u00f3 percebemos sua dimens\u00e3o quando ele j\u00e1 se transformou em aus\u00eancia.<\/p>\n<p>H\u00e1 uma pedagogia silenciosa no tempo.<\/p>\n<p>Ele nos ensina que nada \u00e9 pequeno demais para ser definitivo. Que gestos simples constroem narrativas inteiras. Que descuidos cotidianos viram arrependimentos sofisticados. N\u00f3s aprendemos tarde que presen\u00e7a \u00e9 mais do que estar, \u00e9 perceber-se estando.<\/p>\n<p>Por isso, amadurecer tamb\u00e9m \u00e9 aprender a olhar diferente.<\/p>\n<p>N\u00e3o para romantizar tudo, mas para habitar melhor o que nos acontece. N\u00f3s n\u00e3o controlamos o futuro, mas podemos honrar o presente. Podemos escutar com mais aten\u00e7\u00e3o, amar com menos adiamento, dizer o que precisa ser dito enquanto ainda h\u00e1 algu\u00e9m para ouvir.<\/p>\n<p>E se algo precisa ficar como aprendizado coletivo, \u00e9 isto: n\u00f3s n\u00e3o precisamos transformar cada instante em eternidade, mas podemos reconhecer que ele \u00e9 \u00fanico. A vida continua quando entendemos que o agora \u00e9 fr\u00e1gil e exatamente por isso precioso. Porque toda mem\u00f3ria, antes de doer ou aquecer, foi apenas um momento em que n\u00f3s estivemos ali. Inteiras, mesmo sem saber.<\/p>\n","protected":false},"excerpt":{"rendered":"<p>N\u00f3s nunca sabemos o valor de um momento enquanto ele acontece. O instante passa como coisa pequena, quase banal, misturado \u00e0 rotina, \u00e0s urg\u00eancias, \u00e0s distra\u00e7\u00f5es do dia. N\u00f3s estamos ali, vivendo, mas n\u00e3o exatamente percebendo. S\u00f3 depois, quando o tempo reorganiza tudo, \u00e9 que entendemos: aquilo era importante. Aquilo nos atravessava. Aquilo nos formava. [&hellip;]<\/p>\n","protected":false},"author":21,"featured_media":375594,"comment_status":"closed","ping_status":"closed","sticky":false,"template":"","format":"standard","meta":{"_acf_changed":false,"footnotes":""},"categories":[236],"tags":[],"class_list":["post-375593","post","type-post","status-publish","format-standard","has-post-thumbnail","hentry","category-ponto-de-vista"],"acf":[],"yoast_head":"<!-- This site is optimized with the Yoast SEO plugin v27.5 - https:\/\/yoast.com\/product\/yoast-seo-wordpress\/ -->\n<title>Quando o Agora Vira Depois - Notibras<\/title>\n<meta name=\"robots\" content=\"index, follow, max-snippet:-1, max-image-preview:large, max-video-preview:-1\" \/>\n<link rel=\"canonical\" href=\"https:\/\/www.notibras.com\/site\/quando-o-agora-vira-depois\/\" \/>\n<meta property=\"og:locale\" content=\"pt_BR\" \/>\n<meta property=\"og:type\" content=\"article\" \/>\n<meta property=\"og:title\" content=\"Quando o Agora Vira Depois - Notibras\" \/>\n<meta property=\"og:description\" content=\"N\u00f3s nunca sabemos o valor de um momento enquanto ele acontece. O instante passa como coisa pequena, quase banal, misturado \u00e0 rotina, \u00e0s urg\u00eancias, \u00e0s distra\u00e7\u00f5es do dia. N\u00f3s estamos ali, vivendo, mas n\u00e3o exatamente percebendo. S\u00f3 depois, quando o tempo reorganiza tudo, \u00e9 que entendemos: aquilo era importante. Aquilo nos atravessava. Aquilo nos formava. [&hellip;]\" \/>\n<meta property=\"og:url\" content=\"https:\/\/www.notibras.com\/site\/quando-o-agora-vira-depois\/\" \/>\n<meta property=\"og:site_name\" content=\"Notibras\" \/>\n<meta property=\"article:publisher\" content=\"https:\/\/www.facebook.com\/notibras\/\" \/>\n<meta property=\"article:published_time\" content=\"2025-12-26T05:15:22+00:00\" \/>\n<meta property=\"og:image\" content=\"https:\/\/www.notibras.com\/site\/wp-content\/uploads\/2025\/12\/4ec46f3a-9573-4689-af4b-9edf9523b123.jpg\" \/>\n\t<meta property=\"og:image:width\" content=\"809\" \/>\n\t<meta property=\"og:image:height\" content=\"874\" \/>\n\t<meta property=\"og:image:type\" content=\"image\/jpeg\" \/>\n<meta name=\"author\" content=\"Eduardo Mart\u00ednez\" \/>\n<meta name=\"twitter:card\" content=\"summary_large_image\" \/>\n<meta name=\"twitter:creator\" content=\"@Notibras\" \/>\n<meta name=\"twitter:site\" content=\"@Notibras\" \/>\n<meta name=\"twitter:label1\" content=\"Escrito por\" \/>\n\t<meta name=\"twitter:data1\" content=\"Eduardo Mart\u00ednez\" \/>\n\t<meta name=\"twitter:label2\" content=\"Est. tempo de leitura\" \/>\n\t<meta name=\"twitter:data2\" content=\"3 minutos\" \/>\n<script type=\"application\/ld+json\" class=\"yoast-schema-graph\">{\"@context\":\"https:\\\/\\\/schema.org\",\"@graph\":[{\"@type\":\"Article\",\"@id\":\"https:\\\/\\\/www.notibras.com\\\/site\\\/quando-o-agora-vira-depois\\\/#article\",\"isPartOf\":{\"@id\":\"https:\\\/\\\/www.notibras.com\\\/site\\\/quando-o-agora-vira-depois\\\/\"},\"author\":{\"name\":\"Eduardo Mart\u00ednez\",\"@id\":\"https:\\\/\\\/www.notibras.com\\\/site\\\/#\\\/schema\\\/person\\\/5b7fabf2aedc3ada2105f03b22b4d3dd\"},\"headline\":\"Quando o Agora Vira Depois\",\"datePublished\":\"2025-12-26T05:15:22+00:00\",\"mainEntityOfPage\":{\"@id\":\"https:\\\/\\\/www.notibras.com\\\/site\\\/quando-o-agora-vira-depois\\\/\"},\"wordCount\":364,\"publisher\":{\"@id\":\"https:\\\/\\\/www.notibras.com\\\/site\\\/#organization\"},\"image\":{\"@id\":\"https:\\\/\\\/www.notibras.com\\\/site\\\/quando-o-agora-vira-depois\\\/#primaryimage\"},\"thumbnailUrl\":\"https:\\\/\\\/www.notibras.com\\\/site\\\/wp-content\\\/uploads\\\/2025\\\/12\\\/4ec46f3a-9573-4689-af4b-9edf9523b123.jpg\",\"articleSection\":[\"Ponto de Vista\"],\"inLanguage\":\"pt-BR\"},{\"@type\":\"WebPage\",\"@id\":\"https:\\\/\\\/www.notibras.com\\\/site\\\/quando-o-agora-vira-depois\\\/\",\"url\":\"https:\\\/\\\/www.notibras.com\\\/site\\\/quando-o-agora-vira-depois\\\/\",\"name\":\"Quando o Agora Vira Depois - Notibras\",\"isPartOf\":{\"@id\":\"https:\\\/\\\/www.notibras.com\\\/site\\\/#website\"},\"primaryImageOfPage\":{\"@id\":\"https:\\\/\\\/www.notibras.com\\\/site\\\/quando-o-agora-vira-depois\\\/#primaryimage\"},\"image\":{\"@id\":\"https:\\\/\\\/www.notibras.com\\\/site\\\/quando-o-agora-vira-depois\\\/#primaryimage\"},\"thumbnailUrl\":\"https:\\\/\\\/www.notibras.com\\\/site\\\/wp-content\\\/uploads\\\/2025\\\/12\\\/4ec46f3a-9573-4689-af4b-9edf9523b123.jpg\",\"datePublished\":\"2025-12-26T05:15:22+00:00\",\"breadcrumb\":{\"@id\":\"https:\\\/\\\/www.notibras.com\\\/site\\\/quando-o-agora-vira-depois\\\/#breadcrumb\"},\"inLanguage\":\"pt-BR\",\"potentialAction\":[{\"@type\":\"ReadAction\",\"target\":[\"https:\\\/\\\/www.notibras.com\\\/site\\\/quando-o-agora-vira-depois\\\/\"]}]},{\"@type\":\"ImageObject\",\"inLanguage\":\"pt-BR\",\"@id\":\"https:\\\/\\\/www.notibras.com\\\/site\\\/quando-o-agora-vira-depois\\\/#primaryimage\",\"url\":\"https:\\\/\\\/www.notibras.com\\\/site\\\/wp-content\\\/uploads\\\/2025\\\/12\\\/4ec46f3a-9573-4689-af4b-9edf9523b123.jpg\",\"contentUrl\":\"https:\\\/\\\/www.notibras.com\\\/site\\\/wp-content\\\/uploads\\\/2025\\\/12\\\/4ec46f3a-9573-4689-af4b-9edf9523b123.jpg\",\"width\":809,\"height\":874},{\"@type\":\"BreadcrumbList\",\"@id\":\"https:\\\/\\\/www.notibras.com\\\/site\\\/quando-o-agora-vira-depois\\\/#breadcrumb\",\"itemListElement\":[{\"@type\":\"ListItem\",\"position\":1,\"name\":\"In\u00edcio\",\"item\":\"https:\\\/\\\/www.notibras.com\\\/site\\\/\"},{\"@type\":\"ListItem\",\"position\":2,\"name\":\"Quando o Agora Vira Depois\"}]},{\"@type\":\"WebSite\",\"@id\":\"https:\\\/\\\/www.notibras.com\\\/site\\\/#website\",\"url\":\"https:\\\/\\\/www.notibras.com\\\/site\\\/\",\"name\":\"Notibras\",\"description\":\"Not\u00edcias de Bras\u00edlia, do Brasil e do Mundo\",\"publisher\":{\"@id\":\"https:\\\/\\\/www.notibras.com\\\/site\\\/#organization\"},\"potentialAction\":[{\"@type\":\"SearchAction\",\"target\":{\"@type\":\"EntryPoint\",\"urlTemplate\":\"https:\\\/\\\/www.notibras.com\\\/site\\\/?s={search_term_string}\"},\"query-input\":{\"@type\":\"PropertyValueSpecification\",\"valueRequired\":true,\"valueName\":\"search_term_string\"}}],\"inLanguage\":\"pt-BR\"},{\"@type\":\"Organization\",\"@id\":\"https:\\\/\\\/www.notibras.com\\\/site\\\/#organization\",\"name\":\"Grupo Notibras de Comunica\u00e7\u00e3o\",\"url\":\"https:\\\/\\\/www.notibras.com\\\/site\\\/\",\"logo\":{\"@type\":\"ImageObject\",\"inLanguage\":\"pt-BR\",\"@id\":\"https:\\\/\\\/www.notibras.com\\\/site\\\/#\\\/schema\\\/logo\\\/image\\\/\",\"url\":\"https:\\\/\\\/www.notibras.com\\\/site\\\/wp-content\\\/uploads\\\/2023\\\/01\\\/notibras23.png\",\"contentUrl\":\"https:\\\/\\\/www.notibras.com\\\/site\\\/wp-content\\\/uploads\\\/2023\\\/01\\\/notibras23.png\",\"width\":350,\"height\":87,\"caption\":\"Grupo Notibras de Comunica\u00e7\u00e3o\"},\"image\":{\"@id\":\"https:\\\/\\\/www.notibras.com\\\/site\\\/#\\\/schema\\\/logo\\\/image\\\/\"},\"sameAs\":[\"https:\\\/\\\/www.facebook.com\\\/notibras\\\/\",\"https:\\\/\\\/x.com\\\/Notibras\",\"https:\\\/\\\/www.instagram.com\\\/notibras\\\/\"]},{\"@type\":\"Person\",\"@id\":\"https:\\\/\\\/www.notibras.com\\\/site\\\/#\\\/schema\\\/person\\\/5b7fabf2aedc3ada2105f03b22b4d3dd\",\"name\":\"Eduardo Mart\u00ednez\",\"image\":{\"@type\":\"ImageObject\",\"inLanguage\":\"pt-BR\",\"@id\":\"https:\\\/\\\/secure.gravatar.com\\\/avatar\\\/7902f906289926289cbcda644b5197c796b893c6ffd7b9a536a42d290f7704a0?s=96&d=mm&r=g\",\"url\":\"https:\\\/\\\/secure.gravatar.com\\\/avatar\\\/7902f906289926289cbcda644b5197c796b893c6ffd7b9a536a42d290f7704a0?s=96&d=mm&r=g\",\"contentUrl\":\"https:\\\/\\\/secure.gravatar.com\\\/avatar\\\/7902f906289926289cbcda644b5197c796b893c6ffd7b9a536a42d290f7704a0?s=96&d=mm&r=g\",\"caption\":\"Eduardo Mart\u00ednez\"}}]}<\/script>\n<!-- \/ Yoast SEO plugin. -->","yoast_head_json":{"title":"Quando o Agora Vira Depois - Notibras","robots":{"index":"index","follow":"follow","max-snippet":"max-snippet:-1","max-image-preview":"max-image-preview:large","max-video-preview":"max-video-preview:-1"},"canonical":"https:\/\/www.notibras.com\/site\/quando-o-agora-vira-depois\/","og_locale":"pt_BR","og_type":"article","og_title":"Quando o Agora Vira Depois - Notibras","og_description":"N\u00f3s nunca sabemos o valor de um momento enquanto ele acontece. O instante passa como coisa pequena, quase banal, misturado \u00e0 rotina, \u00e0s urg\u00eancias, \u00e0s distra\u00e7\u00f5es do dia. N\u00f3s estamos ali, vivendo, mas n\u00e3o exatamente percebendo. S\u00f3 depois, quando o tempo reorganiza tudo, \u00e9 que entendemos: aquilo era importante. Aquilo nos atravessava. Aquilo nos formava. [&hellip;]","og_url":"https:\/\/www.notibras.com\/site\/quando-o-agora-vira-depois\/","og_site_name":"Notibras","article_publisher":"https:\/\/www.facebook.com\/notibras\/","article_published_time":"2025-12-26T05:15:22+00:00","og_image":[{"width":809,"height":874,"url":"https:\/\/www.notibras.com\/site\/wp-content\/uploads\/2025\/12\/4ec46f3a-9573-4689-af4b-9edf9523b123.jpg","type":"image\/jpeg"}],"author":"Eduardo Mart\u00ednez","twitter_card":"summary_large_image","twitter_creator":"@Notibras","twitter_site":"@Notibras","twitter_misc":{"Escrito por":"Eduardo Mart\u00ednez","Est. tempo de leitura":"3 minutos"},"schema":{"@context":"https:\/\/schema.org","@graph":[{"@type":"Article","@id":"https:\/\/www.notibras.com\/site\/quando-o-agora-vira-depois\/#article","isPartOf":{"@id":"https:\/\/www.notibras.com\/site\/quando-o-agora-vira-depois\/"},"author":{"name":"Eduardo Mart\u00ednez","@id":"https:\/\/www.notibras.com\/site\/#\/schema\/person\/5b7fabf2aedc3ada2105f03b22b4d3dd"},"headline":"Quando o Agora Vira Depois","datePublished":"2025-12-26T05:15:22+00:00","mainEntityOfPage":{"@id":"https:\/\/www.notibras.com\/site\/quando-o-agora-vira-depois\/"},"wordCount":364,"publisher":{"@id":"https:\/\/www.notibras.com\/site\/#organization"},"image":{"@id":"https:\/\/www.notibras.com\/site\/quando-o-agora-vira-depois\/#primaryimage"},"thumbnailUrl":"https:\/\/www.notibras.com\/site\/wp-content\/uploads\/2025\/12\/4ec46f3a-9573-4689-af4b-9edf9523b123.jpg","articleSection":["Ponto de Vista"],"inLanguage":"pt-BR"},{"@type":"WebPage","@id":"https:\/\/www.notibras.com\/site\/quando-o-agora-vira-depois\/","url":"https:\/\/www.notibras.com\/site\/quando-o-agora-vira-depois\/","name":"Quando o Agora Vira Depois - Notibras","isPartOf":{"@id":"https:\/\/www.notibras.com\/site\/#website"},"primaryImageOfPage":{"@id":"https:\/\/www.notibras.com\/site\/quando-o-agora-vira-depois\/#primaryimage"},"image":{"@id":"https:\/\/www.notibras.com\/site\/quando-o-agora-vira-depois\/#primaryimage"},"thumbnailUrl":"https:\/\/www.notibras.com\/site\/wp-content\/uploads\/2025\/12\/4ec46f3a-9573-4689-af4b-9edf9523b123.jpg","datePublished":"2025-12-26T05:15:22+00:00","breadcrumb":{"@id":"https:\/\/www.notibras.com\/site\/quando-o-agora-vira-depois\/#breadcrumb"},"inLanguage":"pt-BR","potentialAction":[{"@type":"ReadAction","target":["https:\/\/www.notibras.com\/site\/quando-o-agora-vira-depois\/"]}]},{"@type":"ImageObject","inLanguage":"pt-BR","@id":"https:\/\/www.notibras.com\/site\/quando-o-agora-vira-depois\/#primaryimage","url":"https:\/\/www.notibras.com\/site\/wp-content\/uploads\/2025\/12\/4ec46f3a-9573-4689-af4b-9edf9523b123.jpg","contentUrl":"https:\/\/www.notibras.com\/site\/wp-content\/uploads\/2025\/12\/4ec46f3a-9573-4689-af4b-9edf9523b123.jpg","width":809,"height":874},{"@type":"BreadcrumbList","@id":"https:\/\/www.notibras.com\/site\/quando-o-agora-vira-depois\/#breadcrumb","itemListElement":[{"@type":"ListItem","position":1,"name":"In\u00edcio","item":"https:\/\/www.notibras.com\/site\/"},{"@type":"ListItem","position":2,"name":"Quando o Agora Vira Depois"}]},{"@type":"WebSite","@id":"https:\/\/www.notibras.com\/site\/#website","url":"https:\/\/www.notibras.com\/site\/","name":"Notibras","description":"Not\u00edcias de Bras\u00edlia, do Brasil e do Mundo","publisher":{"@id":"https:\/\/www.notibras.com\/site\/#organization"},"potentialAction":[{"@type":"SearchAction","target":{"@type":"EntryPoint","urlTemplate":"https:\/\/www.notibras.com\/site\/?s={search_term_string}"},"query-input":{"@type":"PropertyValueSpecification","valueRequired":true,"valueName":"search_term_string"}}],"inLanguage":"pt-BR"},{"@type":"Organization","@id":"https:\/\/www.notibras.com\/site\/#organization","name":"Grupo Notibras de Comunica\u00e7\u00e3o","url":"https:\/\/www.notibras.com\/site\/","logo":{"@type":"ImageObject","inLanguage":"pt-BR","@id":"https:\/\/www.notibras.com\/site\/#\/schema\/logo\/image\/","url":"https:\/\/www.notibras.com\/site\/wp-content\/uploads\/2023\/01\/notibras23.png","contentUrl":"https:\/\/www.notibras.com\/site\/wp-content\/uploads\/2023\/01\/notibras23.png","width":350,"height":87,"caption":"Grupo Notibras de Comunica\u00e7\u00e3o"},"image":{"@id":"https:\/\/www.notibras.com\/site\/#\/schema\/logo\/image\/"},"sameAs":["https:\/\/www.facebook.com\/notibras\/","https:\/\/x.com\/Notibras","https:\/\/www.instagram.com\/notibras\/"]},{"@type":"Person","@id":"https:\/\/www.notibras.com\/site\/#\/schema\/person\/5b7fabf2aedc3ada2105f03b22b4d3dd","name":"Eduardo Mart\u00ednez","image":{"@type":"ImageObject","inLanguage":"pt-BR","@id":"https:\/\/secure.gravatar.com\/avatar\/7902f906289926289cbcda644b5197c796b893c6ffd7b9a536a42d290f7704a0?s=96&d=mm&r=g","url":"https:\/\/secure.gravatar.com\/avatar\/7902f906289926289cbcda644b5197c796b893c6ffd7b9a536a42d290f7704a0?s=96&d=mm&r=g","contentUrl":"https:\/\/secure.gravatar.com\/avatar\/7902f906289926289cbcda644b5197c796b893c6ffd7b9a536a42d290f7704a0?s=96&d=mm&r=g","caption":"Eduardo Mart\u00ednez"}}]}},"amp_enabled":true,"_links":{"self":[{"href":"https:\/\/www.notibras.com\/site\/wp-json\/wp\/v2\/posts\/375593","targetHints":{"allow":["GET"]}}],"collection":[{"href":"https:\/\/www.notibras.com\/site\/wp-json\/wp\/v2\/posts"}],"about":[{"href":"https:\/\/www.notibras.com\/site\/wp-json\/wp\/v2\/types\/post"}],"author":[{"embeddable":true,"href":"https:\/\/www.notibras.com\/site\/wp-json\/wp\/v2\/users\/21"}],"replies":[{"embeddable":true,"href":"https:\/\/www.notibras.com\/site\/wp-json\/wp\/v2\/comments?post=375593"}],"version-history":[{"count":2,"href":"https:\/\/www.notibras.com\/site\/wp-json\/wp\/v2\/posts\/375593\/revisions"}],"predecessor-version":[{"id":375596,"href":"https:\/\/www.notibras.com\/site\/wp-json\/wp\/v2\/posts\/375593\/revisions\/375596"}],"wp:featuredmedia":[{"embeddable":true,"href":"https:\/\/www.notibras.com\/site\/wp-json\/wp\/v2\/media\/375594"}],"wp:attachment":[{"href":"https:\/\/www.notibras.com\/site\/wp-json\/wp\/v2\/media?parent=375593"}],"wp:term":[{"taxonomy":"category","embeddable":true,"href":"https:\/\/www.notibras.com\/site\/wp-json\/wp\/v2\/categories?post=375593"},{"taxonomy":"post_tag","embeddable":true,"href":"https:\/\/www.notibras.com\/site\/wp-json\/wp\/v2\/tags?post=375593"}],"curies":[{"name":"wp","href":"https:\/\/api.w.org\/{rel}","templated":true}]}}