{"id":375601,"date":"2025-12-21T02:00:06","date_gmt":"2025-12-21T05:00:06","guid":{"rendered":"https:\/\/www.notibras.com\/site\/?p=375601"},"modified":"2025-12-20T13:02:12","modified_gmt":"2025-12-20T16:02:12","slug":"laurindo-guimaraes-um-tipo-frio-e-extremamente-violento","status":"publish","type":"post","link":"https:\/\/www.notibras.com\/site\/laurindo-guimaraes-um-tipo-frio-e-extremamente-violento\/","title":{"rendered":"Laurindo Guimar\u00e3es, um tipo frio e extremamente violento"},"content":{"rendered":"<p>Frio e extremamente violento. Foi assim que ouvi pela primeira vez as qualidades de Laurindo Guimar\u00e3es, not\u00f3rio homem do crime do Capim Meloso, regi\u00e3o obscura de Sobradinho, no Distrito Federal. N\u00e3o muito alto, mas corpulento o bastante para enfrentar quem se atrevesse a cruzar o seu caminho, o sujeito fez inimigos por onde passou. E se conto essa hist\u00f3ria quase esva\u00eddo de receio, \u00e9 porque o sujeito bateu as botas no m\u00eas passado, j\u00e1 beirando os 90 anos.<\/p>\n<p>\u2014 E tu por acaso tem medo de um velho dessa idade?<\/p>\n<p>\u2014 Pois aguarde e ou\u00e7a, Pedrito.<\/p>\n<p>\u2014 Hum! Tu \u00e9 mesmo um frouxo, Rog\u00e9rio!<\/p>\n<p>\u2014 Frouxo, \u00e9? Ent\u00e3o voc\u00ea que \u00e9 o valent\u00e3o? Queria ver se voc\u00ea ficaria assim com essa cara de brabo na frente do Laurindo Guimar\u00e3es.<\/p>\n<p>\u2014 Pois conte logo, que preciso esticar as canelas porque a Rafaela hoje quer sair hoje pra comemorar.<\/p>\n<p>\u2014 Comemorar, \u00e9? E voc\u00eas v\u00e3o comemorar o qu\u00ea?<\/p>\n<p>\u2014 Num \u00e9 da sua conta. Fale logo sobre esse tal Laurindo das couves.<\/p>\n<p>\u2014 Guimar\u00e3es! Olha que o bicho era tinhoso com brincadeira desse tipo.<\/p>\n<p>\u2014 Pois conte logo, v\u00e1!<\/p>\n<p>Como estava dizendo, Laurindo Guimar\u00e3es era frio e extremamente violento. Um tipo assim meio Lampi\u00e3o e Z\u00e9 do Caix\u00e3o. Ningu\u00e9m podia com ele, e os que se atreviam a tentar logo se arrependiam, pois o cabra era bom de tiro e, se as balas acabassem, cortava o bucho do petulante com a peixeira.<\/p>\n<p>Era noite escura, dessas de fazer medo at\u00e9 em assombra\u00e7\u00e3o, quando tr\u00eas forasteiros&#8230; Digo que eram forasteiros porque me contaram, mas nem precisavam me falar, pois s\u00f3 gente de fora que se atreveria a enfrentar o Laurindo. S\u00f3 besta mesmo para tentar a sorte com quem n\u00e3o deve.<\/p>\n<p>Pois esses tr\u00eas desaforados viram o Laurindo cambaleando quando j\u00e1 passava da meia-noite, como se estivesse b\u00eabado. E acredito que estivesse, j\u00e1 que o homem era chegado a uma branquinha, fosse com lim\u00e3o, fosse com mel, fosse at\u00e9 pura. Ele gostava de andar calibrado.<\/p>\n<p>Os atrevidos quiseram meter um assalto justamente no tipo mais indigesto que j\u00e1 pisou por aqui. L\u00f3gico que nem desconfiavam na enrascada que estavam se metendo, ainda que o homem estivesse b\u00eabado. Ainda que estivessem armado de rev\u00f3lveres e atirassem de longe, precisariam ter pontaria certeira, pois o chumbo viria grosso do outro lado. Mas n\u00e3o! Confiaram nos punhos e se deram mal.<\/p>\n<p>Os caras cercaram o Laurindo e come\u00e7aram a amea\u00e7\u00e1-lo. Queriam n\u00e3o apenas roubar a carteira, mas a honra do sujeito. E voc\u00ea sabe, n\u00e9, que sujeito homem n\u00e3o se dobra facilmente, ainda mais um tipo que nem o Laurindo Guimar\u00e3es. Ih, aquele l\u00e1 era osso duro de roer at\u00e9 para on\u00e7a-pintada.<\/p>\n<p>Mandaram o Laurindo passar a carteira e falaram que iriam lhe dar uma surra que nem m\u00e3e d\u00e1 em menino. Mal terminaram de dizer tais palavras, o primeiro tombou com um murro no nariz. E o coice foi t\u00e3o forte, que os comparsas se assustaram com o som seco de osso partindo.<\/p>\n<p>Os dois devem ter pensado em fugir, mas n\u00e3o o fizeram porque as pernas, de t\u00e3o tr\u00eamulas, n\u00e3o deixaram. E o sopapo comeu solto, at\u00e9 que, ensanguentados, foram ao ch\u00e3o. Mas a coisa n\u00e3o parou por a\u00ed. Ali\u00e1s, foi a partir da\u00ed que o festival de horrores teve in\u00edcio.<\/p>\n<p>Se fosse outro, certamente iria embora e a hist\u00f3ria acabaria daquele jeito. Por\u00e9m, as coisas n\u00e3o funcionavam assim com o Laurindo. N\u00e3o mesmo! Viol\u00eancia era t\u00e3o arraigada nele, que eram os raros que se atreviam a lhe olhar nos olhos.<\/p>\n<p>Laurindo abriu o bucho dos tr\u00eas desafortunados, arrancou as tripas e deu para alguns vira-latas que estavam por ali. Pegou o f\u00edgado de um e arrancou um naco com os dentes. Engoliu. Mordeu mais um peda\u00e7o, mas pareceu n\u00e3o apreciar o gosto. Cuspiu. Depois foi embora, enquanto os cachorros se refestelaram com aquele banquete.<\/p>\n<p>Assim que amanheceu, os moradores encontraram os corpos. Todos sabiam que aquilo s\u00f3 podia ser obra do Laurindo Guimar\u00e3es. Ningu\u00e9m teve coragem de denunciar. E quando o cambur\u00e3o chegou ao local, os policiais tiveram certeza de que o autor era o Laurindo. E voc\u00ea acha que prenderam o homem? Nananinan\u00e3o. Para voc\u00ea ver! Nem a pol\u00edcia queria bater de frente com o dem\u00f4nio.<\/p>\n<p>Pois \u00e9, esse era o Laurindo Guimar\u00e3es, o tipo mais desalmado que j\u00e1 pisou por estas bandas. Ningu\u00e9m podia com ele. Dizem at\u00e9 que n\u00e3o era humano. Falavam que era bicho. Mistura de cachorro louco com jararaca.<\/p>\n<p>\u2014 Pedrito, meu amigo, voc\u00ea t\u00e1 bem?<\/p>\n<p>\u2014 Posso usar o seu banheiro? Num sei o que me deu, mas parece que esse torresmo n\u00e3o me caiu bem.<\/p>\n<p><strong>\u2026\u2026\u2026\u2026\u2026\u2026\u2026\u2026<\/strong><\/p>\n<p><strong>Eduardo Mart\u00ednez \u00e9 autor do livro \u201957 Contos e Cr\u00f4nicas por um Autor Muito Velho\u2019 (Vencedor do Pr\u00eamio Liter\u00e1rio Clarice Lispector \u2013 2025 na categoria livro de contos).<\/strong><\/p>\n<p><strong>Compre aqui<\/strong><\/p>\n<p><a href=\"https:\/\/www.joanineditora.com.br\/57-contos-e-cronicas-por-um-autor-muito-velho\"><strong>https:\/\/www.joanineditora.com.br\/57-contos-e-cronicas-por-um-autor-muito-velho<\/strong><\/a><\/p>\n<div id=\"wpdevar_comment_4\"><\/div>\n","protected":false},"excerpt":{"rendered":"<p>Frio e extremamente violento. Foi assim que ouvi pela primeira vez as qualidades de Laurindo Guimar\u00e3es, not\u00f3rio homem do crime do Capim Meloso, regi\u00e3o obscura de Sobradinho, no Distrito Federal. N\u00e3o muito alto, mas corpulento o bastante para enfrentar quem se atrevesse a cruzar o seu caminho, o sujeito fez inimigos por onde passou. E [&hellip;]<\/p>\n","protected":false},"author":21,"featured_media":375623,"comment_status":"closed","ping_status":"closed","sticky":false,"template":"","format":"standard","meta":{"_acf_changed":false,"footnotes":""},"categories":[161],"tags":[],"class_list":["post-375601","post","type-post","status-publish","format-standard","has-post-thumbnail","hentry","category-quadradinho-em-foco"],"acf":[],"yoast_head":"<!-- This site is optimized with the Yoast SEO plugin v27.5 - https:\/\/yoast.com\/product\/yoast-seo-wordpress\/ -->\n<title>Laurindo Guimar\u00e3es, um tipo frio e extremamente violento - Notibras<\/title>\n<meta name=\"robots\" content=\"index, follow, max-snippet:-1, max-image-preview:large, max-video-preview:-1\" \/>\n<link rel=\"canonical\" href=\"https:\/\/www.notibras.com\/site\/laurindo-guimaraes-um-tipo-frio-e-extremamente-violento\/\" \/>\n<meta property=\"og:locale\" content=\"pt_BR\" \/>\n<meta property=\"og:type\" content=\"article\" \/>\n<meta property=\"og:title\" content=\"Laurindo Guimar\u00e3es, um tipo frio e extremamente violento - Notibras\" \/>\n<meta property=\"og:description\" content=\"Frio e extremamente violento. Foi assim que ouvi pela primeira vez as qualidades de Laurindo Guimar\u00e3es, not\u00f3rio homem do crime do Capim Meloso, regi\u00e3o obscura de Sobradinho, no Distrito Federal. N\u00e3o muito alto, mas corpulento o bastante para enfrentar quem se atrevesse a cruzar o seu caminho, o sujeito fez inimigos por onde passou. E [&hellip;]\" \/>\n<meta property=\"og:url\" content=\"https:\/\/www.notibras.com\/site\/laurindo-guimaraes-um-tipo-frio-e-extremamente-violento\/\" \/>\n<meta property=\"og:site_name\" content=\"Notibras\" \/>\n<meta property=\"article:publisher\" content=\"https:\/\/www.facebook.com\/notibras\/\" \/>\n<meta property=\"article:published_time\" content=\"2025-12-21T05:00:06+00:00\" \/>\n<meta property=\"og:image\" content=\"https:\/\/www.notibras.com\/site\/wp-content\/uploads\/2025\/12\/IMG_9626.jpg\" \/>\n\t<meta property=\"og:image:width\" content=\"1023\" \/>\n\t<meta property=\"og:image:height\" content=\"919\" \/>\n\t<meta property=\"og:image:type\" content=\"image\/jpeg\" \/>\n<meta name=\"author\" content=\"Eduardo Mart\u00ednez\" \/>\n<meta name=\"twitter:card\" content=\"summary_large_image\" \/>\n<meta name=\"twitter:creator\" content=\"@Notibras\" \/>\n<meta name=\"twitter:site\" content=\"@Notibras\" \/>\n<meta name=\"twitter:label1\" content=\"Escrito por\" \/>\n\t<meta name=\"twitter:data1\" content=\"Eduardo Mart\u00ednez\" \/>\n\t<meta name=\"twitter:label2\" content=\"Est. tempo de leitura\" \/>\n\t<meta name=\"twitter:data2\" content=\"5 minutos\" \/>\n<script type=\"application\/ld+json\" class=\"yoast-schema-graph\">{\"@context\":\"https:\\\/\\\/schema.org\",\"@graph\":[{\"@type\":\"Article\",\"@id\":\"https:\\\/\\\/www.notibras.com\\\/site\\\/laurindo-guimaraes-um-tipo-frio-e-extremamente-violento\\\/#article\",\"isPartOf\":{\"@id\":\"https:\\\/\\\/www.notibras.com\\\/site\\\/laurindo-guimaraes-um-tipo-frio-e-extremamente-violento\\\/\"},\"author\":{\"name\":\"Eduardo Mart\u00ednez\",\"@id\":\"https:\\\/\\\/www.notibras.com\\\/site\\\/#\\\/schema\\\/person\\\/5b7fabf2aedc3ada2105f03b22b4d3dd\"},\"headline\":\"Laurindo Guimar\u00e3es, um tipo frio e extremamente violento\",\"datePublished\":\"2025-12-21T05:00:06+00:00\",\"mainEntityOfPage\":{\"@id\":\"https:\\\/\\\/www.notibras.com\\\/site\\\/laurindo-guimaraes-um-tipo-frio-e-extremamente-violento\\\/\"},\"wordCount\":860,\"publisher\":{\"@id\":\"https:\\\/\\\/www.notibras.com\\\/site\\\/#organization\"},\"image\":{\"@id\":\"https:\\\/\\\/www.notibras.com\\\/site\\\/laurindo-guimaraes-um-tipo-frio-e-extremamente-violento\\\/#primaryimage\"},\"thumbnailUrl\":\"https:\\\/\\\/www.notibras.com\\\/site\\\/wp-content\\\/uploads\\\/2025\\\/12\\\/IMG_9626.jpg\",\"articleSection\":[\"Quadradinho em Foco\"],\"inLanguage\":\"pt-BR\"},{\"@type\":\"WebPage\",\"@id\":\"https:\\\/\\\/www.notibras.com\\\/site\\\/laurindo-guimaraes-um-tipo-frio-e-extremamente-violento\\\/\",\"url\":\"https:\\\/\\\/www.notibras.com\\\/site\\\/laurindo-guimaraes-um-tipo-frio-e-extremamente-violento\\\/\",\"name\":\"Laurindo Guimar\u00e3es, um tipo frio e extremamente violento - Notibras\",\"isPartOf\":{\"@id\":\"https:\\\/\\\/www.notibras.com\\\/site\\\/#website\"},\"primaryImageOfPage\":{\"@id\":\"https:\\\/\\\/www.notibras.com\\\/site\\\/laurindo-guimaraes-um-tipo-frio-e-extremamente-violento\\\/#primaryimage\"},\"image\":{\"@id\":\"https:\\\/\\\/www.notibras.com\\\/site\\\/laurindo-guimaraes-um-tipo-frio-e-extremamente-violento\\\/#primaryimage\"},\"thumbnailUrl\":\"https:\\\/\\\/www.notibras.com\\\/site\\\/wp-content\\\/uploads\\\/2025\\\/12\\\/IMG_9626.jpg\",\"datePublished\":\"2025-12-21T05:00:06+00:00\",\"breadcrumb\":{\"@id\":\"https:\\\/\\\/www.notibras.com\\\/site\\\/laurindo-guimaraes-um-tipo-frio-e-extremamente-violento\\\/#breadcrumb\"},\"inLanguage\":\"pt-BR\",\"potentialAction\":[{\"@type\":\"ReadAction\",\"target\":[\"https:\\\/\\\/www.notibras.com\\\/site\\\/laurindo-guimaraes-um-tipo-frio-e-extremamente-violento\\\/\"]}]},{\"@type\":\"ImageObject\",\"inLanguage\":\"pt-BR\",\"@id\":\"https:\\\/\\\/www.notibras.com\\\/site\\\/laurindo-guimaraes-um-tipo-frio-e-extremamente-violento\\\/#primaryimage\",\"url\":\"https:\\\/\\\/www.notibras.com\\\/site\\\/wp-content\\\/uploads\\\/2025\\\/12\\\/IMG_9626.jpg\",\"contentUrl\":\"https:\\\/\\\/www.notibras.com\\\/site\\\/wp-content\\\/uploads\\\/2025\\\/12\\\/IMG_9626.jpg\",\"width\":1023,\"height\":919},{\"@type\":\"BreadcrumbList\",\"@id\":\"https:\\\/\\\/www.notibras.com\\\/site\\\/laurindo-guimaraes-um-tipo-frio-e-extremamente-violento\\\/#breadcrumb\",\"itemListElement\":[{\"@type\":\"ListItem\",\"position\":1,\"name\":\"In\u00edcio\",\"item\":\"https:\\\/\\\/www.notibras.com\\\/site\\\/\"},{\"@type\":\"ListItem\",\"position\":2,\"name\":\"Laurindo Guimar\u00e3es, um tipo frio e extremamente violento\"}]},{\"@type\":\"WebSite\",\"@id\":\"https:\\\/\\\/www.notibras.com\\\/site\\\/#website\",\"url\":\"https:\\\/\\\/www.notibras.com\\\/site\\\/\",\"name\":\"Notibras\",\"description\":\"Not\u00edcias de Bras\u00edlia, do Brasil e do Mundo\",\"publisher\":{\"@id\":\"https:\\\/\\\/www.notibras.com\\\/site\\\/#organization\"},\"potentialAction\":[{\"@type\":\"SearchAction\",\"target\":{\"@type\":\"EntryPoint\",\"urlTemplate\":\"https:\\\/\\\/www.notibras.com\\\/site\\\/?s={search_term_string}\"},\"query-input\":{\"@type\":\"PropertyValueSpecification\",\"valueRequired\":true,\"valueName\":\"search_term_string\"}}],\"inLanguage\":\"pt-BR\"},{\"@type\":\"Organization\",\"@id\":\"https:\\\/\\\/www.notibras.com\\\/site\\\/#organization\",\"name\":\"Grupo Notibras de Comunica\u00e7\u00e3o\",\"url\":\"https:\\\/\\\/www.notibras.com\\\/site\\\/\",\"logo\":{\"@type\":\"ImageObject\",\"inLanguage\":\"pt-BR\",\"@id\":\"https:\\\/\\\/www.notibras.com\\\/site\\\/#\\\/schema\\\/logo\\\/image\\\/\",\"url\":\"https:\\\/\\\/www.notibras.com\\\/site\\\/wp-content\\\/uploads\\\/2023\\\/01\\\/notibras23.png\",\"contentUrl\":\"https:\\\/\\\/www.notibras.com\\\/site\\\/wp-content\\\/uploads\\\/2023\\\/01\\\/notibras23.png\",\"width\":350,\"height\":87,\"caption\":\"Grupo Notibras de Comunica\u00e7\u00e3o\"},\"image\":{\"@id\":\"https:\\\/\\\/www.notibras.com\\\/site\\\/#\\\/schema\\\/logo\\\/image\\\/\"},\"sameAs\":[\"https:\\\/\\\/www.facebook.com\\\/notibras\\\/\",\"https:\\\/\\\/x.com\\\/Notibras\",\"https:\\\/\\\/www.instagram.com\\\/notibras\\\/\"]},{\"@type\":\"Person\",\"@id\":\"https:\\\/\\\/www.notibras.com\\\/site\\\/#\\\/schema\\\/person\\\/5b7fabf2aedc3ada2105f03b22b4d3dd\",\"name\":\"Eduardo Mart\u00ednez\",\"image\":{\"@type\":\"ImageObject\",\"inLanguage\":\"pt-BR\",\"@id\":\"https:\\\/\\\/secure.gravatar.com\\\/avatar\\\/7902f906289926289cbcda644b5197c796b893c6ffd7b9a536a42d290f7704a0?s=96&d=mm&r=g\",\"url\":\"https:\\\/\\\/secure.gravatar.com\\\/avatar\\\/7902f906289926289cbcda644b5197c796b893c6ffd7b9a536a42d290f7704a0?s=96&d=mm&r=g\",\"contentUrl\":\"https:\\\/\\\/secure.gravatar.com\\\/avatar\\\/7902f906289926289cbcda644b5197c796b893c6ffd7b9a536a42d290f7704a0?s=96&d=mm&r=g\",\"caption\":\"Eduardo Mart\u00ednez\"}}]}<\/script>\n<!-- \/ Yoast SEO plugin. -->","yoast_head_json":{"title":"Laurindo Guimar\u00e3es, um tipo frio e extremamente violento - Notibras","robots":{"index":"index","follow":"follow","max-snippet":"max-snippet:-1","max-image-preview":"max-image-preview:large","max-video-preview":"max-video-preview:-1"},"canonical":"https:\/\/www.notibras.com\/site\/laurindo-guimaraes-um-tipo-frio-e-extremamente-violento\/","og_locale":"pt_BR","og_type":"article","og_title":"Laurindo Guimar\u00e3es, um tipo frio e extremamente violento - Notibras","og_description":"Frio e extremamente violento. Foi assim que ouvi pela primeira vez as qualidades de Laurindo Guimar\u00e3es, not\u00f3rio homem do crime do Capim Meloso, regi\u00e3o obscura de Sobradinho, no Distrito Federal. N\u00e3o muito alto, mas corpulento o bastante para enfrentar quem se atrevesse a cruzar o seu caminho, o sujeito fez inimigos por onde passou. E [&hellip;]","og_url":"https:\/\/www.notibras.com\/site\/laurindo-guimaraes-um-tipo-frio-e-extremamente-violento\/","og_site_name":"Notibras","article_publisher":"https:\/\/www.facebook.com\/notibras\/","article_published_time":"2025-12-21T05:00:06+00:00","og_image":[{"width":1023,"height":919,"url":"https:\/\/www.notibras.com\/site\/wp-content\/uploads\/2025\/12\/IMG_9626.jpg","type":"image\/jpeg"}],"author":"Eduardo Mart\u00ednez","twitter_card":"summary_large_image","twitter_creator":"@Notibras","twitter_site":"@Notibras","twitter_misc":{"Escrito por":"Eduardo Mart\u00ednez","Est. tempo de leitura":"5 minutos"},"schema":{"@context":"https:\/\/schema.org","@graph":[{"@type":"Article","@id":"https:\/\/www.notibras.com\/site\/laurindo-guimaraes-um-tipo-frio-e-extremamente-violento\/#article","isPartOf":{"@id":"https:\/\/www.notibras.com\/site\/laurindo-guimaraes-um-tipo-frio-e-extremamente-violento\/"},"author":{"name":"Eduardo Mart\u00ednez","@id":"https:\/\/www.notibras.com\/site\/#\/schema\/person\/5b7fabf2aedc3ada2105f03b22b4d3dd"},"headline":"Laurindo Guimar\u00e3es, um tipo frio e extremamente violento","datePublished":"2025-12-21T05:00:06+00:00","mainEntityOfPage":{"@id":"https:\/\/www.notibras.com\/site\/laurindo-guimaraes-um-tipo-frio-e-extremamente-violento\/"},"wordCount":860,"publisher":{"@id":"https:\/\/www.notibras.com\/site\/#organization"},"image":{"@id":"https:\/\/www.notibras.com\/site\/laurindo-guimaraes-um-tipo-frio-e-extremamente-violento\/#primaryimage"},"thumbnailUrl":"https:\/\/www.notibras.com\/site\/wp-content\/uploads\/2025\/12\/IMG_9626.jpg","articleSection":["Quadradinho em Foco"],"inLanguage":"pt-BR"},{"@type":"WebPage","@id":"https:\/\/www.notibras.com\/site\/laurindo-guimaraes-um-tipo-frio-e-extremamente-violento\/","url":"https:\/\/www.notibras.com\/site\/laurindo-guimaraes-um-tipo-frio-e-extremamente-violento\/","name":"Laurindo Guimar\u00e3es, um tipo frio e extremamente violento - Notibras","isPartOf":{"@id":"https:\/\/www.notibras.com\/site\/#website"},"primaryImageOfPage":{"@id":"https:\/\/www.notibras.com\/site\/laurindo-guimaraes-um-tipo-frio-e-extremamente-violento\/#primaryimage"},"image":{"@id":"https:\/\/www.notibras.com\/site\/laurindo-guimaraes-um-tipo-frio-e-extremamente-violento\/#primaryimage"},"thumbnailUrl":"https:\/\/www.notibras.com\/site\/wp-content\/uploads\/2025\/12\/IMG_9626.jpg","datePublished":"2025-12-21T05:00:06+00:00","breadcrumb":{"@id":"https:\/\/www.notibras.com\/site\/laurindo-guimaraes-um-tipo-frio-e-extremamente-violento\/#breadcrumb"},"inLanguage":"pt-BR","potentialAction":[{"@type":"ReadAction","target":["https:\/\/www.notibras.com\/site\/laurindo-guimaraes-um-tipo-frio-e-extremamente-violento\/"]}]},{"@type":"ImageObject","inLanguage":"pt-BR","@id":"https:\/\/www.notibras.com\/site\/laurindo-guimaraes-um-tipo-frio-e-extremamente-violento\/#primaryimage","url":"https:\/\/www.notibras.com\/site\/wp-content\/uploads\/2025\/12\/IMG_9626.jpg","contentUrl":"https:\/\/www.notibras.com\/site\/wp-content\/uploads\/2025\/12\/IMG_9626.jpg","width":1023,"height":919},{"@type":"BreadcrumbList","@id":"https:\/\/www.notibras.com\/site\/laurindo-guimaraes-um-tipo-frio-e-extremamente-violento\/#breadcrumb","itemListElement":[{"@type":"ListItem","position":1,"name":"In\u00edcio","item":"https:\/\/www.notibras.com\/site\/"},{"@type":"ListItem","position":2,"name":"Laurindo Guimar\u00e3es, um tipo frio e extremamente violento"}]},{"@type":"WebSite","@id":"https:\/\/www.notibras.com\/site\/#website","url":"https:\/\/www.notibras.com\/site\/","name":"Notibras","description":"Not\u00edcias de Bras\u00edlia, do Brasil e do Mundo","publisher":{"@id":"https:\/\/www.notibras.com\/site\/#organization"},"potentialAction":[{"@type":"SearchAction","target":{"@type":"EntryPoint","urlTemplate":"https:\/\/www.notibras.com\/site\/?s={search_term_string}"},"query-input":{"@type":"PropertyValueSpecification","valueRequired":true,"valueName":"search_term_string"}}],"inLanguage":"pt-BR"},{"@type":"Organization","@id":"https:\/\/www.notibras.com\/site\/#organization","name":"Grupo Notibras de Comunica\u00e7\u00e3o","url":"https:\/\/www.notibras.com\/site\/","logo":{"@type":"ImageObject","inLanguage":"pt-BR","@id":"https:\/\/www.notibras.com\/site\/#\/schema\/logo\/image\/","url":"https:\/\/www.notibras.com\/site\/wp-content\/uploads\/2023\/01\/notibras23.png","contentUrl":"https:\/\/www.notibras.com\/site\/wp-content\/uploads\/2023\/01\/notibras23.png","width":350,"height":87,"caption":"Grupo Notibras de Comunica\u00e7\u00e3o"},"image":{"@id":"https:\/\/www.notibras.com\/site\/#\/schema\/logo\/image\/"},"sameAs":["https:\/\/www.facebook.com\/notibras\/","https:\/\/x.com\/Notibras","https:\/\/www.instagram.com\/notibras\/"]},{"@type":"Person","@id":"https:\/\/www.notibras.com\/site\/#\/schema\/person\/5b7fabf2aedc3ada2105f03b22b4d3dd","name":"Eduardo Mart\u00ednez","image":{"@type":"ImageObject","inLanguage":"pt-BR","@id":"https:\/\/secure.gravatar.com\/avatar\/7902f906289926289cbcda644b5197c796b893c6ffd7b9a536a42d290f7704a0?s=96&d=mm&r=g","url":"https:\/\/secure.gravatar.com\/avatar\/7902f906289926289cbcda644b5197c796b893c6ffd7b9a536a42d290f7704a0?s=96&d=mm&r=g","contentUrl":"https:\/\/secure.gravatar.com\/avatar\/7902f906289926289cbcda644b5197c796b893c6ffd7b9a536a42d290f7704a0?s=96&d=mm&r=g","caption":"Eduardo Mart\u00ednez"}}]}},"amp_enabled":true,"_links":{"self":[{"href":"https:\/\/www.notibras.com\/site\/wp-json\/wp\/v2\/posts\/375601","targetHints":{"allow":["GET"]}}],"collection":[{"href":"https:\/\/www.notibras.com\/site\/wp-json\/wp\/v2\/posts"}],"about":[{"href":"https:\/\/www.notibras.com\/site\/wp-json\/wp\/v2\/types\/post"}],"author":[{"embeddable":true,"href":"https:\/\/www.notibras.com\/site\/wp-json\/wp\/v2\/users\/21"}],"replies":[{"embeddable":true,"href":"https:\/\/www.notibras.com\/site\/wp-json\/wp\/v2\/comments?post=375601"}],"version-history":[{"count":3,"href":"https:\/\/www.notibras.com\/site\/wp-json\/wp\/v2\/posts\/375601\/revisions"}],"predecessor-version":[{"id":375626,"href":"https:\/\/www.notibras.com\/site\/wp-json\/wp\/v2\/posts\/375601\/revisions\/375626"}],"wp:featuredmedia":[{"embeddable":true,"href":"https:\/\/www.notibras.com\/site\/wp-json\/wp\/v2\/media\/375623"}],"wp:attachment":[{"href":"https:\/\/www.notibras.com\/site\/wp-json\/wp\/v2\/media?parent=375601"}],"wp:term":[{"taxonomy":"category","embeddable":true,"href":"https:\/\/www.notibras.com\/site\/wp-json\/wp\/v2\/categories?post=375601"},{"taxonomy":"post_tag","embeddable":true,"href":"https:\/\/www.notibras.com\/site\/wp-json\/wp\/v2\/tags?post=375601"}],"curies":[{"name":"wp","href":"https:\/\/api.w.org\/{rel}","templated":true}]}}