{"id":375602,"date":"2025-12-20T09:02:10","date_gmt":"2025-12-20T12:02:10","guid":{"rendered":"https:\/\/www.notibras.com\/site\/?p=375602"},"modified":"2025-12-20T09:02:57","modified_gmt":"2025-12-20T12:02:57","slug":"fosse-hoje-pl-inspiraria-se-gritar-pega-ladrao-nao-fica-um-meu-irmao","status":"publish","type":"post","link":"https:\/\/www.notibras.com\/site\/fosse-hoje-pl-inspiraria-se-gritar-pega-ladrao-nao-fica-um-meu-irmao\/","title":{"rendered":"Fosse hoje, PL inspiraria &#8216;Se gritar pega ladr\u00e3o, n\u00e3o fica um meu irm\u00e3o&#8230;&#8217;"},"content":{"rendered":"<p>E a maldi\u00e7\u00e3o continua. E agora no modo domin\u00f3. Como diria o general Augusto Heleno, hoje apenas o presidi\u00e1rio que adquiriu um tal Alzheimer na Black Friday da Shopee, eu bem que avisei. E avisou mesmo. Foi em 2018, no evento de lan\u00e7amento da candidatura de Jair Bolsonaro, quando o ent\u00e3o pretenso ministro cantou, durante seu discurso, uma adapta\u00e7\u00e3o ao cl\u00e1ssico do sambista carioca Bezerra da Silva: &#8220;Se gritar pega Centr\u00e3o, n\u00e3o fica um meu irm\u00e3o&#8221;. Na \u00e9poca, nem mesmo o mais otimista dos bruxos apostou um d\u00f3lar furado no general.<\/p>\n<p>Augusto Heleno s\u00f3 n\u00e3o sabia que, passados sete anos, ele seria o segundo a perfilar no p\u00e1tio quadrado de uma penitenci\u00e1ria qualquer. Desde ent\u00e3o, o Brasil inteiro sabia que Jair &#8220;j\u00e1 ia&#8221; assumir o primeiro posto. E de l\u00e1 n\u00e3o sair\u00e1 nem que a vaca tussa, o pinto soluce e o cavalo mie. Ou seja, esque\u00e7am anistia, dosimetria, pandemia, epidemia, sodomia e alquimia. Conforme a astronomia, ci\u00eancia que, juridicamente, contribui com a alquimia da Corte Suprema, acabou a mordomia e a boemia.<\/p>\n<p>Agora, com ou sem arritmia, a monotonia prisional do ex-mito ter\u00e1 de ser compensada com a tricotomia. Perd\u00e3o pela digress\u00e3o, pois o tema desta narrativa nada tem a ver com a anemia dos presidi\u00e1rios aliados, mas sim com a economia pessoal dos seguidores do Bozo, tudo \u00e0 custa do suor do povo. Me d\u00e1 arrepios s\u00f3 de lembrar que o deputado Arthur Lira, o senador Ciro Nogueira, o pastor Silas Malafaia e o pagador de promessas Valdemar Costa Neto, ex-czares do governo do Jair, fizeram escola.<\/p>\n<p>Hoje, at\u00e9 o estagi\u00e1rio de pregador evang\u00e9lico Sostenes Cavalvante diariamente ora pelo vil metal guardado sob seu colch\u00e3o doado pelo velho da Havan. Logo ele que, al\u00e9m de liderar o Partido da Lamban\u00e7a (PL), jura publicamente ser um homem de Deus. Craque em amea\u00e7ar quem o incomoda, o tamb\u00e9m deputado federal Carlos Jordy dan\u00e7ou na Opera\u00e7\u00e3o Galho Fraco e, se puder, ter\u00e1 de explicar \u00e0 Pol\u00edcia Federal as raz\u00f5es pelas quais subiu no pau errado para colher o politicamente correto jab\u00e1.<\/p>\n<p>Voltando \u00e0 cantoria do general (?) Heleno, de cota em cota parlamentar desviada, tudo indica que, para 2026, sobrar\u00e3o poucos dos partidos do entorno de Jair Messias, notadamente do PL de Valdemar e de S\u00f3stenes e do PP de Lira e de Nogueira. A rela\u00e7\u00e3o de deputados e senadores dessas duas legendas investigados pela PF consegue ser de duas a tr\u00eas vezes maior do que a soma de pelos &#8220;pluvianos&#8221; das partes pudendas do ator Tony Ramos. De S\u00e9rgio Moro aos cassados Eduardo Bolsonaro, Alexandre Ramagem e Carla Zambelli todos t\u00eam a mesma fisionomia bolsonarista.<\/p>\n<p>O mais interessante dessa guinada de car\u00e1ter \u00e0 direita \u00e9 a mudan\u00e7a de \u00e2nimo de Hugo Motta. Depois de meses defendendo com unhas, dentes e perfume Lancaster a bandidagem da Casa, o mo\u00e7o da Para\u00edba decidiu defender a atua\u00e7\u00e3o do STF e as investiga\u00e7\u00f5es contra parlamentares &#8220;com condutas irregulares&#8221;. Preocupado com a possibilidade de n\u00e3o se reeleger, Motta espertamente arquivou a dicotomia e optou pela exogamia, isto, o acasalamento fora do grupo original. Em outras palavras, pior do que cantar Lula l\u00e1 para os paraibanos s\u00f3 se imaginar na pr\u00f3xima lista da maldi\u00e7\u00e3o. A\u00ed, meu irm\u00e3o, \u00e9 caix\u00e3o, vela preta e o fim da vida p\u00fablica. Como devem estar cantando S\u00f3stenes e Jordy, tchau Centr\u00e3o. Mamma mia!<\/p>\n<p>&#8230;&#8230;&#8230;&#8230;&#8230;&#8230;<\/p>\n<p><strong>Wenceslau Ara\u00fajo \u00e9 Editor-Chefe de Notibras<\/strong><\/p>\n","protected":false},"excerpt":{"rendered":"<p>E a maldi\u00e7\u00e3o continua. E agora no modo domin\u00f3. Como diria o general Augusto Heleno, hoje apenas o presidi\u00e1rio que adquiriu um tal Alzheimer na Black Friday da Shopee, eu bem que avisei. E avisou mesmo. Foi em 2018, no evento de lan\u00e7amento da candidatura de Jair Bolsonaro, quando o ent\u00e3o pretenso ministro cantou, durante [&hellip;]<\/p>\n","protected":false},"author":2,"featured_media":375603,"comment_status":"closed","ping_status":"closed","sticky":false,"template":"","format":"standard","meta":{"_acf_changed":false,"footnotes":""},"categories":[16],"tags":[95],"class_list":["post-375602","post","type-post","status-publish","format-standard","has-post-thumbnail","hentry","category-brasil","tag-capa"],"acf":[],"yoast_head":"<!-- This site is optimized with the Yoast SEO plugin v27.2 - https:\/\/yoast.com\/product\/yoast-seo-wordpress\/ -->\n<title>Fosse hoje, PL inspiraria &#039;Se gritar pega ladr\u00e3o, n\u00e3o fica um meu irm\u00e3o...&#039; - Notibras<\/title>\n<meta name=\"robots\" content=\"index, follow, max-snippet:-1, max-image-preview:large, max-video-preview:-1\" \/>\n<link rel=\"canonical\" href=\"https:\/\/www.notibras.com\/site\/fosse-hoje-pl-inspiraria-se-gritar-pega-ladrao-nao-fica-um-meu-irmao\/\" \/>\n<meta property=\"og:locale\" content=\"pt_BR\" \/>\n<meta property=\"og:type\" content=\"article\" \/>\n<meta property=\"og:title\" content=\"Fosse hoje, PL inspiraria &#039;Se gritar pega ladr\u00e3o, n\u00e3o fica um meu irm\u00e3o...&#039; - Notibras\" \/>\n<meta property=\"og:description\" content=\"E a maldi\u00e7\u00e3o continua. E agora no modo domin\u00f3. Como diria o general Augusto Heleno, hoje apenas o presidi\u00e1rio que adquiriu um tal Alzheimer na Black Friday da Shopee, eu bem que avisei. E avisou mesmo. Foi em 2018, no evento de lan\u00e7amento da candidatura de Jair Bolsonaro, quando o ent\u00e3o pretenso ministro cantou, durante [&hellip;]\" \/>\n<meta property=\"og:url\" content=\"https:\/\/www.notibras.com\/site\/fosse-hoje-pl-inspiraria-se-gritar-pega-ladrao-nao-fica-um-meu-irmao\/\" \/>\n<meta property=\"og:site_name\" content=\"Notibras\" \/>\n<meta property=\"article:publisher\" content=\"https:\/\/www.facebook.com\/notibras\/\" \/>\n<meta property=\"article:published_time\" content=\"2025-12-20T12:02:10+00:00\" \/>\n<meta property=\"article:modified_time\" content=\"2025-12-20T12:02:57+00:00\" \/>\n<meta property=\"og:image\" content=\"https:\/\/www.notibras.com\/site\/wp-content\/uploads\/2025\/12\/pl_imprensa_mcajr_abr_2311222328.webp\" \/>\n\t<meta property=\"og:image:width\" content=\"770\" \/>\n\t<meta property=\"og:image:height\" content=\"513\" \/>\n\t<meta property=\"og:image:type\" content=\"image\/webp\" \/>\n<meta name=\"author\" content=\"Reda\u00e7\u00e3o\" \/>\n<meta name=\"twitter:card\" content=\"summary_large_image\" \/>\n<meta name=\"twitter:creator\" content=\"@Notibras\" \/>\n<meta name=\"twitter:site\" content=\"@Notibras\" \/>\n<meta name=\"twitter:label1\" content=\"Escrito por\" \/>\n\t<meta name=\"twitter:data1\" content=\"Reda\u00e7\u00e3o\" \/>\n\t<meta name=\"twitter:label2\" content=\"Est. tempo de leitura\" \/>\n\t<meta name=\"twitter:data2\" content=\"4 minutos\" \/>\n<script type=\"application\/ld+json\" class=\"yoast-schema-graph\">{\"@context\":\"https:\/\/schema.org\",\"@graph\":[{\"@type\":\"Article\",\"@id\":\"https:\/\/www.notibras.com\/site\/fosse-hoje-pl-inspiraria-se-gritar-pega-ladrao-nao-fica-um-meu-irmao\/#article\",\"isPartOf\":{\"@id\":\"https:\/\/www.notibras.com\/site\/fosse-hoje-pl-inspiraria-se-gritar-pega-ladrao-nao-fica-um-meu-irmao\/\"},\"author\":{\"name\":\"Reda\u00e7\u00e3o\",\"@id\":\"https:\/\/www.notibras.com\/site\/#\/schema\/person\/36ab0979449956132d3e5b517ea76ac8\"},\"headline\":\"Fosse hoje, PL inspiraria &#8216;Se gritar pega ladr\u00e3o, n\u00e3o fica um meu irm\u00e3o&#8230;&#8217;\",\"datePublished\":\"2025-12-20T12:02:10+00:00\",\"dateModified\":\"2025-12-20T12:02:57+00:00\",\"mainEntityOfPage\":{\"@id\":\"https:\/\/www.notibras.com\/site\/fosse-hoje-pl-inspiraria-se-gritar-pega-ladrao-nao-fica-um-meu-irmao\/\"},\"wordCount\":617,\"publisher\":{\"@id\":\"https:\/\/www.notibras.com\/site\/#organization\"},\"image\":{\"@id\":\"https:\/\/www.notibras.com\/site\/fosse-hoje-pl-inspiraria-se-gritar-pega-ladrao-nao-fica-um-meu-irmao\/#primaryimage\"},\"thumbnailUrl\":\"https:\/\/www.notibras.com\/site\/wp-content\/uploads\/2025\/12\/pl_imprensa_mcajr_abr_2311222328.webp\",\"keywords\":[\"capa\"],\"articleSection\":[\"Brasil\"],\"inLanguage\":\"pt-BR\"},{\"@type\":\"WebPage\",\"@id\":\"https:\/\/www.notibras.com\/site\/fosse-hoje-pl-inspiraria-se-gritar-pega-ladrao-nao-fica-um-meu-irmao\/\",\"url\":\"https:\/\/www.notibras.com\/site\/fosse-hoje-pl-inspiraria-se-gritar-pega-ladrao-nao-fica-um-meu-irmao\/\",\"name\":\"Fosse hoje, PL inspiraria 'Se gritar pega ladr\u00e3o, n\u00e3o fica um meu irm\u00e3o...' - Notibras\",\"isPartOf\":{\"@id\":\"https:\/\/www.notibras.com\/site\/#website\"},\"primaryImageOfPage\":{\"@id\":\"https:\/\/www.notibras.com\/site\/fosse-hoje-pl-inspiraria-se-gritar-pega-ladrao-nao-fica-um-meu-irmao\/#primaryimage\"},\"image\":{\"@id\":\"https:\/\/www.notibras.com\/site\/fosse-hoje-pl-inspiraria-se-gritar-pega-ladrao-nao-fica-um-meu-irmao\/#primaryimage\"},\"thumbnailUrl\":\"https:\/\/www.notibras.com\/site\/wp-content\/uploads\/2025\/12\/pl_imprensa_mcajr_abr_2311222328.webp\",\"datePublished\":\"2025-12-20T12:02:10+00:00\",\"dateModified\":\"2025-12-20T12:02:57+00:00\",\"breadcrumb\":{\"@id\":\"https:\/\/www.notibras.com\/site\/fosse-hoje-pl-inspiraria-se-gritar-pega-ladrao-nao-fica-um-meu-irmao\/#breadcrumb\"},\"inLanguage\":\"pt-BR\",\"potentialAction\":[{\"@type\":\"ReadAction\",\"target\":[\"https:\/\/www.notibras.com\/site\/fosse-hoje-pl-inspiraria-se-gritar-pega-ladrao-nao-fica-um-meu-irmao\/\"]}]},{\"@type\":\"ImageObject\",\"inLanguage\":\"pt-BR\",\"@id\":\"https:\/\/www.notibras.com\/site\/fosse-hoje-pl-inspiraria-se-gritar-pega-ladrao-nao-fica-um-meu-irmao\/#primaryimage\",\"url\":\"https:\/\/www.notibras.com\/site\/wp-content\/uploads\/2025\/12\/pl_imprensa_mcajr_abr_2311222328.webp\",\"contentUrl\":\"https:\/\/www.notibras.com\/site\/wp-content\/uploads\/2025\/12\/pl_imprensa_mcajr_abr_2311222328.webp\",\"width\":770,\"height\":513},{\"@type\":\"BreadcrumbList\",\"@id\":\"https:\/\/www.notibras.com\/site\/fosse-hoje-pl-inspiraria-se-gritar-pega-ladrao-nao-fica-um-meu-irmao\/#breadcrumb\",\"itemListElement\":[{\"@type\":\"ListItem\",\"position\":1,\"name\":\"In\u00edcio\",\"item\":\"https:\/\/www.notibras.com\/site\/\"},{\"@type\":\"ListItem\",\"position\":2,\"name\":\"Fosse hoje, PL inspiraria &#8216;Se gritar pega ladr\u00e3o, n\u00e3o fica um meu irm\u00e3o&#8230;&#8217;\"}]},{\"@type\":\"WebSite\",\"@id\":\"https:\/\/www.notibras.com\/site\/#website\",\"url\":\"https:\/\/www.notibras.com\/site\/\",\"name\":\"Notibras\",\"description\":\"Not\u00edcias de Bras\u00edlia, do Brasil e do Mundo\",\"publisher\":{\"@id\":\"https:\/\/www.notibras.com\/site\/#organization\"},\"potentialAction\":[{\"@type\":\"SearchAction\",\"target\":{\"@type\":\"EntryPoint\",\"urlTemplate\":\"https:\/\/www.notibras.com\/site\/?s={search_term_string}\"},\"query-input\":{\"@type\":\"PropertyValueSpecification\",\"valueRequired\":true,\"valueName\":\"search_term_string\"}}],\"inLanguage\":\"pt-BR\"},{\"@type\":\"Organization\",\"@id\":\"https:\/\/www.notibras.com\/site\/#organization\",\"name\":\"Grupo Notibras de Comunica\u00e7\u00e3o\",\"url\":\"https:\/\/www.notibras.com\/site\/\",\"logo\":{\"@type\":\"ImageObject\",\"inLanguage\":\"pt-BR\",\"@id\":\"https:\/\/www.notibras.com\/site\/#\/schema\/logo\/image\/\",\"url\":\"https:\/\/www.notibras.com\/site\/wp-content\/uploads\/2023\/01\/notibras23.png\",\"contentUrl\":\"https:\/\/www.notibras.com\/site\/wp-content\/uploads\/2023\/01\/notibras23.png\",\"width\":350,\"height\":87,\"caption\":\"Grupo Notibras de Comunica\u00e7\u00e3o\"},\"image\":{\"@id\":\"https:\/\/www.notibras.com\/site\/#\/schema\/logo\/image\/\"},\"sameAs\":[\"https:\/\/www.facebook.com\/notibras\/\",\"https:\/\/x.com\/Notibras\",\"https:\/\/www.instagram.com\/notibras\/\"]},{\"@type\":\"Person\",\"@id\":\"https:\/\/www.notibras.com\/site\/#\/schema\/person\/36ab0979449956132d3e5b517ea76ac8\",\"name\":\"Reda\u00e7\u00e3o\",\"image\":{\"@type\":\"ImageObject\",\"inLanguage\":\"pt-BR\",\"@id\":\"https:\/\/secure.gravatar.com\/avatar\/e0a867bdedb85fd243eadf09663511f96fc81e0720a4a42581f334ad4303aa6b?s=96&d=mm&r=g\",\"url\":\"https:\/\/secure.gravatar.com\/avatar\/e0a867bdedb85fd243eadf09663511f96fc81e0720a4a42581f334ad4303aa6b?s=96&d=mm&r=g\",\"contentUrl\":\"https:\/\/secure.gravatar.com\/avatar\/e0a867bdedb85fd243eadf09663511f96fc81e0720a4a42581f334ad4303aa6b?s=96&d=mm&r=g\",\"caption\":\"Reda\u00e7\u00e3o\"}}]}<\/script>\n<!-- \/ Yoast SEO plugin. -->","yoast_head_json":{"title":"Fosse hoje, PL inspiraria 'Se gritar pega ladr\u00e3o, n\u00e3o fica um meu irm\u00e3o...' - Notibras","robots":{"index":"index","follow":"follow","max-snippet":"max-snippet:-1","max-image-preview":"max-image-preview:large","max-video-preview":"max-video-preview:-1"},"canonical":"https:\/\/www.notibras.com\/site\/fosse-hoje-pl-inspiraria-se-gritar-pega-ladrao-nao-fica-um-meu-irmao\/","og_locale":"pt_BR","og_type":"article","og_title":"Fosse hoje, PL inspiraria 'Se gritar pega ladr\u00e3o, n\u00e3o fica um meu irm\u00e3o...' - Notibras","og_description":"E a maldi\u00e7\u00e3o continua. E agora no modo domin\u00f3. Como diria o general Augusto Heleno, hoje apenas o presidi\u00e1rio que adquiriu um tal Alzheimer na Black Friday da Shopee, eu bem que avisei. E avisou mesmo. Foi em 2018, no evento de lan\u00e7amento da candidatura de Jair Bolsonaro, quando o ent\u00e3o pretenso ministro cantou, durante [&hellip;]","og_url":"https:\/\/www.notibras.com\/site\/fosse-hoje-pl-inspiraria-se-gritar-pega-ladrao-nao-fica-um-meu-irmao\/","og_site_name":"Notibras","article_publisher":"https:\/\/www.facebook.com\/notibras\/","article_published_time":"2025-12-20T12:02:10+00:00","article_modified_time":"2025-12-20T12:02:57+00:00","og_image":[{"width":770,"height":513,"url":"https:\/\/www.notibras.com\/site\/wp-content\/uploads\/2025\/12\/pl_imprensa_mcajr_abr_2311222328.webp","type":"image\/webp"}],"author":"Reda\u00e7\u00e3o","twitter_card":"summary_large_image","twitter_creator":"@Notibras","twitter_site":"@Notibras","twitter_misc":{"Escrito por":"Reda\u00e7\u00e3o","Est. tempo de leitura":"4 minutos"},"schema":{"@context":"https:\/\/schema.org","@graph":[{"@type":"Article","@id":"https:\/\/www.notibras.com\/site\/fosse-hoje-pl-inspiraria-se-gritar-pega-ladrao-nao-fica-um-meu-irmao\/#article","isPartOf":{"@id":"https:\/\/www.notibras.com\/site\/fosse-hoje-pl-inspiraria-se-gritar-pega-ladrao-nao-fica-um-meu-irmao\/"},"author":{"name":"Reda\u00e7\u00e3o","@id":"https:\/\/www.notibras.com\/site\/#\/schema\/person\/36ab0979449956132d3e5b517ea76ac8"},"headline":"Fosse hoje, PL inspiraria &#8216;Se gritar pega ladr\u00e3o, n\u00e3o fica um meu irm\u00e3o&#8230;&#8217;","datePublished":"2025-12-20T12:02:10+00:00","dateModified":"2025-12-20T12:02:57+00:00","mainEntityOfPage":{"@id":"https:\/\/www.notibras.com\/site\/fosse-hoje-pl-inspiraria-se-gritar-pega-ladrao-nao-fica-um-meu-irmao\/"},"wordCount":617,"publisher":{"@id":"https:\/\/www.notibras.com\/site\/#organization"},"image":{"@id":"https:\/\/www.notibras.com\/site\/fosse-hoje-pl-inspiraria-se-gritar-pega-ladrao-nao-fica-um-meu-irmao\/#primaryimage"},"thumbnailUrl":"https:\/\/www.notibras.com\/site\/wp-content\/uploads\/2025\/12\/pl_imprensa_mcajr_abr_2311222328.webp","keywords":["capa"],"articleSection":["Brasil"],"inLanguage":"pt-BR"},{"@type":"WebPage","@id":"https:\/\/www.notibras.com\/site\/fosse-hoje-pl-inspiraria-se-gritar-pega-ladrao-nao-fica-um-meu-irmao\/","url":"https:\/\/www.notibras.com\/site\/fosse-hoje-pl-inspiraria-se-gritar-pega-ladrao-nao-fica-um-meu-irmao\/","name":"Fosse hoje, PL inspiraria 'Se gritar pega ladr\u00e3o, n\u00e3o fica um meu irm\u00e3o...' - Notibras","isPartOf":{"@id":"https:\/\/www.notibras.com\/site\/#website"},"primaryImageOfPage":{"@id":"https:\/\/www.notibras.com\/site\/fosse-hoje-pl-inspiraria-se-gritar-pega-ladrao-nao-fica-um-meu-irmao\/#primaryimage"},"image":{"@id":"https:\/\/www.notibras.com\/site\/fosse-hoje-pl-inspiraria-se-gritar-pega-ladrao-nao-fica-um-meu-irmao\/#primaryimage"},"thumbnailUrl":"https:\/\/www.notibras.com\/site\/wp-content\/uploads\/2025\/12\/pl_imprensa_mcajr_abr_2311222328.webp","datePublished":"2025-12-20T12:02:10+00:00","dateModified":"2025-12-20T12:02:57+00:00","breadcrumb":{"@id":"https:\/\/www.notibras.com\/site\/fosse-hoje-pl-inspiraria-se-gritar-pega-ladrao-nao-fica-um-meu-irmao\/#breadcrumb"},"inLanguage":"pt-BR","potentialAction":[{"@type":"ReadAction","target":["https:\/\/www.notibras.com\/site\/fosse-hoje-pl-inspiraria-se-gritar-pega-ladrao-nao-fica-um-meu-irmao\/"]}]},{"@type":"ImageObject","inLanguage":"pt-BR","@id":"https:\/\/www.notibras.com\/site\/fosse-hoje-pl-inspiraria-se-gritar-pega-ladrao-nao-fica-um-meu-irmao\/#primaryimage","url":"https:\/\/www.notibras.com\/site\/wp-content\/uploads\/2025\/12\/pl_imprensa_mcajr_abr_2311222328.webp","contentUrl":"https:\/\/www.notibras.com\/site\/wp-content\/uploads\/2025\/12\/pl_imprensa_mcajr_abr_2311222328.webp","width":770,"height":513},{"@type":"BreadcrumbList","@id":"https:\/\/www.notibras.com\/site\/fosse-hoje-pl-inspiraria-se-gritar-pega-ladrao-nao-fica-um-meu-irmao\/#breadcrumb","itemListElement":[{"@type":"ListItem","position":1,"name":"In\u00edcio","item":"https:\/\/www.notibras.com\/site\/"},{"@type":"ListItem","position":2,"name":"Fosse hoje, PL inspiraria &#8216;Se gritar pega ladr\u00e3o, n\u00e3o fica um meu irm\u00e3o&#8230;&#8217;"}]},{"@type":"WebSite","@id":"https:\/\/www.notibras.com\/site\/#website","url":"https:\/\/www.notibras.com\/site\/","name":"Notibras","description":"Not\u00edcias de Bras\u00edlia, do Brasil e do Mundo","publisher":{"@id":"https:\/\/www.notibras.com\/site\/#organization"},"potentialAction":[{"@type":"SearchAction","target":{"@type":"EntryPoint","urlTemplate":"https:\/\/www.notibras.com\/site\/?s={search_term_string}"},"query-input":{"@type":"PropertyValueSpecification","valueRequired":true,"valueName":"search_term_string"}}],"inLanguage":"pt-BR"},{"@type":"Organization","@id":"https:\/\/www.notibras.com\/site\/#organization","name":"Grupo Notibras de Comunica\u00e7\u00e3o","url":"https:\/\/www.notibras.com\/site\/","logo":{"@type":"ImageObject","inLanguage":"pt-BR","@id":"https:\/\/www.notibras.com\/site\/#\/schema\/logo\/image\/","url":"https:\/\/www.notibras.com\/site\/wp-content\/uploads\/2023\/01\/notibras23.png","contentUrl":"https:\/\/www.notibras.com\/site\/wp-content\/uploads\/2023\/01\/notibras23.png","width":350,"height":87,"caption":"Grupo Notibras de Comunica\u00e7\u00e3o"},"image":{"@id":"https:\/\/www.notibras.com\/site\/#\/schema\/logo\/image\/"},"sameAs":["https:\/\/www.facebook.com\/notibras\/","https:\/\/x.com\/Notibras","https:\/\/www.instagram.com\/notibras\/"]},{"@type":"Person","@id":"https:\/\/www.notibras.com\/site\/#\/schema\/person\/36ab0979449956132d3e5b517ea76ac8","name":"Reda\u00e7\u00e3o","image":{"@type":"ImageObject","inLanguage":"pt-BR","@id":"https:\/\/secure.gravatar.com\/avatar\/e0a867bdedb85fd243eadf09663511f96fc81e0720a4a42581f334ad4303aa6b?s=96&d=mm&r=g","url":"https:\/\/secure.gravatar.com\/avatar\/e0a867bdedb85fd243eadf09663511f96fc81e0720a4a42581f334ad4303aa6b?s=96&d=mm&r=g","contentUrl":"https:\/\/secure.gravatar.com\/avatar\/e0a867bdedb85fd243eadf09663511f96fc81e0720a4a42581f334ad4303aa6b?s=96&d=mm&r=g","caption":"Reda\u00e7\u00e3o"}}]}},"amp_enabled":true,"_links":{"self":[{"href":"https:\/\/www.notibras.com\/site\/wp-json\/wp\/v2\/posts\/375602","targetHints":{"allow":["GET"]}}],"collection":[{"href":"https:\/\/www.notibras.com\/site\/wp-json\/wp\/v2\/posts"}],"about":[{"href":"https:\/\/www.notibras.com\/site\/wp-json\/wp\/v2\/types\/post"}],"author":[{"embeddable":true,"href":"https:\/\/www.notibras.com\/site\/wp-json\/wp\/v2\/users\/2"}],"replies":[{"embeddable":true,"href":"https:\/\/www.notibras.com\/site\/wp-json\/wp\/v2\/comments?post=375602"}],"version-history":[{"count":2,"href":"https:\/\/www.notibras.com\/site\/wp-json\/wp\/v2\/posts\/375602\/revisions"}],"predecessor-version":[{"id":375605,"href":"https:\/\/www.notibras.com\/site\/wp-json\/wp\/v2\/posts\/375602\/revisions\/375605"}],"wp:featuredmedia":[{"embeddable":true,"href":"https:\/\/www.notibras.com\/site\/wp-json\/wp\/v2\/media\/375603"}],"wp:attachment":[{"href":"https:\/\/www.notibras.com\/site\/wp-json\/wp\/v2\/media?parent=375602"}],"wp:term":[{"taxonomy":"category","embeddable":true,"href":"https:\/\/www.notibras.com\/site\/wp-json\/wp\/v2\/categories?post=375602"},{"taxonomy":"post_tag","embeddable":true,"href":"https:\/\/www.notibras.com\/site\/wp-json\/wp\/v2\/tags?post=375602"}],"curies":[{"name":"wp","href":"https:\/\/api.w.org\/{rel}","templated":true}]}}