{"id":375610,"date":"2025-12-20T09:18:52","date_gmt":"2025-12-20T12:18:52","guid":{"rendered":"https:\/\/www.notibras.com\/site\/?p=375610"},"modified":"2025-12-20T09:18:52","modified_gmt":"2025-12-20T12:18:52","slug":"nordestinos-unidos-contra-os-eventos-extremos","status":"publish","type":"post","link":"https:\/\/www.notibras.com\/site\/nordestinos-unidos-contra-os-eventos-extremos\/","title":{"rendered":"Nordestinos unidos contra os eventos extremos"},"content":{"rendered":"<p>No Nordeste, o c\u00e9u sempre falou alto. \u00c0s vezes grita em forma de sol rachando a terra, outras vezes desaba em chuvas que chegam sem pedir licen\u00e7a. Entre a seca teimosa e a enchente repentina, o povo aprendeu cedo que o clima n\u00e3o \u00e9 apenas paisagem \u2014 \u00e9 personagem principal da vida. Mas se o tempo muda, o<br \/>\nnordestino se reinventa.<\/p>\n<p>Quando o rio sobe al\u00e9m da conta, n\u00e3o \u00e9 s\u00f3 \u00e1gua que corre: corre a solidariedade. Vizinhos batem \u00e0 porta uns dos outros, levantam m\u00f3veis, dividem abrigo, repartem o pouco que t\u00eam. Na seca, o mesmo gesto se repete em sil\u00eancio: uma cisterna compartilhada, uma sombra oferecida, um conselho antigo que ensina a esperar. A prote\u00e7\u00e3o nasce do coletivo, porque aqui ningu\u00e9m enfrenta o extremo sozinho.<\/p>\n<p>Nas comunidades, a resili\u00eancia n\u00e3o vem de manuais, vem da pr\u00e1tica. \u00c9 a associa\u00e7\u00e3o que organiza mutir\u00e3o para limpar o barreiro antes das chuvas. \u00c9 a mulher que guarda sementes crioulas como quem guarda futuro. \u00c9 o jovem que aprende a ler o vento, o ch\u00e3o, as nuvens, e transforma saber antigo em cuidado novo. O Nordeste se protege porque se conhece.<\/p>\n<p>Enquanto o mundo fala em mudan\u00e7as clim\u00e1ticas como algo distante, o sert\u00e3o sente no corpo. E responde. Responde com adapta\u00e7\u00e3o, com tecnologia simples e eficiente, com respeito \u00e0 terra. Responde exigindo pol\u00edticas p\u00fablicas, mas sem abrir m\u00e3o da for\u00e7a comunit\u00e1ria que sempre sustentou a regi\u00e3o quando a ajuda demorou a chegar.<\/p>\n<p>A resili\u00eancia clim\u00e1tica no Nordeste tem rosto, tem nome, tem hist\u00f3ria. \u00c9 constru\u00edda no dia a dia, no di\u00e1logo entre o passado e o amanh\u00e3. N\u00e3o \u00e9 resist\u00eancia por teimosia, \u00e9 por amor \u00e0 terra onde se nasceu. \u00c9 a certeza de que proteger o territ\u00f3rio \u00e9 proteger gente.<br \/>\nE assim, entre extremos, o Nordeste segue firme. N\u00e3o desafiando o clima, mas aprendendo a conviver com ele. Porque aqui, mais forte que a seca e mais r\u00e1pido que a enchente, \u00e9 a coragem coletiva de continuar.<\/p>\n","protected":false},"excerpt":{"rendered":"<p>No Nordeste, o c\u00e9u sempre falou alto. \u00c0s vezes grita em forma de sol rachando a terra, outras vezes desaba em chuvas que chegam sem pedir licen\u00e7a. Entre a seca teimosa e a enchente repentina, o povo aprendeu cedo que o clima n\u00e3o \u00e9 apenas paisagem \u2014 \u00e9 personagem principal da vida. Mas se o [&hellip;]<\/p>\n","protected":false},"author":2,"featured_media":375611,"comment_status":"closed","ping_status":"closed","sticky":false,"template":"","format":"standard","meta":{"_acf_changed":false,"footnotes":""},"categories":[165],"tags":[],"class_list":["post-375610","post","type-post","status-publish","format-standard","has-post-thumbnail","hentry","category-nordeste"],"acf":[],"yoast_head":"<!-- This site is optimized with the Yoast SEO plugin v27.2 - https:\/\/yoast.com\/product\/yoast-seo-wordpress\/ -->\n<title>Nordestinos unidos contra os eventos extremos - Notibras<\/title>\n<meta name=\"robots\" content=\"index, follow, max-snippet:-1, max-image-preview:large, max-video-preview:-1\" \/>\n<link rel=\"canonical\" href=\"https:\/\/www.notibras.com\/site\/nordestinos-unidos-contra-os-eventos-extremos\/\" \/>\n<meta property=\"og:locale\" content=\"pt_BR\" \/>\n<meta property=\"og:type\" content=\"article\" \/>\n<meta property=\"og:title\" content=\"Nordestinos unidos contra os eventos extremos - Notibras\" \/>\n<meta property=\"og:description\" content=\"No Nordeste, o c\u00e9u sempre falou alto. \u00c0s vezes grita em forma de sol rachando a terra, outras vezes desaba em chuvas que chegam sem pedir licen\u00e7a. Entre a seca teimosa e a enchente repentina, o povo aprendeu cedo que o clima n\u00e3o \u00e9 apenas paisagem \u2014 \u00e9 personagem principal da vida. Mas se o [&hellip;]\" \/>\n<meta property=\"og:url\" content=\"https:\/\/www.notibras.com\/site\/nordestinos-unidos-contra-os-eventos-extremos\/\" \/>\n<meta property=\"og:site_name\" content=\"Notibras\" \/>\n<meta property=\"article:publisher\" content=\"https:\/\/www.facebook.com\/notibras\/\" \/>\n<meta property=\"article:published_time\" content=\"2025-12-20T12:18:52+00:00\" \/>\n<meta property=\"og:image\" content=\"https:\/\/www.notibras.com\/site\/wp-content\/uploads\/2025\/12\/35694fd1-938e-4220-b6c9-0a9a0bfbb58e.jpg\" \/>\n\t<meta property=\"og:image:width\" content=\"800\" \/>\n\t<meta property=\"og:image:height\" content=\"683\" \/>\n\t<meta property=\"og:image:type\" content=\"image\/jpeg\" \/>\n<meta name=\"author\" content=\"Reda\u00e7\u00e3o\" \/>\n<meta name=\"twitter:card\" content=\"summary_large_image\" \/>\n<meta name=\"twitter:creator\" content=\"@Notibras\" \/>\n<meta name=\"twitter:site\" content=\"@Notibras\" \/>\n<meta name=\"twitter:label1\" content=\"Escrito por\" \/>\n\t<meta name=\"twitter:data1\" content=\"Reda\u00e7\u00e3o\" \/>\n\t<meta name=\"twitter:label2\" content=\"Est. tempo de leitura\" \/>\n\t<meta name=\"twitter:data2\" content=\"1 minuto\" \/>\n<script type=\"application\/ld+json\" class=\"yoast-schema-graph\">{\"@context\":\"https:\/\/schema.org\",\"@graph\":[{\"@type\":\"Article\",\"@id\":\"https:\/\/www.notibras.com\/site\/nordestinos-unidos-contra-os-eventos-extremos\/#article\",\"isPartOf\":{\"@id\":\"https:\/\/www.notibras.com\/site\/nordestinos-unidos-contra-os-eventos-extremos\/\"},\"author\":{\"name\":\"Reda\u00e7\u00e3o\",\"@id\":\"https:\/\/www.notibras.com\/site\/#\/schema\/person\/36ab0979449956132d3e5b517ea76ac8\"},\"headline\":\"Nordestinos unidos contra os eventos extremos\",\"datePublished\":\"2025-12-20T12:18:52+00:00\",\"mainEntityOfPage\":{\"@id\":\"https:\/\/www.notibras.com\/site\/nordestinos-unidos-contra-os-eventos-extremos\/\"},\"wordCount\":352,\"publisher\":{\"@id\":\"https:\/\/www.notibras.com\/site\/#organization\"},\"image\":{\"@id\":\"https:\/\/www.notibras.com\/site\/nordestinos-unidos-contra-os-eventos-extremos\/#primaryimage\"},\"thumbnailUrl\":\"https:\/\/www.notibras.com\/site\/wp-content\/uploads\/2025\/12\/35694fd1-938e-4220-b6c9-0a9a0bfbb58e.jpg\",\"articleSection\":[\"Nordeste\"],\"inLanguage\":\"pt-BR\"},{\"@type\":\"WebPage\",\"@id\":\"https:\/\/www.notibras.com\/site\/nordestinos-unidos-contra-os-eventos-extremos\/\",\"url\":\"https:\/\/www.notibras.com\/site\/nordestinos-unidos-contra-os-eventos-extremos\/\",\"name\":\"Nordestinos unidos contra os eventos extremos - Notibras\",\"isPartOf\":{\"@id\":\"https:\/\/www.notibras.com\/site\/#website\"},\"primaryImageOfPage\":{\"@id\":\"https:\/\/www.notibras.com\/site\/nordestinos-unidos-contra-os-eventos-extremos\/#primaryimage\"},\"image\":{\"@id\":\"https:\/\/www.notibras.com\/site\/nordestinos-unidos-contra-os-eventos-extremos\/#primaryimage\"},\"thumbnailUrl\":\"https:\/\/www.notibras.com\/site\/wp-content\/uploads\/2025\/12\/35694fd1-938e-4220-b6c9-0a9a0bfbb58e.jpg\",\"datePublished\":\"2025-12-20T12:18:52+00:00\",\"breadcrumb\":{\"@id\":\"https:\/\/www.notibras.com\/site\/nordestinos-unidos-contra-os-eventos-extremos\/#breadcrumb\"},\"inLanguage\":\"pt-BR\",\"potentialAction\":[{\"@type\":\"ReadAction\",\"target\":[\"https:\/\/www.notibras.com\/site\/nordestinos-unidos-contra-os-eventos-extremos\/\"]}]},{\"@type\":\"ImageObject\",\"inLanguage\":\"pt-BR\",\"@id\":\"https:\/\/www.notibras.com\/site\/nordestinos-unidos-contra-os-eventos-extremos\/#primaryimage\",\"url\":\"https:\/\/www.notibras.com\/site\/wp-content\/uploads\/2025\/12\/35694fd1-938e-4220-b6c9-0a9a0bfbb58e.jpg\",\"contentUrl\":\"https:\/\/www.notibras.com\/site\/wp-content\/uploads\/2025\/12\/35694fd1-938e-4220-b6c9-0a9a0bfbb58e.jpg\",\"width\":800,\"height\":683},{\"@type\":\"BreadcrumbList\",\"@id\":\"https:\/\/www.notibras.com\/site\/nordestinos-unidos-contra-os-eventos-extremos\/#breadcrumb\",\"itemListElement\":[{\"@type\":\"ListItem\",\"position\":1,\"name\":\"In\u00edcio\",\"item\":\"https:\/\/www.notibras.com\/site\/\"},{\"@type\":\"ListItem\",\"position\":2,\"name\":\"Nordestinos unidos contra os eventos extremos\"}]},{\"@type\":\"WebSite\",\"@id\":\"https:\/\/www.notibras.com\/site\/#website\",\"url\":\"https:\/\/www.notibras.com\/site\/\",\"name\":\"Notibras\",\"description\":\"Not\u00edcias de Bras\u00edlia, do Brasil e do Mundo\",\"publisher\":{\"@id\":\"https:\/\/www.notibras.com\/site\/#organization\"},\"potentialAction\":[{\"@type\":\"SearchAction\",\"target\":{\"@type\":\"EntryPoint\",\"urlTemplate\":\"https:\/\/www.notibras.com\/site\/?s={search_term_string}\"},\"query-input\":{\"@type\":\"PropertyValueSpecification\",\"valueRequired\":true,\"valueName\":\"search_term_string\"}}],\"inLanguage\":\"pt-BR\"},{\"@type\":\"Organization\",\"@id\":\"https:\/\/www.notibras.com\/site\/#organization\",\"name\":\"Grupo Notibras de Comunica\u00e7\u00e3o\",\"url\":\"https:\/\/www.notibras.com\/site\/\",\"logo\":{\"@type\":\"ImageObject\",\"inLanguage\":\"pt-BR\",\"@id\":\"https:\/\/www.notibras.com\/site\/#\/schema\/logo\/image\/\",\"url\":\"https:\/\/www.notibras.com\/site\/wp-content\/uploads\/2023\/01\/notibras23.png\",\"contentUrl\":\"https:\/\/www.notibras.com\/site\/wp-content\/uploads\/2023\/01\/notibras23.png\",\"width\":350,\"height\":87,\"caption\":\"Grupo Notibras de Comunica\u00e7\u00e3o\"},\"image\":{\"@id\":\"https:\/\/www.notibras.com\/site\/#\/schema\/logo\/image\/\"},\"sameAs\":[\"https:\/\/www.facebook.com\/notibras\/\",\"https:\/\/x.com\/Notibras\",\"https:\/\/www.instagram.com\/notibras\/\"]},{\"@type\":\"Person\",\"@id\":\"https:\/\/www.notibras.com\/site\/#\/schema\/person\/36ab0979449956132d3e5b517ea76ac8\",\"name\":\"Reda\u00e7\u00e3o\",\"image\":{\"@type\":\"ImageObject\",\"inLanguage\":\"pt-BR\",\"@id\":\"https:\/\/secure.gravatar.com\/avatar\/e0a867bdedb85fd243eadf09663511f96fc81e0720a4a42581f334ad4303aa6b?s=96&d=mm&r=g\",\"url\":\"https:\/\/secure.gravatar.com\/avatar\/e0a867bdedb85fd243eadf09663511f96fc81e0720a4a42581f334ad4303aa6b?s=96&d=mm&r=g\",\"contentUrl\":\"https:\/\/secure.gravatar.com\/avatar\/e0a867bdedb85fd243eadf09663511f96fc81e0720a4a42581f334ad4303aa6b?s=96&d=mm&r=g\",\"caption\":\"Reda\u00e7\u00e3o\"}}]}<\/script>\n<!-- \/ Yoast SEO plugin. -->","yoast_head_json":{"title":"Nordestinos unidos contra os eventos extremos - Notibras","robots":{"index":"index","follow":"follow","max-snippet":"max-snippet:-1","max-image-preview":"max-image-preview:large","max-video-preview":"max-video-preview:-1"},"canonical":"https:\/\/www.notibras.com\/site\/nordestinos-unidos-contra-os-eventos-extremos\/","og_locale":"pt_BR","og_type":"article","og_title":"Nordestinos unidos contra os eventos extremos - Notibras","og_description":"No Nordeste, o c\u00e9u sempre falou alto. \u00c0s vezes grita em forma de sol rachando a terra, outras vezes desaba em chuvas que chegam sem pedir licen\u00e7a. Entre a seca teimosa e a enchente repentina, o povo aprendeu cedo que o clima n\u00e3o \u00e9 apenas paisagem \u2014 \u00e9 personagem principal da vida. Mas se o [&hellip;]","og_url":"https:\/\/www.notibras.com\/site\/nordestinos-unidos-contra-os-eventos-extremos\/","og_site_name":"Notibras","article_publisher":"https:\/\/www.facebook.com\/notibras\/","article_published_time":"2025-12-20T12:18:52+00:00","og_image":[{"width":800,"height":683,"url":"https:\/\/www.notibras.com\/site\/wp-content\/uploads\/2025\/12\/35694fd1-938e-4220-b6c9-0a9a0bfbb58e.jpg","type":"image\/jpeg"}],"author":"Reda\u00e7\u00e3o","twitter_card":"summary_large_image","twitter_creator":"@Notibras","twitter_site":"@Notibras","twitter_misc":{"Escrito por":"Reda\u00e7\u00e3o","Est. tempo de leitura":"1 minuto"},"schema":{"@context":"https:\/\/schema.org","@graph":[{"@type":"Article","@id":"https:\/\/www.notibras.com\/site\/nordestinos-unidos-contra-os-eventos-extremos\/#article","isPartOf":{"@id":"https:\/\/www.notibras.com\/site\/nordestinos-unidos-contra-os-eventos-extremos\/"},"author":{"name":"Reda\u00e7\u00e3o","@id":"https:\/\/www.notibras.com\/site\/#\/schema\/person\/36ab0979449956132d3e5b517ea76ac8"},"headline":"Nordestinos unidos contra os eventos extremos","datePublished":"2025-12-20T12:18:52+00:00","mainEntityOfPage":{"@id":"https:\/\/www.notibras.com\/site\/nordestinos-unidos-contra-os-eventos-extremos\/"},"wordCount":352,"publisher":{"@id":"https:\/\/www.notibras.com\/site\/#organization"},"image":{"@id":"https:\/\/www.notibras.com\/site\/nordestinos-unidos-contra-os-eventos-extremos\/#primaryimage"},"thumbnailUrl":"https:\/\/www.notibras.com\/site\/wp-content\/uploads\/2025\/12\/35694fd1-938e-4220-b6c9-0a9a0bfbb58e.jpg","articleSection":["Nordeste"],"inLanguage":"pt-BR"},{"@type":"WebPage","@id":"https:\/\/www.notibras.com\/site\/nordestinos-unidos-contra-os-eventos-extremos\/","url":"https:\/\/www.notibras.com\/site\/nordestinos-unidos-contra-os-eventos-extremos\/","name":"Nordestinos unidos contra os eventos extremos - Notibras","isPartOf":{"@id":"https:\/\/www.notibras.com\/site\/#website"},"primaryImageOfPage":{"@id":"https:\/\/www.notibras.com\/site\/nordestinos-unidos-contra-os-eventos-extremos\/#primaryimage"},"image":{"@id":"https:\/\/www.notibras.com\/site\/nordestinos-unidos-contra-os-eventos-extremos\/#primaryimage"},"thumbnailUrl":"https:\/\/www.notibras.com\/site\/wp-content\/uploads\/2025\/12\/35694fd1-938e-4220-b6c9-0a9a0bfbb58e.jpg","datePublished":"2025-12-20T12:18:52+00:00","breadcrumb":{"@id":"https:\/\/www.notibras.com\/site\/nordestinos-unidos-contra-os-eventos-extremos\/#breadcrumb"},"inLanguage":"pt-BR","potentialAction":[{"@type":"ReadAction","target":["https:\/\/www.notibras.com\/site\/nordestinos-unidos-contra-os-eventos-extremos\/"]}]},{"@type":"ImageObject","inLanguage":"pt-BR","@id":"https:\/\/www.notibras.com\/site\/nordestinos-unidos-contra-os-eventos-extremos\/#primaryimage","url":"https:\/\/www.notibras.com\/site\/wp-content\/uploads\/2025\/12\/35694fd1-938e-4220-b6c9-0a9a0bfbb58e.jpg","contentUrl":"https:\/\/www.notibras.com\/site\/wp-content\/uploads\/2025\/12\/35694fd1-938e-4220-b6c9-0a9a0bfbb58e.jpg","width":800,"height":683},{"@type":"BreadcrumbList","@id":"https:\/\/www.notibras.com\/site\/nordestinos-unidos-contra-os-eventos-extremos\/#breadcrumb","itemListElement":[{"@type":"ListItem","position":1,"name":"In\u00edcio","item":"https:\/\/www.notibras.com\/site\/"},{"@type":"ListItem","position":2,"name":"Nordestinos unidos contra os eventos extremos"}]},{"@type":"WebSite","@id":"https:\/\/www.notibras.com\/site\/#website","url":"https:\/\/www.notibras.com\/site\/","name":"Notibras","description":"Not\u00edcias de Bras\u00edlia, do Brasil e do Mundo","publisher":{"@id":"https:\/\/www.notibras.com\/site\/#organization"},"potentialAction":[{"@type":"SearchAction","target":{"@type":"EntryPoint","urlTemplate":"https:\/\/www.notibras.com\/site\/?s={search_term_string}"},"query-input":{"@type":"PropertyValueSpecification","valueRequired":true,"valueName":"search_term_string"}}],"inLanguage":"pt-BR"},{"@type":"Organization","@id":"https:\/\/www.notibras.com\/site\/#organization","name":"Grupo Notibras de Comunica\u00e7\u00e3o","url":"https:\/\/www.notibras.com\/site\/","logo":{"@type":"ImageObject","inLanguage":"pt-BR","@id":"https:\/\/www.notibras.com\/site\/#\/schema\/logo\/image\/","url":"https:\/\/www.notibras.com\/site\/wp-content\/uploads\/2023\/01\/notibras23.png","contentUrl":"https:\/\/www.notibras.com\/site\/wp-content\/uploads\/2023\/01\/notibras23.png","width":350,"height":87,"caption":"Grupo Notibras de Comunica\u00e7\u00e3o"},"image":{"@id":"https:\/\/www.notibras.com\/site\/#\/schema\/logo\/image\/"},"sameAs":["https:\/\/www.facebook.com\/notibras\/","https:\/\/x.com\/Notibras","https:\/\/www.instagram.com\/notibras\/"]},{"@type":"Person","@id":"https:\/\/www.notibras.com\/site\/#\/schema\/person\/36ab0979449956132d3e5b517ea76ac8","name":"Reda\u00e7\u00e3o","image":{"@type":"ImageObject","inLanguage":"pt-BR","@id":"https:\/\/secure.gravatar.com\/avatar\/e0a867bdedb85fd243eadf09663511f96fc81e0720a4a42581f334ad4303aa6b?s=96&d=mm&r=g","url":"https:\/\/secure.gravatar.com\/avatar\/e0a867bdedb85fd243eadf09663511f96fc81e0720a4a42581f334ad4303aa6b?s=96&d=mm&r=g","contentUrl":"https:\/\/secure.gravatar.com\/avatar\/e0a867bdedb85fd243eadf09663511f96fc81e0720a4a42581f334ad4303aa6b?s=96&d=mm&r=g","caption":"Reda\u00e7\u00e3o"}}]}},"amp_enabled":true,"_links":{"self":[{"href":"https:\/\/www.notibras.com\/site\/wp-json\/wp\/v2\/posts\/375610","targetHints":{"allow":["GET"]}}],"collection":[{"href":"https:\/\/www.notibras.com\/site\/wp-json\/wp\/v2\/posts"}],"about":[{"href":"https:\/\/www.notibras.com\/site\/wp-json\/wp\/v2\/types\/post"}],"author":[{"embeddable":true,"href":"https:\/\/www.notibras.com\/site\/wp-json\/wp\/v2\/users\/2"}],"replies":[{"embeddable":true,"href":"https:\/\/www.notibras.com\/site\/wp-json\/wp\/v2\/comments?post=375610"}],"version-history":[{"count":1,"href":"https:\/\/www.notibras.com\/site\/wp-json\/wp\/v2\/posts\/375610\/revisions"}],"predecessor-version":[{"id":375612,"href":"https:\/\/www.notibras.com\/site\/wp-json\/wp\/v2\/posts\/375610\/revisions\/375612"}],"wp:featuredmedia":[{"embeddable":true,"href":"https:\/\/www.notibras.com\/site\/wp-json\/wp\/v2\/media\/375611"}],"wp:attachment":[{"href":"https:\/\/www.notibras.com\/site\/wp-json\/wp\/v2\/media?parent=375610"}],"wp:term":[{"taxonomy":"category","embeddable":true,"href":"https:\/\/www.notibras.com\/site\/wp-json\/wp\/v2\/categories?post=375610"},{"taxonomy":"post_tag","embeddable":true,"href":"https:\/\/www.notibras.com\/site\/wp-json\/wp\/v2\/tags?post=375610"}],"curies":[{"name":"wp","href":"https:\/\/api.w.org\/{rel}","templated":true}]}}