{"id":375613,"date":"2025-12-20T09:00:44","date_gmt":"2025-12-20T12:00:44","guid":{"rendered":"https:\/\/www.notibras.com\/site\/?p=375613"},"modified":"2025-12-20T09:25:20","modified_gmt":"2025-12-20T12:25:20","slug":"violencia-contra-a-mulher-cresce-samu-atende-20-casos-por-mes","status":"publish","type":"post","link":"https:\/\/www.notibras.com\/site\/violencia-contra-a-mulher-cresce-samu-atende-20-casos-por-mes\/","title":{"rendered":"Viol\u00eancia contra a mulher cresce; Samu atende 20 casos por m\u00eas"},"content":{"rendered":"<p>A viol\u00eancia contra a mulher segue em crescimento em Alagoas e tem gerado impactos diretos no sistema de sa\u00fade de urg\u00eancia. Dados recentes apontam que o Servi\u00e7o de Atendimento M\u00f3vel de Urg\u00eancia (Samu) atende, em m\u00e9dia, 20 ocorr\u00eancias por m\u00eas envolvendo mulheres v\u00edtimas de agress\u00f5es, n\u00famero que acende um alerta para a gravidade do problema no estado.<\/p>\n<p>Os chamados ao Samu incluem casos de agress\u00f5es f\u00edsicas, ferimentos por armas brancas, viol\u00eancia dom\u00e9stica e situa\u00e7\u00f5es de extrema vulnerabilidade emocional. Na maioria das ocorr\u00eancias, as v\u00edtimas s\u00e3o socorridas dentro de suas pr\u00f3prias casas, o que refor\u00e7a o car\u00e1ter dom\u00e9stico da viol\u00eancia e a dificuldade de rompimento do ciclo de agress\u00f5es.<\/p>\n<p>Profissionais do Samu relatam que, al\u00e9m dos ferimentos vis\u00edveis, muitas mulheres apresentam sinais de abalo psicol\u00f3gico, medo e resist\u00eancia em denunciar os agressores. \u201cEm muitos atendimentos, a v\u00edtima pede ajuda m\u00e9dica, mas evita registrar ocorr\u00eancia por receio de repres\u00e1lias ou por depend\u00eancia financeira e emocional\u201d, afirma um socorrista que atua no servi\u00e7o.<\/p>\n<p>Especialistas destacam que os n\u00fameros podem ser ainda maiores, j\u00e1 que grande parte dos casos de viol\u00eancia contra a mulher n\u00e3o chega aos servi\u00e7os de emerg\u00eancia ou n\u00e3o \u00e9 oficialmente registrada. O sil\u00eancio, o medo e a normaliza\u00e7\u00e3o da viol\u00eancia contribuem para a subnotifica\u00e7\u00e3o e dificultam a atua\u00e7\u00e3o efetiva do poder p\u00fablico.<\/p>\n<p><strong>Perfil das ocorr\u00eancias<\/strong><br \/>\nDe acordo com o Samu, a maioria dos atendimentos acontece \u00e0 noite e nos fins de semana, per\u00edodos em que aumentam os conflitos familiares. As v\u00edtimas t\u00eam, em geral, entre 20 e 45 anos, e os agressores costumam ser companheiros ou ex-companheiros, o que refor\u00e7a a necessidade de pol\u00edticas p\u00fablicas voltadas \u00e0 preven\u00e7\u00e3o da viol\u00eancia dom\u00e9stica.<\/p>\n<p>Ap\u00f3s o atendimento pr\u00e9-hospitalar, muitas mulheres s\u00e3o encaminhadas para unidades de sa\u00fade de m\u00e9dia e alta complexidade, onde recebem cuidados m\u00e9dicos e, em alguns casos, acompanhamento psicol\u00f3gico. No entanto, a rede de prote\u00e7\u00e3o ainda enfrenta desafios para garantir acolhimento cont\u00ednuo e seguran\u00e7a \u00e0s v\u00edtimas.<\/p>\n<p><strong>Rede de enfrentamento e den\u00fancias<\/strong><br \/>\nAutoridades e entidades de defesa dos direitos das mulheres ressaltam a import\u00e2ncia da den\u00fancia como ferramenta fundamental para combater a viol\u00eancia. Canais como o Disque 180, al\u00e9m das delegacias especializadas e da Pol\u00edcia Militar, funcionam como portas de entrada para a rede de prote\u00e7\u00e3o.<\/p>\n<p>\u201cO enfrentamento da viol\u00eancia contra a mulher n\u00e3o depende apenas da repress\u00e3o, mas tamb\u00e9m de educa\u00e7\u00e3o, preven\u00e7\u00e3o e apoio social\u201d, destacam representantes de movimentos sociais. Campanhas educativas e o fortalecimento dos servi\u00e7os de acolhimento s\u00e3o apontados como medidas urgentes para reduzir os \u00edndices e salvar vidas.<\/p>\n<p>Enquanto os n\u00fameros continuam crescendo, o trabalho do Samu evidencia uma realidade dura e cotidiana: a viol\u00eancia contra a mulher em Alagoas \u00e9 um problema de sa\u00fade p\u00fablica, social e de direitos humanos, que exige a\u00e7\u00f5es integradas e permanentes para ser enfrentado.<\/p>\n","protected":false},"excerpt":{"rendered":"<p>A viol\u00eancia contra a mulher segue em crescimento em Alagoas e tem gerado impactos diretos no sistema de sa\u00fade de urg\u00eancia. Dados recentes apontam que o Servi\u00e7o de Atendimento M\u00f3vel de Urg\u00eancia (Samu) atende, em m\u00e9dia, 20 ocorr\u00eancias por m\u00eas envolvendo mulheres v\u00edtimas de agress\u00f5es, n\u00famero que acende um alerta para a gravidade do problema [&hellip;]<\/p>\n","protected":false},"author":2,"featured_media":375614,"comment_status":"closed","ping_status":"closed","sticky":false,"template":"","format":"standard","meta":{"_acf_changed":false,"footnotes":""},"categories":[165],"tags":[],"class_list":["post-375613","post","type-post","status-publish","format-standard","has-post-thumbnail","hentry","category-nordeste"],"acf":[],"yoast_head":"<!-- This site is optimized with the Yoast SEO plugin v27.2 - https:\/\/yoast.com\/product\/yoast-seo-wordpress\/ -->\n<title>Viol\u00eancia contra a mulher cresce; Samu atende 20 casos por m\u00eas - Notibras<\/title>\n<meta name=\"robots\" content=\"index, follow, max-snippet:-1, max-image-preview:large, max-video-preview:-1\" \/>\n<link rel=\"canonical\" href=\"https:\/\/www.notibras.com\/site\/violencia-contra-a-mulher-cresce-samu-atende-20-casos-por-mes\/\" \/>\n<meta property=\"og:locale\" content=\"pt_BR\" \/>\n<meta property=\"og:type\" content=\"article\" \/>\n<meta property=\"og:title\" content=\"Viol\u00eancia contra a mulher cresce; Samu atende 20 casos por m\u00eas - Notibras\" \/>\n<meta property=\"og:description\" content=\"A viol\u00eancia contra a mulher segue em crescimento em Alagoas e tem gerado impactos diretos no sistema de sa\u00fade de urg\u00eancia. Dados recentes apontam que o Servi\u00e7o de Atendimento M\u00f3vel de Urg\u00eancia (Samu) atende, em m\u00e9dia, 20 ocorr\u00eancias por m\u00eas envolvendo mulheres v\u00edtimas de agress\u00f5es, n\u00famero que acende um alerta para a gravidade do problema [&hellip;]\" \/>\n<meta property=\"og:url\" content=\"https:\/\/www.notibras.com\/site\/violencia-contra-a-mulher-cresce-samu-atende-20-casos-por-mes\/\" \/>\n<meta property=\"og:site_name\" content=\"Notibras\" \/>\n<meta property=\"article:publisher\" content=\"https:\/\/www.facebook.com\/notibras\/\" \/>\n<meta property=\"article:published_time\" content=\"2025-12-20T12:00:44+00:00\" \/>\n<meta property=\"article:modified_time\" content=\"2025-12-20T12:25:20+00:00\" \/>\n<meta property=\"og:image\" content=\"https:\/\/www.notibras.com\/site\/wp-content\/uploads\/2025\/12\/ea4d2f81-5cc9-4b95-ae0c-bf870a77e1bc.jpg\" \/>\n\t<meta property=\"og:image:width\" content=\"678\" \/>\n\t<meta property=\"og:image:height\" content=\"452\" \/>\n\t<meta property=\"og:image:type\" content=\"image\/jpeg\" \/>\n<meta name=\"author\" content=\"Reda\u00e7\u00e3o\" \/>\n<meta name=\"twitter:card\" content=\"summary_large_image\" \/>\n<meta name=\"twitter:creator\" content=\"@Notibras\" \/>\n<meta name=\"twitter:site\" content=\"@Notibras\" \/>\n<meta name=\"twitter:label1\" content=\"Escrito por\" \/>\n\t<meta name=\"twitter:data1\" content=\"Reda\u00e7\u00e3o\" \/>\n\t<meta name=\"twitter:label2\" content=\"Est. tempo de leitura\" \/>\n\t<meta name=\"twitter:data2\" content=\"3 minutos\" \/>\n<script type=\"application\/ld+json\" class=\"yoast-schema-graph\">{\"@context\":\"https:\/\/schema.org\",\"@graph\":[{\"@type\":\"Article\",\"@id\":\"https:\/\/www.notibras.com\/site\/violencia-contra-a-mulher-cresce-samu-atende-20-casos-por-mes\/#article\",\"isPartOf\":{\"@id\":\"https:\/\/www.notibras.com\/site\/violencia-contra-a-mulher-cresce-samu-atende-20-casos-por-mes\/\"},\"author\":{\"name\":\"Reda\u00e7\u00e3o\",\"@id\":\"https:\/\/www.notibras.com\/site\/#\/schema\/person\/36ab0979449956132d3e5b517ea76ac8\"},\"headline\":\"Viol\u00eancia contra a mulher cresce; Samu atende 20 casos por m\u00eas\",\"datePublished\":\"2025-12-20T12:00:44+00:00\",\"dateModified\":\"2025-12-20T12:25:20+00:00\",\"mainEntityOfPage\":{\"@id\":\"https:\/\/www.notibras.com\/site\/violencia-contra-a-mulher-cresce-samu-atende-20-casos-por-mes\/\"},\"wordCount\":545,\"publisher\":{\"@id\":\"https:\/\/www.notibras.com\/site\/#organization\"},\"image\":{\"@id\":\"https:\/\/www.notibras.com\/site\/violencia-contra-a-mulher-cresce-samu-atende-20-casos-por-mes\/#primaryimage\"},\"thumbnailUrl\":\"https:\/\/www.notibras.com\/site\/wp-content\/uploads\/2025\/12\/ea4d2f81-5cc9-4b95-ae0c-bf870a77e1bc.jpg\",\"articleSection\":[\"Nordeste\"],\"inLanguage\":\"pt-BR\"},{\"@type\":\"WebPage\",\"@id\":\"https:\/\/www.notibras.com\/site\/violencia-contra-a-mulher-cresce-samu-atende-20-casos-por-mes\/\",\"url\":\"https:\/\/www.notibras.com\/site\/violencia-contra-a-mulher-cresce-samu-atende-20-casos-por-mes\/\",\"name\":\"Viol\u00eancia contra a mulher cresce; Samu atende 20 casos por m\u00eas - Notibras\",\"isPartOf\":{\"@id\":\"https:\/\/www.notibras.com\/site\/#website\"},\"primaryImageOfPage\":{\"@id\":\"https:\/\/www.notibras.com\/site\/violencia-contra-a-mulher-cresce-samu-atende-20-casos-por-mes\/#primaryimage\"},\"image\":{\"@id\":\"https:\/\/www.notibras.com\/site\/violencia-contra-a-mulher-cresce-samu-atende-20-casos-por-mes\/#primaryimage\"},\"thumbnailUrl\":\"https:\/\/www.notibras.com\/site\/wp-content\/uploads\/2025\/12\/ea4d2f81-5cc9-4b95-ae0c-bf870a77e1bc.jpg\",\"datePublished\":\"2025-12-20T12:00:44+00:00\",\"dateModified\":\"2025-12-20T12:25:20+00:00\",\"breadcrumb\":{\"@id\":\"https:\/\/www.notibras.com\/site\/violencia-contra-a-mulher-cresce-samu-atende-20-casos-por-mes\/#breadcrumb\"},\"inLanguage\":\"pt-BR\",\"potentialAction\":[{\"@type\":\"ReadAction\",\"target\":[\"https:\/\/www.notibras.com\/site\/violencia-contra-a-mulher-cresce-samu-atende-20-casos-por-mes\/\"]}]},{\"@type\":\"ImageObject\",\"inLanguage\":\"pt-BR\",\"@id\":\"https:\/\/www.notibras.com\/site\/violencia-contra-a-mulher-cresce-samu-atende-20-casos-por-mes\/#primaryimage\",\"url\":\"https:\/\/www.notibras.com\/site\/wp-content\/uploads\/2025\/12\/ea4d2f81-5cc9-4b95-ae0c-bf870a77e1bc.jpg\",\"contentUrl\":\"https:\/\/www.notibras.com\/site\/wp-content\/uploads\/2025\/12\/ea4d2f81-5cc9-4b95-ae0c-bf870a77e1bc.jpg\",\"width\":678,\"height\":452},{\"@type\":\"BreadcrumbList\",\"@id\":\"https:\/\/www.notibras.com\/site\/violencia-contra-a-mulher-cresce-samu-atende-20-casos-por-mes\/#breadcrumb\",\"itemListElement\":[{\"@type\":\"ListItem\",\"position\":1,\"name\":\"In\u00edcio\",\"item\":\"https:\/\/www.notibras.com\/site\/\"},{\"@type\":\"ListItem\",\"position\":2,\"name\":\"Viol\u00eancia contra a mulher cresce; Samu atende 20 casos por m\u00eas\"}]},{\"@type\":\"WebSite\",\"@id\":\"https:\/\/www.notibras.com\/site\/#website\",\"url\":\"https:\/\/www.notibras.com\/site\/\",\"name\":\"Notibras\",\"description\":\"Not\u00edcias de Bras\u00edlia, do Brasil e do Mundo\",\"publisher\":{\"@id\":\"https:\/\/www.notibras.com\/site\/#organization\"},\"potentialAction\":[{\"@type\":\"SearchAction\",\"target\":{\"@type\":\"EntryPoint\",\"urlTemplate\":\"https:\/\/www.notibras.com\/site\/?s={search_term_string}\"},\"query-input\":{\"@type\":\"PropertyValueSpecification\",\"valueRequired\":true,\"valueName\":\"search_term_string\"}}],\"inLanguage\":\"pt-BR\"},{\"@type\":\"Organization\",\"@id\":\"https:\/\/www.notibras.com\/site\/#organization\",\"name\":\"Grupo Notibras de Comunica\u00e7\u00e3o\",\"url\":\"https:\/\/www.notibras.com\/site\/\",\"logo\":{\"@type\":\"ImageObject\",\"inLanguage\":\"pt-BR\",\"@id\":\"https:\/\/www.notibras.com\/site\/#\/schema\/logo\/image\/\",\"url\":\"https:\/\/www.notibras.com\/site\/wp-content\/uploads\/2023\/01\/notibras23.png\",\"contentUrl\":\"https:\/\/www.notibras.com\/site\/wp-content\/uploads\/2023\/01\/notibras23.png\",\"width\":350,\"height\":87,\"caption\":\"Grupo Notibras de Comunica\u00e7\u00e3o\"},\"image\":{\"@id\":\"https:\/\/www.notibras.com\/site\/#\/schema\/logo\/image\/\"},\"sameAs\":[\"https:\/\/www.facebook.com\/notibras\/\",\"https:\/\/x.com\/Notibras\",\"https:\/\/www.instagram.com\/notibras\/\"]},{\"@type\":\"Person\",\"@id\":\"https:\/\/www.notibras.com\/site\/#\/schema\/person\/36ab0979449956132d3e5b517ea76ac8\",\"name\":\"Reda\u00e7\u00e3o\",\"image\":{\"@type\":\"ImageObject\",\"inLanguage\":\"pt-BR\",\"@id\":\"https:\/\/secure.gravatar.com\/avatar\/e0a867bdedb85fd243eadf09663511f96fc81e0720a4a42581f334ad4303aa6b?s=96&d=mm&r=g\",\"url\":\"https:\/\/secure.gravatar.com\/avatar\/e0a867bdedb85fd243eadf09663511f96fc81e0720a4a42581f334ad4303aa6b?s=96&d=mm&r=g\",\"contentUrl\":\"https:\/\/secure.gravatar.com\/avatar\/e0a867bdedb85fd243eadf09663511f96fc81e0720a4a42581f334ad4303aa6b?s=96&d=mm&r=g\",\"caption\":\"Reda\u00e7\u00e3o\"}}]}<\/script>\n<!-- \/ Yoast SEO plugin. -->","yoast_head_json":{"title":"Viol\u00eancia contra a mulher cresce; Samu atende 20 casos por m\u00eas - Notibras","robots":{"index":"index","follow":"follow","max-snippet":"max-snippet:-1","max-image-preview":"max-image-preview:large","max-video-preview":"max-video-preview:-1"},"canonical":"https:\/\/www.notibras.com\/site\/violencia-contra-a-mulher-cresce-samu-atende-20-casos-por-mes\/","og_locale":"pt_BR","og_type":"article","og_title":"Viol\u00eancia contra a mulher cresce; Samu atende 20 casos por m\u00eas - Notibras","og_description":"A viol\u00eancia contra a mulher segue em crescimento em Alagoas e tem gerado impactos diretos no sistema de sa\u00fade de urg\u00eancia. Dados recentes apontam que o Servi\u00e7o de Atendimento M\u00f3vel de Urg\u00eancia (Samu) atende, em m\u00e9dia, 20 ocorr\u00eancias por m\u00eas envolvendo mulheres v\u00edtimas de agress\u00f5es, n\u00famero que acende um alerta para a gravidade do problema [&hellip;]","og_url":"https:\/\/www.notibras.com\/site\/violencia-contra-a-mulher-cresce-samu-atende-20-casos-por-mes\/","og_site_name":"Notibras","article_publisher":"https:\/\/www.facebook.com\/notibras\/","article_published_time":"2025-12-20T12:00:44+00:00","article_modified_time":"2025-12-20T12:25:20+00:00","og_image":[{"width":678,"height":452,"url":"https:\/\/www.notibras.com\/site\/wp-content\/uploads\/2025\/12\/ea4d2f81-5cc9-4b95-ae0c-bf870a77e1bc.jpg","type":"image\/jpeg"}],"author":"Reda\u00e7\u00e3o","twitter_card":"summary_large_image","twitter_creator":"@Notibras","twitter_site":"@Notibras","twitter_misc":{"Escrito por":"Reda\u00e7\u00e3o","Est. tempo de leitura":"3 minutos"},"schema":{"@context":"https:\/\/schema.org","@graph":[{"@type":"Article","@id":"https:\/\/www.notibras.com\/site\/violencia-contra-a-mulher-cresce-samu-atende-20-casos-por-mes\/#article","isPartOf":{"@id":"https:\/\/www.notibras.com\/site\/violencia-contra-a-mulher-cresce-samu-atende-20-casos-por-mes\/"},"author":{"name":"Reda\u00e7\u00e3o","@id":"https:\/\/www.notibras.com\/site\/#\/schema\/person\/36ab0979449956132d3e5b517ea76ac8"},"headline":"Viol\u00eancia contra a mulher cresce; Samu atende 20 casos por m\u00eas","datePublished":"2025-12-20T12:00:44+00:00","dateModified":"2025-12-20T12:25:20+00:00","mainEntityOfPage":{"@id":"https:\/\/www.notibras.com\/site\/violencia-contra-a-mulher-cresce-samu-atende-20-casos-por-mes\/"},"wordCount":545,"publisher":{"@id":"https:\/\/www.notibras.com\/site\/#organization"},"image":{"@id":"https:\/\/www.notibras.com\/site\/violencia-contra-a-mulher-cresce-samu-atende-20-casos-por-mes\/#primaryimage"},"thumbnailUrl":"https:\/\/www.notibras.com\/site\/wp-content\/uploads\/2025\/12\/ea4d2f81-5cc9-4b95-ae0c-bf870a77e1bc.jpg","articleSection":["Nordeste"],"inLanguage":"pt-BR"},{"@type":"WebPage","@id":"https:\/\/www.notibras.com\/site\/violencia-contra-a-mulher-cresce-samu-atende-20-casos-por-mes\/","url":"https:\/\/www.notibras.com\/site\/violencia-contra-a-mulher-cresce-samu-atende-20-casos-por-mes\/","name":"Viol\u00eancia contra a mulher cresce; Samu atende 20 casos por m\u00eas - Notibras","isPartOf":{"@id":"https:\/\/www.notibras.com\/site\/#website"},"primaryImageOfPage":{"@id":"https:\/\/www.notibras.com\/site\/violencia-contra-a-mulher-cresce-samu-atende-20-casos-por-mes\/#primaryimage"},"image":{"@id":"https:\/\/www.notibras.com\/site\/violencia-contra-a-mulher-cresce-samu-atende-20-casos-por-mes\/#primaryimage"},"thumbnailUrl":"https:\/\/www.notibras.com\/site\/wp-content\/uploads\/2025\/12\/ea4d2f81-5cc9-4b95-ae0c-bf870a77e1bc.jpg","datePublished":"2025-12-20T12:00:44+00:00","dateModified":"2025-12-20T12:25:20+00:00","breadcrumb":{"@id":"https:\/\/www.notibras.com\/site\/violencia-contra-a-mulher-cresce-samu-atende-20-casos-por-mes\/#breadcrumb"},"inLanguage":"pt-BR","potentialAction":[{"@type":"ReadAction","target":["https:\/\/www.notibras.com\/site\/violencia-contra-a-mulher-cresce-samu-atende-20-casos-por-mes\/"]}]},{"@type":"ImageObject","inLanguage":"pt-BR","@id":"https:\/\/www.notibras.com\/site\/violencia-contra-a-mulher-cresce-samu-atende-20-casos-por-mes\/#primaryimage","url":"https:\/\/www.notibras.com\/site\/wp-content\/uploads\/2025\/12\/ea4d2f81-5cc9-4b95-ae0c-bf870a77e1bc.jpg","contentUrl":"https:\/\/www.notibras.com\/site\/wp-content\/uploads\/2025\/12\/ea4d2f81-5cc9-4b95-ae0c-bf870a77e1bc.jpg","width":678,"height":452},{"@type":"BreadcrumbList","@id":"https:\/\/www.notibras.com\/site\/violencia-contra-a-mulher-cresce-samu-atende-20-casos-por-mes\/#breadcrumb","itemListElement":[{"@type":"ListItem","position":1,"name":"In\u00edcio","item":"https:\/\/www.notibras.com\/site\/"},{"@type":"ListItem","position":2,"name":"Viol\u00eancia contra a mulher cresce; Samu atende 20 casos por m\u00eas"}]},{"@type":"WebSite","@id":"https:\/\/www.notibras.com\/site\/#website","url":"https:\/\/www.notibras.com\/site\/","name":"Notibras","description":"Not\u00edcias de Bras\u00edlia, do Brasil e do Mundo","publisher":{"@id":"https:\/\/www.notibras.com\/site\/#organization"},"potentialAction":[{"@type":"SearchAction","target":{"@type":"EntryPoint","urlTemplate":"https:\/\/www.notibras.com\/site\/?s={search_term_string}"},"query-input":{"@type":"PropertyValueSpecification","valueRequired":true,"valueName":"search_term_string"}}],"inLanguage":"pt-BR"},{"@type":"Organization","@id":"https:\/\/www.notibras.com\/site\/#organization","name":"Grupo Notibras de Comunica\u00e7\u00e3o","url":"https:\/\/www.notibras.com\/site\/","logo":{"@type":"ImageObject","inLanguage":"pt-BR","@id":"https:\/\/www.notibras.com\/site\/#\/schema\/logo\/image\/","url":"https:\/\/www.notibras.com\/site\/wp-content\/uploads\/2023\/01\/notibras23.png","contentUrl":"https:\/\/www.notibras.com\/site\/wp-content\/uploads\/2023\/01\/notibras23.png","width":350,"height":87,"caption":"Grupo Notibras de Comunica\u00e7\u00e3o"},"image":{"@id":"https:\/\/www.notibras.com\/site\/#\/schema\/logo\/image\/"},"sameAs":["https:\/\/www.facebook.com\/notibras\/","https:\/\/x.com\/Notibras","https:\/\/www.instagram.com\/notibras\/"]},{"@type":"Person","@id":"https:\/\/www.notibras.com\/site\/#\/schema\/person\/36ab0979449956132d3e5b517ea76ac8","name":"Reda\u00e7\u00e3o","image":{"@type":"ImageObject","inLanguage":"pt-BR","@id":"https:\/\/secure.gravatar.com\/avatar\/e0a867bdedb85fd243eadf09663511f96fc81e0720a4a42581f334ad4303aa6b?s=96&d=mm&r=g","url":"https:\/\/secure.gravatar.com\/avatar\/e0a867bdedb85fd243eadf09663511f96fc81e0720a4a42581f334ad4303aa6b?s=96&d=mm&r=g","contentUrl":"https:\/\/secure.gravatar.com\/avatar\/e0a867bdedb85fd243eadf09663511f96fc81e0720a4a42581f334ad4303aa6b?s=96&d=mm&r=g","caption":"Reda\u00e7\u00e3o"}}]}},"amp_enabled":true,"_links":{"self":[{"href":"https:\/\/www.notibras.com\/site\/wp-json\/wp\/v2\/posts\/375613","targetHints":{"allow":["GET"]}}],"collection":[{"href":"https:\/\/www.notibras.com\/site\/wp-json\/wp\/v2\/posts"}],"about":[{"href":"https:\/\/www.notibras.com\/site\/wp-json\/wp\/v2\/types\/post"}],"author":[{"embeddable":true,"href":"https:\/\/www.notibras.com\/site\/wp-json\/wp\/v2\/users\/2"}],"replies":[{"embeddable":true,"href":"https:\/\/www.notibras.com\/site\/wp-json\/wp\/v2\/comments?post=375613"}],"version-history":[{"count":1,"href":"https:\/\/www.notibras.com\/site\/wp-json\/wp\/v2\/posts\/375613\/revisions"}],"predecessor-version":[{"id":375615,"href":"https:\/\/www.notibras.com\/site\/wp-json\/wp\/v2\/posts\/375613\/revisions\/375615"}],"wp:featuredmedia":[{"embeddable":true,"href":"https:\/\/www.notibras.com\/site\/wp-json\/wp\/v2\/media\/375614"}],"wp:attachment":[{"href":"https:\/\/www.notibras.com\/site\/wp-json\/wp\/v2\/media?parent=375613"}],"wp:term":[{"taxonomy":"category","embeddable":true,"href":"https:\/\/www.notibras.com\/site\/wp-json\/wp\/v2\/categories?post=375613"},{"taxonomy":"post_tag","embeddable":true,"href":"https:\/\/www.notibras.com\/site\/wp-json\/wp\/v2\/tags?post=375613"}],"curies":[{"name":"wp","href":"https:\/\/api.w.org\/{rel}","templated":true}]}}