{"id":375616,"date":"2025-12-20T09:33:08","date_gmt":"2025-12-20T12:33:08","guid":{"rendered":"https:\/\/www.notibras.com\/site\/?p=375616"},"modified":"2025-12-20T09:33:08","modified_gmt":"2025-12-20T12:33:08","slug":"a-velha-e-sagrada-biblia-os-vedas-e-a-cabala","status":"publish","type":"post","link":"https:\/\/www.notibras.com\/site\/a-velha-e-sagrada-biblia-os-vedas-e-a-cabala\/","title":{"rendered":"A velha e sagrada B\u00edblia, os Vedas e a Cabala"},"content":{"rendered":"<p>A B\u00edblia Sagrada \u00e9 um texto complexo, produzido ao longo de mais de um mil\u00eanio, permeado de met\u00e1foras, axiomas e simbolismos, envolvendo m\u00faltiplos contextos hist\u00f3ricos, pol\u00edticos e culturais do Antigo Oriente Pr\u00f3ximo e do mundo greco-romano. Longe de ser um livro unit\u00e1rio, a B\u00edblia resulta da compila\u00e7\u00e3o de tradi\u00e7\u00f5es orais, registros sacerdotais, escritos prof\u00e9ticos e textos sapienci\u00acais, cuja autoria permanece ignorada, de acordo com a \u00e9poca e o poder pol\u00edtico reinante. Tal caracter\u00edstica aproxima a B\u00edblia de outros grandes sistemas tradicionais, como os Vedas indianos e o corpus cabal\u00edstico judaico, igualmente formados por camadas sucessivas de transmiss\u00e3o inici\u00e1tica, cujas atualiza\u00e7\u00f5es ocorreram ao longo do tempo. Algo semelhante a Constitui\u00e7\u00e3o da Na\u00e7\u00e3o e as emendas parlamentares que servem para alterar o texto original segundo as conveni\u00eancia das for\u00e7as dominadoras.<\/p>\n<p>O Antigo Testamento antecede o per\u00edodo crist\u00e3o, e compartilha sua base textual com a Tradi\u00e7\u00e3o eg\u00edpcia e o Torah, enquanto o Novo Testamento introduz uma teologia centrada no Logos encarnado, Jesus Cristo. Em leitura hist\u00f3rico-cr\u00edtica, essas se\u00e7\u00f5es expressam diferentes est\u00e1gios da consci\u00eancia religiosa de Israel e do cristianismo nascente; contudo, na leitura herm\u00e9tica e esot\u00e9rica, tais divis\u00f5es representam n\u00edveis simb\u00f3licos do processo de manifesta\u00e7\u00e3o, queda e retorno do ser humano ao princ\u00edpio divino.<\/p>\n<p>No contexto herm\u00e9tico crist\u00e3o, desenvolvido entre os primeiros s\u00e9culos da era comum e retomada no Renascimento, a B\u00edblia \u00e9 compreendida como um texto inici\u00e1tico velado, cujas narrativas descrevem processos interiores da alma. O G\u00eanesis, por exemplo, n\u00e3o \u00e9 apenas um relato cosmog\u00f4nico, mas um mapa simb\u00f3lico da emana\u00e7\u00e3o da consci\u00eancia, no qual a cria\u00e7\u00e3o do mundo reflete a diferencia\u00e7\u00e3o do Uno em m\u00faltiplos planos de exist\u00eancia. A queda de Ad\u00e3o e Eva \u00e9 interpretada como a descida do esp\u00edrito \u00e0 mat\u00e9ria, analogamente ao conceito cabal\u00edstico de Tzimtzum (contra\u00e7\u00e3o divina) e \u00e0 no\u00e7\u00e3o v\u00e9dica de M\u0101y\u0101, o v\u00e9u da manifesta\u00e7\u00e3o, ou ainda o princ\u00edpio alqu\u00edmico \u201cSolve et Coagula\u201d.<\/p>\n<p>A Cabala judaica aprofunda essa leitura simb\u00f3lica ao interpretar o texto b\u00edblico como express\u00e3o codificada da estrutura do cosmos e da psique humana. A \u00c1rvore da Vida, com suas dez Sefirot, funciona como um modelo metaf\u00edsico que descreve o fluxo da divindade desde o Infinito incognosc\u00edvel at\u00e9 o mundo material. Esses estados existenciais e inici\u00e1ticos do ser humano s\u00e3o tamb\u00e9m representados e simbolicamente ilustrados nos 22 Arcanos Maiores do Tarot. Passagens b\u00edblicas s\u00e3o, nesse contexto, compreendidas como chaves lingu\u00edsticas e num\u00e9ricas capazes de revelar leis universais. <\/p>\n<p>A compara\u00e7\u00e3o entre a B\u00edblia e o Vedas revela converg\u00eancias significativas no plano simb\u00f3lico. Tal concep\u00e7\u00e3o encontra paralelo nos Upanishads, que identificam no Brahman o princ\u00edpio absoluto e no \u0100tman sua centelha no ser humano, estabelecendo uma ontologia da unidade fundamental. Ambos os sistemas atribuem ao Verbo primordial papel central na cria\u00e7\u00e3o do universo: o Logos b\u00edblico (\u201cNo princ\u00edpio era o Verbo\u201d) corresponde ao Om v\u00e9dico, som arquet\u00edpico que estrutura o cosmos. Al\u00e9m disso, a no\u00e7\u00e3o b\u00edblica de Lei (Torah) encontra analogia no conceito v\u00e9dico de Dharma, entendido como ordem c\u00f3smica e \u00e9tica que sustenta a exist\u00eancia. Essas correspond\u00eancias fundamentam a tese da filosofia perene, segundo a qual diferentes tradi\u00e7\u00f5es expressam, em linguagens culturais distintas, uma mesma realidade metaf\u00edsica fundamental.<\/p>\n<p>Pari passu, a leitura esot\u00e9rica da B\u00edblia encontra resson\u00e2ncia direta na T\u00e1bua de Esmeralda, atribu\u00edda a Hermes Trismegisto, o Tr\u00eas Vezes Grande do Antigo Egito, e tamb\u00e9m no paganismo. O c\u00e9lebre axioma \u201cO que est\u00e1 em cima \u00e9 como o que est\u00e1 embaixo\u201d estabelece um princ\u00edpio de correspond\u00eancia que ilumina passagens b\u00edblicas como a cria\u00e7\u00e3o do homem \u00e0 imagem e semelhan\u00e7a de Deus (Gn 1:26) e a ora\u00e7\u00e3o do Pai-Nosso (\u201cassim na terra como no c\u00e9u\u201d). Na hermen\u00eautica herm\u00e9tica crist\u00e3, tais paralelos indicam que a B\u00edblia compartilha com o hermetismo pag\u00e3o uma cosmologia baseada na analogia entre macrocosmo e microcosmo, na qual o ser humano \u00e9 visto como espelho do cosmos. <\/p>\n<p>A alquimia espiritual descrita na T\u00e1bua de Esmeralda \u2014 transforma\u00e7\u00e3o da mat\u00e9ria bruta em ouro filos\u00f3fico \u2014 encontra equival\u00eancia simb\u00f3lica nos processos b\u00edblicos de purifica\u00e7\u00e3o, morte e ressurrei\u00e7\u00e3o, especialmente na figura de Cristo como lapis philosophorum (Pedra Filosofal).<br \/>\nNo Novo Testamento, a figura de Cristo assume, na leitura herm\u00e9tica, car\u00e1ter te\u00fargico e inici\u00e1tico. Jesus \u00e9 compreendido como manifesta\u00e7\u00e3o do Logos universal, s\u00edmbolo do potencial de diviniza\u00e7\u00e3o do ser humano. A m\u00e1xima paulina \u201cj\u00e1 n\u00e3o sou eu quem vive, mas Cristo vive em mim\u201d ecoa diretamente o ensinamento upanish\u00e1dico da identidade entre \u0100tman e Brahman. Assim, a salva\u00e7\u00e3o crist\u00e3 pode ser interpretada n\u00e3o apenas como evento hist\u00f3rico, mas como processo interior de reintegra\u00e7\u00e3o do ser humano \u00e0 fonte divina. Sua leitura herm\u00e9tica permite compreender que cria\u00e7\u00e3o, revela\u00e7\u00e3o e reden\u00e7\u00e3o s\u00e3o express\u00f5es de um mesmo movimento universal.  <\/p>\n<p>&#8230;&#8230;&#8230;.<\/p>\n<p><strong>Giovanni Seabra<br \/>\nGr\u00e3o-Mestre do Col\u00e9gio dos Magos e Sacerdotisas<br \/>\n@giovanniseabra.esoterico<br \/>\n@colegiodosmagosesacerdotisas<\/strong><\/p>\n","protected":false},"excerpt":{"rendered":"<p>A B\u00edblia Sagrada \u00e9 um texto complexo, produzido ao longo de mais de um mil\u00eanio, permeado de met\u00e1foras, axiomas e simbolismos, envolvendo m\u00faltiplos contextos hist\u00f3ricos, pol\u00edticos e culturais do Antigo Oriente Pr\u00f3ximo e do mundo greco-romano. Longe de ser um livro unit\u00e1rio, a B\u00edblia resulta da compila\u00e7\u00e3o de tradi\u00e7\u00f5es orais, registros sacerdotais, escritos prof\u00e9ticos e [&hellip;]<\/p>\n","protected":false},"author":2,"featured_media":375617,"comment_status":"closed","ping_status":"closed","sticky":false,"template":"","format":"standard","meta":{"_acf_changed":false,"footnotes":""},"categories":[237],"tags":[],"class_list":["post-375616","post","type-post","status-publish","format-standard","has-post-thumbnail","hentry","category-oraculos"],"acf":[],"yoast_head":"<!-- This site is optimized with the Yoast SEO plugin v27.2 - https:\/\/yoast.com\/product\/yoast-seo-wordpress\/ -->\n<title>A velha e sagrada B\u00edblia, os Vedas e a Cabala - Notibras<\/title>\n<meta name=\"robots\" content=\"index, follow, max-snippet:-1, max-image-preview:large, max-video-preview:-1\" \/>\n<link rel=\"canonical\" href=\"https:\/\/www.notibras.com\/site\/a-velha-e-sagrada-biblia-os-vedas-e-a-cabala\/\" \/>\n<meta property=\"og:locale\" content=\"pt_BR\" \/>\n<meta property=\"og:type\" content=\"article\" \/>\n<meta property=\"og:title\" content=\"A velha e sagrada B\u00edblia, os Vedas e a Cabala - Notibras\" \/>\n<meta property=\"og:description\" content=\"A B\u00edblia Sagrada \u00e9 um texto complexo, produzido ao longo de mais de um mil\u00eanio, permeado de met\u00e1foras, axiomas e simbolismos, envolvendo m\u00faltiplos contextos hist\u00f3ricos, pol\u00edticos e culturais do Antigo Oriente Pr\u00f3ximo e do mundo greco-romano. Longe de ser um livro unit\u00e1rio, a B\u00edblia resulta da compila\u00e7\u00e3o de tradi\u00e7\u00f5es orais, registros sacerdotais, escritos prof\u00e9ticos e [&hellip;]\" \/>\n<meta property=\"og:url\" content=\"https:\/\/www.notibras.com\/site\/a-velha-e-sagrada-biblia-os-vedas-e-a-cabala\/\" \/>\n<meta property=\"og:site_name\" content=\"Notibras\" \/>\n<meta property=\"article:publisher\" content=\"https:\/\/www.facebook.com\/notibras\/\" \/>\n<meta property=\"article:published_time\" content=\"2025-12-20T12:33:08+00:00\" \/>\n<meta property=\"og:image\" content=\"https:\/\/www.notibras.com\/site\/wp-content\/uploads\/2025\/12\/4191e3b6-eb76-4aad-be2a-bfb8e6987560.jpg\" \/>\n\t<meta property=\"og:image:width\" content=\"736\" \/>\n\t<meta property=\"og:image:height\" content=\"1308\" \/>\n\t<meta property=\"og:image:type\" content=\"image\/jpeg\" \/>\n<meta name=\"author\" content=\"Reda\u00e7\u00e3o\" \/>\n<meta name=\"twitter:card\" content=\"summary_large_image\" \/>\n<meta name=\"twitter:creator\" content=\"@Notibras\" \/>\n<meta name=\"twitter:site\" content=\"@Notibras\" \/>\n<meta name=\"twitter:label1\" content=\"Escrito por\" \/>\n\t<meta name=\"twitter:data1\" content=\"Reda\u00e7\u00e3o\" \/>\n\t<meta name=\"twitter:label2\" content=\"Est. tempo de leitura\" \/>\n\t<meta name=\"twitter:data2\" content=\"1 minuto\" \/>\n<script type=\"application\/ld+json\" class=\"yoast-schema-graph\">{\"@context\":\"https:\/\/schema.org\",\"@graph\":[{\"@type\":\"Article\",\"@id\":\"https:\/\/www.notibras.com\/site\/a-velha-e-sagrada-biblia-os-vedas-e-a-cabala\/#article\",\"isPartOf\":{\"@id\":\"https:\/\/www.notibras.com\/site\/a-velha-e-sagrada-biblia-os-vedas-e-a-cabala\/\"},\"author\":{\"name\":\"Reda\u00e7\u00e3o\",\"@id\":\"https:\/\/www.notibras.com\/site\/#\/schema\/person\/36ab0979449956132d3e5b517ea76ac8\"},\"headline\":\"A velha e sagrada B\u00edblia, os Vedas e a Cabala\",\"datePublished\":\"2025-12-20T12:33:08+00:00\",\"mainEntityOfPage\":{\"@id\":\"https:\/\/www.notibras.com\/site\/a-velha-e-sagrada-biblia-os-vedas-e-a-cabala\/\"},\"wordCount\":917,\"publisher\":{\"@id\":\"https:\/\/www.notibras.com\/site\/#organization\"},\"image\":{\"@id\":\"https:\/\/www.notibras.com\/site\/a-velha-e-sagrada-biblia-os-vedas-e-a-cabala\/#primaryimage\"},\"thumbnailUrl\":\"https:\/\/www.notibras.com\/site\/wp-content\/uploads\/2025\/12\/4191e3b6-eb76-4aad-be2a-bfb8e6987560.jpg\",\"articleSection\":[\"Or\u00e1culos\"],\"inLanguage\":\"pt-BR\"},{\"@type\":\"WebPage\",\"@id\":\"https:\/\/www.notibras.com\/site\/a-velha-e-sagrada-biblia-os-vedas-e-a-cabala\/\",\"url\":\"https:\/\/www.notibras.com\/site\/a-velha-e-sagrada-biblia-os-vedas-e-a-cabala\/\",\"name\":\"A velha e sagrada B\u00edblia, os Vedas e a Cabala - Notibras\",\"isPartOf\":{\"@id\":\"https:\/\/www.notibras.com\/site\/#website\"},\"primaryImageOfPage\":{\"@id\":\"https:\/\/www.notibras.com\/site\/a-velha-e-sagrada-biblia-os-vedas-e-a-cabala\/#primaryimage\"},\"image\":{\"@id\":\"https:\/\/www.notibras.com\/site\/a-velha-e-sagrada-biblia-os-vedas-e-a-cabala\/#primaryimage\"},\"thumbnailUrl\":\"https:\/\/www.notibras.com\/site\/wp-content\/uploads\/2025\/12\/4191e3b6-eb76-4aad-be2a-bfb8e6987560.jpg\",\"datePublished\":\"2025-12-20T12:33:08+00:00\",\"breadcrumb\":{\"@id\":\"https:\/\/www.notibras.com\/site\/a-velha-e-sagrada-biblia-os-vedas-e-a-cabala\/#breadcrumb\"},\"inLanguage\":\"pt-BR\",\"potentialAction\":[{\"@type\":\"ReadAction\",\"target\":[\"https:\/\/www.notibras.com\/site\/a-velha-e-sagrada-biblia-os-vedas-e-a-cabala\/\"]}]},{\"@type\":\"ImageObject\",\"inLanguage\":\"pt-BR\",\"@id\":\"https:\/\/www.notibras.com\/site\/a-velha-e-sagrada-biblia-os-vedas-e-a-cabala\/#primaryimage\",\"url\":\"https:\/\/www.notibras.com\/site\/wp-content\/uploads\/2025\/12\/4191e3b6-eb76-4aad-be2a-bfb8e6987560.jpg\",\"contentUrl\":\"https:\/\/www.notibras.com\/site\/wp-content\/uploads\/2025\/12\/4191e3b6-eb76-4aad-be2a-bfb8e6987560.jpg\",\"width\":736,\"height\":1308},{\"@type\":\"BreadcrumbList\",\"@id\":\"https:\/\/www.notibras.com\/site\/a-velha-e-sagrada-biblia-os-vedas-e-a-cabala\/#breadcrumb\",\"itemListElement\":[{\"@type\":\"ListItem\",\"position\":1,\"name\":\"In\u00edcio\",\"item\":\"https:\/\/www.notibras.com\/site\/\"},{\"@type\":\"ListItem\",\"position\":2,\"name\":\"A velha e sagrada B\u00edblia, os Vedas e a Cabala\"}]},{\"@type\":\"WebSite\",\"@id\":\"https:\/\/www.notibras.com\/site\/#website\",\"url\":\"https:\/\/www.notibras.com\/site\/\",\"name\":\"Notibras\",\"description\":\"Not\u00edcias de Bras\u00edlia, do Brasil e do Mundo\",\"publisher\":{\"@id\":\"https:\/\/www.notibras.com\/site\/#organization\"},\"potentialAction\":[{\"@type\":\"SearchAction\",\"target\":{\"@type\":\"EntryPoint\",\"urlTemplate\":\"https:\/\/www.notibras.com\/site\/?s={search_term_string}\"},\"query-input\":{\"@type\":\"PropertyValueSpecification\",\"valueRequired\":true,\"valueName\":\"search_term_string\"}}],\"inLanguage\":\"pt-BR\"},{\"@type\":\"Organization\",\"@id\":\"https:\/\/www.notibras.com\/site\/#organization\",\"name\":\"Grupo Notibras de Comunica\u00e7\u00e3o\",\"url\":\"https:\/\/www.notibras.com\/site\/\",\"logo\":{\"@type\":\"ImageObject\",\"inLanguage\":\"pt-BR\",\"@id\":\"https:\/\/www.notibras.com\/site\/#\/schema\/logo\/image\/\",\"url\":\"https:\/\/www.notibras.com\/site\/wp-content\/uploads\/2023\/01\/notibras23.png\",\"contentUrl\":\"https:\/\/www.notibras.com\/site\/wp-content\/uploads\/2023\/01\/notibras23.png\",\"width\":350,\"height\":87,\"caption\":\"Grupo Notibras de Comunica\u00e7\u00e3o\"},\"image\":{\"@id\":\"https:\/\/www.notibras.com\/site\/#\/schema\/logo\/image\/\"},\"sameAs\":[\"https:\/\/www.facebook.com\/notibras\/\",\"https:\/\/x.com\/Notibras\",\"https:\/\/www.instagram.com\/notibras\/\"]},{\"@type\":\"Person\",\"@id\":\"https:\/\/www.notibras.com\/site\/#\/schema\/person\/36ab0979449956132d3e5b517ea76ac8\",\"name\":\"Reda\u00e7\u00e3o\",\"image\":{\"@type\":\"ImageObject\",\"inLanguage\":\"pt-BR\",\"@id\":\"https:\/\/secure.gravatar.com\/avatar\/e0a867bdedb85fd243eadf09663511f96fc81e0720a4a42581f334ad4303aa6b?s=96&d=mm&r=g\",\"url\":\"https:\/\/secure.gravatar.com\/avatar\/e0a867bdedb85fd243eadf09663511f96fc81e0720a4a42581f334ad4303aa6b?s=96&d=mm&r=g\",\"contentUrl\":\"https:\/\/secure.gravatar.com\/avatar\/e0a867bdedb85fd243eadf09663511f96fc81e0720a4a42581f334ad4303aa6b?s=96&d=mm&r=g\",\"caption\":\"Reda\u00e7\u00e3o\"}}]}<\/script>\n<!-- \/ Yoast SEO plugin. -->","yoast_head_json":{"title":"A velha e sagrada B\u00edblia, os Vedas e a Cabala - Notibras","robots":{"index":"index","follow":"follow","max-snippet":"max-snippet:-1","max-image-preview":"max-image-preview:large","max-video-preview":"max-video-preview:-1"},"canonical":"https:\/\/www.notibras.com\/site\/a-velha-e-sagrada-biblia-os-vedas-e-a-cabala\/","og_locale":"pt_BR","og_type":"article","og_title":"A velha e sagrada B\u00edblia, os Vedas e a Cabala - Notibras","og_description":"A B\u00edblia Sagrada \u00e9 um texto complexo, produzido ao longo de mais de um mil\u00eanio, permeado de met\u00e1foras, axiomas e simbolismos, envolvendo m\u00faltiplos contextos hist\u00f3ricos, pol\u00edticos e culturais do Antigo Oriente Pr\u00f3ximo e do mundo greco-romano. Longe de ser um livro unit\u00e1rio, a B\u00edblia resulta da compila\u00e7\u00e3o de tradi\u00e7\u00f5es orais, registros sacerdotais, escritos prof\u00e9ticos e [&hellip;]","og_url":"https:\/\/www.notibras.com\/site\/a-velha-e-sagrada-biblia-os-vedas-e-a-cabala\/","og_site_name":"Notibras","article_publisher":"https:\/\/www.facebook.com\/notibras\/","article_published_time":"2025-12-20T12:33:08+00:00","og_image":[{"width":736,"height":1308,"url":"https:\/\/www.notibras.com\/site\/wp-content\/uploads\/2025\/12\/4191e3b6-eb76-4aad-be2a-bfb8e6987560.jpg","type":"image\/jpeg"}],"author":"Reda\u00e7\u00e3o","twitter_card":"summary_large_image","twitter_creator":"@Notibras","twitter_site":"@Notibras","twitter_misc":{"Escrito por":"Reda\u00e7\u00e3o","Est. tempo de leitura":"1 minuto"},"schema":{"@context":"https:\/\/schema.org","@graph":[{"@type":"Article","@id":"https:\/\/www.notibras.com\/site\/a-velha-e-sagrada-biblia-os-vedas-e-a-cabala\/#article","isPartOf":{"@id":"https:\/\/www.notibras.com\/site\/a-velha-e-sagrada-biblia-os-vedas-e-a-cabala\/"},"author":{"name":"Reda\u00e7\u00e3o","@id":"https:\/\/www.notibras.com\/site\/#\/schema\/person\/36ab0979449956132d3e5b517ea76ac8"},"headline":"A velha e sagrada B\u00edblia, os Vedas e a Cabala","datePublished":"2025-12-20T12:33:08+00:00","mainEntityOfPage":{"@id":"https:\/\/www.notibras.com\/site\/a-velha-e-sagrada-biblia-os-vedas-e-a-cabala\/"},"wordCount":917,"publisher":{"@id":"https:\/\/www.notibras.com\/site\/#organization"},"image":{"@id":"https:\/\/www.notibras.com\/site\/a-velha-e-sagrada-biblia-os-vedas-e-a-cabala\/#primaryimage"},"thumbnailUrl":"https:\/\/www.notibras.com\/site\/wp-content\/uploads\/2025\/12\/4191e3b6-eb76-4aad-be2a-bfb8e6987560.jpg","articleSection":["Or\u00e1culos"],"inLanguage":"pt-BR"},{"@type":"WebPage","@id":"https:\/\/www.notibras.com\/site\/a-velha-e-sagrada-biblia-os-vedas-e-a-cabala\/","url":"https:\/\/www.notibras.com\/site\/a-velha-e-sagrada-biblia-os-vedas-e-a-cabala\/","name":"A velha e sagrada B\u00edblia, os Vedas e a Cabala - Notibras","isPartOf":{"@id":"https:\/\/www.notibras.com\/site\/#website"},"primaryImageOfPage":{"@id":"https:\/\/www.notibras.com\/site\/a-velha-e-sagrada-biblia-os-vedas-e-a-cabala\/#primaryimage"},"image":{"@id":"https:\/\/www.notibras.com\/site\/a-velha-e-sagrada-biblia-os-vedas-e-a-cabala\/#primaryimage"},"thumbnailUrl":"https:\/\/www.notibras.com\/site\/wp-content\/uploads\/2025\/12\/4191e3b6-eb76-4aad-be2a-bfb8e6987560.jpg","datePublished":"2025-12-20T12:33:08+00:00","breadcrumb":{"@id":"https:\/\/www.notibras.com\/site\/a-velha-e-sagrada-biblia-os-vedas-e-a-cabala\/#breadcrumb"},"inLanguage":"pt-BR","potentialAction":[{"@type":"ReadAction","target":["https:\/\/www.notibras.com\/site\/a-velha-e-sagrada-biblia-os-vedas-e-a-cabala\/"]}]},{"@type":"ImageObject","inLanguage":"pt-BR","@id":"https:\/\/www.notibras.com\/site\/a-velha-e-sagrada-biblia-os-vedas-e-a-cabala\/#primaryimage","url":"https:\/\/www.notibras.com\/site\/wp-content\/uploads\/2025\/12\/4191e3b6-eb76-4aad-be2a-bfb8e6987560.jpg","contentUrl":"https:\/\/www.notibras.com\/site\/wp-content\/uploads\/2025\/12\/4191e3b6-eb76-4aad-be2a-bfb8e6987560.jpg","width":736,"height":1308},{"@type":"BreadcrumbList","@id":"https:\/\/www.notibras.com\/site\/a-velha-e-sagrada-biblia-os-vedas-e-a-cabala\/#breadcrumb","itemListElement":[{"@type":"ListItem","position":1,"name":"In\u00edcio","item":"https:\/\/www.notibras.com\/site\/"},{"@type":"ListItem","position":2,"name":"A velha e sagrada B\u00edblia, os Vedas e a Cabala"}]},{"@type":"WebSite","@id":"https:\/\/www.notibras.com\/site\/#website","url":"https:\/\/www.notibras.com\/site\/","name":"Notibras","description":"Not\u00edcias de Bras\u00edlia, do Brasil e do Mundo","publisher":{"@id":"https:\/\/www.notibras.com\/site\/#organization"},"potentialAction":[{"@type":"SearchAction","target":{"@type":"EntryPoint","urlTemplate":"https:\/\/www.notibras.com\/site\/?s={search_term_string}"},"query-input":{"@type":"PropertyValueSpecification","valueRequired":true,"valueName":"search_term_string"}}],"inLanguage":"pt-BR"},{"@type":"Organization","@id":"https:\/\/www.notibras.com\/site\/#organization","name":"Grupo Notibras de Comunica\u00e7\u00e3o","url":"https:\/\/www.notibras.com\/site\/","logo":{"@type":"ImageObject","inLanguage":"pt-BR","@id":"https:\/\/www.notibras.com\/site\/#\/schema\/logo\/image\/","url":"https:\/\/www.notibras.com\/site\/wp-content\/uploads\/2023\/01\/notibras23.png","contentUrl":"https:\/\/www.notibras.com\/site\/wp-content\/uploads\/2023\/01\/notibras23.png","width":350,"height":87,"caption":"Grupo Notibras de Comunica\u00e7\u00e3o"},"image":{"@id":"https:\/\/www.notibras.com\/site\/#\/schema\/logo\/image\/"},"sameAs":["https:\/\/www.facebook.com\/notibras\/","https:\/\/x.com\/Notibras","https:\/\/www.instagram.com\/notibras\/"]},{"@type":"Person","@id":"https:\/\/www.notibras.com\/site\/#\/schema\/person\/36ab0979449956132d3e5b517ea76ac8","name":"Reda\u00e7\u00e3o","image":{"@type":"ImageObject","inLanguage":"pt-BR","@id":"https:\/\/secure.gravatar.com\/avatar\/e0a867bdedb85fd243eadf09663511f96fc81e0720a4a42581f334ad4303aa6b?s=96&d=mm&r=g","url":"https:\/\/secure.gravatar.com\/avatar\/e0a867bdedb85fd243eadf09663511f96fc81e0720a4a42581f334ad4303aa6b?s=96&d=mm&r=g","contentUrl":"https:\/\/secure.gravatar.com\/avatar\/e0a867bdedb85fd243eadf09663511f96fc81e0720a4a42581f334ad4303aa6b?s=96&d=mm&r=g","caption":"Reda\u00e7\u00e3o"}}]}},"amp_enabled":true,"_links":{"self":[{"href":"https:\/\/www.notibras.com\/site\/wp-json\/wp\/v2\/posts\/375616","targetHints":{"allow":["GET"]}}],"collection":[{"href":"https:\/\/www.notibras.com\/site\/wp-json\/wp\/v2\/posts"}],"about":[{"href":"https:\/\/www.notibras.com\/site\/wp-json\/wp\/v2\/types\/post"}],"author":[{"embeddable":true,"href":"https:\/\/www.notibras.com\/site\/wp-json\/wp\/v2\/users\/2"}],"replies":[{"embeddable":true,"href":"https:\/\/www.notibras.com\/site\/wp-json\/wp\/v2\/comments?post=375616"}],"version-history":[{"count":2,"href":"https:\/\/www.notibras.com\/site\/wp-json\/wp\/v2\/posts\/375616\/revisions"}],"predecessor-version":[{"id":375619,"href":"https:\/\/www.notibras.com\/site\/wp-json\/wp\/v2\/posts\/375616\/revisions\/375619"}],"wp:featuredmedia":[{"embeddable":true,"href":"https:\/\/www.notibras.com\/site\/wp-json\/wp\/v2\/media\/375617"}],"wp:attachment":[{"href":"https:\/\/www.notibras.com\/site\/wp-json\/wp\/v2\/media?parent=375616"}],"wp:term":[{"taxonomy":"category","embeddable":true,"href":"https:\/\/www.notibras.com\/site\/wp-json\/wp\/v2\/categories?post=375616"},{"taxonomy":"post_tag","embeddable":true,"href":"https:\/\/www.notibras.com\/site\/wp-json\/wp\/v2\/tags?post=375616"}],"curies":[{"name":"wp","href":"https:\/\/api.w.org\/{rel}","templated":true}]}}