{"id":375628,"date":"2025-12-21T00:15:21","date_gmt":"2025-12-21T03:15:21","guid":{"rendered":"https:\/\/www.notibras.com\/site\/?p=375628"},"modified":"2025-12-20T17:27:34","modified_gmt":"2025-12-20T20:27:34","slug":"loja-colaborativa-cerrado-feminino-valoriza-trabalho-de-artesas","status":"publish","type":"post","link":"https:\/\/www.notibras.com\/site\/loja-colaborativa-cerrado-feminino-valoriza-trabalho-de-artesas\/","title":{"rendered":"Loja colaborativa Cerrado Feminino valoriza trabalho de artes\u00e3s"},"content":{"rendered":"<p>Luana Porto mora em Sobradinho e decidiu come\u00e7ar as compras de Natal fora do circuito tradicional. Ao lado da m\u00e3e, entrou na Loja Colaborativa Cerrado Feminino, na Feira da Torre de TV, em busca de presentes para a fam\u00edlia. \u201cProcuro artesanato porque quero algo diferente e exclusivo. Tem pessoas da Europa que v\u00e3o receber esses presentes. Preciso de algo que represente o Brasil\u201d, diz a administradora.<\/p>\n<p>A Loja Colaborativa Cerrado Feminino \u00e9 uma iniciativa da Secretaria da Mulher, em parceria com o Servi\u00e7o de Apoio \u00e0s Micro e Pequenas Empresas (Sebrae-DF) e o Instituto BRB. Inaugurado em junho, o espa\u00e7o funciona aos fins de semana e re\u00fane artes\u00e3s do Distrito Federal selecionadas por chamamento p\u00fablico. O atendimento ocorre aos s\u00e1bados e domingos, das 9h \u00e0s 17h, nos boxes 95 e 96 do Bloco C.<\/p>\n<p>\u201cA Secretaria da Mulher sempre busca fortalecer as mulheres do Distrito Federal, especialmente aquelas em situa\u00e7\u00e3o de vulnerabilidade que trabalham com artesanato. Com o apoio do governador Ibaneis Rocha, conseguimos transformar esse espa\u00e7o em uma loja estruturada, pensada para gerar renda e dar visibilidade ao trabalho das artes\u00e3s\u201d, afirma a subsecret\u00e1ria de promo\u00e7\u00e3o das Mulheres, Renata D\u2019Aguiar.<\/p>\n<p>Renata destaca que, al\u00e9m do espa\u00e7o cedido pelo Governo do Distrito Federal para comercializa\u00e7\u00e3o, a iniciativa oferece cursos de capacita\u00e7\u00e3o, aperfei\u00e7oamento, especializa\u00e7\u00e3o e forma\u00e7\u00e3o empreendedora. \u201cDurante o per\u00edodo em que participam da loja, as artes\u00e3s recebem orienta\u00e7\u00f5es em empreendedorismo, marketing digital e vendas. Isso faz com que elas saiam mais preparadas para enfrentar um mercado cada vez mais competitivo\u201d, explica.<\/p>\n<p>De acordo com a subsecret\u00e1ria, este \u00e9 o segundo ciclo do projeto e o impacto j\u00e1 \u00e9 vis\u00edvel. \u201cHouve um aumento superior a 100% nas vendas das artes\u00e3s em compara\u00e7\u00e3o com o modelo anterior. Al\u00e9m da renda imediata, elas ganham qualifica\u00e7\u00e3o, aprimoram t\u00e9cnicas e agregam valor \u00e0s pe\u00e7as, o que reflete em melhores resultados no futuro\u201d, ressalta Renata D\u2019Aguiar.<\/p>\n<p><strong>Hist\u00f3rias artes\u00e3s<\/strong><\/p>\n<p>Entre as 21 artes\u00e3s que exp\u00f5em seus produtos na Loja Colaborativa Cerrado Feminino est\u00e1 Telma Carvalho. Moradora de Taguatinga, ela tem 72 anos e trabalha com croch\u00ea e bordado. \u201cFa\u00e7o panos de prato, suporte para panos de prato, uma variedade de trabalhos no croch\u00ea. Essa loja \u00e9 tudo de bom na vida do artes\u00e3o. \u00c9 terapia, \u00e9 complemento de renda e \u00e9 reconhecimento. Estar na Feira da Torre de TV faz muita diferen\u00e7a. Passam turistas, moradores de Bras\u00edlia, pessoas de todo lugar\u201d, pontua a artes\u00e3.<\/p>\n<p>Outra artes\u00e3 que integra a loja colaborativa \u00e9 Evaneide Diamantino. Ela trabalha com croch\u00ea e produz bolsas artesanais, acess\u00f3rios e bonecos de amigurumi, t\u00e9cnica japonesa feita totalmente \u00e0 m\u00e3o. \u201cEstar na Feira da Torre \u00e9 o desejo de muitos artes\u00e3os. Para chegar at\u00e9 aqui, passamos por um caminho de aprendizado, curadoria e avalia\u00e7\u00e3o dos trabalhos. Foi um processo importante para melhorar acabamento, cores e qualidade\u201d, destaca.<\/p>\n<p>Evaneide lembra que o contato com o artesanato veio por meio dos cursos oferecidos na Casa da Mulher Brasileira. A partir da capacita\u00e7\u00e3o, ela passou a desenvolver as pe\u00e7as que hoje est\u00e3o \u00e0 venda na loja. \u201cEsta \u00e9 a segunda edi\u00e7\u00e3o da loja. A primeira foi um sucesso e agora estamos come\u00e7ando com muita expectativa\u201d, conta.<\/p>\n<p>Os produtos encantaram a aposentada Maria de Jesus Silva, que foi \u00e0 Feira da Torre de TV em busca de presentes de Natal. \u201cEstou achando tudo maravilhoso, Estou pensando em comprar essas bonequinhas para presentear a fam\u00edlia. A feira \u00e9 diferenciada, \u00e9 coisa feita pelos nossos artes\u00e3os, eu gosto de valorizar o trabalho dos artes\u00e3os\u201d, afirma.<\/p>\n","protected":false},"excerpt":{"rendered":"<p>Luana Porto mora em Sobradinho e decidiu come\u00e7ar as compras de Natal fora do circuito tradicional. Ao lado da m\u00e3e, entrou na Loja Colaborativa Cerrado Feminino, na Feira da Torre de TV, em busca de presentes para a fam\u00edlia. \u201cProcuro artesanato porque quero algo diferente e exclusivo. Tem pessoas da Europa que v\u00e3o receber esses [&hellip;]<\/p>\n","protected":false},"author":21,"featured_media":375631,"comment_status":"closed","ping_status":"closed","sticky":false,"template":"","format":"standard","meta":{"_acf_changed":false,"footnotes":""},"categories":[161],"tags":[],"class_list":["post-375628","post","type-post","status-publish","format-standard","has-post-thumbnail","hentry","category-quadradinho-em-foco"],"acf":[],"yoast_head":"<!-- This site is optimized with the Yoast SEO plugin v27.5 - https:\/\/yoast.com\/product\/yoast-seo-wordpress\/ -->\n<title>Loja colaborativa Cerrado Feminino valoriza trabalho de artes\u00e3s - Notibras<\/title>\n<meta name=\"robots\" content=\"index, follow, max-snippet:-1, max-image-preview:large, max-video-preview:-1\" \/>\n<link rel=\"canonical\" href=\"https:\/\/www.notibras.com\/site\/loja-colaborativa-cerrado-feminino-valoriza-trabalho-de-artesas\/\" \/>\n<meta property=\"og:locale\" content=\"pt_BR\" \/>\n<meta property=\"og:type\" content=\"article\" \/>\n<meta property=\"og:title\" content=\"Loja colaborativa Cerrado Feminino valoriza trabalho de artes\u00e3s - Notibras\" \/>\n<meta property=\"og:description\" content=\"Luana Porto mora em Sobradinho e decidiu come\u00e7ar as compras de Natal fora do circuito tradicional. Ao lado da m\u00e3e, entrou na Loja Colaborativa Cerrado Feminino, na Feira da Torre de TV, em busca de presentes para a fam\u00edlia. \u201cProcuro artesanato porque quero algo diferente e exclusivo. Tem pessoas da Europa que v\u00e3o receber esses [&hellip;]\" \/>\n<meta property=\"og:url\" content=\"https:\/\/www.notibras.com\/site\/loja-colaborativa-cerrado-feminino-valoriza-trabalho-de-artesas\/\" \/>\n<meta property=\"og:site_name\" content=\"Notibras\" \/>\n<meta property=\"article:publisher\" content=\"https:\/\/www.facebook.com\/notibras\/\" \/>\n<meta property=\"article:published_time\" content=\"2025-12-21T03:15:21+00:00\" \/>\n<meta property=\"og:image\" content=\"https:\/\/www.notibras.com\/site\/wp-content\/uploads\/2025\/12\/WhatsApp-Image-2025-12-20-at-12.01.30.jpeg\" \/>\n\t<meta property=\"og:image:width\" content=\"1600\" \/>\n\t<meta property=\"og:image:height\" content=\"1066\" \/>\n\t<meta property=\"og:image:type\" content=\"image\/jpeg\" \/>\n<meta name=\"author\" content=\"Eduardo Mart\u00ednez\" \/>\n<meta name=\"twitter:card\" content=\"summary_large_image\" \/>\n<meta name=\"twitter:creator\" content=\"@Notibras\" \/>\n<meta name=\"twitter:site\" content=\"@Notibras\" \/>\n<meta name=\"twitter:label1\" content=\"Escrito por\" \/>\n\t<meta name=\"twitter:data1\" content=\"Eduardo Mart\u00ednez\" \/>\n\t<meta name=\"twitter:label2\" content=\"Est. tempo de leitura\" \/>\n\t<meta name=\"twitter:data2\" content=\"4 minutos\" \/>\n<script type=\"application\/ld+json\" class=\"yoast-schema-graph\">{\"@context\":\"https:\\\/\\\/schema.org\",\"@graph\":[{\"@type\":\"Article\",\"@id\":\"https:\\\/\\\/www.notibras.com\\\/site\\\/loja-colaborativa-cerrado-feminino-valoriza-trabalho-de-artesas\\\/#article\",\"isPartOf\":{\"@id\":\"https:\\\/\\\/www.notibras.com\\\/site\\\/loja-colaborativa-cerrado-feminino-valoriza-trabalho-de-artesas\\\/\"},\"author\":{\"name\":\"Eduardo Mart\u00ednez\",\"@id\":\"https:\\\/\\\/www.notibras.com\\\/site\\\/#\\\/schema\\\/person\\\/5b7fabf2aedc3ada2105f03b22b4d3dd\"},\"headline\":\"Loja colaborativa Cerrado Feminino valoriza trabalho de artes\u00e3s\",\"datePublished\":\"2025-12-21T03:15:21+00:00\",\"mainEntityOfPage\":{\"@id\":\"https:\\\/\\\/www.notibras.com\\\/site\\\/loja-colaborativa-cerrado-feminino-valoriza-trabalho-de-artesas\\\/\"},\"wordCount\":620,\"publisher\":{\"@id\":\"https:\\\/\\\/www.notibras.com\\\/site\\\/#organization\"},\"image\":{\"@id\":\"https:\\\/\\\/www.notibras.com\\\/site\\\/loja-colaborativa-cerrado-feminino-valoriza-trabalho-de-artesas\\\/#primaryimage\"},\"thumbnailUrl\":\"https:\\\/\\\/www.notibras.com\\\/site\\\/wp-content\\\/uploads\\\/2025\\\/12\\\/WhatsApp-Image-2025-12-20-at-12.01.30.jpeg\",\"articleSection\":[\"Quadradinho em Foco\"],\"inLanguage\":\"pt-BR\"},{\"@type\":\"WebPage\",\"@id\":\"https:\\\/\\\/www.notibras.com\\\/site\\\/loja-colaborativa-cerrado-feminino-valoriza-trabalho-de-artesas\\\/\",\"url\":\"https:\\\/\\\/www.notibras.com\\\/site\\\/loja-colaborativa-cerrado-feminino-valoriza-trabalho-de-artesas\\\/\",\"name\":\"Loja colaborativa Cerrado Feminino valoriza trabalho de artes\u00e3s - Notibras\",\"isPartOf\":{\"@id\":\"https:\\\/\\\/www.notibras.com\\\/site\\\/#website\"},\"primaryImageOfPage\":{\"@id\":\"https:\\\/\\\/www.notibras.com\\\/site\\\/loja-colaborativa-cerrado-feminino-valoriza-trabalho-de-artesas\\\/#primaryimage\"},\"image\":{\"@id\":\"https:\\\/\\\/www.notibras.com\\\/site\\\/loja-colaborativa-cerrado-feminino-valoriza-trabalho-de-artesas\\\/#primaryimage\"},\"thumbnailUrl\":\"https:\\\/\\\/www.notibras.com\\\/site\\\/wp-content\\\/uploads\\\/2025\\\/12\\\/WhatsApp-Image-2025-12-20-at-12.01.30.jpeg\",\"datePublished\":\"2025-12-21T03:15:21+00:00\",\"breadcrumb\":{\"@id\":\"https:\\\/\\\/www.notibras.com\\\/site\\\/loja-colaborativa-cerrado-feminino-valoriza-trabalho-de-artesas\\\/#breadcrumb\"},\"inLanguage\":\"pt-BR\",\"potentialAction\":[{\"@type\":\"ReadAction\",\"target\":[\"https:\\\/\\\/www.notibras.com\\\/site\\\/loja-colaborativa-cerrado-feminino-valoriza-trabalho-de-artesas\\\/\"]}]},{\"@type\":\"ImageObject\",\"inLanguage\":\"pt-BR\",\"@id\":\"https:\\\/\\\/www.notibras.com\\\/site\\\/loja-colaborativa-cerrado-feminino-valoriza-trabalho-de-artesas\\\/#primaryimage\",\"url\":\"https:\\\/\\\/www.notibras.com\\\/site\\\/wp-content\\\/uploads\\\/2025\\\/12\\\/WhatsApp-Image-2025-12-20-at-12.01.30.jpeg\",\"contentUrl\":\"https:\\\/\\\/www.notibras.com\\\/site\\\/wp-content\\\/uploads\\\/2025\\\/12\\\/WhatsApp-Image-2025-12-20-at-12.01.30.jpeg\",\"width\":1600,\"height\":1066},{\"@type\":\"BreadcrumbList\",\"@id\":\"https:\\\/\\\/www.notibras.com\\\/site\\\/loja-colaborativa-cerrado-feminino-valoriza-trabalho-de-artesas\\\/#breadcrumb\",\"itemListElement\":[{\"@type\":\"ListItem\",\"position\":1,\"name\":\"In\u00edcio\",\"item\":\"https:\\\/\\\/www.notibras.com\\\/site\\\/\"},{\"@type\":\"ListItem\",\"position\":2,\"name\":\"Loja colaborativa Cerrado Feminino valoriza trabalho de artes\u00e3s\"}]},{\"@type\":\"WebSite\",\"@id\":\"https:\\\/\\\/www.notibras.com\\\/site\\\/#website\",\"url\":\"https:\\\/\\\/www.notibras.com\\\/site\\\/\",\"name\":\"Notibras\",\"description\":\"Not\u00edcias de Bras\u00edlia, do Brasil e do Mundo\",\"publisher\":{\"@id\":\"https:\\\/\\\/www.notibras.com\\\/site\\\/#organization\"},\"potentialAction\":[{\"@type\":\"SearchAction\",\"target\":{\"@type\":\"EntryPoint\",\"urlTemplate\":\"https:\\\/\\\/www.notibras.com\\\/site\\\/?s={search_term_string}\"},\"query-input\":{\"@type\":\"PropertyValueSpecification\",\"valueRequired\":true,\"valueName\":\"search_term_string\"}}],\"inLanguage\":\"pt-BR\"},{\"@type\":\"Organization\",\"@id\":\"https:\\\/\\\/www.notibras.com\\\/site\\\/#organization\",\"name\":\"Grupo Notibras de Comunica\u00e7\u00e3o\",\"url\":\"https:\\\/\\\/www.notibras.com\\\/site\\\/\",\"logo\":{\"@type\":\"ImageObject\",\"inLanguage\":\"pt-BR\",\"@id\":\"https:\\\/\\\/www.notibras.com\\\/site\\\/#\\\/schema\\\/logo\\\/image\\\/\",\"url\":\"https:\\\/\\\/www.notibras.com\\\/site\\\/wp-content\\\/uploads\\\/2023\\\/01\\\/notibras23.png\",\"contentUrl\":\"https:\\\/\\\/www.notibras.com\\\/site\\\/wp-content\\\/uploads\\\/2023\\\/01\\\/notibras23.png\",\"width\":350,\"height\":87,\"caption\":\"Grupo Notibras de Comunica\u00e7\u00e3o\"},\"image\":{\"@id\":\"https:\\\/\\\/www.notibras.com\\\/site\\\/#\\\/schema\\\/logo\\\/image\\\/\"},\"sameAs\":[\"https:\\\/\\\/www.facebook.com\\\/notibras\\\/\",\"https:\\\/\\\/x.com\\\/Notibras\",\"https:\\\/\\\/www.instagram.com\\\/notibras\\\/\"]},{\"@type\":\"Person\",\"@id\":\"https:\\\/\\\/www.notibras.com\\\/site\\\/#\\\/schema\\\/person\\\/5b7fabf2aedc3ada2105f03b22b4d3dd\",\"name\":\"Eduardo Mart\u00ednez\",\"image\":{\"@type\":\"ImageObject\",\"inLanguage\":\"pt-BR\",\"@id\":\"https:\\\/\\\/secure.gravatar.com\\\/avatar\\\/7902f906289926289cbcda644b5197c796b893c6ffd7b9a536a42d290f7704a0?s=96&d=mm&r=g\",\"url\":\"https:\\\/\\\/secure.gravatar.com\\\/avatar\\\/7902f906289926289cbcda644b5197c796b893c6ffd7b9a536a42d290f7704a0?s=96&d=mm&r=g\",\"contentUrl\":\"https:\\\/\\\/secure.gravatar.com\\\/avatar\\\/7902f906289926289cbcda644b5197c796b893c6ffd7b9a536a42d290f7704a0?s=96&d=mm&r=g\",\"caption\":\"Eduardo Mart\u00ednez\"}}]}<\/script>\n<!-- \/ Yoast SEO plugin. -->","yoast_head_json":{"title":"Loja colaborativa Cerrado Feminino valoriza trabalho de artes\u00e3s - Notibras","robots":{"index":"index","follow":"follow","max-snippet":"max-snippet:-1","max-image-preview":"max-image-preview:large","max-video-preview":"max-video-preview:-1"},"canonical":"https:\/\/www.notibras.com\/site\/loja-colaborativa-cerrado-feminino-valoriza-trabalho-de-artesas\/","og_locale":"pt_BR","og_type":"article","og_title":"Loja colaborativa Cerrado Feminino valoriza trabalho de artes\u00e3s - Notibras","og_description":"Luana Porto mora em Sobradinho e decidiu come\u00e7ar as compras de Natal fora do circuito tradicional. Ao lado da m\u00e3e, entrou na Loja Colaborativa Cerrado Feminino, na Feira da Torre de TV, em busca de presentes para a fam\u00edlia. \u201cProcuro artesanato porque quero algo diferente e exclusivo. Tem pessoas da Europa que v\u00e3o receber esses [&hellip;]","og_url":"https:\/\/www.notibras.com\/site\/loja-colaborativa-cerrado-feminino-valoriza-trabalho-de-artesas\/","og_site_name":"Notibras","article_publisher":"https:\/\/www.facebook.com\/notibras\/","article_published_time":"2025-12-21T03:15:21+00:00","og_image":[{"width":1600,"height":1066,"url":"https:\/\/www.notibras.com\/site\/wp-content\/uploads\/2025\/12\/WhatsApp-Image-2025-12-20-at-12.01.30.jpeg","type":"image\/jpeg"}],"author":"Eduardo Mart\u00ednez","twitter_card":"summary_large_image","twitter_creator":"@Notibras","twitter_site":"@Notibras","twitter_misc":{"Escrito por":"Eduardo Mart\u00ednez","Est. tempo de leitura":"4 minutos"},"schema":{"@context":"https:\/\/schema.org","@graph":[{"@type":"Article","@id":"https:\/\/www.notibras.com\/site\/loja-colaborativa-cerrado-feminino-valoriza-trabalho-de-artesas\/#article","isPartOf":{"@id":"https:\/\/www.notibras.com\/site\/loja-colaborativa-cerrado-feminino-valoriza-trabalho-de-artesas\/"},"author":{"name":"Eduardo Mart\u00ednez","@id":"https:\/\/www.notibras.com\/site\/#\/schema\/person\/5b7fabf2aedc3ada2105f03b22b4d3dd"},"headline":"Loja colaborativa Cerrado Feminino valoriza trabalho de artes\u00e3s","datePublished":"2025-12-21T03:15:21+00:00","mainEntityOfPage":{"@id":"https:\/\/www.notibras.com\/site\/loja-colaborativa-cerrado-feminino-valoriza-trabalho-de-artesas\/"},"wordCount":620,"publisher":{"@id":"https:\/\/www.notibras.com\/site\/#organization"},"image":{"@id":"https:\/\/www.notibras.com\/site\/loja-colaborativa-cerrado-feminino-valoriza-trabalho-de-artesas\/#primaryimage"},"thumbnailUrl":"https:\/\/www.notibras.com\/site\/wp-content\/uploads\/2025\/12\/WhatsApp-Image-2025-12-20-at-12.01.30.jpeg","articleSection":["Quadradinho em Foco"],"inLanguage":"pt-BR"},{"@type":"WebPage","@id":"https:\/\/www.notibras.com\/site\/loja-colaborativa-cerrado-feminino-valoriza-trabalho-de-artesas\/","url":"https:\/\/www.notibras.com\/site\/loja-colaborativa-cerrado-feminino-valoriza-trabalho-de-artesas\/","name":"Loja colaborativa Cerrado Feminino valoriza trabalho de artes\u00e3s - Notibras","isPartOf":{"@id":"https:\/\/www.notibras.com\/site\/#website"},"primaryImageOfPage":{"@id":"https:\/\/www.notibras.com\/site\/loja-colaborativa-cerrado-feminino-valoriza-trabalho-de-artesas\/#primaryimage"},"image":{"@id":"https:\/\/www.notibras.com\/site\/loja-colaborativa-cerrado-feminino-valoriza-trabalho-de-artesas\/#primaryimage"},"thumbnailUrl":"https:\/\/www.notibras.com\/site\/wp-content\/uploads\/2025\/12\/WhatsApp-Image-2025-12-20-at-12.01.30.jpeg","datePublished":"2025-12-21T03:15:21+00:00","breadcrumb":{"@id":"https:\/\/www.notibras.com\/site\/loja-colaborativa-cerrado-feminino-valoriza-trabalho-de-artesas\/#breadcrumb"},"inLanguage":"pt-BR","potentialAction":[{"@type":"ReadAction","target":["https:\/\/www.notibras.com\/site\/loja-colaborativa-cerrado-feminino-valoriza-trabalho-de-artesas\/"]}]},{"@type":"ImageObject","inLanguage":"pt-BR","@id":"https:\/\/www.notibras.com\/site\/loja-colaborativa-cerrado-feminino-valoriza-trabalho-de-artesas\/#primaryimage","url":"https:\/\/www.notibras.com\/site\/wp-content\/uploads\/2025\/12\/WhatsApp-Image-2025-12-20-at-12.01.30.jpeg","contentUrl":"https:\/\/www.notibras.com\/site\/wp-content\/uploads\/2025\/12\/WhatsApp-Image-2025-12-20-at-12.01.30.jpeg","width":1600,"height":1066},{"@type":"BreadcrumbList","@id":"https:\/\/www.notibras.com\/site\/loja-colaborativa-cerrado-feminino-valoriza-trabalho-de-artesas\/#breadcrumb","itemListElement":[{"@type":"ListItem","position":1,"name":"In\u00edcio","item":"https:\/\/www.notibras.com\/site\/"},{"@type":"ListItem","position":2,"name":"Loja colaborativa Cerrado Feminino valoriza trabalho de artes\u00e3s"}]},{"@type":"WebSite","@id":"https:\/\/www.notibras.com\/site\/#website","url":"https:\/\/www.notibras.com\/site\/","name":"Notibras","description":"Not\u00edcias de Bras\u00edlia, do Brasil e do Mundo","publisher":{"@id":"https:\/\/www.notibras.com\/site\/#organization"},"potentialAction":[{"@type":"SearchAction","target":{"@type":"EntryPoint","urlTemplate":"https:\/\/www.notibras.com\/site\/?s={search_term_string}"},"query-input":{"@type":"PropertyValueSpecification","valueRequired":true,"valueName":"search_term_string"}}],"inLanguage":"pt-BR"},{"@type":"Organization","@id":"https:\/\/www.notibras.com\/site\/#organization","name":"Grupo Notibras de Comunica\u00e7\u00e3o","url":"https:\/\/www.notibras.com\/site\/","logo":{"@type":"ImageObject","inLanguage":"pt-BR","@id":"https:\/\/www.notibras.com\/site\/#\/schema\/logo\/image\/","url":"https:\/\/www.notibras.com\/site\/wp-content\/uploads\/2023\/01\/notibras23.png","contentUrl":"https:\/\/www.notibras.com\/site\/wp-content\/uploads\/2023\/01\/notibras23.png","width":350,"height":87,"caption":"Grupo Notibras de Comunica\u00e7\u00e3o"},"image":{"@id":"https:\/\/www.notibras.com\/site\/#\/schema\/logo\/image\/"},"sameAs":["https:\/\/www.facebook.com\/notibras\/","https:\/\/x.com\/Notibras","https:\/\/www.instagram.com\/notibras\/"]},{"@type":"Person","@id":"https:\/\/www.notibras.com\/site\/#\/schema\/person\/5b7fabf2aedc3ada2105f03b22b4d3dd","name":"Eduardo Mart\u00ednez","image":{"@type":"ImageObject","inLanguage":"pt-BR","@id":"https:\/\/secure.gravatar.com\/avatar\/7902f906289926289cbcda644b5197c796b893c6ffd7b9a536a42d290f7704a0?s=96&d=mm&r=g","url":"https:\/\/secure.gravatar.com\/avatar\/7902f906289926289cbcda644b5197c796b893c6ffd7b9a536a42d290f7704a0?s=96&d=mm&r=g","contentUrl":"https:\/\/secure.gravatar.com\/avatar\/7902f906289926289cbcda644b5197c796b893c6ffd7b9a536a42d290f7704a0?s=96&d=mm&r=g","caption":"Eduardo Mart\u00ednez"}}]}},"amp_enabled":true,"_links":{"self":[{"href":"https:\/\/www.notibras.com\/site\/wp-json\/wp\/v2\/posts\/375628","targetHints":{"allow":["GET"]}}],"collection":[{"href":"https:\/\/www.notibras.com\/site\/wp-json\/wp\/v2\/posts"}],"about":[{"href":"https:\/\/www.notibras.com\/site\/wp-json\/wp\/v2\/types\/post"}],"author":[{"embeddable":true,"href":"https:\/\/www.notibras.com\/site\/wp-json\/wp\/v2\/users\/21"}],"replies":[{"embeddable":true,"href":"https:\/\/www.notibras.com\/site\/wp-json\/wp\/v2\/comments?post=375628"}],"version-history":[{"count":6,"href":"https:\/\/www.notibras.com\/site\/wp-json\/wp\/v2\/posts\/375628\/revisions"}],"predecessor-version":[{"id":375635,"href":"https:\/\/www.notibras.com\/site\/wp-json\/wp\/v2\/posts\/375628\/revisions\/375635"}],"wp:featuredmedia":[{"embeddable":true,"href":"https:\/\/www.notibras.com\/site\/wp-json\/wp\/v2\/media\/375631"}],"wp:attachment":[{"href":"https:\/\/www.notibras.com\/site\/wp-json\/wp\/v2\/media?parent=375628"}],"wp:term":[{"taxonomy":"category","embeddable":true,"href":"https:\/\/www.notibras.com\/site\/wp-json\/wp\/v2\/categories?post=375628"},{"taxonomy":"post_tag","embeddable":true,"href":"https:\/\/www.notibras.com\/site\/wp-json\/wp\/v2\/tags?post=375628"}],"curies":[{"name":"wp","href":"https:\/\/api.w.org\/{rel}","templated":true}]}}