{"id":375647,"date":"2025-12-21T01:15:09","date_gmt":"2025-12-21T04:15:09","guid":{"rendered":"https:\/\/www.notibras.com\/site\/?p=375647"},"modified":"2025-12-20T17:40:07","modified_gmt":"2025-12-20T20:40:07","slug":"atencao-na-hora-das-compras-de-natal","status":"publish","type":"post","link":"https:\/\/www.notibras.com\/site\/atencao-na-hora-das-compras-de-natal\/","title":{"rendered":"Aten\u00e7\u00e3o na hora das compras de Natal"},"content":{"rendered":"<p>A \u00e9poca mais movimentada do ano j\u00e1 se faz presente; e, com a proximidade do Natal e o aumento significativo das compras, h\u00e1 orienta\u00e7\u00f5es para ajudar os consumidores do Distrito Federal a conhecer e exercer seus direitos. Confira a seguir as dicas que o Instituto de Defesa do Consumidor (Procon-DF) separou para ajudar a popula\u00e7\u00e3o na organiza\u00e7\u00e3o das compras de fim de ano.<\/p>\n<p><strong>Compras presenciais e online<\/strong><\/p>\n<p>Nas lojas f\u00edsicas, o estabelecimento n\u00e3o \u00e9 obrigado a trocar produtos sem defeito. No entanto, quando a troca \u00e9 informada ou prometida no momento da compra, a oferta deve ser cumprida. J\u00e1 nos casos de produtos com defeito, as lojas ou fornecedores t\u00eam at\u00e9 30 dias para solucionar o problema. Caso isso n\u00e3o ocorra dentro do prazo, o consumidor pode optar pela troca do produto, restitui\u00e7\u00e3o do valor pago ou abatimento proporcional do pre\u00e7o.<\/p>\n<p>Nas compras feitas pela internet, o consumidor tem o direito de desistir da compra em at\u00e9 sete dias, sem necessidade de justificativa. Outro ponto de aten\u00e7\u00e3o \u00e9 o prazo de entrega, que deve ser rigorosamente cumprido, especialmente em datas comemorativas. Em caso de atraso, o consumidor pode escolher entre cancelar a compra com reembolso, manter o pedido ou receber um produto equivalente. \u00c9 importante, ainda, lembrar sempre de checar a proced\u00eancia do site, se \u00e9 o oficial da loja, e verificar se h\u00e1 o pequeno cadeado no endere\u00e7o da p\u00e1gina, para se resguardar de golpes e fraudes digitais.<\/p>\n<p><strong>Aten\u00e7\u00e3o aos prazos<\/strong><\/p>\n<p>O Procon orienta que o consumidor salve prints do prazo de entrega informado no momento da compra, j\u00e1 que esses registros servem como prova. Para presentes com data fixa, como o dia 24 de dezembro, \u00e9 importante deixar claro que a entrega est\u00e1 condicionada \u00e0 data. A justificativa de alto volume de pedidos n\u00e3o afasta a responsabilidade da empresa.<\/p>\n<p>Na aquisi\u00e7\u00e3o de cart\u00f5es-presente, o consumidor deve verificar as condi\u00e7\u00f5es de uso. A validade precisa ser razo\u00e1vel, geralmente entre seis e 12 meses, visto que prazos muito curtos podem ser considerados abusivos. Tamb\u00e9m \u00e9 necess\u00e1rio observar se h\u00e1 cobran\u00e7a de taxa de ativa\u00e7\u00e3o, se o cart\u00e3o pode ser utilizado tanto em lojas f\u00edsicas quanto no ambiente online e quais s\u00e3o as regras para o saldo remanescente. Em casos de perda ou extravio, \u00e9 recomend\u00e1vel confirmar se a loja permite nova emiss\u00e3o mediante apresenta\u00e7\u00e3o do comprovante de compra.<\/p>\n<p>O diretor de fiscaliza\u00e7\u00e3o do Procon-DF, Rafael Oliveira, refor\u00e7a que, em caso de problemas, o consumidor deve procurar primeiro o lojista. Se n\u00e3o houver solu\u00e7\u00e3o, \u00e9 poss\u00edvel buscar a media\u00e7\u00e3o do Procon ou registrar den\u00fancia para que a fiscaliza\u00e7\u00e3o seja acionada. Os atendimentos podem ser feitos pelo site do \u00f3rg\u00e3o, pelo telefone 151 ou em um dos dez postos f\u00edsicos dispon\u00edveis no DF.<\/p>\n<p><strong>Planejamento antecipado<\/strong><\/p>\n<p>Uma das principais orienta\u00e7\u00f5es para esta \u00e9poca \u00e9 que, diante do aumento das compras iniciado ainda na Black Friday e que se estende at\u00e9 o Natal, o consumidor planeje o or\u00e7amento, fique atento \u00e0s condi\u00e7\u00f5es de parcelamento, aos prazos de troca e entrega e adote cuidados redobrados, principalmente nas compras online. O diretor do Procon alerta sobre a import\u00e2ncia dessa observa\u00e7\u00e3o: \u201cQuem compra uma coisa no come\u00e7o de novembro, por exemplo, precisa se atentar ao prazo, porque \u00e0s vezes vai dar o presente s\u00f3 no Natal e j\u00e1 venceu o per\u00edodo de troca do produto\u201d.<\/p>\n<p>O empres\u00e1rio Luiz Pessatto, de 29 anos, conta que costuma se antecipar nas compras. \u201cGeralmente eu tento comprar antes, e s\u00f3 em \u00faltimo caso compro uma coisinha aqui e ali perto do Natal, porque \u00e0s vezes as empresas fazem promo\u00e7\u00f5es que at\u00e9 compensam\u201d, conta. Luiz ressalta que o planejamento financeiro \u00e9 fundamental para evitar surpresas na fatura de janeiro: \u201cEu nunca extrapolo, sei quanto eu tenho de or\u00e7amento para tamb\u00e9m n\u00e3o botar o carro na frente dos bois\u201d.<\/p>\n<p>J\u00e1 a secret\u00e1ria Nilda Vitor de Holanda, 40, admite que nem sempre se organiza com anteced\u00eancia e \u00e0s vezes passa por situa\u00e7\u00f5es de estresse, como a vez que perdeu o prazo de troca: \u201cJ\u00e1 aconteceu, mas foi um deslize meu. A data tamb\u00e9m exige mais aten\u00e7\u00e3o ao consumo e eu deixo tudo para \u00faltima hora\u201d.<\/p>\n<p>A aposentada Gra\u00e7a Carvalho, de 74 anos, diz que prefere comprar com anteced\u00eancia e evitar compras online. \u201cEu vou em algumas feiras tem\u00e1ticas que ocorrem vez ou outra e j\u00e1 vou comprando com anteced\u00eancia. N\u00e3o realizo compras pela internet por receio de golpes, tenho muito medo. Mas sei que nessas horas o Procon \u00e9 imprescind\u00edvel, um aliado do cidad\u00e3o\u201d. Para ela, presentear tamb\u00e9m \u00e9 uma linguagem do amor e os presentes devem ter significado. \u201cEu n\u00e3o dou por dar o presente, sabe? Acho que tem que ser pensado, tanto na utilidade quanto no carinho\u201d.<\/p>\n","protected":false},"excerpt":{"rendered":"<p>A \u00e9poca mais movimentada do ano j\u00e1 se faz presente; e, com a proximidade do Natal e o aumento significativo das compras, h\u00e1 orienta\u00e7\u00f5es para ajudar os consumidores do Distrito Federal a conhecer e exercer seus direitos. Confira a seguir as dicas que o Instituto de Defesa do Consumidor (Procon-DF) separou para ajudar a popula\u00e7\u00e3o [&hellip;]<\/p>\n","protected":false},"author":21,"featured_media":375648,"comment_status":"closed","ping_status":"closed","sticky":false,"template":"","format":"standard","meta":{"_acf_changed":false,"footnotes":""},"categories":[161],"tags":[],"class_list":["post-375647","post","type-post","status-publish","format-standard","has-post-thumbnail","hentry","category-quadradinho-em-foco"],"acf":[],"yoast_head":"<!-- This site is optimized with the Yoast SEO plugin v27.5 - https:\/\/yoast.com\/product\/yoast-seo-wordpress\/ -->\n<title>Aten\u00e7\u00e3o na hora das compras de Natal - Notibras<\/title>\n<meta name=\"robots\" content=\"index, follow, max-snippet:-1, max-image-preview:large, max-video-preview:-1\" \/>\n<link rel=\"canonical\" href=\"https:\/\/www.notibras.com\/site\/atencao-na-hora-das-compras-de-natal\/\" \/>\n<meta property=\"og:locale\" content=\"pt_BR\" \/>\n<meta property=\"og:type\" content=\"article\" \/>\n<meta property=\"og:title\" content=\"Aten\u00e7\u00e3o na hora das compras de Natal - Notibras\" \/>\n<meta property=\"og:description\" content=\"A \u00e9poca mais movimentada do ano j\u00e1 se faz presente; e, com a proximidade do Natal e o aumento significativo das compras, h\u00e1 orienta\u00e7\u00f5es para ajudar os consumidores do Distrito Federal a conhecer e exercer seus direitos. Confira a seguir as dicas que o Instituto de Defesa do Consumidor (Procon-DF) separou para ajudar a popula\u00e7\u00e3o [&hellip;]\" \/>\n<meta property=\"og:url\" content=\"https:\/\/www.notibras.com\/site\/atencao-na-hora-das-compras-de-natal\/\" \/>\n<meta property=\"og:site_name\" content=\"Notibras\" \/>\n<meta property=\"article:publisher\" content=\"https:\/\/www.facebook.com\/notibras\/\" \/>\n<meta property=\"article:published_time\" content=\"2025-12-21T04:15:09+00:00\" \/>\n<meta property=\"og:image\" content=\"https:\/\/www.notibras.com\/site\/wp-content\/uploads\/2025\/12\/Dentro-3-39.jpg\" \/>\n\t<meta property=\"og:image:width\" content=\"1181\" \/>\n\t<meta property=\"og:image:height\" content=\"873\" \/>\n\t<meta property=\"og:image:type\" content=\"image\/jpeg\" \/>\n<meta name=\"author\" content=\"Eduardo Mart\u00ednez\" \/>\n<meta name=\"twitter:card\" content=\"summary_large_image\" \/>\n<meta name=\"twitter:creator\" content=\"@Notibras\" \/>\n<meta name=\"twitter:site\" content=\"@Notibras\" \/>\n<meta name=\"twitter:label1\" content=\"Escrito por\" \/>\n\t<meta name=\"twitter:data1\" content=\"Eduardo Mart\u00ednez\" \/>\n\t<meta name=\"twitter:label2\" content=\"Est. tempo de leitura\" \/>\n\t<meta name=\"twitter:data2\" content=\"5 minutos\" \/>\n<script type=\"application\/ld+json\" class=\"yoast-schema-graph\">{\"@context\":\"https:\\\/\\\/schema.org\",\"@graph\":[{\"@type\":\"Article\",\"@id\":\"https:\\\/\\\/www.notibras.com\\\/site\\\/atencao-na-hora-das-compras-de-natal\\\/#article\",\"isPartOf\":{\"@id\":\"https:\\\/\\\/www.notibras.com\\\/site\\\/atencao-na-hora-das-compras-de-natal\\\/\"},\"author\":{\"name\":\"Eduardo Mart\u00ednez\",\"@id\":\"https:\\\/\\\/www.notibras.com\\\/site\\\/#\\\/schema\\\/person\\\/5b7fabf2aedc3ada2105f03b22b4d3dd\"},\"headline\":\"Aten\u00e7\u00e3o na hora das compras de Natal\",\"datePublished\":\"2025-12-21T04:15:09+00:00\",\"mainEntityOfPage\":{\"@id\":\"https:\\\/\\\/www.notibras.com\\\/site\\\/atencao-na-hora-das-compras-de-natal\\\/\"},\"wordCount\":828,\"publisher\":{\"@id\":\"https:\\\/\\\/www.notibras.com\\\/site\\\/#organization\"},\"image\":{\"@id\":\"https:\\\/\\\/www.notibras.com\\\/site\\\/atencao-na-hora-das-compras-de-natal\\\/#primaryimage\"},\"thumbnailUrl\":\"https:\\\/\\\/www.notibras.com\\\/site\\\/wp-content\\\/uploads\\\/2025\\\/12\\\/Dentro-3-39.jpg\",\"articleSection\":[\"Quadradinho em Foco\"],\"inLanguage\":\"pt-BR\"},{\"@type\":\"WebPage\",\"@id\":\"https:\\\/\\\/www.notibras.com\\\/site\\\/atencao-na-hora-das-compras-de-natal\\\/\",\"url\":\"https:\\\/\\\/www.notibras.com\\\/site\\\/atencao-na-hora-das-compras-de-natal\\\/\",\"name\":\"Aten\u00e7\u00e3o na hora das compras de Natal - Notibras\",\"isPartOf\":{\"@id\":\"https:\\\/\\\/www.notibras.com\\\/site\\\/#website\"},\"primaryImageOfPage\":{\"@id\":\"https:\\\/\\\/www.notibras.com\\\/site\\\/atencao-na-hora-das-compras-de-natal\\\/#primaryimage\"},\"image\":{\"@id\":\"https:\\\/\\\/www.notibras.com\\\/site\\\/atencao-na-hora-das-compras-de-natal\\\/#primaryimage\"},\"thumbnailUrl\":\"https:\\\/\\\/www.notibras.com\\\/site\\\/wp-content\\\/uploads\\\/2025\\\/12\\\/Dentro-3-39.jpg\",\"datePublished\":\"2025-12-21T04:15:09+00:00\",\"breadcrumb\":{\"@id\":\"https:\\\/\\\/www.notibras.com\\\/site\\\/atencao-na-hora-das-compras-de-natal\\\/#breadcrumb\"},\"inLanguage\":\"pt-BR\",\"potentialAction\":[{\"@type\":\"ReadAction\",\"target\":[\"https:\\\/\\\/www.notibras.com\\\/site\\\/atencao-na-hora-das-compras-de-natal\\\/\"]}]},{\"@type\":\"ImageObject\",\"inLanguage\":\"pt-BR\",\"@id\":\"https:\\\/\\\/www.notibras.com\\\/site\\\/atencao-na-hora-das-compras-de-natal\\\/#primaryimage\",\"url\":\"https:\\\/\\\/www.notibras.com\\\/site\\\/wp-content\\\/uploads\\\/2025\\\/12\\\/Dentro-3-39.jpg\",\"contentUrl\":\"https:\\\/\\\/www.notibras.com\\\/site\\\/wp-content\\\/uploads\\\/2025\\\/12\\\/Dentro-3-39.jpg\",\"width\":1181,\"height\":873},{\"@type\":\"BreadcrumbList\",\"@id\":\"https:\\\/\\\/www.notibras.com\\\/site\\\/atencao-na-hora-das-compras-de-natal\\\/#breadcrumb\",\"itemListElement\":[{\"@type\":\"ListItem\",\"position\":1,\"name\":\"In\u00edcio\",\"item\":\"https:\\\/\\\/www.notibras.com\\\/site\\\/\"},{\"@type\":\"ListItem\",\"position\":2,\"name\":\"Aten\u00e7\u00e3o na hora das compras de Natal\"}]},{\"@type\":\"WebSite\",\"@id\":\"https:\\\/\\\/www.notibras.com\\\/site\\\/#website\",\"url\":\"https:\\\/\\\/www.notibras.com\\\/site\\\/\",\"name\":\"Notibras\",\"description\":\"Not\u00edcias de Bras\u00edlia, do Brasil e do Mundo\",\"publisher\":{\"@id\":\"https:\\\/\\\/www.notibras.com\\\/site\\\/#organization\"},\"potentialAction\":[{\"@type\":\"SearchAction\",\"target\":{\"@type\":\"EntryPoint\",\"urlTemplate\":\"https:\\\/\\\/www.notibras.com\\\/site\\\/?s={search_term_string}\"},\"query-input\":{\"@type\":\"PropertyValueSpecification\",\"valueRequired\":true,\"valueName\":\"search_term_string\"}}],\"inLanguage\":\"pt-BR\"},{\"@type\":\"Organization\",\"@id\":\"https:\\\/\\\/www.notibras.com\\\/site\\\/#organization\",\"name\":\"Grupo Notibras de Comunica\u00e7\u00e3o\",\"url\":\"https:\\\/\\\/www.notibras.com\\\/site\\\/\",\"logo\":{\"@type\":\"ImageObject\",\"inLanguage\":\"pt-BR\",\"@id\":\"https:\\\/\\\/www.notibras.com\\\/site\\\/#\\\/schema\\\/logo\\\/image\\\/\",\"url\":\"https:\\\/\\\/www.notibras.com\\\/site\\\/wp-content\\\/uploads\\\/2023\\\/01\\\/notibras23.png\",\"contentUrl\":\"https:\\\/\\\/www.notibras.com\\\/site\\\/wp-content\\\/uploads\\\/2023\\\/01\\\/notibras23.png\",\"width\":350,\"height\":87,\"caption\":\"Grupo Notibras de Comunica\u00e7\u00e3o\"},\"image\":{\"@id\":\"https:\\\/\\\/www.notibras.com\\\/site\\\/#\\\/schema\\\/logo\\\/image\\\/\"},\"sameAs\":[\"https:\\\/\\\/www.facebook.com\\\/notibras\\\/\",\"https:\\\/\\\/x.com\\\/Notibras\",\"https:\\\/\\\/www.instagram.com\\\/notibras\\\/\"]},{\"@type\":\"Person\",\"@id\":\"https:\\\/\\\/www.notibras.com\\\/site\\\/#\\\/schema\\\/person\\\/5b7fabf2aedc3ada2105f03b22b4d3dd\",\"name\":\"Eduardo Mart\u00ednez\",\"image\":{\"@type\":\"ImageObject\",\"inLanguage\":\"pt-BR\",\"@id\":\"https:\\\/\\\/secure.gravatar.com\\\/avatar\\\/7902f906289926289cbcda644b5197c796b893c6ffd7b9a536a42d290f7704a0?s=96&d=mm&r=g\",\"url\":\"https:\\\/\\\/secure.gravatar.com\\\/avatar\\\/7902f906289926289cbcda644b5197c796b893c6ffd7b9a536a42d290f7704a0?s=96&d=mm&r=g\",\"contentUrl\":\"https:\\\/\\\/secure.gravatar.com\\\/avatar\\\/7902f906289926289cbcda644b5197c796b893c6ffd7b9a536a42d290f7704a0?s=96&d=mm&r=g\",\"caption\":\"Eduardo Mart\u00ednez\"}}]}<\/script>\n<!-- \/ Yoast SEO plugin. -->","yoast_head_json":{"title":"Aten\u00e7\u00e3o na hora das compras de Natal - Notibras","robots":{"index":"index","follow":"follow","max-snippet":"max-snippet:-1","max-image-preview":"max-image-preview:large","max-video-preview":"max-video-preview:-1"},"canonical":"https:\/\/www.notibras.com\/site\/atencao-na-hora-das-compras-de-natal\/","og_locale":"pt_BR","og_type":"article","og_title":"Aten\u00e7\u00e3o na hora das compras de Natal - Notibras","og_description":"A \u00e9poca mais movimentada do ano j\u00e1 se faz presente; e, com a proximidade do Natal e o aumento significativo das compras, h\u00e1 orienta\u00e7\u00f5es para ajudar os consumidores do Distrito Federal a conhecer e exercer seus direitos. Confira a seguir as dicas que o Instituto de Defesa do Consumidor (Procon-DF) separou para ajudar a popula\u00e7\u00e3o [&hellip;]","og_url":"https:\/\/www.notibras.com\/site\/atencao-na-hora-das-compras-de-natal\/","og_site_name":"Notibras","article_publisher":"https:\/\/www.facebook.com\/notibras\/","article_published_time":"2025-12-21T04:15:09+00:00","og_image":[{"width":1181,"height":873,"url":"https:\/\/www.notibras.com\/site\/wp-content\/uploads\/2025\/12\/Dentro-3-39.jpg","type":"image\/jpeg"}],"author":"Eduardo Mart\u00ednez","twitter_card":"summary_large_image","twitter_creator":"@Notibras","twitter_site":"@Notibras","twitter_misc":{"Escrito por":"Eduardo Mart\u00ednez","Est. tempo de leitura":"5 minutos"},"schema":{"@context":"https:\/\/schema.org","@graph":[{"@type":"Article","@id":"https:\/\/www.notibras.com\/site\/atencao-na-hora-das-compras-de-natal\/#article","isPartOf":{"@id":"https:\/\/www.notibras.com\/site\/atencao-na-hora-das-compras-de-natal\/"},"author":{"name":"Eduardo Mart\u00ednez","@id":"https:\/\/www.notibras.com\/site\/#\/schema\/person\/5b7fabf2aedc3ada2105f03b22b4d3dd"},"headline":"Aten\u00e7\u00e3o na hora das compras de Natal","datePublished":"2025-12-21T04:15:09+00:00","mainEntityOfPage":{"@id":"https:\/\/www.notibras.com\/site\/atencao-na-hora-das-compras-de-natal\/"},"wordCount":828,"publisher":{"@id":"https:\/\/www.notibras.com\/site\/#organization"},"image":{"@id":"https:\/\/www.notibras.com\/site\/atencao-na-hora-das-compras-de-natal\/#primaryimage"},"thumbnailUrl":"https:\/\/www.notibras.com\/site\/wp-content\/uploads\/2025\/12\/Dentro-3-39.jpg","articleSection":["Quadradinho em Foco"],"inLanguage":"pt-BR"},{"@type":"WebPage","@id":"https:\/\/www.notibras.com\/site\/atencao-na-hora-das-compras-de-natal\/","url":"https:\/\/www.notibras.com\/site\/atencao-na-hora-das-compras-de-natal\/","name":"Aten\u00e7\u00e3o na hora das compras de Natal - Notibras","isPartOf":{"@id":"https:\/\/www.notibras.com\/site\/#website"},"primaryImageOfPage":{"@id":"https:\/\/www.notibras.com\/site\/atencao-na-hora-das-compras-de-natal\/#primaryimage"},"image":{"@id":"https:\/\/www.notibras.com\/site\/atencao-na-hora-das-compras-de-natal\/#primaryimage"},"thumbnailUrl":"https:\/\/www.notibras.com\/site\/wp-content\/uploads\/2025\/12\/Dentro-3-39.jpg","datePublished":"2025-12-21T04:15:09+00:00","breadcrumb":{"@id":"https:\/\/www.notibras.com\/site\/atencao-na-hora-das-compras-de-natal\/#breadcrumb"},"inLanguage":"pt-BR","potentialAction":[{"@type":"ReadAction","target":["https:\/\/www.notibras.com\/site\/atencao-na-hora-das-compras-de-natal\/"]}]},{"@type":"ImageObject","inLanguage":"pt-BR","@id":"https:\/\/www.notibras.com\/site\/atencao-na-hora-das-compras-de-natal\/#primaryimage","url":"https:\/\/www.notibras.com\/site\/wp-content\/uploads\/2025\/12\/Dentro-3-39.jpg","contentUrl":"https:\/\/www.notibras.com\/site\/wp-content\/uploads\/2025\/12\/Dentro-3-39.jpg","width":1181,"height":873},{"@type":"BreadcrumbList","@id":"https:\/\/www.notibras.com\/site\/atencao-na-hora-das-compras-de-natal\/#breadcrumb","itemListElement":[{"@type":"ListItem","position":1,"name":"In\u00edcio","item":"https:\/\/www.notibras.com\/site\/"},{"@type":"ListItem","position":2,"name":"Aten\u00e7\u00e3o na hora das compras de Natal"}]},{"@type":"WebSite","@id":"https:\/\/www.notibras.com\/site\/#website","url":"https:\/\/www.notibras.com\/site\/","name":"Notibras","description":"Not\u00edcias de Bras\u00edlia, do Brasil e do Mundo","publisher":{"@id":"https:\/\/www.notibras.com\/site\/#organization"},"potentialAction":[{"@type":"SearchAction","target":{"@type":"EntryPoint","urlTemplate":"https:\/\/www.notibras.com\/site\/?s={search_term_string}"},"query-input":{"@type":"PropertyValueSpecification","valueRequired":true,"valueName":"search_term_string"}}],"inLanguage":"pt-BR"},{"@type":"Organization","@id":"https:\/\/www.notibras.com\/site\/#organization","name":"Grupo Notibras de Comunica\u00e7\u00e3o","url":"https:\/\/www.notibras.com\/site\/","logo":{"@type":"ImageObject","inLanguage":"pt-BR","@id":"https:\/\/www.notibras.com\/site\/#\/schema\/logo\/image\/","url":"https:\/\/www.notibras.com\/site\/wp-content\/uploads\/2023\/01\/notibras23.png","contentUrl":"https:\/\/www.notibras.com\/site\/wp-content\/uploads\/2023\/01\/notibras23.png","width":350,"height":87,"caption":"Grupo Notibras de Comunica\u00e7\u00e3o"},"image":{"@id":"https:\/\/www.notibras.com\/site\/#\/schema\/logo\/image\/"},"sameAs":["https:\/\/www.facebook.com\/notibras\/","https:\/\/x.com\/Notibras","https:\/\/www.instagram.com\/notibras\/"]},{"@type":"Person","@id":"https:\/\/www.notibras.com\/site\/#\/schema\/person\/5b7fabf2aedc3ada2105f03b22b4d3dd","name":"Eduardo Mart\u00ednez","image":{"@type":"ImageObject","inLanguage":"pt-BR","@id":"https:\/\/secure.gravatar.com\/avatar\/7902f906289926289cbcda644b5197c796b893c6ffd7b9a536a42d290f7704a0?s=96&d=mm&r=g","url":"https:\/\/secure.gravatar.com\/avatar\/7902f906289926289cbcda644b5197c796b893c6ffd7b9a536a42d290f7704a0?s=96&d=mm&r=g","contentUrl":"https:\/\/secure.gravatar.com\/avatar\/7902f906289926289cbcda644b5197c796b893c6ffd7b9a536a42d290f7704a0?s=96&d=mm&r=g","caption":"Eduardo Mart\u00ednez"}}]}},"amp_enabled":true,"_links":{"self":[{"href":"https:\/\/www.notibras.com\/site\/wp-json\/wp\/v2\/posts\/375647","targetHints":{"allow":["GET"]}}],"collection":[{"href":"https:\/\/www.notibras.com\/site\/wp-json\/wp\/v2\/posts"}],"about":[{"href":"https:\/\/www.notibras.com\/site\/wp-json\/wp\/v2\/types\/post"}],"author":[{"embeddable":true,"href":"https:\/\/www.notibras.com\/site\/wp-json\/wp\/v2\/users\/21"}],"replies":[{"embeddable":true,"href":"https:\/\/www.notibras.com\/site\/wp-json\/wp\/v2\/comments?post=375647"}],"version-history":[{"count":2,"href":"https:\/\/www.notibras.com\/site\/wp-json\/wp\/v2\/posts\/375647\/revisions"}],"predecessor-version":[{"id":375651,"href":"https:\/\/www.notibras.com\/site\/wp-json\/wp\/v2\/posts\/375647\/revisions\/375651"}],"wp:featuredmedia":[{"embeddable":true,"href":"https:\/\/www.notibras.com\/site\/wp-json\/wp\/v2\/media\/375648"}],"wp:attachment":[{"href":"https:\/\/www.notibras.com\/site\/wp-json\/wp\/v2\/media?parent=375647"}],"wp:term":[{"taxonomy":"category","embeddable":true,"href":"https:\/\/www.notibras.com\/site\/wp-json\/wp\/v2\/categories?post=375647"},{"taxonomy":"post_tag","embeddable":true,"href":"https:\/\/www.notibras.com\/site\/wp-json\/wp\/v2\/tags?post=375647"}],"curies":[{"name":"wp","href":"https:\/\/api.w.org\/{rel}","templated":true}]}}