{"id":375652,"date":"2025-12-21T01:00:22","date_gmt":"2025-12-21T04:00:22","guid":{"rendered":"https:\/\/www.notibras.com\/site\/?p=375652"},"modified":"2025-12-20T21:24:51","modified_gmt":"2025-12-21T00:24:51","slug":"terapia-comunitaria-para-maes-atipicas-completa-nove-meses-de-atividade","status":"publish","type":"post","link":"https:\/\/www.notibras.com\/site\/terapia-comunitaria-para-maes-atipicas-completa-nove-meses-de-atividade\/","title":{"rendered":"Terapia comunit\u00e1ria para m\u00e3es at\u00edpicas completa nove meses de atividade"},"content":{"rendered":"<p>O ciclo do Encontro At\u00edpico de 2025 chegou ao fim, ap\u00f3s nove meses de atividade. A terapia comunit\u00e1ria oferecida no Hospital Regional de Taguatinga (HRT) para mulheres que assumem o cuidado cont\u00ednuo de filhos com condi\u00e7\u00f5es que exigem aten\u00e7\u00e3o especial teve in\u00edcio em abril , m\u00eas de conscientiza\u00e7\u00e3o sobre o autismo.<\/p>\n<p>Cerca de 150 mulheres participaram de palestras e oficinas mensais, promovidas por profissionais volunt\u00e1rios \u2014 de psic\u00f3loga a esteticista, passando por nutricionista, educadora f\u00edsica e fisioterapeuta. \u201cFoi um ano muito produtivo. A gente p\u00f4de perceber o quanto as m\u00e3es at\u00edpicas necessitam de aten\u00e7\u00e3o, de serem ouvidas, de terem um momento s\u00f3 pra elas\u201d, avalia a cirurgi\u00e3-dentista do Centro de Especialidades Odontol\u00f3gicas (CEO) do HRT e coordenadora do projeto, Andr\u00e9ia Aquino.<\/p>\n<p>O \u201cper\u00edodo de gesta\u00e7\u00e3o\u201d serviu para consolidar os v\u00ednculos e expandir as ambi\u00e7\u00f5es do grupo. O desejo \u00e9 un\u00e2nime: retomar os encontros no pr\u00f3ximo ano. \u201cEu consegui, atrav\u00e9s dos encontros, olhar mais pra mim\u201d, disse Alessandra Albuquerque, 44 anos, m\u00e3e de Bernardo, 10, durante o encerramento, na \u00faltima quinta-feira (11). \u201cA vida de m\u00e3e at\u00edpica geralmente \u00e9 a gente tentando se capacitar para cuidar dos nossos filhos. Essa foi uma oportunidade de capacita\u00e7\u00e3o para cuidarmos de n\u00f3s mesmas\u201d, concluiu.<\/p>\n","protected":false},"excerpt":{"rendered":"<p>O ciclo do Encontro At\u00edpico de 2025 chegou ao fim, ap\u00f3s nove meses de atividade. A terapia comunit\u00e1ria oferecida no Hospital Regional de Taguatinga (HRT) para mulheres que assumem o cuidado cont\u00ednuo de filhos com condi\u00e7\u00f5es que exigem aten\u00e7\u00e3o especial teve in\u00edcio em abril , m\u00eas de conscientiza\u00e7\u00e3o sobre o autismo. Cerca de 150 mulheres [&hellip;]<\/p>\n","protected":false},"author":21,"featured_media":375653,"comment_status":"closed","ping_status":"closed","sticky":false,"template":"","format":"standard","meta":{"_acf_changed":false,"footnotes":""},"categories":[161],"tags":[],"class_list":["post-375652","post","type-post","status-publish","format-standard","has-post-thumbnail","hentry","category-quadradinho-em-foco"],"acf":[],"yoast_head":"<!-- This site is optimized with the Yoast SEO plugin v27.5 - https:\/\/yoast.com\/product\/yoast-seo-wordpress\/ -->\n<title>Terapia comunit\u00e1ria para m\u00e3es at\u00edpicas completa nove meses de atividade - Notibras<\/title>\n<meta name=\"robots\" content=\"index, follow, max-snippet:-1, max-image-preview:large, max-video-preview:-1\" \/>\n<link rel=\"canonical\" href=\"https:\/\/www.notibras.com\/site\/terapia-comunitaria-para-maes-atipicas-completa-nove-meses-de-atividade\/\" \/>\n<meta property=\"og:locale\" content=\"pt_BR\" \/>\n<meta property=\"og:type\" content=\"article\" \/>\n<meta property=\"og:title\" content=\"Terapia comunit\u00e1ria para m\u00e3es at\u00edpicas completa nove meses de atividade - Notibras\" \/>\n<meta property=\"og:description\" content=\"O ciclo do Encontro At\u00edpico de 2025 chegou ao fim, ap\u00f3s nove meses de atividade. A terapia comunit\u00e1ria oferecida no Hospital Regional de Taguatinga (HRT) para mulheres que assumem o cuidado cont\u00ednuo de filhos com condi\u00e7\u00f5es que exigem aten\u00e7\u00e3o especial teve in\u00edcio em abril , m\u00eas de conscientiza\u00e7\u00e3o sobre o autismo. Cerca de 150 mulheres [&hellip;]\" \/>\n<meta property=\"og:url\" content=\"https:\/\/www.notibras.com\/site\/terapia-comunitaria-para-maes-atipicas-completa-nove-meses-de-atividade\/\" \/>\n<meta property=\"og:site_name\" content=\"Notibras\" \/>\n<meta property=\"article:publisher\" content=\"https:\/\/www.facebook.com\/notibras\/\" \/>\n<meta property=\"article:published_time\" content=\"2025-12-21T04:00:22+00:00\" \/>\n<meta property=\"og:image\" content=\"https:\/\/www.notibras.com\/site\/wp-content\/uploads\/2025\/12\/ANDREIA-AQUINO-Encontro-Atipico-Fotos-Sandro-AraujoAgencia-Saude-DF-scaled.jpg\" \/>\n\t<meta property=\"og:image:width\" content=\"2560\" \/>\n\t<meta property=\"og:image:height\" content=\"1707\" \/>\n\t<meta property=\"og:image:type\" content=\"image\/jpeg\" \/>\n<meta name=\"author\" content=\"Eduardo Mart\u00ednez\" \/>\n<meta name=\"twitter:card\" content=\"summary_large_image\" \/>\n<meta name=\"twitter:creator\" content=\"@Notibras\" \/>\n<meta name=\"twitter:site\" content=\"@Notibras\" \/>\n<meta name=\"twitter:label1\" content=\"Escrito por\" \/>\n\t<meta name=\"twitter:data1\" content=\"Eduardo Mart\u00ednez\" \/>\n\t<meta name=\"twitter:label2\" content=\"Est. tempo de leitura\" \/>\n\t<meta name=\"twitter:data2\" content=\"2 minutos\" \/>\n<script type=\"application\/ld+json\" class=\"yoast-schema-graph\">{\"@context\":\"https:\\\/\\\/schema.org\",\"@graph\":[{\"@type\":\"Article\",\"@id\":\"https:\\\/\\\/www.notibras.com\\\/site\\\/terapia-comunitaria-para-maes-atipicas-completa-nove-meses-de-atividade\\\/#article\",\"isPartOf\":{\"@id\":\"https:\\\/\\\/www.notibras.com\\\/site\\\/terapia-comunitaria-para-maes-atipicas-completa-nove-meses-de-atividade\\\/\"},\"author\":{\"name\":\"Eduardo Mart\u00ednez\",\"@id\":\"https:\\\/\\\/www.notibras.com\\\/site\\\/#\\\/schema\\\/person\\\/5b7fabf2aedc3ada2105f03b22b4d3dd\"},\"headline\":\"Terapia comunit\u00e1ria para m\u00e3es at\u00edpicas completa nove meses de atividade\",\"datePublished\":\"2025-12-21T04:00:22+00:00\",\"mainEntityOfPage\":{\"@id\":\"https:\\\/\\\/www.notibras.com\\\/site\\\/terapia-comunitaria-para-maes-atipicas-completa-nove-meses-de-atividade\\\/\"},\"wordCount\":235,\"publisher\":{\"@id\":\"https:\\\/\\\/www.notibras.com\\\/site\\\/#organization\"},\"image\":{\"@id\":\"https:\\\/\\\/www.notibras.com\\\/site\\\/terapia-comunitaria-para-maes-atipicas-completa-nove-meses-de-atividade\\\/#primaryimage\"},\"thumbnailUrl\":\"https:\\\/\\\/www.notibras.com\\\/site\\\/wp-content\\\/uploads\\\/2025\\\/12\\\/ANDREIA-AQUINO-Encontro-Atipico-Fotos-Sandro-AraujoAgencia-Saude-DF-scaled.jpg\",\"articleSection\":[\"Quadradinho em Foco\"],\"inLanguage\":\"pt-BR\"},{\"@type\":\"WebPage\",\"@id\":\"https:\\\/\\\/www.notibras.com\\\/site\\\/terapia-comunitaria-para-maes-atipicas-completa-nove-meses-de-atividade\\\/\",\"url\":\"https:\\\/\\\/www.notibras.com\\\/site\\\/terapia-comunitaria-para-maes-atipicas-completa-nove-meses-de-atividade\\\/\",\"name\":\"Terapia comunit\u00e1ria para m\u00e3es at\u00edpicas completa nove meses de atividade - Notibras\",\"isPartOf\":{\"@id\":\"https:\\\/\\\/www.notibras.com\\\/site\\\/#website\"},\"primaryImageOfPage\":{\"@id\":\"https:\\\/\\\/www.notibras.com\\\/site\\\/terapia-comunitaria-para-maes-atipicas-completa-nove-meses-de-atividade\\\/#primaryimage\"},\"image\":{\"@id\":\"https:\\\/\\\/www.notibras.com\\\/site\\\/terapia-comunitaria-para-maes-atipicas-completa-nove-meses-de-atividade\\\/#primaryimage\"},\"thumbnailUrl\":\"https:\\\/\\\/www.notibras.com\\\/site\\\/wp-content\\\/uploads\\\/2025\\\/12\\\/ANDREIA-AQUINO-Encontro-Atipico-Fotos-Sandro-AraujoAgencia-Saude-DF-scaled.jpg\",\"datePublished\":\"2025-12-21T04:00:22+00:00\",\"breadcrumb\":{\"@id\":\"https:\\\/\\\/www.notibras.com\\\/site\\\/terapia-comunitaria-para-maes-atipicas-completa-nove-meses-de-atividade\\\/#breadcrumb\"},\"inLanguage\":\"pt-BR\",\"potentialAction\":[{\"@type\":\"ReadAction\",\"target\":[\"https:\\\/\\\/www.notibras.com\\\/site\\\/terapia-comunitaria-para-maes-atipicas-completa-nove-meses-de-atividade\\\/\"]}]},{\"@type\":\"ImageObject\",\"inLanguage\":\"pt-BR\",\"@id\":\"https:\\\/\\\/www.notibras.com\\\/site\\\/terapia-comunitaria-para-maes-atipicas-completa-nove-meses-de-atividade\\\/#primaryimage\",\"url\":\"https:\\\/\\\/www.notibras.com\\\/site\\\/wp-content\\\/uploads\\\/2025\\\/12\\\/ANDREIA-AQUINO-Encontro-Atipico-Fotos-Sandro-AraujoAgencia-Saude-DF-scaled.jpg\",\"contentUrl\":\"https:\\\/\\\/www.notibras.com\\\/site\\\/wp-content\\\/uploads\\\/2025\\\/12\\\/ANDREIA-AQUINO-Encontro-Atipico-Fotos-Sandro-AraujoAgencia-Saude-DF-scaled.jpg\",\"width\":2560,\"height\":1707},{\"@type\":\"BreadcrumbList\",\"@id\":\"https:\\\/\\\/www.notibras.com\\\/site\\\/terapia-comunitaria-para-maes-atipicas-completa-nove-meses-de-atividade\\\/#breadcrumb\",\"itemListElement\":[{\"@type\":\"ListItem\",\"position\":1,\"name\":\"In\u00edcio\",\"item\":\"https:\\\/\\\/www.notibras.com\\\/site\\\/\"},{\"@type\":\"ListItem\",\"position\":2,\"name\":\"Terapia comunit\u00e1ria para m\u00e3es at\u00edpicas completa nove meses de atividade\"}]},{\"@type\":\"WebSite\",\"@id\":\"https:\\\/\\\/www.notibras.com\\\/site\\\/#website\",\"url\":\"https:\\\/\\\/www.notibras.com\\\/site\\\/\",\"name\":\"Notibras\",\"description\":\"Not\u00edcias de Bras\u00edlia, do Brasil e do Mundo\",\"publisher\":{\"@id\":\"https:\\\/\\\/www.notibras.com\\\/site\\\/#organization\"},\"potentialAction\":[{\"@type\":\"SearchAction\",\"target\":{\"@type\":\"EntryPoint\",\"urlTemplate\":\"https:\\\/\\\/www.notibras.com\\\/site\\\/?s={search_term_string}\"},\"query-input\":{\"@type\":\"PropertyValueSpecification\",\"valueRequired\":true,\"valueName\":\"search_term_string\"}}],\"inLanguage\":\"pt-BR\"},{\"@type\":\"Organization\",\"@id\":\"https:\\\/\\\/www.notibras.com\\\/site\\\/#organization\",\"name\":\"Grupo Notibras de Comunica\u00e7\u00e3o\",\"url\":\"https:\\\/\\\/www.notibras.com\\\/site\\\/\",\"logo\":{\"@type\":\"ImageObject\",\"inLanguage\":\"pt-BR\",\"@id\":\"https:\\\/\\\/www.notibras.com\\\/site\\\/#\\\/schema\\\/logo\\\/image\\\/\",\"url\":\"https:\\\/\\\/www.notibras.com\\\/site\\\/wp-content\\\/uploads\\\/2023\\\/01\\\/notibras23.png\",\"contentUrl\":\"https:\\\/\\\/www.notibras.com\\\/site\\\/wp-content\\\/uploads\\\/2023\\\/01\\\/notibras23.png\",\"width\":350,\"height\":87,\"caption\":\"Grupo Notibras de Comunica\u00e7\u00e3o\"},\"image\":{\"@id\":\"https:\\\/\\\/www.notibras.com\\\/site\\\/#\\\/schema\\\/logo\\\/image\\\/\"},\"sameAs\":[\"https:\\\/\\\/www.facebook.com\\\/notibras\\\/\",\"https:\\\/\\\/x.com\\\/Notibras\",\"https:\\\/\\\/www.instagram.com\\\/notibras\\\/\"]},{\"@type\":\"Person\",\"@id\":\"https:\\\/\\\/www.notibras.com\\\/site\\\/#\\\/schema\\\/person\\\/5b7fabf2aedc3ada2105f03b22b4d3dd\",\"name\":\"Eduardo Mart\u00ednez\",\"image\":{\"@type\":\"ImageObject\",\"inLanguage\":\"pt-BR\",\"@id\":\"https:\\\/\\\/secure.gravatar.com\\\/avatar\\\/7902f906289926289cbcda644b5197c796b893c6ffd7b9a536a42d290f7704a0?s=96&d=mm&r=g\",\"url\":\"https:\\\/\\\/secure.gravatar.com\\\/avatar\\\/7902f906289926289cbcda644b5197c796b893c6ffd7b9a536a42d290f7704a0?s=96&d=mm&r=g\",\"contentUrl\":\"https:\\\/\\\/secure.gravatar.com\\\/avatar\\\/7902f906289926289cbcda644b5197c796b893c6ffd7b9a536a42d290f7704a0?s=96&d=mm&r=g\",\"caption\":\"Eduardo Mart\u00ednez\"}}]}<\/script>\n<!-- \/ Yoast SEO plugin. -->","yoast_head_json":{"title":"Terapia comunit\u00e1ria para m\u00e3es at\u00edpicas completa nove meses de atividade - Notibras","robots":{"index":"index","follow":"follow","max-snippet":"max-snippet:-1","max-image-preview":"max-image-preview:large","max-video-preview":"max-video-preview:-1"},"canonical":"https:\/\/www.notibras.com\/site\/terapia-comunitaria-para-maes-atipicas-completa-nove-meses-de-atividade\/","og_locale":"pt_BR","og_type":"article","og_title":"Terapia comunit\u00e1ria para m\u00e3es at\u00edpicas completa nove meses de atividade - Notibras","og_description":"O ciclo do Encontro At\u00edpico de 2025 chegou ao fim, ap\u00f3s nove meses de atividade. A terapia comunit\u00e1ria oferecida no Hospital Regional de Taguatinga (HRT) para mulheres que assumem o cuidado cont\u00ednuo de filhos com condi\u00e7\u00f5es que exigem aten\u00e7\u00e3o especial teve in\u00edcio em abril , m\u00eas de conscientiza\u00e7\u00e3o sobre o autismo. Cerca de 150 mulheres [&hellip;]","og_url":"https:\/\/www.notibras.com\/site\/terapia-comunitaria-para-maes-atipicas-completa-nove-meses-de-atividade\/","og_site_name":"Notibras","article_publisher":"https:\/\/www.facebook.com\/notibras\/","article_published_time":"2025-12-21T04:00:22+00:00","og_image":[{"width":2560,"height":1707,"url":"https:\/\/www.notibras.com\/site\/wp-content\/uploads\/2025\/12\/ANDREIA-AQUINO-Encontro-Atipico-Fotos-Sandro-AraujoAgencia-Saude-DF-scaled.jpg","type":"image\/jpeg"}],"author":"Eduardo Mart\u00ednez","twitter_card":"summary_large_image","twitter_creator":"@Notibras","twitter_site":"@Notibras","twitter_misc":{"Escrito por":"Eduardo Mart\u00ednez","Est. tempo de leitura":"2 minutos"},"schema":{"@context":"https:\/\/schema.org","@graph":[{"@type":"Article","@id":"https:\/\/www.notibras.com\/site\/terapia-comunitaria-para-maes-atipicas-completa-nove-meses-de-atividade\/#article","isPartOf":{"@id":"https:\/\/www.notibras.com\/site\/terapia-comunitaria-para-maes-atipicas-completa-nove-meses-de-atividade\/"},"author":{"name":"Eduardo Mart\u00ednez","@id":"https:\/\/www.notibras.com\/site\/#\/schema\/person\/5b7fabf2aedc3ada2105f03b22b4d3dd"},"headline":"Terapia comunit\u00e1ria para m\u00e3es at\u00edpicas completa nove meses de atividade","datePublished":"2025-12-21T04:00:22+00:00","mainEntityOfPage":{"@id":"https:\/\/www.notibras.com\/site\/terapia-comunitaria-para-maes-atipicas-completa-nove-meses-de-atividade\/"},"wordCount":235,"publisher":{"@id":"https:\/\/www.notibras.com\/site\/#organization"},"image":{"@id":"https:\/\/www.notibras.com\/site\/terapia-comunitaria-para-maes-atipicas-completa-nove-meses-de-atividade\/#primaryimage"},"thumbnailUrl":"https:\/\/www.notibras.com\/site\/wp-content\/uploads\/2025\/12\/ANDREIA-AQUINO-Encontro-Atipico-Fotos-Sandro-AraujoAgencia-Saude-DF-scaled.jpg","articleSection":["Quadradinho em Foco"],"inLanguage":"pt-BR"},{"@type":"WebPage","@id":"https:\/\/www.notibras.com\/site\/terapia-comunitaria-para-maes-atipicas-completa-nove-meses-de-atividade\/","url":"https:\/\/www.notibras.com\/site\/terapia-comunitaria-para-maes-atipicas-completa-nove-meses-de-atividade\/","name":"Terapia comunit\u00e1ria para m\u00e3es at\u00edpicas completa nove meses de atividade - Notibras","isPartOf":{"@id":"https:\/\/www.notibras.com\/site\/#website"},"primaryImageOfPage":{"@id":"https:\/\/www.notibras.com\/site\/terapia-comunitaria-para-maes-atipicas-completa-nove-meses-de-atividade\/#primaryimage"},"image":{"@id":"https:\/\/www.notibras.com\/site\/terapia-comunitaria-para-maes-atipicas-completa-nove-meses-de-atividade\/#primaryimage"},"thumbnailUrl":"https:\/\/www.notibras.com\/site\/wp-content\/uploads\/2025\/12\/ANDREIA-AQUINO-Encontro-Atipico-Fotos-Sandro-AraujoAgencia-Saude-DF-scaled.jpg","datePublished":"2025-12-21T04:00:22+00:00","breadcrumb":{"@id":"https:\/\/www.notibras.com\/site\/terapia-comunitaria-para-maes-atipicas-completa-nove-meses-de-atividade\/#breadcrumb"},"inLanguage":"pt-BR","potentialAction":[{"@type":"ReadAction","target":["https:\/\/www.notibras.com\/site\/terapia-comunitaria-para-maes-atipicas-completa-nove-meses-de-atividade\/"]}]},{"@type":"ImageObject","inLanguage":"pt-BR","@id":"https:\/\/www.notibras.com\/site\/terapia-comunitaria-para-maes-atipicas-completa-nove-meses-de-atividade\/#primaryimage","url":"https:\/\/www.notibras.com\/site\/wp-content\/uploads\/2025\/12\/ANDREIA-AQUINO-Encontro-Atipico-Fotos-Sandro-AraujoAgencia-Saude-DF-scaled.jpg","contentUrl":"https:\/\/www.notibras.com\/site\/wp-content\/uploads\/2025\/12\/ANDREIA-AQUINO-Encontro-Atipico-Fotos-Sandro-AraujoAgencia-Saude-DF-scaled.jpg","width":2560,"height":1707},{"@type":"BreadcrumbList","@id":"https:\/\/www.notibras.com\/site\/terapia-comunitaria-para-maes-atipicas-completa-nove-meses-de-atividade\/#breadcrumb","itemListElement":[{"@type":"ListItem","position":1,"name":"In\u00edcio","item":"https:\/\/www.notibras.com\/site\/"},{"@type":"ListItem","position":2,"name":"Terapia comunit\u00e1ria para m\u00e3es at\u00edpicas completa nove meses de atividade"}]},{"@type":"WebSite","@id":"https:\/\/www.notibras.com\/site\/#website","url":"https:\/\/www.notibras.com\/site\/","name":"Notibras","description":"Not\u00edcias de Bras\u00edlia, do Brasil e do Mundo","publisher":{"@id":"https:\/\/www.notibras.com\/site\/#organization"},"potentialAction":[{"@type":"SearchAction","target":{"@type":"EntryPoint","urlTemplate":"https:\/\/www.notibras.com\/site\/?s={search_term_string}"},"query-input":{"@type":"PropertyValueSpecification","valueRequired":true,"valueName":"search_term_string"}}],"inLanguage":"pt-BR"},{"@type":"Organization","@id":"https:\/\/www.notibras.com\/site\/#organization","name":"Grupo Notibras de Comunica\u00e7\u00e3o","url":"https:\/\/www.notibras.com\/site\/","logo":{"@type":"ImageObject","inLanguage":"pt-BR","@id":"https:\/\/www.notibras.com\/site\/#\/schema\/logo\/image\/","url":"https:\/\/www.notibras.com\/site\/wp-content\/uploads\/2023\/01\/notibras23.png","contentUrl":"https:\/\/www.notibras.com\/site\/wp-content\/uploads\/2023\/01\/notibras23.png","width":350,"height":87,"caption":"Grupo Notibras de Comunica\u00e7\u00e3o"},"image":{"@id":"https:\/\/www.notibras.com\/site\/#\/schema\/logo\/image\/"},"sameAs":["https:\/\/www.facebook.com\/notibras\/","https:\/\/x.com\/Notibras","https:\/\/www.instagram.com\/notibras\/"]},{"@type":"Person","@id":"https:\/\/www.notibras.com\/site\/#\/schema\/person\/5b7fabf2aedc3ada2105f03b22b4d3dd","name":"Eduardo Mart\u00ednez","image":{"@type":"ImageObject","inLanguage":"pt-BR","@id":"https:\/\/secure.gravatar.com\/avatar\/7902f906289926289cbcda644b5197c796b893c6ffd7b9a536a42d290f7704a0?s=96&d=mm&r=g","url":"https:\/\/secure.gravatar.com\/avatar\/7902f906289926289cbcda644b5197c796b893c6ffd7b9a536a42d290f7704a0?s=96&d=mm&r=g","contentUrl":"https:\/\/secure.gravatar.com\/avatar\/7902f906289926289cbcda644b5197c796b893c6ffd7b9a536a42d290f7704a0?s=96&d=mm&r=g","caption":"Eduardo Mart\u00ednez"}}]}},"amp_enabled":true,"_links":{"self":[{"href":"https:\/\/www.notibras.com\/site\/wp-json\/wp\/v2\/posts\/375652","targetHints":{"allow":["GET"]}}],"collection":[{"href":"https:\/\/www.notibras.com\/site\/wp-json\/wp\/v2\/posts"}],"about":[{"href":"https:\/\/www.notibras.com\/site\/wp-json\/wp\/v2\/types\/post"}],"author":[{"embeddable":true,"href":"https:\/\/www.notibras.com\/site\/wp-json\/wp\/v2\/users\/21"}],"replies":[{"embeddable":true,"href":"https:\/\/www.notibras.com\/site\/wp-json\/wp\/v2\/comments?post=375652"}],"version-history":[{"count":2,"href":"https:\/\/www.notibras.com\/site\/wp-json\/wp\/v2\/posts\/375652\/revisions"}],"predecessor-version":[{"id":375655,"href":"https:\/\/www.notibras.com\/site\/wp-json\/wp\/v2\/posts\/375652\/revisions\/375655"}],"wp:featuredmedia":[{"embeddable":true,"href":"https:\/\/www.notibras.com\/site\/wp-json\/wp\/v2\/media\/375653"}],"wp:attachment":[{"href":"https:\/\/www.notibras.com\/site\/wp-json\/wp\/v2\/media?parent=375652"}],"wp:term":[{"taxonomy":"category","embeddable":true,"href":"https:\/\/www.notibras.com\/site\/wp-json\/wp\/v2\/categories?post=375652"},{"taxonomy":"post_tag","embeddable":true,"href":"https:\/\/www.notibras.com\/site\/wp-json\/wp\/v2\/tags?post=375652"}],"curies":[{"name":"wp","href":"https:\/\/api.w.org\/{rel}","templated":true}]}}