{"id":375677,"date":"2025-12-21T08:04:14","date_gmt":"2025-12-21T11:04:14","guid":{"rendered":"https:\/\/www.notibras.com\/site\/?p=375677"},"modified":"2025-12-21T08:09:09","modified_gmt":"2025-12-21T11:09:09","slug":"moralistas-acham-que-fora-conservadores-todo-brasileiro-e-besta","status":"publish","type":"post","link":"https:\/\/www.notibras.com\/site\/moralistas-acham-que-fora-conservadores-todo-brasileiro-e-besta\/","title":{"rendered":"Moralistas acham que fora conservadores, todo brasileiro \u00e9 besta"},"content":{"rendered":"<p>Com cheiro de podre at\u00e9 a vig\u00e9sima-segunda veia da bosta, a direita, se quiser falar da esquerda, ter\u00e1 de dobrar a l\u00edngua de trapo, se esconder no quarto escuro, liberar seus membros para uma suruba pol\u00edtica e, somente ap\u00f3s uma intensa discuss\u00e3o sobre a rela\u00e7\u00e3o, buscar est\u00edmulos para anunciar que, sem perspectivas de futuro, vai assistir de camarote a chegada do Lula 4. Fosse um poeta, eu diria aos impolutos que insistem em endeusar a turma de cr\u00e1pulas que chegou a hora de voc\u00eas darem vez e voz \u00e0quela vontade absurda de sair por a\u00ed, sem rumo, sem dire\u00e7\u00e3o e sem data para voltar.<\/p>\n<p>Se aceitarem sugest\u00e3o, voltem para a quarta posse de Luiz In\u00e1cio, no dia 1\u00ba. de janeiro de 2027. Saibam que, ao contr\u00e1rio do que fizeram em 2019, ser\u00e3o bem-vindos. Quase um cad\u00e1ver \u00e0 beira da cova, o morto vivo Jair Bolsonaro pode ter contribu\u00eddo para o ocaso eleitoral dos extremistas. Entretanto, reavaliando a disputa de 2022, com certeza o que ainda resta dos 35% de brasileiros que se classificavam como sendo de direita deve estar morrendo de vergonha das falcatruas de seus representantes na C\u00e2mara e no Senado.<\/p>\n<p>A hip\u00e9rbole n\u00e3o \u00e9 de todo exagerada, considerando que, n\u00e3o faz muito tempo, milhares de patriotas choraram rios de l\u00e1grimas com as barbaridades produzidas por Jair Messias e seus aliados. Chegou a hora do retorno. Nada como um dia atr\u00e1s do outro e uma noite no meio para desmascarar os falsos nobres e os metidos a puritanos. Os que diziam dormir envoltos no manto da moralidade s\u00e3o os mesmos que hoje acordam gravemente enrolados no celofane da corrup\u00e7\u00e3o, da ladroagem e da picaretagem.<\/p>\n<p>Reles como cidad\u00e3os, p\u00edfios como homens p\u00fablicos e desavisados como defensores da bandidagem pol\u00edtica, as excel\u00eancias da direita bem que poderiam cal\u00e7ar as sand\u00e1lias da humildade, se fantasiar de \u00e9ticos, fechar os olhos e descer pela primeira chamin\u00e9 com destino \u00e0quela ponte que partiu entre a C\u00e2mara e o Senado. Quem sabe eles e elas voltam menos sedentos pelo dinheiro p\u00fablico que anualmente desce pelo ralo da corrup\u00e7\u00e3o expl\u00edcita.<\/p>\n<p>A esses recursos roubados do povo, deputados e senadores deram o jocoso apelido de emendas parlamentares, fixadas secretamente no Or\u00e7amento de 2026 em R$ 61 bilh\u00f5es. \u00c9 ou n\u00e3o \u00e9 uma vergonha? \u00c9 o mesmo dinheiro que o pastor carioca S\u00f3stenes Cavalcante jura ser decorrente da venda de um im\u00f3vel. Que eu saiba, compra e venda de terrenos, casas ou apartamentos exigem documenta\u00e7\u00e3o registrada em cart\u00f3rio. Al\u00e9m disso, na era do PIX e da transfer\u00eancia online, imaginar um comprador tirando do bolso quase R$ 500 mil em esp\u00e9cie \u00e9 mais hil\u00e1rio do que qualquer piada de gago.<\/p>\n<p>S\u00e3o os tais moralistas ou impolutos, como eles mesmo se autodenominavam at\u00e9 que a casa come\u00e7ou a cair. Nada de mais que pensem assim. O problema \u00e9 quando eles acham que todos os brasileiros fora do espectro conservador s\u00e3o bestas. Na verdade, besta \u00e9 tu, meu caro deputado afanador do dinheiro do trabalhador. Se achando mais espertos do que o m\u00e1gico do Circo Vostok, os aliados do Jair sequer esperaram o fim da legislatura. Acho que na cabe\u00e7a deles est\u00e1 clara a seguinte teoria: se o mestre evacuou desde o in\u00edcio de seu governo, \u00e9 bom alvitre evacuarmos no meio de nosso mandato. E assim est\u00e3o fazendo. E \u00e9 assim que, mesmo borrados, ser\u00e3o todos presos. Dif\u00edcil n\u00e3o \u00e9 fazer o que \u00e9 certo, mas descobrir o que \u00e9 certo fazer. Est\u00e1 provado que isso a direita nunca saber\u00e1.<\/p>\n<p>&#8230;&#8230;&#8230;&#8230;&#8230;.<\/p>\n<p><strong>Wenceslau Ara\u00fajo \u00e9 Editor-Chefe de Notibras<\/strong><\/p>\n","protected":false},"excerpt":{"rendered":"<p>Com cheiro de podre at\u00e9 a vig\u00e9sima-segunda veia da bosta, a direita, se quiser falar da esquerda, ter\u00e1 de dobrar a l\u00edngua de trapo, se esconder no quarto escuro, liberar seus membros para uma suruba pol\u00edtica e, somente ap\u00f3s uma intensa discuss\u00e3o sobre a rela\u00e7\u00e3o, buscar est\u00edmulos para anunciar que, sem perspectivas de futuro, vai [&hellip;]<\/p>\n","protected":false},"author":2,"featured_media":297357,"comment_status":"closed","ping_status":"closed","sticky":false,"template":"","format":"standard","meta":{"_acf_changed":false,"footnotes":""},"categories":[16],"tags":[95],"class_list":["post-375677","post","type-post","status-publish","format-standard","has-post-thumbnail","hentry","category-brasil","tag-capa"],"acf":[],"yoast_head":"<!-- This site is optimized with the Yoast SEO plugin v27.2 - https:\/\/yoast.com\/product\/yoast-seo-wordpress\/ -->\n<title>Moralistas acham que fora conservadores, todo brasileiro \u00e9 besta - Notibras<\/title>\n<meta name=\"robots\" content=\"index, follow, max-snippet:-1, max-image-preview:large, max-video-preview:-1\" \/>\n<link rel=\"canonical\" href=\"https:\/\/www.notibras.com\/site\/moralistas-acham-que-fora-conservadores-todo-brasileiro-e-besta\/\" \/>\n<meta property=\"og:locale\" content=\"pt_BR\" \/>\n<meta property=\"og:type\" content=\"article\" \/>\n<meta property=\"og:title\" content=\"Moralistas acham que fora conservadores, todo brasileiro \u00e9 besta - Notibras\" \/>\n<meta property=\"og:description\" content=\"Com cheiro de podre at\u00e9 a vig\u00e9sima-segunda veia da bosta, a direita, se quiser falar da esquerda, ter\u00e1 de dobrar a l\u00edngua de trapo, se esconder no quarto escuro, liberar seus membros para uma suruba pol\u00edtica e, somente ap\u00f3s uma intensa discuss\u00e3o sobre a rela\u00e7\u00e3o, buscar est\u00edmulos para anunciar que, sem perspectivas de futuro, vai [&hellip;]\" \/>\n<meta property=\"og:url\" content=\"https:\/\/www.notibras.com\/site\/moralistas-acham-que-fora-conservadores-todo-brasileiro-e-besta\/\" \/>\n<meta property=\"og:site_name\" content=\"Notibras\" \/>\n<meta property=\"article:publisher\" content=\"https:\/\/www.facebook.com\/notibras\/\" \/>\n<meta property=\"article:published_time\" content=\"2025-12-21T11:04:14+00:00\" \/>\n<meta property=\"article:modified_time\" content=\"2025-12-21T11:09:09+00:00\" \/>\n<meta property=\"og:image\" content=\"https:\/\/www.notibras.com\/site\/wp-content\/uploads\/2023\/01\/lula.vermelho.jpg\" \/>\n\t<meta property=\"og:image:width\" content=\"770\" \/>\n\t<meta property=\"og:image:height\" content=\"513\" \/>\n\t<meta property=\"og:image:type\" content=\"image\/jpeg\" \/>\n<meta name=\"author\" content=\"Reda\u00e7\u00e3o\" \/>\n<meta name=\"twitter:card\" content=\"summary_large_image\" \/>\n<meta name=\"twitter:creator\" content=\"@Notibras\" \/>\n<meta name=\"twitter:site\" content=\"@Notibras\" \/>\n<meta name=\"twitter:label1\" content=\"Escrito por\" \/>\n\t<meta name=\"twitter:data1\" content=\"Reda\u00e7\u00e3o\" \/>\n\t<meta name=\"twitter:label2\" content=\"Est. tempo de leitura\" \/>\n\t<meta name=\"twitter:data2\" content=\"4 minutos\" \/>\n<script type=\"application\/ld+json\" class=\"yoast-schema-graph\">{\"@context\":\"https:\/\/schema.org\",\"@graph\":[{\"@type\":\"Article\",\"@id\":\"https:\/\/www.notibras.com\/site\/moralistas-acham-que-fora-conservadores-todo-brasileiro-e-besta\/#article\",\"isPartOf\":{\"@id\":\"https:\/\/www.notibras.com\/site\/moralistas-acham-que-fora-conservadores-todo-brasileiro-e-besta\/\"},\"author\":{\"name\":\"Reda\u00e7\u00e3o\",\"@id\":\"https:\/\/www.notibras.com\/site\/#\/schema\/person\/36ab0979449956132d3e5b517ea76ac8\"},\"headline\":\"Moralistas acham que fora conservadores, todo brasileiro \u00e9 besta\",\"datePublished\":\"2025-12-21T11:04:14+00:00\",\"dateModified\":\"2025-12-21T11:09:09+00:00\",\"mainEntityOfPage\":{\"@id\":\"https:\/\/www.notibras.com\/site\/moralistas-acham-que-fora-conservadores-todo-brasileiro-e-besta\/\"},\"wordCount\":628,\"publisher\":{\"@id\":\"https:\/\/www.notibras.com\/site\/#organization\"},\"image\":{\"@id\":\"https:\/\/www.notibras.com\/site\/moralistas-acham-que-fora-conservadores-todo-brasileiro-e-besta\/#primaryimage\"},\"thumbnailUrl\":\"https:\/\/www.notibras.com\/site\/wp-content\/uploads\/2023\/01\/lula.vermelho.jpg\",\"keywords\":[\"capa\"],\"articleSection\":[\"Brasil\"],\"inLanguage\":\"pt-BR\"},{\"@type\":\"WebPage\",\"@id\":\"https:\/\/www.notibras.com\/site\/moralistas-acham-que-fora-conservadores-todo-brasileiro-e-besta\/\",\"url\":\"https:\/\/www.notibras.com\/site\/moralistas-acham-que-fora-conservadores-todo-brasileiro-e-besta\/\",\"name\":\"Moralistas acham que fora conservadores, todo brasileiro \u00e9 besta - Notibras\",\"isPartOf\":{\"@id\":\"https:\/\/www.notibras.com\/site\/#website\"},\"primaryImageOfPage\":{\"@id\":\"https:\/\/www.notibras.com\/site\/moralistas-acham-que-fora-conservadores-todo-brasileiro-e-besta\/#primaryimage\"},\"image\":{\"@id\":\"https:\/\/www.notibras.com\/site\/moralistas-acham-que-fora-conservadores-todo-brasileiro-e-besta\/#primaryimage\"},\"thumbnailUrl\":\"https:\/\/www.notibras.com\/site\/wp-content\/uploads\/2023\/01\/lula.vermelho.jpg\",\"datePublished\":\"2025-12-21T11:04:14+00:00\",\"dateModified\":\"2025-12-21T11:09:09+00:00\",\"breadcrumb\":{\"@id\":\"https:\/\/www.notibras.com\/site\/moralistas-acham-que-fora-conservadores-todo-brasileiro-e-besta\/#breadcrumb\"},\"inLanguage\":\"pt-BR\",\"potentialAction\":[{\"@type\":\"ReadAction\",\"target\":[\"https:\/\/www.notibras.com\/site\/moralistas-acham-que-fora-conservadores-todo-brasileiro-e-besta\/\"]}]},{\"@type\":\"ImageObject\",\"inLanguage\":\"pt-BR\",\"@id\":\"https:\/\/www.notibras.com\/site\/moralistas-acham-que-fora-conservadores-todo-brasileiro-e-besta\/#primaryimage\",\"url\":\"https:\/\/www.notibras.com\/site\/wp-content\/uploads\/2023\/01\/lula.vermelho.jpg\",\"contentUrl\":\"https:\/\/www.notibras.com\/site\/wp-content\/uploads\/2023\/01\/lula.vermelho.jpg\",\"width\":770,\"height\":513,\"caption\":\"Cerim\u00f4nia de posse do presidente da Rep\u00fablica, Luiz In\u00e1cio Lula da Silva no Pal\u00e1cio do Planalto\"},{\"@type\":\"BreadcrumbList\",\"@id\":\"https:\/\/www.notibras.com\/site\/moralistas-acham-que-fora-conservadores-todo-brasileiro-e-besta\/#breadcrumb\",\"itemListElement\":[{\"@type\":\"ListItem\",\"position\":1,\"name\":\"In\u00edcio\",\"item\":\"https:\/\/www.notibras.com\/site\/\"},{\"@type\":\"ListItem\",\"position\":2,\"name\":\"Moralistas acham que fora conservadores, todo brasileiro \u00e9 besta\"}]},{\"@type\":\"WebSite\",\"@id\":\"https:\/\/www.notibras.com\/site\/#website\",\"url\":\"https:\/\/www.notibras.com\/site\/\",\"name\":\"Notibras\",\"description\":\"Not\u00edcias de Bras\u00edlia, do Brasil e do Mundo\",\"publisher\":{\"@id\":\"https:\/\/www.notibras.com\/site\/#organization\"},\"potentialAction\":[{\"@type\":\"SearchAction\",\"target\":{\"@type\":\"EntryPoint\",\"urlTemplate\":\"https:\/\/www.notibras.com\/site\/?s={search_term_string}\"},\"query-input\":{\"@type\":\"PropertyValueSpecification\",\"valueRequired\":true,\"valueName\":\"search_term_string\"}}],\"inLanguage\":\"pt-BR\"},{\"@type\":\"Organization\",\"@id\":\"https:\/\/www.notibras.com\/site\/#organization\",\"name\":\"Grupo Notibras de Comunica\u00e7\u00e3o\",\"url\":\"https:\/\/www.notibras.com\/site\/\",\"logo\":{\"@type\":\"ImageObject\",\"inLanguage\":\"pt-BR\",\"@id\":\"https:\/\/www.notibras.com\/site\/#\/schema\/logo\/image\/\",\"url\":\"https:\/\/www.notibras.com\/site\/wp-content\/uploads\/2023\/01\/notibras23.png\",\"contentUrl\":\"https:\/\/www.notibras.com\/site\/wp-content\/uploads\/2023\/01\/notibras23.png\",\"width\":350,\"height\":87,\"caption\":\"Grupo Notibras de Comunica\u00e7\u00e3o\"},\"image\":{\"@id\":\"https:\/\/www.notibras.com\/site\/#\/schema\/logo\/image\/\"},\"sameAs\":[\"https:\/\/www.facebook.com\/notibras\/\",\"https:\/\/x.com\/Notibras\",\"https:\/\/www.instagram.com\/notibras\/\"]},{\"@type\":\"Person\",\"@id\":\"https:\/\/www.notibras.com\/site\/#\/schema\/person\/36ab0979449956132d3e5b517ea76ac8\",\"name\":\"Reda\u00e7\u00e3o\",\"image\":{\"@type\":\"ImageObject\",\"inLanguage\":\"pt-BR\",\"@id\":\"https:\/\/secure.gravatar.com\/avatar\/e0a867bdedb85fd243eadf09663511f96fc81e0720a4a42581f334ad4303aa6b?s=96&d=mm&r=g\",\"url\":\"https:\/\/secure.gravatar.com\/avatar\/e0a867bdedb85fd243eadf09663511f96fc81e0720a4a42581f334ad4303aa6b?s=96&d=mm&r=g\",\"contentUrl\":\"https:\/\/secure.gravatar.com\/avatar\/e0a867bdedb85fd243eadf09663511f96fc81e0720a4a42581f334ad4303aa6b?s=96&d=mm&r=g\",\"caption\":\"Reda\u00e7\u00e3o\"}}]}<\/script>\n<!-- \/ Yoast SEO plugin. -->","yoast_head_json":{"title":"Moralistas acham que fora conservadores, todo brasileiro \u00e9 besta - Notibras","robots":{"index":"index","follow":"follow","max-snippet":"max-snippet:-1","max-image-preview":"max-image-preview:large","max-video-preview":"max-video-preview:-1"},"canonical":"https:\/\/www.notibras.com\/site\/moralistas-acham-que-fora-conservadores-todo-brasileiro-e-besta\/","og_locale":"pt_BR","og_type":"article","og_title":"Moralistas acham que fora conservadores, todo brasileiro \u00e9 besta - Notibras","og_description":"Com cheiro de podre at\u00e9 a vig\u00e9sima-segunda veia da bosta, a direita, se quiser falar da esquerda, ter\u00e1 de dobrar a l\u00edngua de trapo, se esconder no quarto escuro, liberar seus membros para uma suruba pol\u00edtica e, somente ap\u00f3s uma intensa discuss\u00e3o sobre a rela\u00e7\u00e3o, buscar est\u00edmulos para anunciar que, sem perspectivas de futuro, vai [&hellip;]","og_url":"https:\/\/www.notibras.com\/site\/moralistas-acham-que-fora-conservadores-todo-brasileiro-e-besta\/","og_site_name":"Notibras","article_publisher":"https:\/\/www.facebook.com\/notibras\/","article_published_time":"2025-12-21T11:04:14+00:00","article_modified_time":"2025-12-21T11:09:09+00:00","og_image":[{"width":770,"height":513,"url":"https:\/\/www.notibras.com\/site\/wp-content\/uploads\/2023\/01\/lula.vermelho.jpg","type":"image\/jpeg"}],"author":"Reda\u00e7\u00e3o","twitter_card":"summary_large_image","twitter_creator":"@Notibras","twitter_site":"@Notibras","twitter_misc":{"Escrito por":"Reda\u00e7\u00e3o","Est. tempo de leitura":"4 minutos"},"schema":{"@context":"https:\/\/schema.org","@graph":[{"@type":"Article","@id":"https:\/\/www.notibras.com\/site\/moralistas-acham-que-fora-conservadores-todo-brasileiro-e-besta\/#article","isPartOf":{"@id":"https:\/\/www.notibras.com\/site\/moralistas-acham-que-fora-conservadores-todo-brasileiro-e-besta\/"},"author":{"name":"Reda\u00e7\u00e3o","@id":"https:\/\/www.notibras.com\/site\/#\/schema\/person\/36ab0979449956132d3e5b517ea76ac8"},"headline":"Moralistas acham que fora conservadores, todo brasileiro \u00e9 besta","datePublished":"2025-12-21T11:04:14+00:00","dateModified":"2025-12-21T11:09:09+00:00","mainEntityOfPage":{"@id":"https:\/\/www.notibras.com\/site\/moralistas-acham-que-fora-conservadores-todo-brasileiro-e-besta\/"},"wordCount":628,"publisher":{"@id":"https:\/\/www.notibras.com\/site\/#organization"},"image":{"@id":"https:\/\/www.notibras.com\/site\/moralistas-acham-que-fora-conservadores-todo-brasileiro-e-besta\/#primaryimage"},"thumbnailUrl":"https:\/\/www.notibras.com\/site\/wp-content\/uploads\/2023\/01\/lula.vermelho.jpg","keywords":["capa"],"articleSection":["Brasil"],"inLanguage":"pt-BR"},{"@type":"WebPage","@id":"https:\/\/www.notibras.com\/site\/moralistas-acham-que-fora-conservadores-todo-brasileiro-e-besta\/","url":"https:\/\/www.notibras.com\/site\/moralistas-acham-que-fora-conservadores-todo-brasileiro-e-besta\/","name":"Moralistas acham que fora conservadores, todo brasileiro \u00e9 besta - Notibras","isPartOf":{"@id":"https:\/\/www.notibras.com\/site\/#website"},"primaryImageOfPage":{"@id":"https:\/\/www.notibras.com\/site\/moralistas-acham-que-fora-conservadores-todo-brasileiro-e-besta\/#primaryimage"},"image":{"@id":"https:\/\/www.notibras.com\/site\/moralistas-acham-que-fora-conservadores-todo-brasileiro-e-besta\/#primaryimage"},"thumbnailUrl":"https:\/\/www.notibras.com\/site\/wp-content\/uploads\/2023\/01\/lula.vermelho.jpg","datePublished":"2025-12-21T11:04:14+00:00","dateModified":"2025-12-21T11:09:09+00:00","breadcrumb":{"@id":"https:\/\/www.notibras.com\/site\/moralistas-acham-que-fora-conservadores-todo-brasileiro-e-besta\/#breadcrumb"},"inLanguage":"pt-BR","potentialAction":[{"@type":"ReadAction","target":["https:\/\/www.notibras.com\/site\/moralistas-acham-que-fora-conservadores-todo-brasileiro-e-besta\/"]}]},{"@type":"ImageObject","inLanguage":"pt-BR","@id":"https:\/\/www.notibras.com\/site\/moralistas-acham-que-fora-conservadores-todo-brasileiro-e-besta\/#primaryimage","url":"https:\/\/www.notibras.com\/site\/wp-content\/uploads\/2023\/01\/lula.vermelho.jpg","contentUrl":"https:\/\/www.notibras.com\/site\/wp-content\/uploads\/2023\/01\/lula.vermelho.jpg","width":770,"height":513,"caption":"Cerim\u00f4nia de posse do presidente da Rep\u00fablica, Luiz In\u00e1cio Lula da Silva no Pal\u00e1cio do Planalto"},{"@type":"BreadcrumbList","@id":"https:\/\/www.notibras.com\/site\/moralistas-acham-que-fora-conservadores-todo-brasileiro-e-besta\/#breadcrumb","itemListElement":[{"@type":"ListItem","position":1,"name":"In\u00edcio","item":"https:\/\/www.notibras.com\/site\/"},{"@type":"ListItem","position":2,"name":"Moralistas acham que fora conservadores, todo brasileiro \u00e9 besta"}]},{"@type":"WebSite","@id":"https:\/\/www.notibras.com\/site\/#website","url":"https:\/\/www.notibras.com\/site\/","name":"Notibras","description":"Not\u00edcias de Bras\u00edlia, do Brasil e do Mundo","publisher":{"@id":"https:\/\/www.notibras.com\/site\/#organization"},"potentialAction":[{"@type":"SearchAction","target":{"@type":"EntryPoint","urlTemplate":"https:\/\/www.notibras.com\/site\/?s={search_term_string}"},"query-input":{"@type":"PropertyValueSpecification","valueRequired":true,"valueName":"search_term_string"}}],"inLanguage":"pt-BR"},{"@type":"Organization","@id":"https:\/\/www.notibras.com\/site\/#organization","name":"Grupo Notibras de Comunica\u00e7\u00e3o","url":"https:\/\/www.notibras.com\/site\/","logo":{"@type":"ImageObject","inLanguage":"pt-BR","@id":"https:\/\/www.notibras.com\/site\/#\/schema\/logo\/image\/","url":"https:\/\/www.notibras.com\/site\/wp-content\/uploads\/2023\/01\/notibras23.png","contentUrl":"https:\/\/www.notibras.com\/site\/wp-content\/uploads\/2023\/01\/notibras23.png","width":350,"height":87,"caption":"Grupo Notibras de Comunica\u00e7\u00e3o"},"image":{"@id":"https:\/\/www.notibras.com\/site\/#\/schema\/logo\/image\/"},"sameAs":["https:\/\/www.facebook.com\/notibras\/","https:\/\/x.com\/Notibras","https:\/\/www.instagram.com\/notibras\/"]},{"@type":"Person","@id":"https:\/\/www.notibras.com\/site\/#\/schema\/person\/36ab0979449956132d3e5b517ea76ac8","name":"Reda\u00e7\u00e3o","image":{"@type":"ImageObject","inLanguage":"pt-BR","@id":"https:\/\/secure.gravatar.com\/avatar\/e0a867bdedb85fd243eadf09663511f96fc81e0720a4a42581f334ad4303aa6b?s=96&d=mm&r=g","url":"https:\/\/secure.gravatar.com\/avatar\/e0a867bdedb85fd243eadf09663511f96fc81e0720a4a42581f334ad4303aa6b?s=96&d=mm&r=g","contentUrl":"https:\/\/secure.gravatar.com\/avatar\/e0a867bdedb85fd243eadf09663511f96fc81e0720a4a42581f334ad4303aa6b?s=96&d=mm&r=g","caption":"Reda\u00e7\u00e3o"}}]}},"amp_enabled":true,"_links":{"self":[{"href":"https:\/\/www.notibras.com\/site\/wp-json\/wp\/v2\/posts\/375677","targetHints":{"allow":["GET"]}}],"collection":[{"href":"https:\/\/www.notibras.com\/site\/wp-json\/wp\/v2\/posts"}],"about":[{"href":"https:\/\/www.notibras.com\/site\/wp-json\/wp\/v2\/types\/post"}],"author":[{"embeddable":true,"href":"https:\/\/www.notibras.com\/site\/wp-json\/wp\/v2\/users\/2"}],"replies":[{"embeddable":true,"href":"https:\/\/www.notibras.com\/site\/wp-json\/wp\/v2\/comments?post=375677"}],"version-history":[{"count":4,"href":"https:\/\/www.notibras.com\/site\/wp-json\/wp\/v2\/posts\/375677\/revisions"}],"predecessor-version":[{"id":375681,"href":"https:\/\/www.notibras.com\/site\/wp-json\/wp\/v2\/posts\/375677\/revisions\/375681"}],"wp:featuredmedia":[{"embeddable":true,"href":"https:\/\/www.notibras.com\/site\/wp-json\/wp\/v2\/media\/297357"}],"wp:attachment":[{"href":"https:\/\/www.notibras.com\/site\/wp-json\/wp\/v2\/media?parent=375677"}],"wp:term":[{"taxonomy":"category","embeddable":true,"href":"https:\/\/www.notibras.com\/site\/wp-json\/wp\/v2\/categories?post=375677"},{"taxonomy":"post_tag","embeddable":true,"href":"https:\/\/www.notibras.com\/site\/wp-json\/wp\/v2\/tags?post=375677"}],"curies":[{"name":"wp","href":"https:\/\/api.w.org\/{rel}","templated":true}]}}