{"id":375682,"date":"2025-12-21T08:13:15","date_gmt":"2025-12-21T11:13:15","guid":{"rendered":"https:\/\/www.notibras.com\/site\/?p=375682"},"modified":"2025-12-21T08:13:56","modified_gmt":"2025-12-21T11:13:56","slug":"encastelada-em-gabinetes-climatizados-bandidagem-quer-dominar-tres-poderes","status":"publish","type":"post","link":"https:\/\/www.notibras.com\/site\/encastelada-em-gabinetes-climatizados-bandidagem-quer-dominar-tres-poderes\/","title":{"rendered":"Encastelada em gabinetes climatizados, bandidagem quer dominar Tr\u00eas Poderes"},"content":{"rendered":"<p>Nessa \u00e9poca de festas, quando os anjos dizem am\u00e9m, \u00e9 justamente o per\u00edodo em que os diabos deixam o purgat\u00f3rio para infernizar a vida daqueles que s\u00f3 querem viver em paz, com alegria, sem sobressaltos, livres dos golpistas e longe, bem longe, daqueles que desprezam as leis que eles mesmos aprovam. O que esperar de um pa\u00eds no qual ex-presidentes s\u00e3o presos, deputados e senadores prevaricam e se associam a grupos criminosos e at\u00e9 ju\u00edzes e desembargadores se envolvem com o crime?<\/p>\n<p>Que os brasileiros aprendam a escolher melhor seus representantes ou ent\u00e3o que nos calemos para sempre. Fora disso n\u00e3o h\u00e1 salva\u00e7\u00e3o. Apesar de extenso, extremamente rico, cheio de gente bonita e de natureza elogiada por gregos, troianos e norte-americanos, o Brasil de 2025 est\u00e1 dominado pelo crime. Na verdade, esse dom\u00ednio \u00e9 antigo, mas somente agora ele veio \u00e0 tona. Infelizmente, ao vivo e em cores.<\/p>\n<p>Como disse um importante analista pol\u00edtico, o mais interessante \u00e9 que agora o crime organizado n\u00e3o se utiliza mais de fuzis, escopetas e granadas. Encastelados em gabinetes climatizados, seus integrantes atualmente disp\u00f5em de canetas importadas, ternos de grife, carros oficiais e, em alguns casos excepcionais, de casas suntuosas chamadas de resid\u00eancia oficial. Tudo custeado com dinheiro p\u00fablico, isto \u00e9, do trabalhador.<\/p>\n<p>Denominadas excel\u00eancias ou merit\u00edssimos, eles circulam pelos morros ou favelas somente em dias festivos ou nas esta\u00e7\u00f5es eleitorais para negociar valores de votos. \u00c0s vezes, acompanham a movimenta\u00e7\u00e3o policial na plan\u00edcie para antecipar a\u00e7\u00f5es a eventuais financiadores de campanhas ou potenciais compradores de senten\u00e7as judiciais. Depois da diversifica\u00e7\u00e3o dos neg\u00f3cios e de tomar conta de boa parte dos estados da Federa\u00e7\u00e3o, os negociadores do crime chegaram a Bras\u00edlia, onde acertam de tudo um pouco, inclusive redu\u00e7\u00e3o de penas para golpistas.<\/p>\n<p>N\u00e3o por acaso ber\u00e7o pol\u00edtico da fam\u00edlia que age como se fosse dona do peda\u00e7o, o Rio de Janeiro \u00e9 atualmente um dos maiores exportadores da criminalidade associada \u00e0 pol\u00edtica. S\u00f3 para ilustrar, os seis antecessores do governador Cl\u00e1udio Castro foram presos por corrup\u00e7\u00e3o. Santo do pau oco, o pr\u00f3prio Castro responde no TSE a um processo por abuso de poder. O tribunal j\u00e1 tem um voto pela cassa\u00e7\u00e3o do sucessor de Wilson Witzel. Faltam apenas quatro para que a Corte Eleitoral forme maioria.<\/p>\n<p>Recentemente, Castro ordenou uma chacina que resultou em 121 cad\u00e1veres no Complexo da Penha, sub\u00farbio do Rio. Semana passada, a Pol\u00edcia Federal \u201crecolheu\u201d o presidente da Assembleia Legislativa local. Esta semana, foi a vez de um desembargador. Ambos est\u00e3o envolvidos at\u00e9 a medula com o Comando Vermelho, fac\u00e7\u00e3o protegida diariamente pelos maus policiais cariocas. Infelizmente, eles s\u00e3o muitos. Como se v\u00ea, \u00e9 o crime organizado homiziado nos Tr\u00eas Poderes do Estado. Como em Bras\u00edlia n\u00e3o \u00e9 diferente, o risco de o pa\u00eds ser asfixiado \u00e9 iminente. Salve-se quem puder.<\/p>\n<p>&#8230;&#8230;&#8230;&#8230;.<\/p>\n<p><strong>Armando Cardoso \u00e9 presidente do Conselho Editorial de Notibras<\/strong><\/p>\n","protected":false},"excerpt":{"rendered":"<p>Nessa \u00e9poca de festas, quando os anjos dizem am\u00e9m, \u00e9 justamente o per\u00edodo em que os diabos deixam o purgat\u00f3rio para infernizar a vida daqueles que s\u00f3 querem viver em paz, com alegria, sem sobressaltos, livres dos golpistas e longe, bem longe, daqueles que desprezam as leis que eles mesmos aprovam. O que esperar de [&hellip;]<\/p>\n","protected":false},"author":2,"featured_media":128368,"comment_status":"closed","ping_status":"closed","sticky":false,"template":"","format":"standard","meta":{"_acf_changed":false,"footnotes":""},"categories":[16],"tags":[],"class_list":["post-375682","post","type-post","status-publish","format-standard","has-post-thumbnail","hentry","category-brasil"],"acf":[],"yoast_head":"<!-- This site is optimized with the Yoast SEO plugin v27.2 - https:\/\/yoast.com\/product\/yoast-seo-wordpress\/ -->\n<title>Encastelada em gabinetes climatizados, bandidagem quer dominar Tr\u00eas Poderes - Notibras<\/title>\n<meta name=\"robots\" content=\"index, follow, max-snippet:-1, max-image-preview:large, max-video-preview:-1\" \/>\n<link rel=\"canonical\" href=\"https:\/\/www.notibras.com\/site\/encastelada-em-gabinetes-climatizados-bandidagem-quer-dominar-tres-poderes\/\" \/>\n<meta property=\"og:locale\" content=\"pt_BR\" \/>\n<meta property=\"og:type\" content=\"article\" \/>\n<meta property=\"og:title\" content=\"Encastelada em gabinetes climatizados, bandidagem quer dominar Tr\u00eas Poderes - Notibras\" \/>\n<meta property=\"og:description\" content=\"Nessa \u00e9poca de festas, quando os anjos dizem am\u00e9m, \u00e9 justamente o per\u00edodo em que os diabos deixam o purgat\u00f3rio para infernizar a vida daqueles que s\u00f3 querem viver em paz, com alegria, sem sobressaltos, livres dos golpistas e longe, bem longe, daqueles que desprezam as leis que eles mesmos aprovam. O que esperar de [&hellip;]\" \/>\n<meta property=\"og:url\" content=\"https:\/\/www.notibras.com\/site\/encastelada-em-gabinetes-climatizados-bandidagem-quer-dominar-tres-poderes\/\" \/>\n<meta property=\"og:site_name\" content=\"Notibras\" \/>\n<meta property=\"article:publisher\" content=\"https:\/\/www.facebook.com\/notibras\/\" \/>\n<meta property=\"article:published_time\" content=\"2025-12-21T11:13:15+00:00\" \/>\n<meta property=\"article:modified_time\" content=\"2025-12-21T11:13:56+00:00\" \/>\n<meta property=\"og:image\" content=\"https:\/\/www.notibras.com\/site\/wp-content\/uploads\/2017\/02\/Congresso-Nacional-Foto-George-Gianni.jpg\" \/>\n\t<meta property=\"og:image:width\" content=\"1757\" \/>\n\t<meta property=\"og:image:height\" content=\"1171\" \/>\n\t<meta property=\"og:image:type\" content=\"image\/jpeg\" \/>\n<meta name=\"author\" content=\"Reda\u00e7\u00e3o\" \/>\n<meta name=\"twitter:card\" content=\"summary_large_image\" \/>\n<meta name=\"twitter:creator\" content=\"@Notibras\" \/>\n<meta name=\"twitter:site\" content=\"@Notibras\" \/>\n<meta name=\"twitter:label1\" content=\"Escrito por\" \/>\n\t<meta name=\"twitter:data1\" content=\"Reda\u00e7\u00e3o\" \/>\n\t<meta name=\"twitter:label2\" content=\"Est. tempo de leitura\" \/>\n\t<meta name=\"twitter:data2\" content=\"3 minutos\" \/>\n<script type=\"application\/ld+json\" class=\"yoast-schema-graph\">{\"@context\":\"https:\/\/schema.org\",\"@graph\":[{\"@type\":\"Article\",\"@id\":\"https:\/\/www.notibras.com\/site\/encastelada-em-gabinetes-climatizados-bandidagem-quer-dominar-tres-poderes\/#article\",\"isPartOf\":{\"@id\":\"https:\/\/www.notibras.com\/site\/encastelada-em-gabinetes-climatizados-bandidagem-quer-dominar-tres-poderes\/\"},\"author\":{\"name\":\"Reda\u00e7\u00e3o\",\"@id\":\"https:\/\/www.notibras.com\/site\/#\/schema\/person\/36ab0979449956132d3e5b517ea76ac8\"},\"headline\":\"Encastelada em gabinetes climatizados, bandidagem quer dominar Tr\u00eas Poderes\",\"datePublished\":\"2025-12-21T11:13:15+00:00\",\"dateModified\":\"2025-12-21T11:13:56+00:00\",\"mainEntityOfPage\":{\"@id\":\"https:\/\/www.notibras.com\/site\/encastelada-em-gabinetes-climatizados-bandidagem-quer-dominar-tres-poderes\/\"},\"wordCount\":515,\"publisher\":{\"@id\":\"https:\/\/www.notibras.com\/site\/#organization\"},\"image\":{\"@id\":\"https:\/\/www.notibras.com\/site\/encastelada-em-gabinetes-climatizados-bandidagem-quer-dominar-tres-poderes\/#primaryimage\"},\"thumbnailUrl\":\"https:\/\/www.notibras.com\/site\/wp-content\/uploads\/2017\/02\/Congresso-Nacional-Foto-George-Gianni.jpg\",\"articleSection\":[\"Brasil\"],\"inLanguage\":\"pt-BR\"},{\"@type\":\"WebPage\",\"@id\":\"https:\/\/www.notibras.com\/site\/encastelada-em-gabinetes-climatizados-bandidagem-quer-dominar-tres-poderes\/\",\"url\":\"https:\/\/www.notibras.com\/site\/encastelada-em-gabinetes-climatizados-bandidagem-quer-dominar-tres-poderes\/\",\"name\":\"Encastelada em gabinetes climatizados, bandidagem quer dominar Tr\u00eas Poderes - Notibras\",\"isPartOf\":{\"@id\":\"https:\/\/www.notibras.com\/site\/#website\"},\"primaryImageOfPage\":{\"@id\":\"https:\/\/www.notibras.com\/site\/encastelada-em-gabinetes-climatizados-bandidagem-quer-dominar-tres-poderes\/#primaryimage\"},\"image\":{\"@id\":\"https:\/\/www.notibras.com\/site\/encastelada-em-gabinetes-climatizados-bandidagem-quer-dominar-tres-poderes\/#primaryimage\"},\"thumbnailUrl\":\"https:\/\/www.notibras.com\/site\/wp-content\/uploads\/2017\/02\/Congresso-Nacional-Foto-George-Gianni.jpg\",\"datePublished\":\"2025-12-21T11:13:15+00:00\",\"dateModified\":\"2025-12-21T11:13:56+00:00\",\"breadcrumb\":{\"@id\":\"https:\/\/www.notibras.com\/site\/encastelada-em-gabinetes-climatizados-bandidagem-quer-dominar-tres-poderes\/#breadcrumb\"},\"inLanguage\":\"pt-BR\",\"potentialAction\":[{\"@type\":\"ReadAction\",\"target\":[\"https:\/\/www.notibras.com\/site\/encastelada-em-gabinetes-climatizados-bandidagem-quer-dominar-tres-poderes\/\"]}]},{\"@type\":\"ImageObject\",\"inLanguage\":\"pt-BR\",\"@id\":\"https:\/\/www.notibras.com\/site\/encastelada-em-gabinetes-climatizados-bandidagem-quer-dominar-tres-poderes\/#primaryimage\",\"url\":\"https:\/\/www.notibras.com\/site\/wp-content\/uploads\/2017\/02\/Congresso-Nacional-Foto-George-Gianni.jpg\",\"contentUrl\":\"https:\/\/www.notibras.com\/site\/wp-content\/uploads\/2017\/02\/Congresso-Nacional-Foto-George-Gianni.jpg\",\"width\":1757,\"height\":1171},{\"@type\":\"BreadcrumbList\",\"@id\":\"https:\/\/www.notibras.com\/site\/encastelada-em-gabinetes-climatizados-bandidagem-quer-dominar-tres-poderes\/#breadcrumb\",\"itemListElement\":[{\"@type\":\"ListItem\",\"position\":1,\"name\":\"In\u00edcio\",\"item\":\"https:\/\/www.notibras.com\/site\/\"},{\"@type\":\"ListItem\",\"position\":2,\"name\":\"Encastelada em gabinetes climatizados, bandidagem quer dominar Tr\u00eas Poderes\"}]},{\"@type\":\"WebSite\",\"@id\":\"https:\/\/www.notibras.com\/site\/#website\",\"url\":\"https:\/\/www.notibras.com\/site\/\",\"name\":\"Notibras\",\"description\":\"Not\u00edcias de Bras\u00edlia, do Brasil e do Mundo\",\"publisher\":{\"@id\":\"https:\/\/www.notibras.com\/site\/#organization\"},\"potentialAction\":[{\"@type\":\"SearchAction\",\"target\":{\"@type\":\"EntryPoint\",\"urlTemplate\":\"https:\/\/www.notibras.com\/site\/?s={search_term_string}\"},\"query-input\":{\"@type\":\"PropertyValueSpecification\",\"valueRequired\":true,\"valueName\":\"search_term_string\"}}],\"inLanguage\":\"pt-BR\"},{\"@type\":\"Organization\",\"@id\":\"https:\/\/www.notibras.com\/site\/#organization\",\"name\":\"Grupo Notibras de Comunica\u00e7\u00e3o\",\"url\":\"https:\/\/www.notibras.com\/site\/\",\"logo\":{\"@type\":\"ImageObject\",\"inLanguage\":\"pt-BR\",\"@id\":\"https:\/\/www.notibras.com\/site\/#\/schema\/logo\/image\/\",\"url\":\"https:\/\/www.notibras.com\/site\/wp-content\/uploads\/2023\/01\/notibras23.png\",\"contentUrl\":\"https:\/\/www.notibras.com\/site\/wp-content\/uploads\/2023\/01\/notibras23.png\",\"width\":350,\"height\":87,\"caption\":\"Grupo Notibras de Comunica\u00e7\u00e3o\"},\"image\":{\"@id\":\"https:\/\/www.notibras.com\/site\/#\/schema\/logo\/image\/\"},\"sameAs\":[\"https:\/\/www.facebook.com\/notibras\/\",\"https:\/\/x.com\/Notibras\",\"https:\/\/www.instagram.com\/notibras\/\"]},{\"@type\":\"Person\",\"@id\":\"https:\/\/www.notibras.com\/site\/#\/schema\/person\/36ab0979449956132d3e5b517ea76ac8\",\"name\":\"Reda\u00e7\u00e3o\",\"image\":{\"@type\":\"ImageObject\",\"inLanguage\":\"pt-BR\",\"@id\":\"https:\/\/secure.gravatar.com\/avatar\/e0a867bdedb85fd243eadf09663511f96fc81e0720a4a42581f334ad4303aa6b?s=96&d=mm&r=g\",\"url\":\"https:\/\/secure.gravatar.com\/avatar\/e0a867bdedb85fd243eadf09663511f96fc81e0720a4a42581f334ad4303aa6b?s=96&d=mm&r=g\",\"contentUrl\":\"https:\/\/secure.gravatar.com\/avatar\/e0a867bdedb85fd243eadf09663511f96fc81e0720a4a42581f334ad4303aa6b?s=96&d=mm&r=g\",\"caption\":\"Reda\u00e7\u00e3o\"}}]}<\/script>\n<!-- \/ Yoast SEO plugin. -->","yoast_head_json":{"title":"Encastelada em gabinetes climatizados, bandidagem quer dominar Tr\u00eas Poderes - Notibras","robots":{"index":"index","follow":"follow","max-snippet":"max-snippet:-1","max-image-preview":"max-image-preview:large","max-video-preview":"max-video-preview:-1"},"canonical":"https:\/\/www.notibras.com\/site\/encastelada-em-gabinetes-climatizados-bandidagem-quer-dominar-tres-poderes\/","og_locale":"pt_BR","og_type":"article","og_title":"Encastelada em gabinetes climatizados, bandidagem quer dominar Tr\u00eas Poderes - Notibras","og_description":"Nessa \u00e9poca de festas, quando os anjos dizem am\u00e9m, \u00e9 justamente o per\u00edodo em que os diabos deixam o purgat\u00f3rio para infernizar a vida daqueles que s\u00f3 querem viver em paz, com alegria, sem sobressaltos, livres dos golpistas e longe, bem longe, daqueles que desprezam as leis que eles mesmos aprovam. O que esperar de [&hellip;]","og_url":"https:\/\/www.notibras.com\/site\/encastelada-em-gabinetes-climatizados-bandidagem-quer-dominar-tres-poderes\/","og_site_name":"Notibras","article_publisher":"https:\/\/www.facebook.com\/notibras\/","article_published_time":"2025-12-21T11:13:15+00:00","article_modified_time":"2025-12-21T11:13:56+00:00","og_image":[{"width":1757,"height":1171,"url":"https:\/\/www.notibras.com\/site\/wp-content\/uploads\/2017\/02\/Congresso-Nacional-Foto-George-Gianni.jpg","type":"image\/jpeg"}],"author":"Reda\u00e7\u00e3o","twitter_card":"summary_large_image","twitter_creator":"@Notibras","twitter_site":"@Notibras","twitter_misc":{"Escrito por":"Reda\u00e7\u00e3o","Est. tempo de leitura":"3 minutos"},"schema":{"@context":"https:\/\/schema.org","@graph":[{"@type":"Article","@id":"https:\/\/www.notibras.com\/site\/encastelada-em-gabinetes-climatizados-bandidagem-quer-dominar-tres-poderes\/#article","isPartOf":{"@id":"https:\/\/www.notibras.com\/site\/encastelada-em-gabinetes-climatizados-bandidagem-quer-dominar-tres-poderes\/"},"author":{"name":"Reda\u00e7\u00e3o","@id":"https:\/\/www.notibras.com\/site\/#\/schema\/person\/36ab0979449956132d3e5b517ea76ac8"},"headline":"Encastelada em gabinetes climatizados, bandidagem quer dominar Tr\u00eas Poderes","datePublished":"2025-12-21T11:13:15+00:00","dateModified":"2025-12-21T11:13:56+00:00","mainEntityOfPage":{"@id":"https:\/\/www.notibras.com\/site\/encastelada-em-gabinetes-climatizados-bandidagem-quer-dominar-tres-poderes\/"},"wordCount":515,"publisher":{"@id":"https:\/\/www.notibras.com\/site\/#organization"},"image":{"@id":"https:\/\/www.notibras.com\/site\/encastelada-em-gabinetes-climatizados-bandidagem-quer-dominar-tres-poderes\/#primaryimage"},"thumbnailUrl":"https:\/\/www.notibras.com\/site\/wp-content\/uploads\/2017\/02\/Congresso-Nacional-Foto-George-Gianni.jpg","articleSection":["Brasil"],"inLanguage":"pt-BR"},{"@type":"WebPage","@id":"https:\/\/www.notibras.com\/site\/encastelada-em-gabinetes-climatizados-bandidagem-quer-dominar-tres-poderes\/","url":"https:\/\/www.notibras.com\/site\/encastelada-em-gabinetes-climatizados-bandidagem-quer-dominar-tres-poderes\/","name":"Encastelada em gabinetes climatizados, bandidagem quer dominar Tr\u00eas Poderes - Notibras","isPartOf":{"@id":"https:\/\/www.notibras.com\/site\/#website"},"primaryImageOfPage":{"@id":"https:\/\/www.notibras.com\/site\/encastelada-em-gabinetes-climatizados-bandidagem-quer-dominar-tres-poderes\/#primaryimage"},"image":{"@id":"https:\/\/www.notibras.com\/site\/encastelada-em-gabinetes-climatizados-bandidagem-quer-dominar-tres-poderes\/#primaryimage"},"thumbnailUrl":"https:\/\/www.notibras.com\/site\/wp-content\/uploads\/2017\/02\/Congresso-Nacional-Foto-George-Gianni.jpg","datePublished":"2025-12-21T11:13:15+00:00","dateModified":"2025-12-21T11:13:56+00:00","breadcrumb":{"@id":"https:\/\/www.notibras.com\/site\/encastelada-em-gabinetes-climatizados-bandidagem-quer-dominar-tres-poderes\/#breadcrumb"},"inLanguage":"pt-BR","potentialAction":[{"@type":"ReadAction","target":["https:\/\/www.notibras.com\/site\/encastelada-em-gabinetes-climatizados-bandidagem-quer-dominar-tres-poderes\/"]}]},{"@type":"ImageObject","inLanguage":"pt-BR","@id":"https:\/\/www.notibras.com\/site\/encastelada-em-gabinetes-climatizados-bandidagem-quer-dominar-tres-poderes\/#primaryimage","url":"https:\/\/www.notibras.com\/site\/wp-content\/uploads\/2017\/02\/Congresso-Nacional-Foto-George-Gianni.jpg","contentUrl":"https:\/\/www.notibras.com\/site\/wp-content\/uploads\/2017\/02\/Congresso-Nacional-Foto-George-Gianni.jpg","width":1757,"height":1171},{"@type":"BreadcrumbList","@id":"https:\/\/www.notibras.com\/site\/encastelada-em-gabinetes-climatizados-bandidagem-quer-dominar-tres-poderes\/#breadcrumb","itemListElement":[{"@type":"ListItem","position":1,"name":"In\u00edcio","item":"https:\/\/www.notibras.com\/site\/"},{"@type":"ListItem","position":2,"name":"Encastelada em gabinetes climatizados, bandidagem quer dominar Tr\u00eas Poderes"}]},{"@type":"WebSite","@id":"https:\/\/www.notibras.com\/site\/#website","url":"https:\/\/www.notibras.com\/site\/","name":"Notibras","description":"Not\u00edcias de Bras\u00edlia, do Brasil e do Mundo","publisher":{"@id":"https:\/\/www.notibras.com\/site\/#organization"},"potentialAction":[{"@type":"SearchAction","target":{"@type":"EntryPoint","urlTemplate":"https:\/\/www.notibras.com\/site\/?s={search_term_string}"},"query-input":{"@type":"PropertyValueSpecification","valueRequired":true,"valueName":"search_term_string"}}],"inLanguage":"pt-BR"},{"@type":"Organization","@id":"https:\/\/www.notibras.com\/site\/#organization","name":"Grupo Notibras de Comunica\u00e7\u00e3o","url":"https:\/\/www.notibras.com\/site\/","logo":{"@type":"ImageObject","inLanguage":"pt-BR","@id":"https:\/\/www.notibras.com\/site\/#\/schema\/logo\/image\/","url":"https:\/\/www.notibras.com\/site\/wp-content\/uploads\/2023\/01\/notibras23.png","contentUrl":"https:\/\/www.notibras.com\/site\/wp-content\/uploads\/2023\/01\/notibras23.png","width":350,"height":87,"caption":"Grupo Notibras de Comunica\u00e7\u00e3o"},"image":{"@id":"https:\/\/www.notibras.com\/site\/#\/schema\/logo\/image\/"},"sameAs":["https:\/\/www.facebook.com\/notibras\/","https:\/\/x.com\/Notibras","https:\/\/www.instagram.com\/notibras\/"]},{"@type":"Person","@id":"https:\/\/www.notibras.com\/site\/#\/schema\/person\/36ab0979449956132d3e5b517ea76ac8","name":"Reda\u00e7\u00e3o","image":{"@type":"ImageObject","inLanguage":"pt-BR","@id":"https:\/\/secure.gravatar.com\/avatar\/e0a867bdedb85fd243eadf09663511f96fc81e0720a4a42581f334ad4303aa6b?s=96&d=mm&r=g","url":"https:\/\/secure.gravatar.com\/avatar\/e0a867bdedb85fd243eadf09663511f96fc81e0720a4a42581f334ad4303aa6b?s=96&d=mm&r=g","contentUrl":"https:\/\/secure.gravatar.com\/avatar\/e0a867bdedb85fd243eadf09663511f96fc81e0720a4a42581f334ad4303aa6b?s=96&d=mm&r=g","caption":"Reda\u00e7\u00e3o"}}]}},"amp_enabled":true,"_links":{"self":[{"href":"https:\/\/www.notibras.com\/site\/wp-json\/wp\/v2\/posts\/375682","targetHints":{"allow":["GET"]}}],"collection":[{"href":"https:\/\/www.notibras.com\/site\/wp-json\/wp\/v2\/posts"}],"about":[{"href":"https:\/\/www.notibras.com\/site\/wp-json\/wp\/v2\/types\/post"}],"author":[{"embeddable":true,"href":"https:\/\/www.notibras.com\/site\/wp-json\/wp\/v2\/users\/2"}],"replies":[{"embeddable":true,"href":"https:\/\/www.notibras.com\/site\/wp-json\/wp\/v2\/comments?post=375682"}],"version-history":[{"count":2,"href":"https:\/\/www.notibras.com\/site\/wp-json\/wp\/v2\/posts\/375682\/revisions"}],"predecessor-version":[{"id":375684,"href":"https:\/\/www.notibras.com\/site\/wp-json\/wp\/v2\/posts\/375682\/revisions\/375684"}],"wp:featuredmedia":[{"embeddable":true,"href":"https:\/\/www.notibras.com\/site\/wp-json\/wp\/v2\/media\/128368"}],"wp:attachment":[{"href":"https:\/\/www.notibras.com\/site\/wp-json\/wp\/v2\/media?parent=375682"}],"wp:term":[{"taxonomy":"category","embeddable":true,"href":"https:\/\/www.notibras.com\/site\/wp-json\/wp\/v2\/categories?post=375682"},{"taxonomy":"post_tag","embeddable":true,"href":"https:\/\/www.notibras.com\/site\/wp-json\/wp\/v2\/tags?post=375682"}],"curies":[{"name":"wp","href":"https:\/\/api.w.org\/{rel}","templated":true}]}}