{"id":375689,"date":"2025-12-21T00:00:52","date_gmt":"2025-12-21T03:00:52","guid":{"rendered":"https:\/\/www.notibras.com\/site\/?p=375689"},"modified":"2025-12-21T08:34:06","modified_gmt":"2025-12-21T11:34:06","slug":"andarilho-invade-a-rio-niteroi-e-causa-confusao-no-transito","status":"publish","type":"post","link":"https:\/\/www.notibras.com\/site\/andarilho-invade-a-rio-niteroi-e-causa-confusao-no-transito\/","title":{"rendered":"Andarilho invade a Rio-Niter\u00f3i e causa confus\u00e3o no tr\u00e2nsito"},"content":{"rendered":"<p>A Ponte Rio-Niter\u00f3i ficou fechada por cerca de 1 hora neste s\u00e1bado (20) por causa do acesso indevido de um andarilho, que entrou a p\u00e9 na via. Ele chegou a subir em um dos p\u00f3rticos informativos da via. O homem foi resgatado pelo Corpo de Bombeiros. Mesmo depois de liberada, o tr\u00e1fego na via continuou congestionado.<\/p>\n<p>A interdi\u00e7\u00e3o acabou causando reflexos no tr\u00e2nsito de vias importantes da capital, que d\u00e3o acesso \u00e0 ponte. Linha Vermelha, Avenida Brasil, Viaduto do Gas\u00f4metro, Avenida Francisco Bicalho e Elevado Paulo de Frontin, ficaram com o tr\u00e2nsito congestionado no in\u00edcio da tarde.<\/p>\n<p>Com o congestionamento, o tempo de travessia da ponte, que normalmente leva 13 minutos, tamb\u00e9m aumentou consideravelmente e os motoristas chegaram a levar 1 hora no trajeto sentido Rio logo ap\u00f3s a reabertura.<\/p>\n<p>Em um post na rede social X, a concession\u00e1ria Ecovias Ponte, que administra a via, explicou a demora do tempo de fechamento da ponte.<\/p>\n<p>\u201cEm ocorr\u00eancias com pedestre na via, a opera\u00e7\u00e3o se torna mais complexa e nossas equipes atuam de forma integrada para preservar a vida, buscando reduzir os impactos no tr\u00e1fego. Coment\u00e1rios que desumanizam n\u00e3o contribuem para o cuidado coletivo nem para a sa\u00fade mental\u201d.<\/p>\n","protected":false},"excerpt":{"rendered":"<p>A Ponte Rio-Niter\u00f3i ficou fechada por cerca de 1 hora neste s\u00e1bado (20) por causa do acesso indevido de um andarilho, que entrou a p\u00e9 na via. Ele chegou a subir em um dos p\u00f3rticos informativos da via. O homem foi resgatado pelo Corpo de Bombeiros. Mesmo depois de liberada, o tr\u00e1fego na via continuou [&hellip;]<\/p>\n","protected":false},"author":2,"featured_media":375690,"comment_status":"closed","ping_status":"closed","sticky":false,"template":"","format":"standard","meta":{"_acf_changed":false,"footnotes":""},"categories":[16],"tags":[],"class_list":["post-375689","post","type-post","status-publish","format-standard","has-post-thumbnail","hentry","category-brasil"],"acf":[],"yoast_head":"<!-- This site is optimized with the Yoast SEO plugin v27.2 - https:\/\/yoast.com\/product\/yoast-seo-wordpress\/ -->\n<title>Andarilho invade a Rio-Niter\u00f3i e causa confus\u00e3o no tr\u00e2nsito - Notibras<\/title>\n<meta name=\"robots\" content=\"index, follow, max-snippet:-1, max-image-preview:large, max-video-preview:-1\" \/>\n<link rel=\"canonical\" href=\"https:\/\/www.notibras.com\/site\/andarilho-invade-a-rio-niteroi-e-causa-confusao-no-transito\/\" \/>\n<meta property=\"og:locale\" content=\"pt_BR\" \/>\n<meta property=\"og:type\" content=\"article\" \/>\n<meta property=\"og:title\" content=\"Andarilho invade a Rio-Niter\u00f3i e causa confus\u00e3o no tr\u00e2nsito - Notibras\" \/>\n<meta property=\"og:description\" content=\"A Ponte Rio-Niter\u00f3i ficou fechada por cerca de 1 hora neste s\u00e1bado (20) por causa do acesso indevido de um andarilho, que entrou a p\u00e9 na via. Ele chegou a subir em um dos p\u00f3rticos informativos da via. O homem foi resgatado pelo Corpo de Bombeiros. Mesmo depois de liberada, o tr\u00e1fego na via continuou [&hellip;]\" \/>\n<meta property=\"og:url\" content=\"https:\/\/www.notibras.com\/site\/andarilho-invade-a-rio-niteroi-e-causa-confusao-no-transito\/\" \/>\n<meta property=\"og:site_name\" content=\"Notibras\" \/>\n<meta property=\"article:publisher\" content=\"https:\/\/www.facebook.com\/notibras\/\" \/>\n<meta property=\"article:published_time\" content=\"2025-12-21T03:00:52+00:00\" \/>\n<meta property=\"article:modified_time\" content=\"2025-12-21T11:34:06+00:00\" \/>\n<meta property=\"og:image\" content=\"https:\/\/www.notibras.com\/site\/wp-content\/uploads\/2025\/12\/mg_7781.webp\" \/>\n\t<meta property=\"og:image:width\" content=\"1170\" \/>\n\t<meta property=\"og:image:height\" content=\"700\" \/>\n\t<meta property=\"og:image:type\" content=\"image\/webp\" \/>\n<meta name=\"author\" content=\"Reda\u00e7\u00e3o\" \/>\n<meta name=\"twitter:card\" content=\"summary_large_image\" \/>\n<meta name=\"twitter:creator\" content=\"@Notibras\" \/>\n<meta name=\"twitter:site\" content=\"@Notibras\" \/>\n<meta name=\"twitter:label1\" content=\"Escrito por\" \/>\n\t<meta name=\"twitter:data1\" content=\"Reda\u00e7\u00e3o\" \/>\n\t<meta name=\"twitter:label2\" content=\"Est. tempo de leitura\" \/>\n\t<meta name=\"twitter:data2\" content=\"2 minutos\" \/>\n<script type=\"application\/ld+json\" class=\"yoast-schema-graph\">{\"@context\":\"https:\/\/schema.org\",\"@graph\":[{\"@type\":\"Article\",\"@id\":\"https:\/\/www.notibras.com\/site\/andarilho-invade-a-rio-niteroi-e-causa-confusao-no-transito\/#article\",\"isPartOf\":{\"@id\":\"https:\/\/www.notibras.com\/site\/andarilho-invade-a-rio-niteroi-e-causa-confusao-no-transito\/\"},\"author\":{\"name\":\"Reda\u00e7\u00e3o\",\"@id\":\"https:\/\/www.notibras.com\/site\/#\/schema\/person\/36ab0979449956132d3e5b517ea76ac8\"},\"headline\":\"Andarilho invade a Rio-Niter\u00f3i e causa confus\u00e3o no tr\u00e2nsito\",\"datePublished\":\"2025-12-21T03:00:52+00:00\",\"dateModified\":\"2025-12-21T11:34:06+00:00\",\"mainEntityOfPage\":{\"@id\":\"https:\/\/www.notibras.com\/site\/andarilho-invade-a-rio-niteroi-e-causa-confusao-no-transito\/\"},\"wordCount\":223,\"publisher\":{\"@id\":\"https:\/\/www.notibras.com\/site\/#organization\"},\"image\":{\"@id\":\"https:\/\/www.notibras.com\/site\/andarilho-invade-a-rio-niteroi-e-causa-confusao-no-transito\/#primaryimage\"},\"thumbnailUrl\":\"https:\/\/www.notibras.com\/site\/wp-content\/uploads\/2025\/12\/mg_7781.webp\",\"articleSection\":[\"Brasil\"],\"inLanguage\":\"pt-BR\"},{\"@type\":\"WebPage\",\"@id\":\"https:\/\/www.notibras.com\/site\/andarilho-invade-a-rio-niteroi-e-causa-confusao-no-transito\/\",\"url\":\"https:\/\/www.notibras.com\/site\/andarilho-invade-a-rio-niteroi-e-causa-confusao-no-transito\/\",\"name\":\"Andarilho invade a Rio-Niter\u00f3i e causa confus\u00e3o no tr\u00e2nsito - Notibras\",\"isPartOf\":{\"@id\":\"https:\/\/www.notibras.com\/site\/#website\"},\"primaryImageOfPage\":{\"@id\":\"https:\/\/www.notibras.com\/site\/andarilho-invade-a-rio-niteroi-e-causa-confusao-no-transito\/#primaryimage\"},\"image\":{\"@id\":\"https:\/\/www.notibras.com\/site\/andarilho-invade-a-rio-niteroi-e-causa-confusao-no-transito\/#primaryimage\"},\"thumbnailUrl\":\"https:\/\/www.notibras.com\/site\/wp-content\/uploads\/2025\/12\/mg_7781.webp\",\"datePublished\":\"2025-12-21T03:00:52+00:00\",\"dateModified\":\"2025-12-21T11:34:06+00:00\",\"breadcrumb\":{\"@id\":\"https:\/\/www.notibras.com\/site\/andarilho-invade-a-rio-niteroi-e-causa-confusao-no-transito\/#breadcrumb\"},\"inLanguage\":\"pt-BR\",\"potentialAction\":[{\"@type\":\"ReadAction\",\"target\":[\"https:\/\/www.notibras.com\/site\/andarilho-invade-a-rio-niteroi-e-causa-confusao-no-transito\/\"]}]},{\"@type\":\"ImageObject\",\"inLanguage\":\"pt-BR\",\"@id\":\"https:\/\/www.notibras.com\/site\/andarilho-invade-a-rio-niteroi-e-causa-confusao-no-transito\/#primaryimage\",\"url\":\"https:\/\/www.notibras.com\/site\/wp-content\/uploads\/2025\/12\/mg_7781.webp\",\"contentUrl\":\"https:\/\/www.notibras.com\/site\/wp-content\/uploads\/2025\/12\/mg_7781.webp\",\"width\":1170,\"height\":700},{\"@type\":\"BreadcrumbList\",\"@id\":\"https:\/\/www.notibras.com\/site\/andarilho-invade-a-rio-niteroi-e-causa-confusao-no-transito\/#breadcrumb\",\"itemListElement\":[{\"@type\":\"ListItem\",\"position\":1,\"name\":\"In\u00edcio\",\"item\":\"https:\/\/www.notibras.com\/site\/\"},{\"@type\":\"ListItem\",\"position\":2,\"name\":\"Andarilho invade a Rio-Niter\u00f3i e causa confus\u00e3o no tr\u00e2nsito\"}]},{\"@type\":\"WebSite\",\"@id\":\"https:\/\/www.notibras.com\/site\/#website\",\"url\":\"https:\/\/www.notibras.com\/site\/\",\"name\":\"Notibras\",\"description\":\"Not\u00edcias de Bras\u00edlia, do Brasil e do Mundo\",\"publisher\":{\"@id\":\"https:\/\/www.notibras.com\/site\/#organization\"},\"potentialAction\":[{\"@type\":\"SearchAction\",\"target\":{\"@type\":\"EntryPoint\",\"urlTemplate\":\"https:\/\/www.notibras.com\/site\/?s={search_term_string}\"},\"query-input\":{\"@type\":\"PropertyValueSpecification\",\"valueRequired\":true,\"valueName\":\"search_term_string\"}}],\"inLanguage\":\"pt-BR\"},{\"@type\":\"Organization\",\"@id\":\"https:\/\/www.notibras.com\/site\/#organization\",\"name\":\"Grupo Notibras de Comunica\u00e7\u00e3o\",\"url\":\"https:\/\/www.notibras.com\/site\/\",\"logo\":{\"@type\":\"ImageObject\",\"inLanguage\":\"pt-BR\",\"@id\":\"https:\/\/www.notibras.com\/site\/#\/schema\/logo\/image\/\",\"url\":\"https:\/\/www.notibras.com\/site\/wp-content\/uploads\/2023\/01\/notibras23.png\",\"contentUrl\":\"https:\/\/www.notibras.com\/site\/wp-content\/uploads\/2023\/01\/notibras23.png\",\"width\":350,\"height\":87,\"caption\":\"Grupo Notibras de Comunica\u00e7\u00e3o\"},\"image\":{\"@id\":\"https:\/\/www.notibras.com\/site\/#\/schema\/logo\/image\/\"},\"sameAs\":[\"https:\/\/www.facebook.com\/notibras\/\",\"https:\/\/x.com\/Notibras\",\"https:\/\/www.instagram.com\/notibras\/\"]},{\"@type\":\"Person\",\"@id\":\"https:\/\/www.notibras.com\/site\/#\/schema\/person\/36ab0979449956132d3e5b517ea76ac8\",\"name\":\"Reda\u00e7\u00e3o\",\"image\":{\"@type\":\"ImageObject\",\"inLanguage\":\"pt-BR\",\"@id\":\"https:\/\/secure.gravatar.com\/avatar\/e0a867bdedb85fd243eadf09663511f96fc81e0720a4a42581f334ad4303aa6b?s=96&d=mm&r=g\",\"url\":\"https:\/\/secure.gravatar.com\/avatar\/e0a867bdedb85fd243eadf09663511f96fc81e0720a4a42581f334ad4303aa6b?s=96&d=mm&r=g\",\"contentUrl\":\"https:\/\/secure.gravatar.com\/avatar\/e0a867bdedb85fd243eadf09663511f96fc81e0720a4a42581f334ad4303aa6b?s=96&d=mm&r=g\",\"caption\":\"Reda\u00e7\u00e3o\"}}]}<\/script>\n<!-- \/ Yoast SEO plugin. -->","yoast_head_json":{"title":"Andarilho invade a Rio-Niter\u00f3i e causa confus\u00e3o no tr\u00e2nsito - Notibras","robots":{"index":"index","follow":"follow","max-snippet":"max-snippet:-1","max-image-preview":"max-image-preview:large","max-video-preview":"max-video-preview:-1"},"canonical":"https:\/\/www.notibras.com\/site\/andarilho-invade-a-rio-niteroi-e-causa-confusao-no-transito\/","og_locale":"pt_BR","og_type":"article","og_title":"Andarilho invade a Rio-Niter\u00f3i e causa confus\u00e3o no tr\u00e2nsito - Notibras","og_description":"A Ponte Rio-Niter\u00f3i ficou fechada por cerca de 1 hora neste s\u00e1bado (20) por causa do acesso indevido de um andarilho, que entrou a p\u00e9 na via. Ele chegou a subir em um dos p\u00f3rticos informativos da via. O homem foi resgatado pelo Corpo de Bombeiros. Mesmo depois de liberada, o tr\u00e1fego na via continuou [&hellip;]","og_url":"https:\/\/www.notibras.com\/site\/andarilho-invade-a-rio-niteroi-e-causa-confusao-no-transito\/","og_site_name":"Notibras","article_publisher":"https:\/\/www.facebook.com\/notibras\/","article_published_time":"2025-12-21T03:00:52+00:00","article_modified_time":"2025-12-21T11:34:06+00:00","og_image":[{"width":1170,"height":700,"url":"https:\/\/www.notibras.com\/site\/wp-content\/uploads\/2025\/12\/mg_7781.webp","type":"image\/webp"}],"author":"Reda\u00e7\u00e3o","twitter_card":"summary_large_image","twitter_creator":"@Notibras","twitter_site":"@Notibras","twitter_misc":{"Escrito por":"Reda\u00e7\u00e3o","Est. tempo de leitura":"2 minutos"},"schema":{"@context":"https:\/\/schema.org","@graph":[{"@type":"Article","@id":"https:\/\/www.notibras.com\/site\/andarilho-invade-a-rio-niteroi-e-causa-confusao-no-transito\/#article","isPartOf":{"@id":"https:\/\/www.notibras.com\/site\/andarilho-invade-a-rio-niteroi-e-causa-confusao-no-transito\/"},"author":{"name":"Reda\u00e7\u00e3o","@id":"https:\/\/www.notibras.com\/site\/#\/schema\/person\/36ab0979449956132d3e5b517ea76ac8"},"headline":"Andarilho invade a Rio-Niter\u00f3i e causa confus\u00e3o no tr\u00e2nsito","datePublished":"2025-12-21T03:00:52+00:00","dateModified":"2025-12-21T11:34:06+00:00","mainEntityOfPage":{"@id":"https:\/\/www.notibras.com\/site\/andarilho-invade-a-rio-niteroi-e-causa-confusao-no-transito\/"},"wordCount":223,"publisher":{"@id":"https:\/\/www.notibras.com\/site\/#organization"},"image":{"@id":"https:\/\/www.notibras.com\/site\/andarilho-invade-a-rio-niteroi-e-causa-confusao-no-transito\/#primaryimage"},"thumbnailUrl":"https:\/\/www.notibras.com\/site\/wp-content\/uploads\/2025\/12\/mg_7781.webp","articleSection":["Brasil"],"inLanguage":"pt-BR"},{"@type":"WebPage","@id":"https:\/\/www.notibras.com\/site\/andarilho-invade-a-rio-niteroi-e-causa-confusao-no-transito\/","url":"https:\/\/www.notibras.com\/site\/andarilho-invade-a-rio-niteroi-e-causa-confusao-no-transito\/","name":"Andarilho invade a Rio-Niter\u00f3i e causa confus\u00e3o no tr\u00e2nsito - Notibras","isPartOf":{"@id":"https:\/\/www.notibras.com\/site\/#website"},"primaryImageOfPage":{"@id":"https:\/\/www.notibras.com\/site\/andarilho-invade-a-rio-niteroi-e-causa-confusao-no-transito\/#primaryimage"},"image":{"@id":"https:\/\/www.notibras.com\/site\/andarilho-invade-a-rio-niteroi-e-causa-confusao-no-transito\/#primaryimage"},"thumbnailUrl":"https:\/\/www.notibras.com\/site\/wp-content\/uploads\/2025\/12\/mg_7781.webp","datePublished":"2025-12-21T03:00:52+00:00","dateModified":"2025-12-21T11:34:06+00:00","breadcrumb":{"@id":"https:\/\/www.notibras.com\/site\/andarilho-invade-a-rio-niteroi-e-causa-confusao-no-transito\/#breadcrumb"},"inLanguage":"pt-BR","potentialAction":[{"@type":"ReadAction","target":["https:\/\/www.notibras.com\/site\/andarilho-invade-a-rio-niteroi-e-causa-confusao-no-transito\/"]}]},{"@type":"ImageObject","inLanguage":"pt-BR","@id":"https:\/\/www.notibras.com\/site\/andarilho-invade-a-rio-niteroi-e-causa-confusao-no-transito\/#primaryimage","url":"https:\/\/www.notibras.com\/site\/wp-content\/uploads\/2025\/12\/mg_7781.webp","contentUrl":"https:\/\/www.notibras.com\/site\/wp-content\/uploads\/2025\/12\/mg_7781.webp","width":1170,"height":700},{"@type":"BreadcrumbList","@id":"https:\/\/www.notibras.com\/site\/andarilho-invade-a-rio-niteroi-e-causa-confusao-no-transito\/#breadcrumb","itemListElement":[{"@type":"ListItem","position":1,"name":"In\u00edcio","item":"https:\/\/www.notibras.com\/site\/"},{"@type":"ListItem","position":2,"name":"Andarilho invade a Rio-Niter\u00f3i e causa confus\u00e3o no tr\u00e2nsito"}]},{"@type":"WebSite","@id":"https:\/\/www.notibras.com\/site\/#website","url":"https:\/\/www.notibras.com\/site\/","name":"Notibras","description":"Not\u00edcias de Bras\u00edlia, do Brasil e do Mundo","publisher":{"@id":"https:\/\/www.notibras.com\/site\/#organization"},"potentialAction":[{"@type":"SearchAction","target":{"@type":"EntryPoint","urlTemplate":"https:\/\/www.notibras.com\/site\/?s={search_term_string}"},"query-input":{"@type":"PropertyValueSpecification","valueRequired":true,"valueName":"search_term_string"}}],"inLanguage":"pt-BR"},{"@type":"Organization","@id":"https:\/\/www.notibras.com\/site\/#organization","name":"Grupo Notibras de Comunica\u00e7\u00e3o","url":"https:\/\/www.notibras.com\/site\/","logo":{"@type":"ImageObject","inLanguage":"pt-BR","@id":"https:\/\/www.notibras.com\/site\/#\/schema\/logo\/image\/","url":"https:\/\/www.notibras.com\/site\/wp-content\/uploads\/2023\/01\/notibras23.png","contentUrl":"https:\/\/www.notibras.com\/site\/wp-content\/uploads\/2023\/01\/notibras23.png","width":350,"height":87,"caption":"Grupo Notibras de Comunica\u00e7\u00e3o"},"image":{"@id":"https:\/\/www.notibras.com\/site\/#\/schema\/logo\/image\/"},"sameAs":["https:\/\/www.facebook.com\/notibras\/","https:\/\/x.com\/Notibras","https:\/\/www.instagram.com\/notibras\/"]},{"@type":"Person","@id":"https:\/\/www.notibras.com\/site\/#\/schema\/person\/36ab0979449956132d3e5b517ea76ac8","name":"Reda\u00e7\u00e3o","image":{"@type":"ImageObject","inLanguage":"pt-BR","@id":"https:\/\/secure.gravatar.com\/avatar\/e0a867bdedb85fd243eadf09663511f96fc81e0720a4a42581f334ad4303aa6b?s=96&d=mm&r=g","url":"https:\/\/secure.gravatar.com\/avatar\/e0a867bdedb85fd243eadf09663511f96fc81e0720a4a42581f334ad4303aa6b?s=96&d=mm&r=g","contentUrl":"https:\/\/secure.gravatar.com\/avatar\/e0a867bdedb85fd243eadf09663511f96fc81e0720a4a42581f334ad4303aa6b?s=96&d=mm&r=g","caption":"Reda\u00e7\u00e3o"}}]}},"amp_enabled":true,"_links":{"self":[{"href":"https:\/\/www.notibras.com\/site\/wp-json\/wp\/v2\/posts\/375689","targetHints":{"allow":["GET"]}}],"collection":[{"href":"https:\/\/www.notibras.com\/site\/wp-json\/wp\/v2\/posts"}],"about":[{"href":"https:\/\/www.notibras.com\/site\/wp-json\/wp\/v2\/types\/post"}],"author":[{"embeddable":true,"href":"https:\/\/www.notibras.com\/site\/wp-json\/wp\/v2\/users\/2"}],"replies":[{"embeddable":true,"href":"https:\/\/www.notibras.com\/site\/wp-json\/wp\/v2\/comments?post=375689"}],"version-history":[{"count":1,"href":"https:\/\/www.notibras.com\/site\/wp-json\/wp\/v2\/posts\/375689\/revisions"}],"predecessor-version":[{"id":375691,"href":"https:\/\/www.notibras.com\/site\/wp-json\/wp\/v2\/posts\/375689\/revisions\/375691"}],"wp:featuredmedia":[{"embeddable":true,"href":"https:\/\/www.notibras.com\/site\/wp-json\/wp\/v2\/media\/375690"}],"wp:attachment":[{"href":"https:\/\/www.notibras.com\/site\/wp-json\/wp\/v2\/media?parent=375689"}],"wp:term":[{"taxonomy":"category","embeddable":true,"href":"https:\/\/www.notibras.com\/site\/wp-json\/wp\/v2\/categories?post=375689"},{"taxonomy":"post_tag","embeddable":true,"href":"https:\/\/www.notibras.com\/site\/wp-json\/wp\/v2\/tags?post=375689"}],"curies":[{"name":"wp","href":"https:\/\/api.w.org\/{rel}","templated":true}]}}