{"id":375692,"date":"2025-12-21T00:00:05","date_gmt":"2025-12-21T03:00:05","guid":{"rendered":"https:\/\/www.notibras.com\/site\/?p=375692"},"modified":"2025-12-21T08:41:40","modified_gmt":"2025-12-21T11:41:40","slug":"advocacia-da-uniao-cobra-mais-135-milhoes-de-desvios-no-inss","status":"publish","type":"post","link":"https:\/\/www.notibras.com\/site\/advocacia-da-uniao-cobra-mais-135-milhoes-de-desvios-no-inss\/","title":{"rendered":"Advocacia da Uni\u00e3o cobra mais 135 milh\u00f5es de desvios no INSS"},"content":{"rendered":"<p>A Advocacia-Geral da Uni\u00e3o (AGU) informou neste s\u00e1bado (20) ter ajuizado antes do in\u00edcio do recesso judicial de fim de ano mais um lote de a\u00e7\u00f5es regressivas para cobrar R$ 135 milh\u00f5es de entidades associativas envolvidas com descontos fraudulentos em aposentadorias do Instituto Nacional do Seguro Social (INSS).<\/p>\n<p>Segundo o \u00f3rg\u00e3o, esse \u00e9 o \u00faltimo lote de a\u00e7\u00f5es para cobrar das associa\u00e7\u00f5es de aposentados e pensionistas envolvidas em fraudes a devolu\u00e7\u00e3o para os cofres p\u00fablicos do dinheiro que o INSS j\u00e1 devolveu aos aposentados lesados.<\/p>\n<p>Um terceiro lote j\u00e1 havia sido protocolado em dezembro. Com isso, o total de a\u00e7\u00f5es cautelares chegou a 37, somando R$ 6,6 bilh\u00f5es em pedidos para bloqueio de bens de pessoas f\u00edsicas e jur\u00eddicas.<\/p>\n<p>Desse total, a Justi\u00e7a j\u00e1 concordou com o bloqueio de R$ 4,4 bilh\u00f5es, por\u00e9m somente R$ 514 milh\u00f5es foram encontrados at\u00e9 o momento, incluindo saldos em contas, 17 im\u00f3veis e 76 ve\u00edculos.<\/p>\n<p>O INSS, por sua vez, precisou desembolsar at\u00e9 o momento R$ 2,74 bilh\u00f5es para ressarcir mais de 4 milh\u00f5es de benefici\u00e1rios que acusaram os descontos em suas aposentadorias ou pens\u00f5es, feitos sem autoriza\u00e7\u00e3o ou com autoriza\u00e7\u00e3o fraudada.<\/p>\n<p>Confira abaixo as entidades processadas pela AGU para que devolvam o dinheiro desviado de benef\u00edcios previdenci\u00e1rios<\/p>\n<p><strong>Associa\u00e7\u00f5es e entidades acionadas no quarto lote:<\/strong><br \/>\nConfedera\u00e7\u00e3o nacional dos trabalhadores rurais e agricultores e agricultoras familiares (Contag)<br \/>\nSindicato Nacional dos Aposentados do Brasil (Sinab)<br \/>\nFedera\u00e7\u00e3o Interestadual dos Trabalhadores Ferrovi\u00e1rios (FITF\/CNTT\/CUT)<br \/>\nConfedera\u00e7\u00e3o Nacional dos Trabalhadores e Trabalhadoras na Agricultura Familiar (Contraf)<br \/>\nAssocia\u00e7\u00e3o dos Servidores do Tr\u00e1fego da Via\u00e7\u00e3o F\u00e9rrea Centro Oeste (ASTRE)<br \/>\nSindicato dos Aposentados e Pensionistas do Brasil (SindaPB)<br \/>\nInstituto de Longevidade Mongeral Aegon (Unidos)<br \/>\nSindicato Nacional dos Trabalhadores Aposentados e Pensionistas e Idosos (Sintapi-CUT)<\/p>\n<p><strong>Associa\u00e7\u00f5es e entidades do terceiro lote:<\/strong><br \/>\nSindicato Nacional dos Aposentados, Pensionistas e Idosos da UGT (Sindiapi-UGT)<br \/>\nAssocia\u00e7\u00e3o Brasileira dos Aposentados e Pensionistas da Na\u00e7\u00e3o (Abapen)<br \/>\nAssocia\u00e7\u00e3o de Amparo aos Aposentados e Pensionistas do Brasil (Ambapen\/Abenprev)<br \/>\nAssocia\u00e7\u00e3o Brasileira dos Contribuintes do RGPS (Abrasprev)<br \/>\nSindicato Nacional dos Trabalhadores Aposentados e Pensionistas (Sintraap)<br \/>\nRede Ibero-Americana de Associa\u00e7\u00f5es de Idosos do Brasil (Riamm)<br \/>\nAssocia\u00e7\u00e3o dos Aposentados do Brasil \u2013 (AAB)<br \/>\nUni\u00e3o Brasileira de Aposentados da Previd\u00eancia \u2013 (UniBrasil)<\/p>\n","protected":false},"excerpt":{"rendered":"<p>A Advocacia-Geral da Uni\u00e3o (AGU) informou neste s\u00e1bado (20) ter ajuizado antes do in\u00edcio do recesso judicial de fim de ano mais um lote de a\u00e7\u00f5es regressivas para cobrar R$ 135 milh\u00f5es de entidades associativas envolvidas com descontos fraudulentos em aposentadorias do Instituto Nacional do Seguro Social (INSS). Segundo o \u00f3rg\u00e3o, esse \u00e9 o \u00faltimo [&hellip;]<\/p>\n","protected":false},"author":2,"featured_media":318006,"comment_status":"closed","ping_status":"closed","sticky":false,"template":"","format":"standard","meta":{"_acf_changed":false,"footnotes":""},"categories":[16],"tags":[],"class_list":["post-375692","post","type-post","status-publish","format-standard","has-post-thumbnail","hentry","category-brasil"],"acf":[],"yoast_head":"<!-- This site is optimized with the Yoast SEO plugin v27.5 - https:\/\/yoast.com\/product\/yoast-seo-wordpress\/ -->\n<title>Advocacia da Uni\u00e3o cobra mais 135 milh\u00f5es de desvios no INSS - Notibras<\/title>\n<meta name=\"robots\" content=\"index, follow, max-snippet:-1, max-image-preview:large, max-video-preview:-1\" \/>\n<link rel=\"canonical\" href=\"https:\/\/www.notibras.com\/site\/advocacia-da-uniao-cobra-mais-135-milhoes-de-desvios-no-inss\/\" \/>\n<meta property=\"og:locale\" content=\"pt_BR\" \/>\n<meta property=\"og:type\" content=\"article\" \/>\n<meta property=\"og:title\" content=\"Advocacia da Uni\u00e3o cobra mais 135 milh\u00f5es de desvios no INSS - Notibras\" \/>\n<meta property=\"og:description\" content=\"A Advocacia-Geral da Uni\u00e3o (AGU) informou neste s\u00e1bado (20) ter ajuizado antes do in\u00edcio do recesso judicial de fim de ano mais um lote de a\u00e7\u00f5es regressivas para cobrar R$ 135 milh\u00f5es de entidades associativas envolvidas com descontos fraudulentos em aposentadorias do Instituto Nacional do Seguro Social (INSS). Segundo o \u00f3rg\u00e3o, esse \u00e9 o \u00faltimo [&hellip;]\" \/>\n<meta property=\"og:url\" content=\"https:\/\/www.notibras.com\/site\/advocacia-da-uniao-cobra-mais-135-milhoes-de-desvios-no-inss\/\" \/>\n<meta property=\"og:site_name\" content=\"Notibras\" \/>\n<meta property=\"article:publisher\" content=\"https:\/\/www.facebook.com\/notibras\/\" \/>\n<meta property=\"article:published_time\" content=\"2025-12-21T03:00:05+00:00\" \/>\n<meta property=\"article:modified_time\" content=\"2025-12-21T11:41:40+00:00\" \/>\n<meta property=\"og:image\" content=\"https:\/\/www.notibras.com\/site\/wp-content\/uploads\/2023\/11\/idoso-utopia.webp\" \/>\n\t<meta property=\"og:image:width\" content=\"770\" \/>\n\t<meta property=\"og:image:height\" content=\"513\" \/>\n\t<meta property=\"og:image:type\" content=\"image\/webp\" \/>\n<meta name=\"author\" content=\"Reda\u00e7\u00e3o\" \/>\n<meta name=\"twitter:card\" content=\"summary_large_image\" \/>\n<meta name=\"twitter:creator\" content=\"@Notibras\" \/>\n<meta name=\"twitter:site\" content=\"@Notibras\" \/>\n<meta name=\"twitter:label1\" content=\"Escrito por\" \/>\n\t<meta name=\"twitter:data1\" content=\"Reda\u00e7\u00e3o\" \/>\n\t<meta name=\"twitter:label2\" content=\"Est. tempo de leitura\" \/>\n\t<meta name=\"twitter:data2\" content=\"3 minutos\" \/>\n<script type=\"application\/ld+json\" class=\"yoast-schema-graph\">{\"@context\":\"https:\\\/\\\/schema.org\",\"@graph\":[{\"@type\":\"Article\",\"@id\":\"https:\\\/\\\/www.notibras.com\\\/site\\\/advocacia-da-uniao-cobra-mais-135-milhoes-de-desvios-no-inss\\\/#article\",\"isPartOf\":{\"@id\":\"https:\\\/\\\/www.notibras.com\\\/site\\\/advocacia-da-uniao-cobra-mais-135-milhoes-de-desvios-no-inss\\\/\"},\"author\":{\"name\":\"Reda\u00e7\u00e3o\",\"@id\":\"https:\\\/\\\/www.notibras.com\\\/site\\\/#\\\/schema\\\/person\\\/36ab0979449956132d3e5b517ea76ac8\"},\"headline\":\"Advocacia da Uni\u00e3o cobra mais 135 milh\u00f5es de desvios no INSS\",\"datePublished\":\"2025-12-21T03:00:05+00:00\",\"dateModified\":\"2025-12-21T11:41:40+00:00\",\"mainEntityOfPage\":{\"@id\":\"https:\\\/\\\/www.notibras.com\\\/site\\\/advocacia-da-uniao-cobra-mais-135-milhoes-de-desvios-no-inss\\\/\"},\"wordCount\":402,\"publisher\":{\"@id\":\"https:\\\/\\\/www.notibras.com\\\/site\\\/#organization\"},\"image\":{\"@id\":\"https:\\\/\\\/www.notibras.com\\\/site\\\/advocacia-da-uniao-cobra-mais-135-milhoes-de-desvios-no-inss\\\/#primaryimage\"},\"thumbnailUrl\":\"https:\\\/\\\/www.notibras.com\\\/site\\\/wp-content\\\/uploads\\\/2023\\\/11\\\/idoso-utopia.webp\",\"articleSection\":[\"Brasil\"],\"inLanguage\":\"pt-BR\"},{\"@type\":\"WebPage\",\"@id\":\"https:\\\/\\\/www.notibras.com\\\/site\\\/advocacia-da-uniao-cobra-mais-135-milhoes-de-desvios-no-inss\\\/\",\"url\":\"https:\\\/\\\/www.notibras.com\\\/site\\\/advocacia-da-uniao-cobra-mais-135-milhoes-de-desvios-no-inss\\\/\",\"name\":\"Advocacia da Uni\u00e3o cobra mais 135 milh\u00f5es de desvios no INSS - Notibras\",\"isPartOf\":{\"@id\":\"https:\\\/\\\/www.notibras.com\\\/site\\\/#website\"},\"primaryImageOfPage\":{\"@id\":\"https:\\\/\\\/www.notibras.com\\\/site\\\/advocacia-da-uniao-cobra-mais-135-milhoes-de-desvios-no-inss\\\/#primaryimage\"},\"image\":{\"@id\":\"https:\\\/\\\/www.notibras.com\\\/site\\\/advocacia-da-uniao-cobra-mais-135-milhoes-de-desvios-no-inss\\\/#primaryimage\"},\"thumbnailUrl\":\"https:\\\/\\\/www.notibras.com\\\/site\\\/wp-content\\\/uploads\\\/2023\\\/11\\\/idoso-utopia.webp\",\"datePublished\":\"2025-12-21T03:00:05+00:00\",\"dateModified\":\"2025-12-21T11:41:40+00:00\",\"breadcrumb\":{\"@id\":\"https:\\\/\\\/www.notibras.com\\\/site\\\/advocacia-da-uniao-cobra-mais-135-milhoes-de-desvios-no-inss\\\/#breadcrumb\"},\"inLanguage\":\"pt-BR\",\"potentialAction\":[{\"@type\":\"ReadAction\",\"target\":[\"https:\\\/\\\/www.notibras.com\\\/site\\\/advocacia-da-uniao-cobra-mais-135-milhoes-de-desvios-no-inss\\\/\"]}]},{\"@type\":\"ImageObject\",\"inLanguage\":\"pt-BR\",\"@id\":\"https:\\\/\\\/www.notibras.com\\\/site\\\/advocacia-da-uniao-cobra-mais-135-milhoes-de-desvios-no-inss\\\/#primaryimage\",\"url\":\"https:\\\/\\\/www.notibras.com\\\/site\\\/wp-content\\\/uploads\\\/2023\\\/11\\\/idoso-utopia.webp\",\"contentUrl\":\"https:\\\/\\\/www.notibras.com\\\/site\\\/wp-content\\\/uploads\\\/2023\\\/11\\\/idoso-utopia.webp\",\"width\":770,\"height\":513},{\"@type\":\"BreadcrumbList\",\"@id\":\"https:\\\/\\\/www.notibras.com\\\/site\\\/advocacia-da-uniao-cobra-mais-135-milhoes-de-desvios-no-inss\\\/#breadcrumb\",\"itemListElement\":[{\"@type\":\"ListItem\",\"position\":1,\"name\":\"In\u00edcio\",\"item\":\"https:\\\/\\\/www.notibras.com\\\/site\\\/\"},{\"@type\":\"ListItem\",\"position\":2,\"name\":\"Advocacia da Uni\u00e3o cobra mais 135 milh\u00f5es de desvios no INSS\"}]},{\"@type\":\"WebSite\",\"@id\":\"https:\\\/\\\/www.notibras.com\\\/site\\\/#website\",\"url\":\"https:\\\/\\\/www.notibras.com\\\/site\\\/\",\"name\":\"Notibras\",\"description\":\"Not\u00edcias de Bras\u00edlia, do Brasil e do Mundo\",\"publisher\":{\"@id\":\"https:\\\/\\\/www.notibras.com\\\/site\\\/#organization\"},\"potentialAction\":[{\"@type\":\"SearchAction\",\"target\":{\"@type\":\"EntryPoint\",\"urlTemplate\":\"https:\\\/\\\/www.notibras.com\\\/site\\\/?s={search_term_string}\"},\"query-input\":{\"@type\":\"PropertyValueSpecification\",\"valueRequired\":true,\"valueName\":\"search_term_string\"}}],\"inLanguage\":\"pt-BR\"},{\"@type\":\"Organization\",\"@id\":\"https:\\\/\\\/www.notibras.com\\\/site\\\/#organization\",\"name\":\"Grupo Notibras de Comunica\u00e7\u00e3o\",\"url\":\"https:\\\/\\\/www.notibras.com\\\/site\\\/\",\"logo\":{\"@type\":\"ImageObject\",\"inLanguage\":\"pt-BR\",\"@id\":\"https:\\\/\\\/www.notibras.com\\\/site\\\/#\\\/schema\\\/logo\\\/image\\\/\",\"url\":\"https:\\\/\\\/www.notibras.com\\\/site\\\/wp-content\\\/uploads\\\/2023\\\/01\\\/notibras23.png\",\"contentUrl\":\"https:\\\/\\\/www.notibras.com\\\/site\\\/wp-content\\\/uploads\\\/2023\\\/01\\\/notibras23.png\",\"width\":350,\"height\":87,\"caption\":\"Grupo Notibras de Comunica\u00e7\u00e3o\"},\"image\":{\"@id\":\"https:\\\/\\\/www.notibras.com\\\/site\\\/#\\\/schema\\\/logo\\\/image\\\/\"},\"sameAs\":[\"https:\\\/\\\/www.facebook.com\\\/notibras\\\/\",\"https:\\\/\\\/x.com\\\/Notibras\",\"https:\\\/\\\/www.instagram.com\\\/notibras\\\/\"]},{\"@type\":\"Person\",\"@id\":\"https:\\\/\\\/www.notibras.com\\\/site\\\/#\\\/schema\\\/person\\\/36ab0979449956132d3e5b517ea76ac8\",\"name\":\"Reda\u00e7\u00e3o\",\"image\":{\"@type\":\"ImageObject\",\"inLanguage\":\"pt-BR\",\"@id\":\"https:\\\/\\\/secure.gravatar.com\\\/avatar\\\/e0a867bdedb85fd243eadf09663511f96fc81e0720a4a42581f334ad4303aa6b?s=96&d=mm&r=g\",\"url\":\"https:\\\/\\\/secure.gravatar.com\\\/avatar\\\/e0a867bdedb85fd243eadf09663511f96fc81e0720a4a42581f334ad4303aa6b?s=96&d=mm&r=g\",\"contentUrl\":\"https:\\\/\\\/secure.gravatar.com\\\/avatar\\\/e0a867bdedb85fd243eadf09663511f96fc81e0720a4a42581f334ad4303aa6b?s=96&d=mm&r=g\",\"caption\":\"Reda\u00e7\u00e3o\"}}]}<\/script>\n<!-- \/ Yoast SEO plugin. -->","yoast_head_json":{"title":"Advocacia da Uni\u00e3o cobra mais 135 milh\u00f5es de desvios no INSS - Notibras","robots":{"index":"index","follow":"follow","max-snippet":"max-snippet:-1","max-image-preview":"max-image-preview:large","max-video-preview":"max-video-preview:-1"},"canonical":"https:\/\/www.notibras.com\/site\/advocacia-da-uniao-cobra-mais-135-milhoes-de-desvios-no-inss\/","og_locale":"pt_BR","og_type":"article","og_title":"Advocacia da Uni\u00e3o cobra mais 135 milh\u00f5es de desvios no INSS - Notibras","og_description":"A Advocacia-Geral da Uni\u00e3o (AGU) informou neste s\u00e1bado (20) ter ajuizado antes do in\u00edcio do recesso judicial de fim de ano mais um lote de a\u00e7\u00f5es regressivas para cobrar R$ 135 milh\u00f5es de entidades associativas envolvidas com descontos fraudulentos em aposentadorias do Instituto Nacional do Seguro Social (INSS). Segundo o \u00f3rg\u00e3o, esse \u00e9 o \u00faltimo [&hellip;]","og_url":"https:\/\/www.notibras.com\/site\/advocacia-da-uniao-cobra-mais-135-milhoes-de-desvios-no-inss\/","og_site_name":"Notibras","article_publisher":"https:\/\/www.facebook.com\/notibras\/","article_published_time":"2025-12-21T03:00:05+00:00","article_modified_time":"2025-12-21T11:41:40+00:00","og_image":[{"width":770,"height":513,"url":"https:\/\/www.notibras.com\/site\/wp-content\/uploads\/2023\/11\/idoso-utopia.webp","type":"image\/webp"}],"author":"Reda\u00e7\u00e3o","twitter_card":"summary_large_image","twitter_creator":"@Notibras","twitter_site":"@Notibras","twitter_misc":{"Escrito por":"Reda\u00e7\u00e3o","Est. tempo de leitura":"3 minutos"},"schema":{"@context":"https:\/\/schema.org","@graph":[{"@type":"Article","@id":"https:\/\/www.notibras.com\/site\/advocacia-da-uniao-cobra-mais-135-milhoes-de-desvios-no-inss\/#article","isPartOf":{"@id":"https:\/\/www.notibras.com\/site\/advocacia-da-uniao-cobra-mais-135-milhoes-de-desvios-no-inss\/"},"author":{"name":"Reda\u00e7\u00e3o","@id":"https:\/\/www.notibras.com\/site\/#\/schema\/person\/36ab0979449956132d3e5b517ea76ac8"},"headline":"Advocacia da Uni\u00e3o cobra mais 135 milh\u00f5es de desvios no INSS","datePublished":"2025-12-21T03:00:05+00:00","dateModified":"2025-12-21T11:41:40+00:00","mainEntityOfPage":{"@id":"https:\/\/www.notibras.com\/site\/advocacia-da-uniao-cobra-mais-135-milhoes-de-desvios-no-inss\/"},"wordCount":402,"publisher":{"@id":"https:\/\/www.notibras.com\/site\/#organization"},"image":{"@id":"https:\/\/www.notibras.com\/site\/advocacia-da-uniao-cobra-mais-135-milhoes-de-desvios-no-inss\/#primaryimage"},"thumbnailUrl":"https:\/\/www.notibras.com\/site\/wp-content\/uploads\/2023\/11\/idoso-utopia.webp","articleSection":["Brasil"],"inLanguage":"pt-BR"},{"@type":"WebPage","@id":"https:\/\/www.notibras.com\/site\/advocacia-da-uniao-cobra-mais-135-milhoes-de-desvios-no-inss\/","url":"https:\/\/www.notibras.com\/site\/advocacia-da-uniao-cobra-mais-135-milhoes-de-desvios-no-inss\/","name":"Advocacia da Uni\u00e3o cobra mais 135 milh\u00f5es de desvios no INSS - Notibras","isPartOf":{"@id":"https:\/\/www.notibras.com\/site\/#website"},"primaryImageOfPage":{"@id":"https:\/\/www.notibras.com\/site\/advocacia-da-uniao-cobra-mais-135-milhoes-de-desvios-no-inss\/#primaryimage"},"image":{"@id":"https:\/\/www.notibras.com\/site\/advocacia-da-uniao-cobra-mais-135-milhoes-de-desvios-no-inss\/#primaryimage"},"thumbnailUrl":"https:\/\/www.notibras.com\/site\/wp-content\/uploads\/2023\/11\/idoso-utopia.webp","datePublished":"2025-12-21T03:00:05+00:00","dateModified":"2025-12-21T11:41:40+00:00","breadcrumb":{"@id":"https:\/\/www.notibras.com\/site\/advocacia-da-uniao-cobra-mais-135-milhoes-de-desvios-no-inss\/#breadcrumb"},"inLanguage":"pt-BR","potentialAction":[{"@type":"ReadAction","target":["https:\/\/www.notibras.com\/site\/advocacia-da-uniao-cobra-mais-135-milhoes-de-desvios-no-inss\/"]}]},{"@type":"ImageObject","inLanguage":"pt-BR","@id":"https:\/\/www.notibras.com\/site\/advocacia-da-uniao-cobra-mais-135-milhoes-de-desvios-no-inss\/#primaryimage","url":"https:\/\/www.notibras.com\/site\/wp-content\/uploads\/2023\/11\/idoso-utopia.webp","contentUrl":"https:\/\/www.notibras.com\/site\/wp-content\/uploads\/2023\/11\/idoso-utopia.webp","width":770,"height":513},{"@type":"BreadcrumbList","@id":"https:\/\/www.notibras.com\/site\/advocacia-da-uniao-cobra-mais-135-milhoes-de-desvios-no-inss\/#breadcrumb","itemListElement":[{"@type":"ListItem","position":1,"name":"In\u00edcio","item":"https:\/\/www.notibras.com\/site\/"},{"@type":"ListItem","position":2,"name":"Advocacia da Uni\u00e3o cobra mais 135 milh\u00f5es de desvios no INSS"}]},{"@type":"WebSite","@id":"https:\/\/www.notibras.com\/site\/#website","url":"https:\/\/www.notibras.com\/site\/","name":"Notibras","description":"Not\u00edcias de Bras\u00edlia, do Brasil e do Mundo","publisher":{"@id":"https:\/\/www.notibras.com\/site\/#organization"},"potentialAction":[{"@type":"SearchAction","target":{"@type":"EntryPoint","urlTemplate":"https:\/\/www.notibras.com\/site\/?s={search_term_string}"},"query-input":{"@type":"PropertyValueSpecification","valueRequired":true,"valueName":"search_term_string"}}],"inLanguage":"pt-BR"},{"@type":"Organization","@id":"https:\/\/www.notibras.com\/site\/#organization","name":"Grupo Notibras de Comunica\u00e7\u00e3o","url":"https:\/\/www.notibras.com\/site\/","logo":{"@type":"ImageObject","inLanguage":"pt-BR","@id":"https:\/\/www.notibras.com\/site\/#\/schema\/logo\/image\/","url":"https:\/\/www.notibras.com\/site\/wp-content\/uploads\/2023\/01\/notibras23.png","contentUrl":"https:\/\/www.notibras.com\/site\/wp-content\/uploads\/2023\/01\/notibras23.png","width":350,"height":87,"caption":"Grupo Notibras de Comunica\u00e7\u00e3o"},"image":{"@id":"https:\/\/www.notibras.com\/site\/#\/schema\/logo\/image\/"},"sameAs":["https:\/\/www.facebook.com\/notibras\/","https:\/\/x.com\/Notibras","https:\/\/www.instagram.com\/notibras\/"]},{"@type":"Person","@id":"https:\/\/www.notibras.com\/site\/#\/schema\/person\/36ab0979449956132d3e5b517ea76ac8","name":"Reda\u00e7\u00e3o","image":{"@type":"ImageObject","inLanguage":"pt-BR","@id":"https:\/\/secure.gravatar.com\/avatar\/e0a867bdedb85fd243eadf09663511f96fc81e0720a4a42581f334ad4303aa6b?s=96&d=mm&r=g","url":"https:\/\/secure.gravatar.com\/avatar\/e0a867bdedb85fd243eadf09663511f96fc81e0720a4a42581f334ad4303aa6b?s=96&d=mm&r=g","contentUrl":"https:\/\/secure.gravatar.com\/avatar\/e0a867bdedb85fd243eadf09663511f96fc81e0720a4a42581f334ad4303aa6b?s=96&d=mm&r=g","caption":"Reda\u00e7\u00e3o"}}]}},"amp_enabled":true,"_links":{"self":[{"href":"https:\/\/www.notibras.com\/site\/wp-json\/wp\/v2\/posts\/375692","targetHints":{"allow":["GET"]}}],"collection":[{"href":"https:\/\/www.notibras.com\/site\/wp-json\/wp\/v2\/posts"}],"about":[{"href":"https:\/\/www.notibras.com\/site\/wp-json\/wp\/v2\/types\/post"}],"author":[{"embeddable":true,"href":"https:\/\/www.notibras.com\/site\/wp-json\/wp\/v2\/users\/2"}],"replies":[{"embeddable":true,"href":"https:\/\/www.notibras.com\/site\/wp-json\/wp\/v2\/comments?post=375692"}],"version-history":[{"count":1,"href":"https:\/\/www.notibras.com\/site\/wp-json\/wp\/v2\/posts\/375692\/revisions"}],"predecessor-version":[{"id":375693,"href":"https:\/\/www.notibras.com\/site\/wp-json\/wp\/v2\/posts\/375692\/revisions\/375693"}],"wp:featuredmedia":[{"embeddable":true,"href":"https:\/\/www.notibras.com\/site\/wp-json\/wp\/v2\/media\/318006"}],"wp:attachment":[{"href":"https:\/\/www.notibras.com\/site\/wp-json\/wp\/v2\/media?parent=375692"}],"wp:term":[{"taxonomy":"category","embeddable":true,"href":"https:\/\/www.notibras.com\/site\/wp-json\/wp\/v2\/categories?post=375692"},{"taxonomy":"post_tag","embeddable":true,"href":"https:\/\/www.notibras.com\/site\/wp-json\/wp\/v2\/tags?post=375692"}],"curies":[{"name":"wp","href":"https:\/\/api.w.org\/{rel}","templated":true}]}}