{"id":375705,"date":"2025-12-21T00:00:50","date_gmt":"2025-12-21T03:00:50","guid":{"rendered":"https:\/\/www.notibras.com\/site\/?p=375705"},"modified":"2025-12-21T09:02:22","modified_gmt":"2025-12-21T12:02:22","slug":"policia-apreende-200-botijoes-de-gas-comercializados-ilegalmente","status":"publish","type":"post","link":"https:\/\/www.notibras.com\/site\/policia-apreende-200-botijoes-de-gas-comercializados-ilegalmente\/","title":{"rendered":"Pol\u00edcia apreende 200 botij\u00f5es de g\u00e1s comercializados ilegalmente"},"content":{"rendered":"<p>Uma opera\u00e7\u00e3o realizada por for\u00e7as de seguran\u00e7a resultou na apreens\u00e3o de mais de 200 botij\u00f5es de g\u00e1s de cozinha (GLP) que estavam sendo comercializados de forma irregular no sudoeste da Bahia. A a\u00e7\u00e3o teve como objetivo combater a venda clandestina do produto e evitar riscos \u00e0 seguran\u00e7a da popula\u00e7\u00e3o.<\/p>\n<p>De acordo com informa\u00e7\u00f5es oficiais, os botij\u00f5es foram encontrados em dep\u00f3sitos e pontos de venda sem autoriza\u00e7\u00e3o dos \u00f3rg\u00e3os competentes, como a Ag\u00eancia Nacional do Petr\u00f3leo, G\u00e1s Natural e Biocombust\u00edveis (ANP). O material era armazenado de maneira inadequada, sem cumprir as normas de seguran\u00e7a exigidas para produtos inflam\u00e1veis, o que poderia provocar acidentes graves, como vazamentos, explos\u00f5es e inc\u00eandios.<\/p>\n<p>A apreens\u00e3o ocorreu ap\u00f3s den\u00fancias an\u00f4nimas, que levaram os agentes a identificar os locais utilizados para a comercializa\u00e7\u00e3o ilegal. Durante a fiscaliza\u00e7\u00e3o, equipes constataram que os estabelecimentos n\u00e3o possu\u00edam licen\u00e7a para atuar no ramo nem estrutura adequada para o armazenamento do g\u00e1s.<\/p>\n<p>Os respons\u00e1veis pelos pontos de venda foram conduzidos para prestar esclarecimentos, e o caso ser\u00e1 investigado para apurar poss\u00edveis crimes contra a ordem econ\u00f4mica e a seguran\u00e7a p\u00fablica. Os botij\u00f5es apreendidos foram recolhidos e encaminhados para um revendedor autorizado, onde permanecer\u00e3o sob responsabilidade at\u00e9 decis\u00e3o judicial.<\/p>\n<p>As autoridades refor\u00e7aram que a venda irregular de g\u00e1s representa grave amea\u00e7a \u00e0 vida e ao patrim\u00f4nio, especialmente em \u00e1reas residenciais, e destacaram a import\u00e2ncia da colabora\u00e7\u00e3o da popula\u00e7\u00e3o por meio de den\u00fancias. A orienta\u00e7\u00e3o \u00e9 que os consumidores adquiram o produto apenas de revendedores credenciados, garantindo seguran\u00e7a e proced\u00eancia.<\/p>\n","protected":false},"excerpt":{"rendered":"<p>Uma opera\u00e7\u00e3o realizada por for\u00e7as de seguran\u00e7a resultou na apreens\u00e3o de mais de 200 botij\u00f5es de g\u00e1s de cozinha (GLP) que estavam sendo comercializados de forma irregular no sudoeste da Bahia. A a\u00e7\u00e3o teve como objetivo combater a venda clandestina do produto e evitar riscos \u00e0 seguran\u00e7a da popula\u00e7\u00e3o. De acordo com informa\u00e7\u00f5es oficiais, os [&hellip;]<\/p>\n","protected":false},"author":2,"featured_media":375706,"comment_status":"closed","ping_status":"closed","sticky":false,"template":"","format":"standard","meta":{"_acf_changed":false,"footnotes":""},"categories":[165],"tags":[],"class_list":["post-375705","post","type-post","status-publish","format-standard","has-post-thumbnail","hentry","category-nordeste"],"acf":[],"yoast_head":"<!-- This site is optimized with the Yoast SEO plugin v27.2 - https:\/\/yoast.com\/product\/yoast-seo-wordpress\/ -->\n<title>Pol\u00edcia apreende 200 botij\u00f5es de g\u00e1s comercializados ilegalmente - Notibras<\/title>\n<meta name=\"robots\" content=\"index, follow, max-snippet:-1, max-image-preview:large, max-video-preview:-1\" \/>\n<link rel=\"canonical\" href=\"https:\/\/www.notibras.com\/site\/policia-apreende-200-botijoes-de-gas-comercializados-ilegalmente\/\" \/>\n<meta property=\"og:locale\" content=\"pt_BR\" \/>\n<meta property=\"og:type\" content=\"article\" \/>\n<meta property=\"og:title\" content=\"Pol\u00edcia apreende 200 botij\u00f5es de g\u00e1s comercializados ilegalmente - Notibras\" \/>\n<meta property=\"og:description\" content=\"Uma opera\u00e7\u00e3o realizada por for\u00e7as de seguran\u00e7a resultou na apreens\u00e3o de mais de 200 botij\u00f5es de g\u00e1s de cozinha (GLP) que estavam sendo comercializados de forma irregular no sudoeste da Bahia. A a\u00e7\u00e3o teve como objetivo combater a venda clandestina do produto e evitar riscos \u00e0 seguran\u00e7a da popula\u00e7\u00e3o. De acordo com informa\u00e7\u00f5es oficiais, os [&hellip;]\" \/>\n<meta property=\"og:url\" content=\"https:\/\/www.notibras.com\/site\/policia-apreende-200-botijoes-de-gas-comercializados-ilegalmente\/\" \/>\n<meta property=\"og:site_name\" content=\"Notibras\" \/>\n<meta property=\"article:publisher\" content=\"https:\/\/www.facebook.com\/notibras\/\" \/>\n<meta property=\"article:published_time\" content=\"2025-12-21T03:00:50+00:00\" \/>\n<meta property=\"article:modified_time\" content=\"2025-12-21T12:02:22+00:00\" \/>\n<meta property=\"og:image\" content=\"https:\/\/www.notibras.com\/site\/wp-content\/uploads\/2025\/12\/ff404fa3-c85f-43ca-a076-702f736de9fb.jpg\" \/>\n\t<meta property=\"og:image:width\" content=\"1280\" \/>\n\t<meta property=\"og:image:height\" content=\"854\" \/>\n\t<meta property=\"og:image:type\" content=\"image\/jpeg\" \/>\n<meta name=\"author\" content=\"Reda\u00e7\u00e3o\" \/>\n<meta name=\"twitter:card\" content=\"summary_large_image\" \/>\n<meta name=\"twitter:creator\" content=\"@Notibras\" \/>\n<meta name=\"twitter:site\" content=\"@Notibras\" \/>\n<meta name=\"twitter:label1\" content=\"Escrito por\" \/>\n\t<meta name=\"twitter:data1\" content=\"Reda\u00e7\u00e3o\" \/>\n\t<meta name=\"twitter:label2\" content=\"Est. tempo de leitura\" \/>\n\t<meta name=\"twitter:data2\" content=\"2 minutos\" \/>\n<script type=\"application\/ld+json\" class=\"yoast-schema-graph\">{\"@context\":\"https:\/\/schema.org\",\"@graph\":[{\"@type\":\"Article\",\"@id\":\"https:\/\/www.notibras.com\/site\/policia-apreende-200-botijoes-de-gas-comercializados-ilegalmente\/#article\",\"isPartOf\":{\"@id\":\"https:\/\/www.notibras.com\/site\/policia-apreende-200-botijoes-de-gas-comercializados-ilegalmente\/\"},\"author\":{\"name\":\"Reda\u00e7\u00e3o\",\"@id\":\"https:\/\/www.notibras.com\/site\/#\/schema\/person\/36ab0979449956132d3e5b517ea76ac8\"},\"headline\":\"Pol\u00edcia apreende 200 botij\u00f5es de g\u00e1s comercializados ilegalmente\",\"datePublished\":\"2025-12-21T03:00:50+00:00\",\"dateModified\":\"2025-12-21T12:02:22+00:00\",\"mainEntityOfPage\":{\"@id\":\"https:\/\/www.notibras.com\/site\/policia-apreende-200-botijoes-de-gas-comercializados-ilegalmente\/\"},\"wordCount\":303,\"publisher\":{\"@id\":\"https:\/\/www.notibras.com\/site\/#organization\"},\"image\":{\"@id\":\"https:\/\/www.notibras.com\/site\/policia-apreende-200-botijoes-de-gas-comercializados-ilegalmente\/#primaryimage\"},\"thumbnailUrl\":\"https:\/\/www.notibras.com\/site\/wp-content\/uploads\/2025\/12\/ff404fa3-c85f-43ca-a076-702f736de9fb.jpg\",\"articleSection\":[\"Nordeste\"],\"inLanguage\":\"pt-BR\"},{\"@type\":\"WebPage\",\"@id\":\"https:\/\/www.notibras.com\/site\/policia-apreende-200-botijoes-de-gas-comercializados-ilegalmente\/\",\"url\":\"https:\/\/www.notibras.com\/site\/policia-apreende-200-botijoes-de-gas-comercializados-ilegalmente\/\",\"name\":\"Pol\u00edcia apreende 200 botij\u00f5es de g\u00e1s comercializados ilegalmente - Notibras\",\"isPartOf\":{\"@id\":\"https:\/\/www.notibras.com\/site\/#website\"},\"primaryImageOfPage\":{\"@id\":\"https:\/\/www.notibras.com\/site\/policia-apreende-200-botijoes-de-gas-comercializados-ilegalmente\/#primaryimage\"},\"image\":{\"@id\":\"https:\/\/www.notibras.com\/site\/policia-apreende-200-botijoes-de-gas-comercializados-ilegalmente\/#primaryimage\"},\"thumbnailUrl\":\"https:\/\/www.notibras.com\/site\/wp-content\/uploads\/2025\/12\/ff404fa3-c85f-43ca-a076-702f736de9fb.jpg\",\"datePublished\":\"2025-12-21T03:00:50+00:00\",\"dateModified\":\"2025-12-21T12:02:22+00:00\",\"breadcrumb\":{\"@id\":\"https:\/\/www.notibras.com\/site\/policia-apreende-200-botijoes-de-gas-comercializados-ilegalmente\/#breadcrumb\"},\"inLanguage\":\"pt-BR\",\"potentialAction\":[{\"@type\":\"ReadAction\",\"target\":[\"https:\/\/www.notibras.com\/site\/policia-apreende-200-botijoes-de-gas-comercializados-ilegalmente\/\"]}]},{\"@type\":\"ImageObject\",\"inLanguage\":\"pt-BR\",\"@id\":\"https:\/\/www.notibras.com\/site\/policia-apreende-200-botijoes-de-gas-comercializados-ilegalmente\/#primaryimage\",\"url\":\"https:\/\/www.notibras.com\/site\/wp-content\/uploads\/2025\/12\/ff404fa3-c85f-43ca-a076-702f736de9fb.jpg\",\"contentUrl\":\"https:\/\/www.notibras.com\/site\/wp-content\/uploads\/2025\/12\/ff404fa3-c85f-43ca-a076-702f736de9fb.jpg\",\"width\":1280,\"height\":854},{\"@type\":\"BreadcrumbList\",\"@id\":\"https:\/\/www.notibras.com\/site\/policia-apreende-200-botijoes-de-gas-comercializados-ilegalmente\/#breadcrumb\",\"itemListElement\":[{\"@type\":\"ListItem\",\"position\":1,\"name\":\"In\u00edcio\",\"item\":\"https:\/\/www.notibras.com\/site\/\"},{\"@type\":\"ListItem\",\"position\":2,\"name\":\"Pol\u00edcia apreende 200 botij\u00f5es de g\u00e1s comercializados ilegalmente\"}]},{\"@type\":\"WebSite\",\"@id\":\"https:\/\/www.notibras.com\/site\/#website\",\"url\":\"https:\/\/www.notibras.com\/site\/\",\"name\":\"Notibras\",\"description\":\"Not\u00edcias de Bras\u00edlia, do Brasil e do Mundo\",\"publisher\":{\"@id\":\"https:\/\/www.notibras.com\/site\/#organization\"},\"potentialAction\":[{\"@type\":\"SearchAction\",\"target\":{\"@type\":\"EntryPoint\",\"urlTemplate\":\"https:\/\/www.notibras.com\/site\/?s={search_term_string}\"},\"query-input\":{\"@type\":\"PropertyValueSpecification\",\"valueRequired\":true,\"valueName\":\"search_term_string\"}}],\"inLanguage\":\"pt-BR\"},{\"@type\":\"Organization\",\"@id\":\"https:\/\/www.notibras.com\/site\/#organization\",\"name\":\"Grupo Notibras de Comunica\u00e7\u00e3o\",\"url\":\"https:\/\/www.notibras.com\/site\/\",\"logo\":{\"@type\":\"ImageObject\",\"inLanguage\":\"pt-BR\",\"@id\":\"https:\/\/www.notibras.com\/site\/#\/schema\/logo\/image\/\",\"url\":\"https:\/\/www.notibras.com\/site\/wp-content\/uploads\/2023\/01\/notibras23.png\",\"contentUrl\":\"https:\/\/www.notibras.com\/site\/wp-content\/uploads\/2023\/01\/notibras23.png\",\"width\":350,\"height\":87,\"caption\":\"Grupo Notibras de Comunica\u00e7\u00e3o\"},\"image\":{\"@id\":\"https:\/\/www.notibras.com\/site\/#\/schema\/logo\/image\/\"},\"sameAs\":[\"https:\/\/www.facebook.com\/notibras\/\",\"https:\/\/x.com\/Notibras\",\"https:\/\/www.instagram.com\/notibras\/\"]},{\"@type\":\"Person\",\"@id\":\"https:\/\/www.notibras.com\/site\/#\/schema\/person\/36ab0979449956132d3e5b517ea76ac8\",\"name\":\"Reda\u00e7\u00e3o\",\"image\":{\"@type\":\"ImageObject\",\"inLanguage\":\"pt-BR\",\"@id\":\"https:\/\/secure.gravatar.com\/avatar\/e0a867bdedb85fd243eadf09663511f96fc81e0720a4a42581f334ad4303aa6b?s=96&d=mm&r=g\",\"url\":\"https:\/\/secure.gravatar.com\/avatar\/e0a867bdedb85fd243eadf09663511f96fc81e0720a4a42581f334ad4303aa6b?s=96&d=mm&r=g\",\"contentUrl\":\"https:\/\/secure.gravatar.com\/avatar\/e0a867bdedb85fd243eadf09663511f96fc81e0720a4a42581f334ad4303aa6b?s=96&d=mm&r=g\",\"caption\":\"Reda\u00e7\u00e3o\"}}]}<\/script>\n<!-- \/ Yoast SEO plugin. -->","yoast_head_json":{"title":"Pol\u00edcia apreende 200 botij\u00f5es de g\u00e1s comercializados ilegalmente - Notibras","robots":{"index":"index","follow":"follow","max-snippet":"max-snippet:-1","max-image-preview":"max-image-preview:large","max-video-preview":"max-video-preview:-1"},"canonical":"https:\/\/www.notibras.com\/site\/policia-apreende-200-botijoes-de-gas-comercializados-ilegalmente\/","og_locale":"pt_BR","og_type":"article","og_title":"Pol\u00edcia apreende 200 botij\u00f5es de g\u00e1s comercializados ilegalmente - Notibras","og_description":"Uma opera\u00e7\u00e3o realizada por for\u00e7as de seguran\u00e7a resultou na apreens\u00e3o de mais de 200 botij\u00f5es de g\u00e1s de cozinha (GLP) que estavam sendo comercializados de forma irregular no sudoeste da Bahia. A a\u00e7\u00e3o teve como objetivo combater a venda clandestina do produto e evitar riscos \u00e0 seguran\u00e7a da popula\u00e7\u00e3o. De acordo com informa\u00e7\u00f5es oficiais, os [&hellip;]","og_url":"https:\/\/www.notibras.com\/site\/policia-apreende-200-botijoes-de-gas-comercializados-ilegalmente\/","og_site_name":"Notibras","article_publisher":"https:\/\/www.facebook.com\/notibras\/","article_published_time":"2025-12-21T03:00:50+00:00","article_modified_time":"2025-12-21T12:02:22+00:00","og_image":[{"width":1280,"height":854,"url":"https:\/\/www.notibras.com\/site\/wp-content\/uploads\/2025\/12\/ff404fa3-c85f-43ca-a076-702f736de9fb.jpg","type":"image\/jpeg"}],"author":"Reda\u00e7\u00e3o","twitter_card":"summary_large_image","twitter_creator":"@Notibras","twitter_site":"@Notibras","twitter_misc":{"Escrito por":"Reda\u00e7\u00e3o","Est. tempo de leitura":"2 minutos"},"schema":{"@context":"https:\/\/schema.org","@graph":[{"@type":"Article","@id":"https:\/\/www.notibras.com\/site\/policia-apreende-200-botijoes-de-gas-comercializados-ilegalmente\/#article","isPartOf":{"@id":"https:\/\/www.notibras.com\/site\/policia-apreende-200-botijoes-de-gas-comercializados-ilegalmente\/"},"author":{"name":"Reda\u00e7\u00e3o","@id":"https:\/\/www.notibras.com\/site\/#\/schema\/person\/36ab0979449956132d3e5b517ea76ac8"},"headline":"Pol\u00edcia apreende 200 botij\u00f5es de g\u00e1s comercializados ilegalmente","datePublished":"2025-12-21T03:00:50+00:00","dateModified":"2025-12-21T12:02:22+00:00","mainEntityOfPage":{"@id":"https:\/\/www.notibras.com\/site\/policia-apreende-200-botijoes-de-gas-comercializados-ilegalmente\/"},"wordCount":303,"publisher":{"@id":"https:\/\/www.notibras.com\/site\/#organization"},"image":{"@id":"https:\/\/www.notibras.com\/site\/policia-apreende-200-botijoes-de-gas-comercializados-ilegalmente\/#primaryimage"},"thumbnailUrl":"https:\/\/www.notibras.com\/site\/wp-content\/uploads\/2025\/12\/ff404fa3-c85f-43ca-a076-702f736de9fb.jpg","articleSection":["Nordeste"],"inLanguage":"pt-BR"},{"@type":"WebPage","@id":"https:\/\/www.notibras.com\/site\/policia-apreende-200-botijoes-de-gas-comercializados-ilegalmente\/","url":"https:\/\/www.notibras.com\/site\/policia-apreende-200-botijoes-de-gas-comercializados-ilegalmente\/","name":"Pol\u00edcia apreende 200 botij\u00f5es de g\u00e1s comercializados ilegalmente - Notibras","isPartOf":{"@id":"https:\/\/www.notibras.com\/site\/#website"},"primaryImageOfPage":{"@id":"https:\/\/www.notibras.com\/site\/policia-apreende-200-botijoes-de-gas-comercializados-ilegalmente\/#primaryimage"},"image":{"@id":"https:\/\/www.notibras.com\/site\/policia-apreende-200-botijoes-de-gas-comercializados-ilegalmente\/#primaryimage"},"thumbnailUrl":"https:\/\/www.notibras.com\/site\/wp-content\/uploads\/2025\/12\/ff404fa3-c85f-43ca-a076-702f736de9fb.jpg","datePublished":"2025-12-21T03:00:50+00:00","dateModified":"2025-12-21T12:02:22+00:00","breadcrumb":{"@id":"https:\/\/www.notibras.com\/site\/policia-apreende-200-botijoes-de-gas-comercializados-ilegalmente\/#breadcrumb"},"inLanguage":"pt-BR","potentialAction":[{"@type":"ReadAction","target":["https:\/\/www.notibras.com\/site\/policia-apreende-200-botijoes-de-gas-comercializados-ilegalmente\/"]}]},{"@type":"ImageObject","inLanguage":"pt-BR","@id":"https:\/\/www.notibras.com\/site\/policia-apreende-200-botijoes-de-gas-comercializados-ilegalmente\/#primaryimage","url":"https:\/\/www.notibras.com\/site\/wp-content\/uploads\/2025\/12\/ff404fa3-c85f-43ca-a076-702f736de9fb.jpg","contentUrl":"https:\/\/www.notibras.com\/site\/wp-content\/uploads\/2025\/12\/ff404fa3-c85f-43ca-a076-702f736de9fb.jpg","width":1280,"height":854},{"@type":"BreadcrumbList","@id":"https:\/\/www.notibras.com\/site\/policia-apreende-200-botijoes-de-gas-comercializados-ilegalmente\/#breadcrumb","itemListElement":[{"@type":"ListItem","position":1,"name":"In\u00edcio","item":"https:\/\/www.notibras.com\/site\/"},{"@type":"ListItem","position":2,"name":"Pol\u00edcia apreende 200 botij\u00f5es de g\u00e1s comercializados ilegalmente"}]},{"@type":"WebSite","@id":"https:\/\/www.notibras.com\/site\/#website","url":"https:\/\/www.notibras.com\/site\/","name":"Notibras","description":"Not\u00edcias de Bras\u00edlia, do Brasil e do Mundo","publisher":{"@id":"https:\/\/www.notibras.com\/site\/#organization"},"potentialAction":[{"@type":"SearchAction","target":{"@type":"EntryPoint","urlTemplate":"https:\/\/www.notibras.com\/site\/?s={search_term_string}"},"query-input":{"@type":"PropertyValueSpecification","valueRequired":true,"valueName":"search_term_string"}}],"inLanguage":"pt-BR"},{"@type":"Organization","@id":"https:\/\/www.notibras.com\/site\/#organization","name":"Grupo Notibras de Comunica\u00e7\u00e3o","url":"https:\/\/www.notibras.com\/site\/","logo":{"@type":"ImageObject","inLanguage":"pt-BR","@id":"https:\/\/www.notibras.com\/site\/#\/schema\/logo\/image\/","url":"https:\/\/www.notibras.com\/site\/wp-content\/uploads\/2023\/01\/notibras23.png","contentUrl":"https:\/\/www.notibras.com\/site\/wp-content\/uploads\/2023\/01\/notibras23.png","width":350,"height":87,"caption":"Grupo Notibras de Comunica\u00e7\u00e3o"},"image":{"@id":"https:\/\/www.notibras.com\/site\/#\/schema\/logo\/image\/"},"sameAs":["https:\/\/www.facebook.com\/notibras\/","https:\/\/x.com\/Notibras","https:\/\/www.instagram.com\/notibras\/"]},{"@type":"Person","@id":"https:\/\/www.notibras.com\/site\/#\/schema\/person\/36ab0979449956132d3e5b517ea76ac8","name":"Reda\u00e7\u00e3o","image":{"@type":"ImageObject","inLanguage":"pt-BR","@id":"https:\/\/secure.gravatar.com\/avatar\/e0a867bdedb85fd243eadf09663511f96fc81e0720a4a42581f334ad4303aa6b?s=96&d=mm&r=g","url":"https:\/\/secure.gravatar.com\/avatar\/e0a867bdedb85fd243eadf09663511f96fc81e0720a4a42581f334ad4303aa6b?s=96&d=mm&r=g","contentUrl":"https:\/\/secure.gravatar.com\/avatar\/e0a867bdedb85fd243eadf09663511f96fc81e0720a4a42581f334ad4303aa6b?s=96&d=mm&r=g","caption":"Reda\u00e7\u00e3o"}}]}},"amp_enabled":true,"_links":{"self":[{"href":"https:\/\/www.notibras.com\/site\/wp-json\/wp\/v2\/posts\/375705","targetHints":{"allow":["GET"]}}],"collection":[{"href":"https:\/\/www.notibras.com\/site\/wp-json\/wp\/v2\/posts"}],"about":[{"href":"https:\/\/www.notibras.com\/site\/wp-json\/wp\/v2\/types\/post"}],"author":[{"embeddable":true,"href":"https:\/\/www.notibras.com\/site\/wp-json\/wp\/v2\/users\/2"}],"replies":[{"embeddable":true,"href":"https:\/\/www.notibras.com\/site\/wp-json\/wp\/v2\/comments?post=375705"}],"version-history":[{"count":1,"href":"https:\/\/www.notibras.com\/site\/wp-json\/wp\/v2\/posts\/375705\/revisions"}],"predecessor-version":[{"id":375707,"href":"https:\/\/www.notibras.com\/site\/wp-json\/wp\/v2\/posts\/375705\/revisions\/375707"}],"wp:featuredmedia":[{"embeddable":true,"href":"https:\/\/www.notibras.com\/site\/wp-json\/wp\/v2\/media\/375706"}],"wp:attachment":[{"href":"https:\/\/www.notibras.com\/site\/wp-json\/wp\/v2\/media?parent=375705"}],"wp:term":[{"taxonomy":"category","embeddable":true,"href":"https:\/\/www.notibras.com\/site\/wp-json\/wp\/v2\/categories?post=375705"},{"taxonomy":"post_tag","embeddable":true,"href":"https:\/\/www.notibras.com\/site\/wp-json\/wp\/v2\/tags?post=375705"}],"curies":[{"name":"wp","href":"https:\/\/api.w.org\/{rel}","templated":true}]}}