{"id":375732,"date":"2025-12-22T02:00:50","date_gmt":"2025-12-22T05:00:50","guid":{"rendered":"https:\/\/www.notibras.com\/site\/?p=375732"},"modified":"2025-12-21T20:41:01","modified_gmt":"2025-12-21T23:41:01","slug":"desejos-e-realidade","status":"publish","type":"post","link":"https:\/\/www.notibras.com\/site\/desejos-e-realidade\/","title":{"rendered":"Desejos e realidade"},"content":{"rendered":"<p>\u00c1lvaro andava \u00e0s turras com o trabalho. N\u00e3o que isso fosse algo novo, mesmo porque essa situa\u00e7\u00e3o teria iniciado h\u00e1 quase 15 anos e, por coincid\u00eancia ou n\u00e3o, no primeiro dia no emprego. E n\u00e3o sejamos hip\u00f3critas, pois isso \u00e9 bastante comum no mundo dos normais.<\/p>\n<p>Na sexta-feira, assim que deu a hora de sair do servi\u00e7o, o sujeito abriu aquele sorris\u00e3o e, talvez inebriado por conta da euforia que tomou seu ser, confidenciou a si mesmo que aquele havia sido o derradeiro dia de mart\u00edrio. Nunca mais! Dali para frente seria somente liberdade, o tempo apenas para gastar com coisas realmente importantes: viagens, encontros com amigos, leitura de bons livros, muita poesia, longas sonecas no sof\u00e1, vinhos, cervejas diversas, namorar sem tempo para acabar, esb\u00f3rnia total.<\/p>\n<p>No s\u00e1bado, quis emendar e, ainda disposto, mal despertou, tomou aquela ducha para espantar qualquer cansa\u00e7o porventura sorrateiro. Vestiu a bermuda e a camisa mais confort\u00e1vel, cal\u00e7ou o par de chinelo de dedo e foi para o churrasco na casa de Mariana, colega dos tempos de faculdade. At\u00e9 imaginou algo com a mulher, que foi logo descartado. \u00c9 que ela era casada com um robusto praticante de artes marciais. Melhor seria se concentrar nas carnes na grelha e na cerveja gelada. E foi o que fez, apesar dos arriscados olhares trocados com a anfitri\u00e3.<\/p>\n<p>Retornou ao apartamento quando o domingo j\u00e1 se avizinhava. Por impulso, abriu a geladeira e se deparou com duas latas de cerveja, que talvez estivessem trocando confid\u00eancias. Pegou uma e abriu sem pensar. Deu o primeiro gole e caminhou at\u00e9 a sala. Esparramou-se no sof\u00e1 e tentou pensar em algo, mas os pensamentos, confusos, se esva\u00edram como fuma\u00e7a. Mais um gole, depositou a lata no ch\u00e3o. Apagou sem se dar conta.<\/p>\n<p>O inconveniente interfone tocou, tocou, tocou. \u00c1lvaro, cujas p\u00e1lpebras clamavam por continuar cerradas, finalmente ergueu o corpo fatigado e foi ver quem era. Reinaldo, amigo de longa data, resolvera surgir do nada ap\u00f3s quase dois anos.<\/p>\n<p>\u2014 T\u00f4 incomodando?<\/p>\n<p>\u2014 N\u00e3o.<\/p>\n<p>\u2014 Tem certeza? Se quiser, volto outra hora.<\/p>\n<p>\u2014 N\u00e3o.<\/p>\n<p>\u2014 Mesmo?<\/p>\n<p>\u2014 N\u00e3o.<\/p>\n<p>\u2014 N\u00e3o?<\/p>\n<p>\u2014 N\u00e3o! Sim. Fique \u00e0 vontade. S\u00f3 vou lavar o rosto e j\u00e1 volto.<\/p>\n<p>\u2014 Beleza. Tem cerveja?<\/p>\n<p>\u2014 Hum&#8230; Acho que tem uma latinha na geladeira.<\/p>\n<p>\u2014 S\u00f3 uma?<\/p>\n<p>\u2014 Acho que \u00e9. Olha l\u00e1.<\/p>\n<p>Assim que retornou do banheiro, \u00c1lvaro viu a visita bebericando a derradeira cerveja.<\/p>\n<p>\u2014 S\u00f3 tinha esta. Vou comprar mais pra final.<\/p>\n<p>\u2014 Ih, \u00e9 mesmo! Hoje tem Vasc\u00e3o!<\/p>\n<p>\u2014 Sim! Vamos acabar com o Corinthians.<\/p>\n<p>\u2014 Vou com voc\u00ea. Preciso andar um pouco, Reinaldo.<\/p>\n<p>Al\u00e9m de cerveja, compraram tira-gostos variados. Retornaram ao apartamento, onde ligaram a televis\u00e3o para assistirem \u00e0 final da Copa do Brasil.<\/p>\n<p>\u00c1lvaro parecia revigorado por causa da possibilidade de comemorar um importante t\u00edtulo do seu time do cora\u00e7\u00e3o. O problema \u00e9 que o Coring\u00e3o marcou um gol, o que fez com que alguns improp\u00e9rios sa\u00edssem sem qualquer cerim\u00f4nia daquelas bocas angustiadas. Mas eis que o Vasco consegue empatar ainda no primeiro tempo. E os palavr\u00f5es, agora de felicidade, ecoaram por todo o apartamento.<\/p>\n<p>Segundo tempo, eis que o Corinthians voltou a marcar. \u00c1lvaro e Reinaldo, cada um com uma lata na m\u00e3o e desprovidos de pudores, xingaram, xingaram, xingaram. N\u00e3o era poss\u00edvel que o Vasco da Gama ficaria mais um tempo na fila, enquanto o Tim\u00e3o se sagraria campe\u00e3o em pleno Maracan\u00e3.<\/p>\n<p>Os minutos de esperan\u00e7a se transformaram em frustra\u00e7\u00e3o para os vasca\u00ednos. Corinthians campe\u00e3o. Sem for\u00e7a para chorar a derrota ou continuar bebendo, Reinaldo se despediu. \u00c1lvaro, ainda querendo se esquecer daquilo, ainda abriu algumas latas, at\u00e9 que, exausto, desfaleceu, completamente embriagado, sobre a cama.<\/p>\n<p>Na manh\u00e3 seguinte, Cida, a diarista, chegou e constatou que seria um dia de faxina pesada. E come\u00e7ou a limpar, pois n\u00e3o havia outro jeito. E, quando percebeu que \u00c1lvaro continuava dormindo, foi acord\u00e1-lo.<\/p>\n<p>\u2014 \u00c1lvaro. \u00c1lvaro! \u00c1lvaro!! \u00c1lvaro!!!<\/p>\n<p>\u2014 Hum?<\/p>\n<p>\u2014 Num vai trabalhar hoje?<\/p>\n<p>\u2014 Oi, Cida. Que horas s\u00e3o?<\/p>\n<p>\u2014 Quase dez.<\/p>\n<p>\u2014 Tudo isso?<\/p>\n<p>\u2014 Sim.<\/p>\n<p>\u2014 Droga! Queria que ainda fosse domingo.<\/p>\n<p>\u2014 E quem \u00e9 que n\u00e3o queria?<\/p>\n<p>\u2014 Como assim?<\/p>\n<p>\u2014 \u00c1lvaro, meu querido, absolutamente ningu\u00e9m t\u00e1 preparado pra uma segunda-feira.<\/p>\n<p><strong>\u2026\u2026\u2026\u2026\u2026\u2026\u2026\u2026<\/strong><\/p>\n<p><strong>Eduardo Mart\u00ednez \u00e9 autor do livro \u201957 Contos e Cr\u00f4nicas por um Autor Muito Velho\u2019 (Vencedor do Pr\u00eamio Liter\u00e1rio Clarice Lispector \u2013 2025 na categoria livro de contos).<\/strong><\/p>\n<p><strong>Compre aqui<\/strong><\/p>\n<p><a href=\"https:\/\/www.joanineditora.com.br\/57-contos-e-cronicas-por-um-autor-muito-velho\"><strong>https:\/\/www.joanineditora.com.br\/57-contos-e-cronicas-por-um-autor-muito-velho<\/strong><\/a><\/p>\n","protected":false},"excerpt":{"rendered":"<p>\u00c1lvaro andava \u00e0s turras com o trabalho. N\u00e3o que isso fosse algo novo, mesmo porque essa situa\u00e7\u00e3o teria iniciado h\u00e1 quase 15 anos e, por coincid\u00eancia ou n\u00e3o, no primeiro dia no emprego. E n\u00e3o sejamos hip\u00f3critas, pois isso \u00e9 bastante comum no mundo dos normais. Na sexta-feira, assim que deu a hora de sair [&hellip;]<\/p>\n","protected":false},"author":21,"featured_media":375733,"comment_status":"closed","ping_status":"closed","sticky":false,"template":"","format":"standard","meta":{"_acf_changed":false,"footnotes":""},"categories":[161],"tags":[],"class_list":["post-375732","post","type-post","status-publish","format-standard","has-post-thumbnail","hentry","category-quadradinho-em-foco"],"acf":[],"yoast_head":"<!-- This site is optimized with the Yoast SEO plugin v27.5 - https:\/\/yoast.com\/product\/yoast-seo-wordpress\/ -->\n<title>Desejos e realidade - Notibras<\/title>\n<meta name=\"robots\" content=\"index, follow, max-snippet:-1, max-image-preview:large, max-video-preview:-1\" \/>\n<link rel=\"canonical\" href=\"https:\/\/www.notibras.com\/site\/desejos-e-realidade\/\" \/>\n<meta property=\"og:locale\" content=\"pt_BR\" \/>\n<meta property=\"og:type\" content=\"article\" \/>\n<meta property=\"og:title\" content=\"Desejos e realidade - Notibras\" \/>\n<meta property=\"og:description\" content=\"\u00c1lvaro andava \u00e0s turras com o trabalho. N\u00e3o que isso fosse algo novo, mesmo porque essa situa\u00e7\u00e3o teria iniciado h\u00e1 quase 15 anos e, por coincid\u00eancia ou n\u00e3o, no primeiro dia no emprego. E n\u00e3o sejamos hip\u00f3critas, pois isso \u00e9 bastante comum no mundo dos normais. Na sexta-feira, assim que deu a hora de sair [&hellip;]\" \/>\n<meta property=\"og:url\" content=\"https:\/\/www.notibras.com\/site\/desejos-e-realidade\/\" \/>\n<meta property=\"og:site_name\" content=\"Notibras\" \/>\n<meta property=\"article:publisher\" content=\"https:\/\/www.facebook.com\/notibras\/\" \/>\n<meta property=\"article:published_time\" content=\"2025-12-22T05:00:50+00:00\" \/>\n<meta property=\"og:image\" content=\"https:\/\/www.notibras.com\/site\/wp-content\/uploads\/2025\/12\/IMG_9658.jpg\" \/>\n\t<meta property=\"og:image:width\" content=\"1023\" \/>\n\t<meta property=\"og:image:height\" content=\"923\" \/>\n\t<meta property=\"og:image:type\" content=\"image\/jpeg\" \/>\n<meta name=\"author\" content=\"Eduardo Mart\u00ednez\" \/>\n<meta name=\"twitter:card\" content=\"summary_large_image\" \/>\n<meta name=\"twitter:creator\" content=\"@Notibras\" \/>\n<meta name=\"twitter:site\" content=\"@Notibras\" \/>\n<meta name=\"twitter:label1\" content=\"Escrito por\" \/>\n\t<meta name=\"twitter:data1\" content=\"Eduardo Mart\u00ednez\" \/>\n\t<meta name=\"twitter:label2\" content=\"Est. tempo de leitura\" \/>\n\t<meta name=\"twitter:data2\" content=\"5 minutos\" \/>\n<script type=\"application\/ld+json\" class=\"yoast-schema-graph\">{\"@context\":\"https:\\\/\\\/schema.org\",\"@graph\":[{\"@type\":\"Article\",\"@id\":\"https:\\\/\\\/www.notibras.com\\\/site\\\/desejos-e-realidade\\\/#article\",\"isPartOf\":{\"@id\":\"https:\\\/\\\/www.notibras.com\\\/site\\\/desejos-e-realidade\\\/\"},\"author\":{\"name\":\"Eduardo Mart\u00ednez\",\"@id\":\"https:\\\/\\\/www.notibras.com\\\/site\\\/#\\\/schema\\\/person\\\/5b7fabf2aedc3ada2105f03b22b4d3dd\"},\"headline\":\"Desejos e realidade\",\"datePublished\":\"2025-12-22T05:00:50+00:00\",\"mainEntityOfPage\":{\"@id\":\"https:\\\/\\\/www.notibras.com\\\/site\\\/desejos-e-realidade\\\/\"},\"wordCount\":748,\"publisher\":{\"@id\":\"https:\\\/\\\/www.notibras.com\\\/site\\\/#organization\"},\"image\":{\"@id\":\"https:\\\/\\\/www.notibras.com\\\/site\\\/desejos-e-realidade\\\/#primaryimage\"},\"thumbnailUrl\":\"https:\\\/\\\/www.notibras.com\\\/site\\\/wp-content\\\/uploads\\\/2025\\\/12\\\/IMG_9658.jpg\",\"articleSection\":[\"Quadradinho em Foco\"],\"inLanguage\":\"pt-BR\"},{\"@type\":\"WebPage\",\"@id\":\"https:\\\/\\\/www.notibras.com\\\/site\\\/desejos-e-realidade\\\/\",\"url\":\"https:\\\/\\\/www.notibras.com\\\/site\\\/desejos-e-realidade\\\/\",\"name\":\"Desejos e realidade - Notibras\",\"isPartOf\":{\"@id\":\"https:\\\/\\\/www.notibras.com\\\/site\\\/#website\"},\"primaryImageOfPage\":{\"@id\":\"https:\\\/\\\/www.notibras.com\\\/site\\\/desejos-e-realidade\\\/#primaryimage\"},\"image\":{\"@id\":\"https:\\\/\\\/www.notibras.com\\\/site\\\/desejos-e-realidade\\\/#primaryimage\"},\"thumbnailUrl\":\"https:\\\/\\\/www.notibras.com\\\/site\\\/wp-content\\\/uploads\\\/2025\\\/12\\\/IMG_9658.jpg\",\"datePublished\":\"2025-12-22T05:00:50+00:00\",\"breadcrumb\":{\"@id\":\"https:\\\/\\\/www.notibras.com\\\/site\\\/desejos-e-realidade\\\/#breadcrumb\"},\"inLanguage\":\"pt-BR\",\"potentialAction\":[{\"@type\":\"ReadAction\",\"target\":[\"https:\\\/\\\/www.notibras.com\\\/site\\\/desejos-e-realidade\\\/\"]}]},{\"@type\":\"ImageObject\",\"inLanguage\":\"pt-BR\",\"@id\":\"https:\\\/\\\/www.notibras.com\\\/site\\\/desejos-e-realidade\\\/#primaryimage\",\"url\":\"https:\\\/\\\/www.notibras.com\\\/site\\\/wp-content\\\/uploads\\\/2025\\\/12\\\/IMG_9658.jpg\",\"contentUrl\":\"https:\\\/\\\/www.notibras.com\\\/site\\\/wp-content\\\/uploads\\\/2025\\\/12\\\/IMG_9658.jpg\",\"width\":1023,\"height\":923},{\"@type\":\"BreadcrumbList\",\"@id\":\"https:\\\/\\\/www.notibras.com\\\/site\\\/desejos-e-realidade\\\/#breadcrumb\",\"itemListElement\":[{\"@type\":\"ListItem\",\"position\":1,\"name\":\"In\u00edcio\",\"item\":\"https:\\\/\\\/www.notibras.com\\\/site\\\/\"},{\"@type\":\"ListItem\",\"position\":2,\"name\":\"Desejos e realidade\"}]},{\"@type\":\"WebSite\",\"@id\":\"https:\\\/\\\/www.notibras.com\\\/site\\\/#website\",\"url\":\"https:\\\/\\\/www.notibras.com\\\/site\\\/\",\"name\":\"Notibras\",\"description\":\"Not\u00edcias de Bras\u00edlia, do Brasil e do Mundo\",\"publisher\":{\"@id\":\"https:\\\/\\\/www.notibras.com\\\/site\\\/#organization\"},\"potentialAction\":[{\"@type\":\"SearchAction\",\"target\":{\"@type\":\"EntryPoint\",\"urlTemplate\":\"https:\\\/\\\/www.notibras.com\\\/site\\\/?s={search_term_string}\"},\"query-input\":{\"@type\":\"PropertyValueSpecification\",\"valueRequired\":true,\"valueName\":\"search_term_string\"}}],\"inLanguage\":\"pt-BR\"},{\"@type\":\"Organization\",\"@id\":\"https:\\\/\\\/www.notibras.com\\\/site\\\/#organization\",\"name\":\"Grupo Notibras de Comunica\u00e7\u00e3o\",\"url\":\"https:\\\/\\\/www.notibras.com\\\/site\\\/\",\"logo\":{\"@type\":\"ImageObject\",\"inLanguage\":\"pt-BR\",\"@id\":\"https:\\\/\\\/www.notibras.com\\\/site\\\/#\\\/schema\\\/logo\\\/image\\\/\",\"url\":\"https:\\\/\\\/www.notibras.com\\\/site\\\/wp-content\\\/uploads\\\/2023\\\/01\\\/notibras23.png\",\"contentUrl\":\"https:\\\/\\\/www.notibras.com\\\/site\\\/wp-content\\\/uploads\\\/2023\\\/01\\\/notibras23.png\",\"width\":350,\"height\":87,\"caption\":\"Grupo Notibras de Comunica\u00e7\u00e3o\"},\"image\":{\"@id\":\"https:\\\/\\\/www.notibras.com\\\/site\\\/#\\\/schema\\\/logo\\\/image\\\/\"},\"sameAs\":[\"https:\\\/\\\/www.facebook.com\\\/notibras\\\/\",\"https:\\\/\\\/x.com\\\/Notibras\",\"https:\\\/\\\/www.instagram.com\\\/notibras\\\/\"]},{\"@type\":\"Person\",\"@id\":\"https:\\\/\\\/www.notibras.com\\\/site\\\/#\\\/schema\\\/person\\\/5b7fabf2aedc3ada2105f03b22b4d3dd\",\"name\":\"Eduardo Mart\u00ednez\",\"image\":{\"@type\":\"ImageObject\",\"inLanguage\":\"pt-BR\",\"@id\":\"https:\\\/\\\/secure.gravatar.com\\\/avatar\\\/7902f906289926289cbcda644b5197c796b893c6ffd7b9a536a42d290f7704a0?s=96&d=mm&r=g\",\"url\":\"https:\\\/\\\/secure.gravatar.com\\\/avatar\\\/7902f906289926289cbcda644b5197c796b893c6ffd7b9a536a42d290f7704a0?s=96&d=mm&r=g\",\"contentUrl\":\"https:\\\/\\\/secure.gravatar.com\\\/avatar\\\/7902f906289926289cbcda644b5197c796b893c6ffd7b9a536a42d290f7704a0?s=96&d=mm&r=g\",\"caption\":\"Eduardo Mart\u00ednez\"}}]}<\/script>\n<!-- \/ Yoast SEO plugin. -->","yoast_head_json":{"title":"Desejos e realidade - Notibras","robots":{"index":"index","follow":"follow","max-snippet":"max-snippet:-1","max-image-preview":"max-image-preview:large","max-video-preview":"max-video-preview:-1"},"canonical":"https:\/\/www.notibras.com\/site\/desejos-e-realidade\/","og_locale":"pt_BR","og_type":"article","og_title":"Desejos e realidade - Notibras","og_description":"\u00c1lvaro andava \u00e0s turras com o trabalho. N\u00e3o que isso fosse algo novo, mesmo porque essa situa\u00e7\u00e3o teria iniciado h\u00e1 quase 15 anos e, por coincid\u00eancia ou n\u00e3o, no primeiro dia no emprego. E n\u00e3o sejamos hip\u00f3critas, pois isso \u00e9 bastante comum no mundo dos normais. Na sexta-feira, assim que deu a hora de sair [&hellip;]","og_url":"https:\/\/www.notibras.com\/site\/desejos-e-realidade\/","og_site_name":"Notibras","article_publisher":"https:\/\/www.facebook.com\/notibras\/","article_published_time":"2025-12-22T05:00:50+00:00","og_image":[{"width":1023,"height":923,"url":"https:\/\/www.notibras.com\/site\/wp-content\/uploads\/2025\/12\/IMG_9658.jpg","type":"image\/jpeg"}],"author":"Eduardo Mart\u00ednez","twitter_card":"summary_large_image","twitter_creator":"@Notibras","twitter_site":"@Notibras","twitter_misc":{"Escrito por":"Eduardo Mart\u00ednez","Est. tempo de leitura":"5 minutos"},"schema":{"@context":"https:\/\/schema.org","@graph":[{"@type":"Article","@id":"https:\/\/www.notibras.com\/site\/desejos-e-realidade\/#article","isPartOf":{"@id":"https:\/\/www.notibras.com\/site\/desejos-e-realidade\/"},"author":{"name":"Eduardo Mart\u00ednez","@id":"https:\/\/www.notibras.com\/site\/#\/schema\/person\/5b7fabf2aedc3ada2105f03b22b4d3dd"},"headline":"Desejos e realidade","datePublished":"2025-12-22T05:00:50+00:00","mainEntityOfPage":{"@id":"https:\/\/www.notibras.com\/site\/desejos-e-realidade\/"},"wordCount":748,"publisher":{"@id":"https:\/\/www.notibras.com\/site\/#organization"},"image":{"@id":"https:\/\/www.notibras.com\/site\/desejos-e-realidade\/#primaryimage"},"thumbnailUrl":"https:\/\/www.notibras.com\/site\/wp-content\/uploads\/2025\/12\/IMG_9658.jpg","articleSection":["Quadradinho em Foco"],"inLanguage":"pt-BR"},{"@type":"WebPage","@id":"https:\/\/www.notibras.com\/site\/desejos-e-realidade\/","url":"https:\/\/www.notibras.com\/site\/desejos-e-realidade\/","name":"Desejos e realidade - Notibras","isPartOf":{"@id":"https:\/\/www.notibras.com\/site\/#website"},"primaryImageOfPage":{"@id":"https:\/\/www.notibras.com\/site\/desejos-e-realidade\/#primaryimage"},"image":{"@id":"https:\/\/www.notibras.com\/site\/desejos-e-realidade\/#primaryimage"},"thumbnailUrl":"https:\/\/www.notibras.com\/site\/wp-content\/uploads\/2025\/12\/IMG_9658.jpg","datePublished":"2025-12-22T05:00:50+00:00","breadcrumb":{"@id":"https:\/\/www.notibras.com\/site\/desejos-e-realidade\/#breadcrumb"},"inLanguage":"pt-BR","potentialAction":[{"@type":"ReadAction","target":["https:\/\/www.notibras.com\/site\/desejos-e-realidade\/"]}]},{"@type":"ImageObject","inLanguage":"pt-BR","@id":"https:\/\/www.notibras.com\/site\/desejos-e-realidade\/#primaryimage","url":"https:\/\/www.notibras.com\/site\/wp-content\/uploads\/2025\/12\/IMG_9658.jpg","contentUrl":"https:\/\/www.notibras.com\/site\/wp-content\/uploads\/2025\/12\/IMG_9658.jpg","width":1023,"height":923},{"@type":"BreadcrumbList","@id":"https:\/\/www.notibras.com\/site\/desejos-e-realidade\/#breadcrumb","itemListElement":[{"@type":"ListItem","position":1,"name":"In\u00edcio","item":"https:\/\/www.notibras.com\/site\/"},{"@type":"ListItem","position":2,"name":"Desejos e realidade"}]},{"@type":"WebSite","@id":"https:\/\/www.notibras.com\/site\/#website","url":"https:\/\/www.notibras.com\/site\/","name":"Notibras","description":"Not\u00edcias de Bras\u00edlia, do Brasil e do Mundo","publisher":{"@id":"https:\/\/www.notibras.com\/site\/#organization"},"potentialAction":[{"@type":"SearchAction","target":{"@type":"EntryPoint","urlTemplate":"https:\/\/www.notibras.com\/site\/?s={search_term_string}"},"query-input":{"@type":"PropertyValueSpecification","valueRequired":true,"valueName":"search_term_string"}}],"inLanguage":"pt-BR"},{"@type":"Organization","@id":"https:\/\/www.notibras.com\/site\/#organization","name":"Grupo Notibras de Comunica\u00e7\u00e3o","url":"https:\/\/www.notibras.com\/site\/","logo":{"@type":"ImageObject","inLanguage":"pt-BR","@id":"https:\/\/www.notibras.com\/site\/#\/schema\/logo\/image\/","url":"https:\/\/www.notibras.com\/site\/wp-content\/uploads\/2023\/01\/notibras23.png","contentUrl":"https:\/\/www.notibras.com\/site\/wp-content\/uploads\/2023\/01\/notibras23.png","width":350,"height":87,"caption":"Grupo Notibras de Comunica\u00e7\u00e3o"},"image":{"@id":"https:\/\/www.notibras.com\/site\/#\/schema\/logo\/image\/"},"sameAs":["https:\/\/www.facebook.com\/notibras\/","https:\/\/x.com\/Notibras","https:\/\/www.instagram.com\/notibras\/"]},{"@type":"Person","@id":"https:\/\/www.notibras.com\/site\/#\/schema\/person\/5b7fabf2aedc3ada2105f03b22b4d3dd","name":"Eduardo Mart\u00ednez","image":{"@type":"ImageObject","inLanguage":"pt-BR","@id":"https:\/\/secure.gravatar.com\/avatar\/7902f906289926289cbcda644b5197c796b893c6ffd7b9a536a42d290f7704a0?s=96&d=mm&r=g","url":"https:\/\/secure.gravatar.com\/avatar\/7902f906289926289cbcda644b5197c796b893c6ffd7b9a536a42d290f7704a0?s=96&d=mm&r=g","contentUrl":"https:\/\/secure.gravatar.com\/avatar\/7902f906289926289cbcda644b5197c796b893c6ffd7b9a536a42d290f7704a0?s=96&d=mm&r=g","caption":"Eduardo Mart\u00ednez"}}]}},"amp_enabled":true,"_links":{"self":[{"href":"https:\/\/www.notibras.com\/site\/wp-json\/wp\/v2\/posts\/375732","targetHints":{"allow":["GET"]}}],"collection":[{"href":"https:\/\/www.notibras.com\/site\/wp-json\/wp\/v2\/posts"}],"about":[{"href":"https:\/\/www.notibras.com\/site\/wp-json\/wp\/v2\/types\/post"}],"author":[{"embeddable":true,"href":"https:\/\/www.notibras.com\/site\/wp-json\/wp\/v2\/users\/21"}],"replies":[{"embeddable":true,"href":"https:\/\/www.notibras.com\/site\/wp-json\/wp\/v2\/comments?post=375732"}],"version-history":[{"count":2,"href":"https:\/\/www.notibras.com\/site\/wp-json\/wp\/v2\/posts\/375732\/revisions"}],"predecessor-version":[{"id":375735,"href":"https:\/\/www.notibras.com\/site\/wp-json\/wp\/v2\/posts\/375732\/revisions\/375735"}],"wp:featuredmedia":[{"embeddable":true,"href":"https:\/\/www.notibras.com\/site\/wp-json\/wp\/v2\/media\/375733"}],"wp:attachment":[{"href":"https:\/\/www.notibras.com\/site\/wp-json\/wp\/v2\/media?parent=375732"}],"wp:term":[{"taxonomy":"category","embeddable":true,"href":"https:\/\/www.notibras.com\/site\/wp-json\/wp\/v2\/categories?post=375732"},{"taxonomy":"post_tag","embeddable":true,"href":"https:\/\/www.notibras.com\/site\/wp-json\/wp\/v2\/tags?post=375732"}],"curies":[{"name":"wp","href":"https:\/\/api.w.org\/{rel}","templated":true}]}}