{"id":375760,"date":"2025-12-22T00:11:10","date_gmt":"2025-12-22T03:11:10","guid":{"rendered":"https:\/\/www.notibras.com\/site\/?p=375760"},"modified":"2025-12-22T00:11:10","modified_gmt":"2025-12-22T03:11:10","slug":"russia-nega-devolver-areas-tomadas-da-ucrania","status":"publish","type":"post","link":"https:\/\/www.notibras.com\/site\/russia-nega-devolver-areas-tomadas-da-ucrania\/","title":{"rendered":"R\u00fassia nega devolver \u00e1reas tomadas da Ucr\u00e2nia"},"content":{"rendered":"<p>A R\u00fassia manter\u00e1 as posi\u00e7\u00f5es discutidas no Alasca e em outras reuni\u00f5es com representantes dos EUA para discutir uma eventual paz com a Ucr\u00e2nia, disse no domingo o assessor do Kremlin, Yuri Ushakov. Isso inclui a anexa\u00e7\u00e3o da Crim\u00e9ia e dos territ\u00f3rios do Donbass j\u00e1 tomados pelas tropas de Moscou.<\/p>\n<p>&#8220;Essas quest\u00f5es est\u00e3o fora do debate. A R\u00fassia n\u00e3o devolver\u00e1 um mil\u00edmetro desses territ\u00f3rios. Vamos cumprir o que foi acordado em Anchorage (no encontro de Vladimir Putin com Donald Trump) e em outras reuni\u00f5es com representantes dos EUA&#8221;, disse enfatizou Ushakov.<\/p>\n<p>A R\u00fassia definir\u00e1 sua posi\u00e7\u00e3o para futuros contatos com os EUA depois que Kirill Dmitriev, enviado especial do presidente russo para a coopera\u00e7\u00e3o econ\u00f4mica com pa\u00edses estrangeiros, informar Vladimir Putin sobre as negocia\u00e7\u00f5es com a Ucr\u00e2nia em Miami, acrescentou Ushakov.<\/p>\n<p>Ushakov observou que a R\u00fassia avaliar\u00e1 o que pode ser aceito e o que \u00e9 categoricamente inaceit\u00e1vel a partir dos sinais que o enviado presidencial especial Kirill Dmitriev, trar\u00e1 dos EUA.<\/p>\n<p>&#8220;Ele [Dmitriev] trar\u00e1 alguns sinais que os americanos receberam dos europeus e dos ucranianos. E discutiremos tudo isso aqui, para ver o que pode ser aceito e o que n\u00e3o pode ser aceito categoricamente&#8221;, disse Ushakov.<\/p>\n<p>Ao mesmo tempo, Ushakov afirmou que Dmitriev j\u00e1 est\u00e1 relatando informa\u00e7\u00f5es sobre suas conversas com os EUA. Ap\u00f3s as conclus\u00f5es finais com base nas informa\u00e7\u00f5es de Dmitriev, a R\u00fassia definir\u00e1 sua posi\u00e7\u00e3o e prosseguir\u00e1 nas negocia\u00e7\u00f5es com os EUA sobre a solu\u00e7\u00e3o para o conflito ucraniano, frisou Ushakov.<\/p>\n<p>&#8220;[Dmitriev] primeiro informar\u00e1 o presidente [russo] [Vladimir Putin] sobre os resultados de suas conversas. Depois disso, formularemos a posi\u00e7\u00e3o que adotaremos adiante, inclusive nos contatos com os EUA&#8221;, disse Ushakov.<\/p>\n<p>O Kremlin espera que Dmitriev retorne nesta segunda-feira, 22, e informe Putin sobre as conversas com representantes dos EUA realizadas em Miami.<\/p>\n","protected":false},"excerpt":{"rendered":"<p>A R\u00fassia manter\u00e1 as posi\u00e7\u00f5es discutidas no Alasca e em outras reuni\u00f5es com representantes dos EUA para discutir uma eventual paz com a Ucr\u00e2nia, disse no domingo o assessor do Kremlin, Yuri Ushakov. Isso inclui a anexa\u00e7\u00e3o da Crim\u00e9ia e dos territ\u00f3rios do Donbass j\u00e1 tomados pelas tropas de Moscou. &#8220;Essas quest\u00f5es est\u00e3o fora do [&hellip;]<\/p>\n","protected":false},"author":2,"featured_media":375773,"comment_status":"closed","ping_status":"closed","sticky":false,"template":"","format":"standard","meta":{"_acf_changed":false,"footnotes":""},"categories":[159],"tags":[],"class_list":["post-375760","post","type-post","status-publish","format-standard","has-post-thumbnail","hentry","category-apocalipse"],"acf":[],"yoast_head":"<!-- This site is optimized with the Yoast SEO plugin v27.2 - https:\/\/yoast.com\/product\/yoast-seo-wordpress\/ -->\n<title>R\u00fassia nega devolver \u00e1reas tomadas da Ucr\u00e2nia - Notibras<\/title>\n<meta name=\"robots\" content=\"index, follow, max-snippet:-1, max-image-preview:large, max-video-preview:-1\" \/>\n<link rel=\"canonical\" href=\"https:\/\/www.notibras.com\/site\/russia-nega-devolver-areas-tomadas-da-ucrania\/\" \/>\n<meta property=\"og:locale\" content=\"pt_BR\" \/>\n<meta property=\"og:type\" content=\"article\" \/>\n<meta property=\"og:title\" content=\"R\u00fassia nega devolver \u00e1reas tomadas da Ucr\u00e2nia - Notibras\" \/>\n<meta property=\"og:description\" content=\"A R\u00fassia manter\u00e1 as posi\u00e7\u00f5es discutidas no Alasca e em outras reuni\u00f5es com representantes dos EUA para discutir uma eventual paz com a Ucr\u00e2nia, disse no domingo o assessor do Kremlin, Yuri Ushakov. Isso inclui a anexa\u00e7\u00e3o da Crim\u00e9ia e dos territ\u00f3rios do Donbass j\u00e1 tomados pelas tropas de Moscou. &#8220;Essas quest\u00f5es est\u00e3o fora do [&hellip;]\" \/>\n<meta property=\"og:url\" content=\"https:\/\/www.notibras.com\/site\/russia-nega-devolver-areas-tomadas-da-ucrania\/\" \/>\n<meta property=\"og:site_name\" content=\"Notibras\" \/>\n<meta property=\"article:publisher\" content=\"https:\/\/www.facebook.com\/notibras\/\" \/>\n<meta property=\"article:published_time\" content=\"2025-12-22T03:11:10+00:00\" \/>\n<meta property=\"og:image\" content=\"https:\/\/www.notibras.com\/site\/wp-content\/uploads\/2025\/12\/1122628178_0_0_3072_1728_1920x0_80_0_0_ce62b8c61c96229030b552474104c53d.jpg.webp\" \/>\n\t<meta property=\"og:image:width\" content=\"1920\" \/>\n\t<meta property=\"og:image:height\" content=\"1080\" \/>\n\t<meta property=\"og:image:type\" content=\"image\/webp\" \/>\n<meta name=\"author\" content=\"Reda\u00e7\u00e3o\" \/>\n<meta name=\"twitter:card\" content=\"summary_large_image\" \/>\n<meta name=\"twitter:creator\" content=\"@Notibras\" \/>\n<meta name=\"twitter:site\" content=\"@Notibras\" \/>\n<meta name=\"twitter:label1\" content=\"Escrito por\" \/>\n\t<meta name=\"twitter:data1\" content=\"Reda\u00e7\u00e3o\" \/>\n\t<meta name=\"twitter:label2\" content=\"Est. tempo de leitura\" \/>\n\t<meta name=\"twitter:data2\" content=\"2 minutos\" \/>\n<script type=\"application\/ld+json\" class=\"yoast-schema-graph\">{\"@context\":\"https:\/\/schema.org\",\"@graph\":[{\"@type\":\"Article\",\"@id\":\"https:\/\/www.notibras.com\/site\/russia-nega-devolver-areas-tomadas-da-ucrania\/#article\",\"isPartOf\":{\"@id\":\"https:\/\/www.notibras.com\/site\/russia-nega-devolver-areas-tomadas-da-ucrania\/\"},\"author\":{\"name\":\"Reda\u00e7\u00e3o\",\"@id\":\"https:\/\/www.notibras.com\/site\/#\/schema\/person\/36ab0979449956132d3e5b517ea76ac8\"},\"headline\":\"R\u00fassia nega devolver \u00e1reas tomadas da Ucr\u00e2nia\",\"datePublished\":\"2025-12-22T03:11:10+00:00\",\"mainEntityOfPage\":{\"@id\":\"https:\/\/www.notibras.com\/site\/russia-nega-devolver-areas-tomadas-da-ucrania\/\"},\"wordCount\":338,\"publisher\":{\"@id\":\"https:\/\/www.notibras.com\/site\/#organization\"},\"image\":{\"@id\":\"https:\/\/www.notibras.com\/site\/russia-nega-devolver-areas-tomadas-da-ucrania\/#primaryimage\"},\"thumbnailUrl\":\"https:\/\/www.notibras.com\/site\/wp-content\/uploads\/2025\/12\/1122628178_0_0_3072_1728_1920x0_80_0_0_ce62b8c61c96229030b552474104c53d.jpg.webp\",\"articleSection\":[\"Apocalipse\"],\"inLanguage\":\"pt-BR\"},{\"@type\":\"WebPage\",\"@id\":\"https:\/\/www.notibras.com\/site\/russia-nega-devolver-areas-tomadas-da-ucrania\/\",\"url\":\"https:\/\/www.notibras.com\/site\/russia-nega-devolver-areas-tomadas-da-ucrania\/\",\"name\":\"R\u00fassia nega devolver \u00e1reas tomadas da Ucr\u00e2nia - Notibras\",\"isPartOf\":{\"@id\":\"https:\/\/www.notibras.com\/site\/#website\"},\"primaryImageOfPage\":{\"@id\":\"https:\/\/www.notibras.com\/site\/russia-nega-devolver-areas-tomadas-da-ucrania\/#primaryimage\"},\"image\":{\"@id\":\"https:\/\/www.notibras.com\/site\/russia-nega-devolver-areas-tomadas-da-ucrania\/#primaryimage\"},\"thumbnailUrl\":\"https:\/\/www.notibras.com\/site\/wp-content\/uploads\/2025\/12\/1122628178_0_0_3072_1728_1920x0_80_0_0_ce62b8c61c96229030b552474104c53d.jpg.webp\",\"datePublished\":\"2025-12-22T03:11:10+00:00\",\"breadcrumb\":{\"@id\":\"https:\/\/www.notibras.com\/site\/russia-nega-devolver-areas-tomadas-da-ucrania\/#breadcrumb\"},\"inLanguage\":\"pt-BR\",\"potentialAction\":[{\"@type\":\"ReadAction\",\"target\":[\"https:\/\/www.notibras.com\/site\/russia-nega-devolver-areas-tomadas-da-ucrania\/\"]}]},{\"@type\":\"ImageObject\",\"inLanguage\":\"pt-BR\",\"@id\":\"https:\/\/www.notibras.com\/site\/russia-nega-devolver-areas-tomadas-da-ucrania\/#primaryimage\",\"url\":\"https:\/\/www.notibras.com\/site\/wp-content\/uploads\/2025\/12\/1122628178_0_0_3072_1728_1920x0_80_0_0_ce62b8c61c96229030b552474104c53d.jpg.webp\",\"contentUrl\":\"https:\/\/www.notibras.com\/site\/wp-content\/uploads\/2025\/12\/1122628178_0_0_3072_1728_1920x0_80_0_0_ce62b8c61c96229030b552474104c53d.jpg.webp\",\"width\":1920,\"height\":1080},{\"@type\":\"BreadcrumbList\",\"@id\":\"https:\/\/www.notibras.com\/site\/russia-nega-devolver-areas-tomadas-da-ucrania\/#breadcrumb\",\"itemListElement\":[{\"@type\":\"ListItem\",\"position\":1,\"name\":\"In\u00edcio\",\"item\":\"https:\/\/www.notibras.com\/site\/\"},{\"@type\":\"ListItem\",\"position\":2,\"name\":\"R\u00fassia nega devolver \u00e1reas tomadas da Ucr\u00e2nia\"}]},{\"@type\":\"WebSite\",\"@id\":\"https:\/\/www.notibras.com\/site\/#website\",\"url\":\"https:\/\/www.notibras.com\/site\/\",\"name\":\"Notibras\",\"description\":\"Not\u00edcias de Bras\u00edlia, do Brasil e do Mundo\",\"publisher\":{\"@id\":\"https:\/\/www.notibras.com\/site\/#organization\"},\"potentialAction\":[{\"@type\":\"SearchAction\",\"target\":{\"@type\":\"EntryPoint\",\"urlTemplate\":\"https:\/\/www.notibras.com\/site\/?s={search_term_string}\"},\"query-input\":{\"@type\":\"PropertyValueSpecification\",\"valueRequired\":true,\"valueName\":\"search_term_string\"}}],\"inLanguage\":\"pt-BR\"},{\"@type\":\"Organization\",\"@id\":\"https:\/\/www.notibras.com\/site\/#organization\",\"name\":\"Grupo Notibras de Comunica\u00e7\u00e3o\",\"url\":\"https:\/\/www.notibras.com\/site\/\",\"logo\":{\"@type\":\"ImageObject\",\"inLanguage\":\"pt-BR\",\"@id\":\"https:\/\/www.notibras.com\/site\/#\/schema\/logo\/image\/\",\"url\":\"https:\/\/www.notibras.com\/site\/wp-content\/uploads\/2023\/01\/notibras23.png\",\"contentUrl\":\"https:\/\/www.notibras.com\/site\/wp-content\/uploads\/2023\/01\/notibras23.png\",\"width\":350,\"height\":87,\"caption\":\"Grupo Notibras de Comunica\u00e7\u00e3o\"},\"image\":{\"@id\":\"https:\/\/www.notibras.com\/site\/#\/schema\/logo\/image\/\"},\"sameAs\":[\"https:\/\/www.facebook.com\/notibras\/\",\"https:\/\/x.com\/Notibras\",\"https:\/\/www.instagram.com\/notibras\/\"]},{\"@type\":\"Person\",\"@id\":\"https:\/\/www.notibras.com\/site\/#\/schema\/person\/36ab0979449956132d3e5b517ea76ac8\",\"name\":\"Reda\u00e7\u00e3o\",\"image\":{\"@type\":\"ImageObject\",\"inLanguage\":\"pt-BR\",\"@id\":\"https:\/\/secure.gravatar.com\/avatar\/e0a867bdedb85fd243eadf09663511f96fc81e0720a4a42581f334ad4303aa6b?s=96&d=mm&r=g\",\"url\":\"https:\/\/secure.gravatar.com\/avatar\/e0a867bdedb85fd243eadf09663511f96fc81e0720a4a42581f334ad4303aa6b?s=96&d=mm&r=g\",\"contentUrl\":\"https:\/\/secure.gravatar.com\/avatar\/e0a867bdedb85fd243eadf09663511f96fc81e0720a4a42581f334ad4303aa6b?s=96&d=mm&r=g\",\"caption\":\"Reda\u00e7\u00e3o\"}}]}<\/script>\n<!-- \/ Yoast SEO plugin. -->","yoast_head_json":{"title":"R\u00fassia nega devolver \u00e1reas tomadas da Ucr\u00e2nia - Notibras","robots":{"index":"index","follow":"follow","max-snippet":"max-snippet:-1","max-image-preview":"max-image-preview:large","max-video-preview":"max-video-preview:-1"},"canonical":"https:\/\/www.notibras.com\/site\/russia-nega-devolver-areas-tomadas-da-ucrania\/","og_locale":"pt_BR","og_type":"article","og_title":"R\u00fassia nega devolver \u00e1reas tomadas da Ucr\u00e2nia - Notibras","og_description":"A R\u00fassia manter\u00e1 as posi\u00e7\u00f5es discutidas no Alasca e em outras reuni\u00f5es com representantes dos EUA para discutir uma eventual paz com a Ucr\u00e2nia, disse no domingo o assessor do Kremlin, Yuri Ushakov. Isso inclui a anexa\u00e7\u00e3o da Crim\u00e9ia e dos territ\u00f3rios do Donbass j\u00e1 tomados pelas tropas de Moscou. &#8220;Essas quest\u00f5es est\u00e3o fora do [&hellip;]","og_url":"https:\/\/www.notibras.com\/site\/russia-nega-devolver-areas-tomadas-da-ucrania\/","og_site_name":"Notibras","article_publisher":"https:\/\/www.facebook.com\/notibras\/","article_published_time":"2025-12-22T03:11:10+00:00","og_image":[{"width":1920,"height":1080,"url":"https:\/\/www.notibras.com\/site\/wp-content\/uploads\/2025\/12\/1122628178_0_0_3072_1728_1920x0_80_0_0_ce62b8c61c96229030b552474104c53d.jpg.webp","type":"image\/webp"}],"author":"Reda\u00e7\u00e3o","twitter_card":"summary_large_image","twitter_creator":"@Notibras","twitter_site":"@Notibras","twitter_misc":{"Escrito por":"Reda\u00e7\u00e3o","Est. tempo de leitura":"2 minutos"},"schema":{"@context":"https:\/\/schema.org","@graph":[{"@type":"Article","@id":"https:\/\/www.notibras.com\/site\/russia-nega-devolver-areas-tomadas-da-ucrania\/#article","isPartOf":{"@id":"https:\/\/www.notibras.com\/site\/russia-nega-devolver-areas-tomadas-da-ucrania\/"},"author":{"name":"Reda\u00e7\u00e3o","@id":"https:\/\/www.notibras.com\/site\/#\/schema\/person\/36ab0979449956132d3e5b517ea76ac8"},"headline":"R\u00fassia nega devolver \u00e1reas tomadas da Ucr\u00e2nia","datePublished":"2025-12-22T03:11:10+00:00","mainEntityOfPage":{"@id":"https:\/\/www.notibras.com\/site\/russia-nega-devolver-areas-tomadas-da-ucrania\/"},"wordCount":338,"publisher":{"@id":"https:\/\/www.notibras.com\/site\/#organization"},"image":{"@id":"https:\/\/www.notibras.com\/site\/russia-nega-devolver-areas-tomadas-da-ucrania\/#primaryimage"},"thumbnailUrl":"https:\/\/www.notibras.com\/site\/wp-content\/uploads\/2025\/12\/1122628178_0_0_3072_1728_1920x0_80_0_0_ce62b8c61c96229030b552474104c53d.jpg.webp","articleSection":["Apocalipse"],"inLanguage":"pt-BR"},{"@type":"WebPage","@id":"https:\/\/www.notibras.com\/site\/russia-nega-devolver-areas-tomadas-da-ucrania\/","url":"https:\/\/www.notibras.com\/site\/russia-nega-devolver-areas-tomadas-da-ucrania\/","name":"R\u00fassia nega devolver \u00e1reas tomadas da Ucr\u00e2nia - Notibras","isPartOf":{"@id":"https:\/\/www.notibras.com\/site\/#website"},"primaryImageOfPage":{"@id":"https:\/\/www.notibras.com\/site\/russia-nega-devolver-areas-tomadas-da-ucrania\/#primaryimage"},"image":{"@id":"https:\/\/www.notibras.com\/site\/russia-nega-devolver-areas-tomadas-da-ucrania\/#primaryimage"},"thumbnailUrl":"https:\/\/www.notibras.com\/site\/wp-content\/uploads\/2025\/12\/1122628178_0_0_3072_1728_1920x0_80_0_0_ce62b8c61c96229030b552474104c53d.jpg.webp","datePublished":"2025-12-22T03:11:10+00:00","breadcrumb":{"@id":"https:\/\/www.notibras.com\/site\/russia-nega-devolver-areas-tomadas-da-ucrania\/#breadcrumb"},"inLanguage":"pt-BR","potentialAction":[{"@type":"ReadAction","target":["https:\/\/www.notibras.com\/site\/russia-nega-devolver-areas-tomadas-da-ucrania\/"]}]},{"@type":"ImageObject","inLanguage":"pt-BR","@id":"https:\/\/www.notibras.com\/site\/russia-nega-devolver-areas-tomadas-da-ucrania\/#primaryimage","url":"https:\/\/www.notibras.com\/site\/wp-content\/uploads\/2025\/12\/1122628178_0_0_3072_1728_1920x0_80_0_0_ce62b8c61c96229030b552474104c53d.jpg.webp","contentUrl":"https:\/\/www.notibras.com\/site\/wp-content\/uploads\/2025\/12\/1122628178_0_0_3072_1728_1920x0_80_0_0_ce62b8c61c96229030b552474104c53d.jpg.webp","width":1920,"height":1080},{"@type":"BreadcrumbList","@id":"https:\/\/www.notibras.com\/site\/russia-nega-devolver-areas-tomadas-da-ucrania\/#breadcrumb","itemListElement":[{"@type":"ListItem","position":1,"name":"In\u00edcio","item":"https:\/\/www.notibras.com\/site\/"},{"@type":"ListItem","position":2,"name":"R\u00fassia nega devolver \u00e1reas tomadas da Ucr\u00e2nia"}]},{"@type":"WebSite","@id":"https:\/\/www.notibras.com\/site\/#website","url":"https:\/\/www.notibras.com\/site\/","name":"Notibras","description":"Not\u00edcias de Bras\u00edlia, do Brasil e do Mundo","publisher":{"@id":"https:\/\/www.notibras.com\/site\/#organization"},"potentialAction":[{"@type":"SearchAction","target":{"@type":"EntryPoint","urlTemplate":"https:\/\/www.notibras.com\/site\/?s={search_term_string}"},"query-input":{"@type":"PropertyValueSpecification","valueRequired":true,"valueName":"search_term_string"}}],"inLanguage":"pt-BR"},{"@type":"Organization","@id":"https:\/\/www.notibras.com\/site\/#organization","name":"Grupo Notibras de Comunica\u00e7\u00e3o","url":"https:\/\/www.notibras.com\/site\/","logo":{"@type":"ImageObject","inLanguage":"pt-BR","@id":"https:\/\/www.notibras.com\/site\/#\/schema\/logo\/image\/","url":"https:\/\/www.notibras.com\/site\/wp-content\/uploads\/2023\/01\/notibras23.png","contentUrl":"https:\/\/www.notibras.com\/site\/wp-content\/uploads\/2023\/01\/notibras23.png","width":350,"height":87,"caption":"Grupo Notibras de Comunica\u00e7\u00e3o"},"image":{"@id":"https:\/\/www.notibras.com\/site\/#\/schema\/logo\/image\/"},"sameAs":["https:\/\/www.facebook.com\/notibras\/","https:\/\/x.com\/Notibras","https:\/\/www.instagram.com\/notibras\/"]},{"@type":"Person","@id":"https:\/\/www.notibras.com\/site\/#\/schema\/person\/36ab0979449956132d3e5b517ea76ac8","name":"Reda\u00e7\u00e3o","image":{"@type":"ImageObject","inLanguage":"pt-BR","@id":"https:\/\/secure.gravatar.com\/avatar\/e0a867bdedb85fd243eadf09663511f96fc81e0720a4a42581f334ad4303aa6b?s=96&d=mm&r=g","url":"https:\/\/secure.gravatar.com\/avatar\/e0a867bdedb85fd243eadf09663511f96fc81e0720a4a42581f334ad4303aa6b?s=96&d=mm&r=g","contentUrl":"https:\/\/secure.gravatar.com\/avatar\/e0a867bdedb85fd243eadf09663511f96fc81e0720a4a42581f334ad4303aa6b?s=96&d=mm&r=g","caption":"Reda\u00e7\u00e3o"}}]}},"amp_enabled":true,"_links":{"self":[{"href":"https:\/\/www.notibras.com\/site\/wp-json\/wp\/v2\/posts\/375760","targetHints":{"allow":["GET"]}}],"collection":[{"href":"https:\/\/www.notibras.com\/site\/wp-json\/wp\/v2\/posts"}],"about":[{"href":"https:\/\/www.notibras.com\/site\/wp-json\/wp\/v2\/types\/post"}],"author":[{"embeddable":true,"href":"https:\/\/www.notibras.com\/site\/wp-json\/wp\/v2\/users\/2"}],"replies":[{"embeddable":true,"href":"https:\/\/www.notibras.com\/site\/wp-json\/wp\/v2\/comments?post=375760"}],"version-history":[{"count":1,"href":"https:\/\/www.notibras.com\/site\/wp-json\/wp\/v2\/posts\/375760\/revisions"}],"predecessor-version":[{"id":375774,"href":"https:\/\/www.notibras.com\/site\/wp-json\/wp\/v2\/posts\/375760\/revisions\/375774"}],"wp:featuredmedia":[{"embeddable":true,"href":"https:\/\/www.notibras.com\/site\/wp-json\/wp\/v2\/media\/375773"}],"wp:attachment":[{"href":"https:\/\/www.notibras.com\/site\/wp-json\/wp\/v2\/media?parent=375760"}],"wp:term":[{"taxonomy":"category","embeddable":true,"href":"https:\/\/www.notibras.com\/site\/wp-json\/wp\/v2\/categories?post=375760"},{"taxonomy":"post_tag","embeddable":true,"href":"https:\/\/www.notibras.com\/site\/wp-json\/wp\/v2\/tags?post=375760"}],"curies":[{"name":"wp","href":"https:\/\/api.w.org\/{rel}","templated":true}]}}