{"id":375775,"date":"2025-12-22T00:44:49","date_gmt":"2025-12-22T03:44:49","guid":{"rendered":"https:\/\/www.notibras.com\/site\/?p=375775"},"modified":"2025-12-22T00:17:13","modified_gmt":"2025-12-22T03:17:13","slug":"pelo-terceiro-ano-8-de-janeiro-sera-lembrado-como-o-inicio-do-fim-do-mito","status":"publish","type":"post","link":"https:\/\/www.notibras.com\/site\/pelo-terceiro-ano-8-de-janeiro-sera-lembrado-como-o-inicio-do-fim-do-mito\/","title":{"rendered":"Pelo terceiro ano, 8 de janeiro ser\u00e1 lembrado como o in\u00edcio do fim do mito"},"content":{"rendered":"<p>A ignor\u00e2ncia da mente humana realmente n\u00e3o tem limites. Em 15 dias, o Brasil relembrar\u00e1 o terceiro ano de um dos maiores descalabros da pol\u00edtica nacional. Trata-se do 8 de janeiro, barb\u00e1rie convocada por Jair Bolsonaro uma semana ap\u00f3s a posse de Luiz In\u00e1cio para seu terceiro mandato como presidente da Rep\u00fablica. Da mesma forma que a reencarna\u00e7\u00e3o de Lula n\u00e3o foi um fato isolado, isto \u00e9, representou a vontade da maioria, o vandalismo contra s\u00edmbolos do poder brasileiro teve por objetivo o golpe na democracia. Como o fracasso e a perda podem levar o homem \u00e0 loucura, nada melhor do que o tempo para nos moldar ou nos enterrar de vez na sepultura dos que teimam em esperar por Tom\u00e9, o que precisavam ver para crer.<\/p>\n<p>O mito deixou de ser mito faz tempo, mas os ignorantes e estultos se superam. \u00c9 o caso dos l\u00edderes extremistas no Congresso Nacional e de um vereador bolsonarista de Porto Alegre &#8211; o nome \u00e9 desnecess\u00e1rio -, cuja \u00fanica obra pol\u00edtica foi propor e aprovar, com apoio de um prefeito tamb\u00e9m abobalhado, uma lei consagrando o 8 de janeiro como o \u2018Dia do Patriota\u2019 na capital ga\u00facha. Antes que a cidade virasse piada continental com a homenagem local a criminosos nacionais, os demais vereadores revogaram a norma dedicada ao golpismo.<\/p>\n<p>Mais surreal e constrangedor do que a lei foi saber que o autor havia sido cassado pelo TRE\/RS um m\u00eas antes de o prefeito sancionar a lei. Tr\u00e1gico e simultaneamente c\u00f4mico, o palha\u00e7o travestido de vereador (provavelmente um cozinheiro frustrado) j\u00e1 havia proposto aos pares a oficializa\u00e7\u00e3o de datas festivas como as \u201cdo Macarr\u00e3o\u201d, \u201cda Salada Grega\u201d, \u201cdo Azeite Grego, \u201cdo Sarrabulho\u201d e \u201cdo Milk Shake\u201d, entre outras. A sorte do povo brasileiro \u00e9 que a burrice dos patriotas, incluindo o chefe supremo, \u00e9 t\u00e3o extrema como seus ultrapassados conceitos.<\/p>\n<p>A facilidade como a direita produz provas contra si s\u00f3 \u00e9 compar\u00e1vel ao gago tentando passar trote. Eduardo Bolsonaro dispensa coment\u00e1rios. Mas quem n\u00e3o se lembra da troca de zaps golpistas entre os coron\u00e9is da PM do Distrito Federal condenados recentemente? E das confiss\u00f5es do hacker Walter Delgatti? E das digitais inferiores e superiores da ex-deputada Carla Zambelli? Pior foram as mensagens trocadas entre Jaj\u00e1 da Gom\u00e9ia e seu carregador de malas preferido, o tenente-coronel Mauro Cid. O armazenamento de maracutaias no celular do advogado Frederick Wassef \u00e9 coisa de menino exibicionista. Tudo isso indica que, al\u00e9m de protocolado no Pal\u00e1cio do Planalto, o golpe eram favas contadas.<\/p>\n<p>Ou seja, imperava a certeza da impunidade entre a esc\u00f3ria da sociedade brasileira. Antes de subirem aos c\u00e9us, se estatelaram na terra como baratas e ratos de esgoto. O fato \u00e9 que eles n\u00e3o contavam com a ast\u00facia dos que ainda conseguem pensar. Para del\u00edrio de alguns, Xand\u00e3o de Moraes, com apoio da maioria dos colegas da Primeira Turma do STF, cancelou CPFs, patentes militares e mandou todos para o xilindr\u00f3. Com uma canetada e uma pernada certeira, derrubou o capet\u00e3o. Contra os demais, bastou a \u00fanica perna do Saci-Perer\u00ea. O efeito domin\u00f3 da queda livre ainda n\u00e3o cessou. Em rela\u00e7\u00e3o ao engolidor de fogo ga\u00facho, o STF cuidou dele, antecipando-se \u00e0 decis\u00e3o da C\u00e2mara de Vereadores de Porto Alegre.<\/p>\n<p>O argumento usado contra a lei \u00e9 que ela \u201cexalta a atua\u00e7\u00e3o de pessoas que invadiram o Congresso, o Pal\u00e1cio do Planalto e o pr\u00f3prio Supremo \u201csob a m\u00e1scara do amor \u00e0 p\u00e1tria\u201d. Para os ministros da Corte Suprema, para mim e para qualquer brasileiro com um m\u00ednimo de coer\u00eancia, \u201cos infames atos do dia 8 de janeiro entraram para a hist\u00f3ria como s\u00edmbolo de que a avers\u00e3o \u00e0 democracia produz viol\u00eancia e desperta puls\u00f5es contr\u00e1rias \u00e0 toler\u00e2ncia, gerando atos criminosos inimagin\u00e1veis em um Estado de Direito\u201d. A data tamb\u00e9m marca o in\u00edcio de um mito fabricado nas entranhas da tirania. Portanto, em lugar de comemora\u00e7\u00e3o, o dia 8 de janeiro merece rep\u00fadio constante. E ter\u00e1. Afinal, toda roupa recebe a alma de quem a usa. Bolsonaro, os generais, coron\u00e9is e afins j\u00e1 receberam as suas. E Lula caminha firme para sua quarta encarna\u00e7\u00e3o.<\/p>\n<p>&#8230;&#8230;&#8230;&#8230;&#8230;.<\/p>\n<p><strong>Mathuzal\u00e9m J\u00fanior \u00e9 jornalista profissional desde 1978<\/strong><\/p>\n","protected":false},"excerpt":{"rendered":"<p>A ignor\u00e2ncia da mente humana realmente n\u00e3o tem limites. Em 15 dias, o Brasil relembrar\u00e1 o terceiro ano de um dos maiores descalabros da pol\u00edtica nacional. Trata-se do 8 de janeiro, barb\u00e1rie convocada por Jair Bolsonaro uma semana ap\u00f3s a posse de Luiz In\u00e1cio para seu terceiro mandato como presidente da Rep\u00fablica. Da mesma forma [&hellip;]<\/p>\n","protected":false},"author":2,"featured_media":299830,"comment_status":"closed","ping_status":"closed","sticky":false,"template":"","format":"standard","meta":{"_acf_changed":false,"footnotes":""},"categories":[16],"tags":[],"class_list":["post-375775","post","type-post","status-publish","format-standard","has-post-thumbnail","hentry","category-brasil"],"acf":[],"yoast_head":"<!-- This site is optimized with the Yoast SEO plugin v27.5 - https:\/\/yoast.com\/product\/yoast-seo-wordpress\/ -->\n<title>Pelo terceiro ano, 8 de janeiro ser\u00e1 lembrado como o in\u00edcio do fim do mito - Notibras<\/title>\n<meta name=\"robots\" content=\"index, follow, max-snippet:-1, max-image-preview:large, max-video-preview:-1\" \/>\n<link rel=\"canonical\" href=\"https:\/\/www.notibras.com\/site\/pelo-terceiro-ano-8-de-janeiro-sera-lembrado-como-o-inicio-do-fim-do-mito\/\" \/>\n<meta property=\"og:locale\" content=\"pt_BR\" \/>\n<meta property=\"og:type\" content=\"article\" \/>\n<meta property=\"og:title\" content=\"Pelo terceiro ano, 8 de janeiro ser\u00e1 lembrado como o in\u00edcio do fim do mito - Notibras\" \/>\n<meta property=\"og:description\" content=\"A ignor\u00e2ncia da mente humana realmente n\u00e3o tem limites. Em 15 dias, o Brasil relembrar\u00e1 o terceiro ano de um dos maiores descalabros da pol\u00edtica nacional. Trata-se do 8 de janeiro, barb\u00e1rie convocada por Jair Bolsonaro uma semana ap\u00f3s a posse de Luiz In\u00e1cio para seu terceiro mandato como presidente da Rep\u00fablica. Da mesma forma [&hellip;]\" \/>\n<meta property=\"og:url\" content=\"https:\/\/www.notibras.com\/site\/pelo-terceiro-ano-8-de-janeiro-sera-lembrado-como-o-inicio-do-fim-do-mito\/\" \/>\n<meta property=\"og:site_name\" content=\"Notibras\" \/>\n<meta property=\"article:publisher\" content=\"https:\/\/www.facebook.com\/notibras\/\" \/>\n<meta property=\"article:published_time\" content=\"2025-12-22T03:44:49+00:00\" \/>\n<meta property=\"og:image\" content=\"https:\/\/www.notibras.com\/site\/wp-content\/uploads\/2023\/02\/ja_9568_0.jpg\" \/>\n\t<meta property=\"og:image:width\" content=\"770\" \/>\n\t<meta property=\"og:image:height\" content=\"513\" \/>\n\t<meta property=\"og:image:type\" content=\"image\/jpeg\" \/>\n<meta name=\"author\" content=\"Reda\u00e7\u00e3o\" \/>\n<meta name=\"twitter:card\" content=\"summary_large_image\" \/>\n<meta name=\"twitter:creator\" content=\"@Notibras\" \/>\n<meta name=\"twitter:site\" content=\"@Notibras\" \/>\n<meta name=\"twitter:label1\" content=\"Escrito por\" \/>\n\t<meta name=\"twitter:data1\" content=\"Reda\u00e7\u00e3o\" \/>\n\t<meta name=\"twitter:label2\" content=\"Est. tempo de leitura\" \/>\n\t<meta name=\"twitter:data2\" content=\"5 minutos\" \/>\n<script type=\"application\/ld+json\" class=\"yoast-schema-graph\">{\"@context\":\"https:\\\/\\\/schema.org\",\"@graph\":[{\"@type\":\"Article\",\"@id\":\"https:\\\/\\\/www.notibras.com\\\/site\\\/pelo-terceiro-ano-8-de-janeiro-sera-lembrado-como-o-inicio-do-fim-do-mito\\\/#article\",\"isPartOf\":{\"@id\":\"https:\\\/\\\/www.notibras.com\\\/site\\\/pelo-terceiro-ano-8-de-janeiro-sera-lembrado-como-o-inicio-do-fim-do-mito\\\/\"},\"author\":{\"name\":\"Reda\u00e7\u00e3o\",\"@id\":\"https:\\\/\\\/www.notibras.com\\\/site\\\/#\\\/schema\\\/person\\\/36ab0979449956132d3e5b517ea76ac8\"},\"headline\":\"Pelo terceiro ano, 8 de janeiro ser\u00e1 lembrado como o in\u00edcio do fim do mito\",\"datePublished\":\"2025-12-22T03:44:49+00:00\",\"mainEntityOfPage\":{\"@id\":\"https:\\\/\\\/www.notibras.com\\\/site\\\/pelo-terceiro-ano-8-de-janeiro-sera-lembrado-como-o-inicio-do-fim-do-mito\\\/\"},\"wordCount\":747,\"publisher\":{\"@id\":\"https:\\\/\\\/www.notibras.com\\\/site\\\/#organization\"},\"image\":{\"@id\":\"https:\\\/\\\/www.notibras.com\\\/site\\\/pelo-terceiro-ano-8-de-janeiro-sera-lembrado-como-o-inicio-do-fim-do-mito\\\/#primaryimage\"},\"thumbnailUrl\":\"https:\\\/\\\/www.notibras.com\\\/site\\\/wp-content\\\/uploads\\\/2023\\\/02\\\/ja_9568_0.jpg\",\"articleSection\":[\"Brasil\"],\"inLanguage\":\"pt-BR\"},{\"@type\":\"WebPage\",\"@id\":\"https:\\\/\\\/www.notibras.com\\\/site\\\/pelo-terceiro-ano-8-de-janeiro-sera-lembrado-como-o-inicio-do-fim-do-mito\\\/\",\"url\":\"https:\\\/\\\/www.notibras.com\\\/site\\\/pelo-terceiro-ano-8-de-janeiro-sera-lembrado-como-o-inicio-do-fim-do-mito\\\/\",\"name\":\"Pelo terceiro ano, 8 de janeiro ser\u00e1 lembrado como o in\u00edcio do fim do mito - Notibras\",\"isPartOf\":{\"@id\":\"https:\\\/\\\/www.notibras.com\\\/site\\\/#website\"},\"primaryImageOfPage\":{\"@id\":\"https:\\\/\\\/www.notibras.com\\\/site\\\/pelo-terceiro-ano-8-de-janeiro-sera-lembrado-como-o-inicio-do-fim-do-mito\\\/#primaryimage\"},\"image\":{\"@id\":\"https:\\\/\\\/www.notibras.com\\\/site\\\/pelo-terceiro-ano-8-de-janeiro-sera-lembrado-como-o-inicio-do-fim-do-mito\\\/#primaryimage\"},\"thumbnailUrl\":\"https:\\\/\\\/www.notibras.com\\\/site\\\/wp-content\\\/uploads\\\/2023\\\/02\\\/ja_9568_0.jpg\",\"datePublished\":\"2025-12-22T03:44:49+00:00\",\"breadcrumb\":{\"@id\":\"https:\\\/\\\/www.notibras.com\\\/site\\\/pelo-terceiro-ano-8-de-janeiro-sera-lembrado-como-o-inicio-do-fim-do-mito\\\/#breadcrumb\"},\"inLanguage\":\"pt-BR\",\"potentialAction\":[{\"@type\":\"ReadAction\",\"target\":[\"https:\\\/\\\/www.notibras.com\\\/site\\\/pelo-terceiro-ano-8-de-janeiro-sera-lembrado-como-o-inicio-do-fim-do-mito\\\/\"]}]},{\"@type\":\"ImageObject\",\"inLanguage\":\"pt-BR\",\"@id\":\"https:\\\/\\\/www.notibras.com\\\/site\\\/pelo-terceiro-ano-8-de-janeiro-sera-lembrado-como-o-inicio-do-fim-do-mito\\\/#primaryimage\",\"url\":\"https:\\\/\\\/www.notibras.com\\\/site\\\/wp-content\\\/uploads\\\/2023\\\/02\\\/ja_9568_0.jpg\",\"contentUrl\":\"https:\\\/\\\/www.notibras.com\\\/site\\\/wp-content\\\/uploads\\\/2023\\\/02\\\/ja_9568_0.jpg\",\"width\":770,\"height\":513,\"caption\":\"Mat\u00e9ria especial um m\u00eas dos atentados golpistas\"},{\"@type\":\"BreadcrumbList\",\"@id\":\"https:\\\/\\\/www.notibras.com\\\/site\\\/pelo-terceiro-ano-8-de-janeiro-sera-lembrado-como-o-inicio-do-fim-do-mito\\\/#breadcrumb\",\"itemListElement\":[{\"@type\":\"ListItem\",\"position\":1,\"name\":\"In\u00edcio\",\"item\":\"https:\\\/\\\/www.notibras.com\\\/site\\\/\"},{\"@type\":\"ListItem\",\"position\":2,\"name\":\"Pelo terceiro ano, 8 de janeiro ser\u00e1 lembrado como o in\u00edcio do fim do mito\"}]},{\"@type\":\"WebSite\",\"@id\":\"https:\\\/\\\/www.notibras.com\\\/site\\\/#website\",\"url\":\"https:\\\/\\\/www.notibras.com\\\/site\\\/\",\"name\":\"Notibras\",\"description\":\"Not\u00edcias de Bras\u00edlia, do Brasil e do Mundo\",\"publisher\":{\"@id\":\"https:\\\/\\\/www.notibras.com\\\/site\\\/#organization\"},\"potentialAction\":[{\"@type\":\"SearchAction\",\"target\":{\"@type\":\"EntryPoint\",\"urlTemplate\":\"https:\\\/\\\/www.notibras.com\\\/site\\\/?s={search_term_string}\"},\"query-input\":{\"@type\":\"PropertyValueSpecification\",\"valueRequired\":true,\"valueName\":\"search_term_string\"}}],\"inLanguage\":\"pt-BR\"},{\"@type\":\"Organization\",\"@id\":\"https:\\\/\\\/www.notibras.com\\\/site\\\/#organization\",\"name\":\"Grupo Notibras de Comunica\u00e7\u00e3o\",\"url\":\"https:\\\/\\\/www.notibras.com\\\/site\\\/\",\"logo\":{\"@type\":\"ImageObject\",\"inLanguage\":\"pt-BR\",\"@id\":\"https:\\\/\\\/www.notibras.com\\\/site\\\/#\\\/schema\\\/logo\\\/image\\\/\",\"url\":\"https:\\\/\\\/www.notibras.com\\\/site\\\/wp-content\\\/uploads\\\/2023\\\/01\\\/notibras23.png\",\"contentUrl\":\"https:\\\/\\\/www.notibras.com\\\/site\\\/wp-content\\\/uploads\\\/2023\\\/01\\\/notibras23.png\",\"width\":350,\"height\":87,\"caption\":\"Grupo Notibras de Comunica\u00e7\u00e3o\"},\"image\":{\"@id\":\"https:\\\/\\\/www.notibras.com\\\/site\\\/#\\\/schema\\\/logo\\\/image\\\/\"},\"sameAs\":[\"https:\\\/\\\/www.facebook.com\\\/notibras\\\/\",\"https:\\\/\\\/x.com\\\/Notibras\",\"https:\\\/\\\/www.instagram.com\\\/notibras\\\/\"]},{\"@type\":\"Person\",\"@id\":\"https:\\\/\\\/www.notibras.com\\\/site\\\/#\\\/schema\\\/person\\\/36ab0979449956132d3e5b517ea76ac8\",\"name\":\"Reda\u00e7\u00e3o\",\"image\":{\"@type\":\"ImageObject\",\"inLanguage\":\"pt-BR\",\"@id\":\"https:\\\/\\\/secure.gravatar.com\\\/avatar\\\/e0a867bdedb85fd243eadf09663511f96fc81e0720a4a42581f334ad4303aa6b?s=96&d=mm&r=g\",\"url\":\"https:\\\/\\\/secure.gravatar.com\\\/avatar\\\/e0a867bdedb85fd243eadf09663511f96fc81e0720a4a42581f334ad4303aa6b?s=96&d=mm&r=g\",\"contentUrl\":\"https:\\\/\\\/secure.gravatar.com\\\/avatar\\\/e0a867bdedb85fd243eadf09663511f96fc81e0720a4a42581f334ad4303aa6b?s=96&d=mm&r=g\",\"caption\":\"Reda\u00e7\u00e3o\"}}]}<\/script>\n<!-- \/ Yoast SEO plugin. -->","yoast_head_json":{"title":"Pelo terceiro ano, 8 de janeiro ser\u00e1 lembrado como o in\u00edcio do fim do mito - Notibras","robots":{"index":"index","follow":"follow","max-snippet":"max-snippet:-1","max-image-preview":"max-image-preview:large","max-video-preview":"max-video-preview:-1"},"canonical":"https:\/\/www.notibras.com\/site\/pelo-terceiro-ano-8-de-janeiro-sera-lembrado-como-o-inicio-do-fim-do-mito\/","og_locale":"pt_BR","og_type":"article","og_title":"Pelo terceiro ano, 8 de janeiro ser\u00e1 lembrado como o in\u00edcio do fim do mito - Notibras","og_description":"A ignor\u00e2ncia da mente humana realmente n\u00e3o tem limites. Em 15 dias, o Brasil relembrar\u00e1 o terceiro ano de um dos maiores descalabros da pol\u00edtica nacional. Trata-se do 8 de janeiro, barb\u00e1rie convocada por Jair Bolsonaro uma semana ap\u00f3s a posse de Luiz In\u00e1cio para seu terceiro mandato como presidente da Rep\u00fablica. Da mesma forma [&hellip;]","og_url":"https:\/\/www.notibras.com\/site\/pelo-terceiro-ano-8-de-janeiro-sera-lembrado-como-o-inicio-do-fim-do-mito\/","og_site_name":"Notibras","article_publisher":"https:\/\/www.facebook.com\/notibras\/","article_published_time":"2025-12-22T03:44:49+00:00","og_image":[{"width":770,"height":513,"url":"https:\/\/www.notibras.com\/site\/wp-content\/uploads\/2023\/02\/ja_9568_0.jpg","type":"image\/jpeg"}],"author":"Reda\u00e7\u00e3o","twitter_card":"summary_large_image","twitter_creator":"@Notibras","twitter_site":"@Notibras","twitter_misc":{"Escrito por":"Reda\u00e7\u00e3o","Est. tempo de leitura":"5 minutos"},"schema":{"@context":"https:\/\/schema.org","@graph":[{"@type":"Article","@id":"https:\/\/www.notibras.com\/site\/pelo-terceiro-ano-8-de-janeiro-sera-lembrado-como-o-inicio-do-fim-do-mito\/#article","isPartOf":{"@id":"https:\/\/www.notibras.com\/site\/pelo-terceiro-ano-8-de-janeiro-sera-lembrado-como-o-inicio-do-fim-do-mito\/"},"author":{"name":"Reda\u00e7\u00e3o","@id":"https:\/\/www.notibras.com\/site\/#\/schema\/person\/36ab0979449956132d3e5b517ea76ac8"},"headline":"Pelo terceiro ano, 8 de janeiro ser\u00e1 lembrado como o in\u00edcio do fim do mito","datePublished":"2025-12-22T03:44:49+00:00","mainEntityOfPage":{"@id":"https:\/\/www.notibras.com\/site\/pelo-terceiro-ano-8-de-janeiro-sera-lembrado-como-o-inicio-do-fim-do-mito\/"},"wordCount":747,"publisher":{"@id":"https:\/\/www.notibras.com\/site\/#organization"},"image":{"@id":"https:\/\/www.notibras.com\/site\/pelo-terceiro-ano-8-de-janeiro-sera-lembrado-como-o-inicio-do-fim-do-mito\/#primaryimage"},"thumbnailUrl":"https:\/\/www.notibras.com\/site\/wp-content\/uploads\/2023\/02\/ja_9568_0.jpg","articleSection":["Brasil"],"inLanguage":"pt-BR"},{"@type":"WebPage","@id":"https:\/\/www.notibras.com\/site\/pelo-terceiro-ano-8-de-janeiro-sera-lembrado-como-o-inicio-do-fim-do-mito\/","url":"https:\/\/www.notibras.com\/site\/pelo-terceiro-ano-8-de-janeiro-sera-lembrado-como-o-inicio-do-fim-do-mito\/","name":"Pelo terceiro ano, 8 de janeiro ser\u00e1 lembrado como o in\u00edcio do fim do mito - Notibras","isPartOf":{"@id":"https:\/\/www.notibras.com\/site\/#website"},"primaryImageOfPage":{"@id":"https:\/\/www.notibras.com\/site\/pelo-terceiro-ano-8-de-janeiro-sera-lembrado-como-o-inicio-do-fim-do-mito\/#primaryimage"},"image":{"@id":"https:\/\/www.notibras.com\/site\/pelo-terceiro-ano-8-de-janeiro-sera-lembrado-como-o-inicio-do-fim-do-mito\/#primaryimage"},"thumbnailUrl":"https:\/\/www.notibras.com\/site\/wp-content\/uploads\/2023\/02\/ja_9568_0.jpg","datePublished":"2025-12-22T03:44:49+00:00","breadcrumb":{"@id":"https:\/\/www.notibras.com\/site\/pelo-terceiro-ano-8-de-janeiro-sera-lembrado-como-o-inicio-do-fim-do-mito\/#breadcrumb"},"inLanguage":"pt-BR","potentialAction":[{"@type":"ReadAction","target":["https:\/\/www.notibras.com\/site\/pelo-terceiro-ano-8-de-janeiro-sera-lembrado-como-o-inicio-do-fim-do-mito\/"]}]},{"@type":"ImageObject","inLanguage":"pt-BR","@id":"https:\/\/www.notibras.com\/site\/pelo-terceiro-ano-8-de-janeiro-sera-lembrado-como-o-inicio-do-fim-do-mito\/#primaryimage","url":"https:\/\/www.notibras.com\/site\/wp-content\/uploads\/2023\/02\/ja_9568_0.jpg","contentUrl":"https:\/\/www.notibras.com\/site\/wp-content\/uploads\/2023\/02\/ja_9568_0.jpg","width":770,"height":513,"caption":"Mat\u00e9ria especial um m\u00eas dos atentados golpistas"},{"@type":"BreadcrumbList","@id":"https:\/\/www.notibras.com\/site\/pelo-terceiro-ano-8-de-janeiro-sera-lembrado-como-o-inicio-do-fim-do-mito\/#breadcrumb","itemListElement":[{"@type":"ListItem","position":1,"name":"In\u00edcio","item":"https:\/\/www.notibras.com\/site\/"},{"@type":"ListItem","position":2,"name":"Pelo terceiro ano, 8 de janeiro ser\u00e1 lembrado como o in\u00edcio do fim do mito"}]},{"@type":"WebSite","@id":"https:\/\/www.notibras.com\/site\/#website","url":"https:\/\/www.notibras.com\/site\/","name":"Notibras","description":"Not\u00edcias de Bras\u00edlia, do Brasil e do Mundo","publisher":{"@id":"https:\/\/www.notibras.com\/site\/#organization"},"potentialAction":[{"@type":"SearchAction","target":{"@type":"EntryPoint","urlTemplate":"https:\/\/www.notibras.com\/site\/?s={search_term_string}"},"query-input":{"@type":"PropertyValueSpecification","valueRequired":true,"valueName":"search_term_string"}}],"inLanguage":"pt-BR"},{"@type":"Organization","@id":"https:\/\/www.notibras.com\/site\/#organization","name":"Grupo Notibras de Comunica\u00e7\u00e3o","url":"https:\/\/www.notibras.com\/site\/","logo":{"@type":"ImageObject","inLanguage":"pt-BR","@id":"https:\/\/www.notibras.com\/site\/#\/schema\/logo\/image\/","url":"https:\/\/www.notibras.com\/site\/wp-content\/uploads\/2023\/01\/notibras23.png","contentUrl":"https:\/\/www.notibras.com\/site\/wp-content\/uploads\/2023\/01\/notibras23.png","width":350,"height":87,"caption":"Grupo Notibras de Comunica\u00e7\u00e3o"},"image":{"@id":"https:\/\/www.notibras.com\/site\/#\/schema\/logo\/image\/"},"sameAs":["https:\/\/www.facebook.com\/notibras\/","https:\/\/x.com\/Notibras","https:\/\/www.instagram.com\/notibras\/"]},{"@type":"Person","@id":"https:\/\/www.notibras.com\/site\/#\/schema\/person\/36ab0979449956132d3e5b517ea76ac8","name":"Reda\u00e7\u00e3o","image":{"@type":"ImageObject","inLanguage":"pt-BR","@id":"https:\/\/secure.gravatar.com\/avatar\/e0a867bdedb85fd243eadf09663511f96fc81e0720a4a42581f334ad4303aa6b?s=96&d=mm&r=g","url":"https:\/\/secure.gravatar.com\/avatar\/e0a867bdedb85fd243eadf09663511f96fc81e0720a4a42581f334ad4303aa6b?s=96&d=mm&r=g","contentUrl":"https:\/\/secure.gravatar.com\/avatar\/e0a867bdedb85fd243eadf09663511f96fc81e0720a4a42581f334ad4303aa6b?s=96&d=mm&r=g","caption":"Reda\u00e7\u00e3o"}}]}},"amp_enabled":true,"_links":{"self":[{"href":"https:\/\/www.notibras.com\/site\/wp-json\/wp\/v2\/posts\/375775","targetHints":{"allow":["GET"]}}],"collection":[{"href":"https:\/\/www.notibras.com\/site\/wp-json\/wp\/v2\/posts"}],"about":[{"href":"https:\/\/www.notibras.com\/site\/wp-json\/wp\/v2\/types\/post"}],"author":[{"embeddable":true,"href":"https:\/\/www.notibras.com\/site\/wp-json\/wp\/v2\/users\/2"}],"replies":[{"embeddable":true,"href":"https:\/\/www.notibras.com\/site\/wp-json\/wp\/v2\/comments?post=375775"}],"version-history":[{"count":1,"href":"https:\/\/www.notibras.com\/site\/wp-json\/wp\/v2\/posts\/375775\/revisions"}],"predecessor-version":[{"id":375776,"href":"https:\/\/www.notibras.com\/site\/wp-json\/wp\/v2\/posts\/375775\/revisions\/375776"}],"wp:featuredmedia":[{"embeddable":true,"href":"https:\/\/www.notibras.com\/site\/wp-json\/wp\/v2\/media\/299830"}],"wp:attachment":[{"href":"https:\/\/www.notibras.com\/site\/wp-json\/wp\/v2\/media?parent=375775"}],"wp:term":[{"taxonomy":"category","embeddable":true,"href":"https:\/\/www.notibras.com\/site\/wp-json\/wp\/v2\/categories?post=375775"},{"taxonomy":"post_tag","embeddable":true,"href":"https:\/\/www.notibras.com\/site\/wp-json\/wp\/v2\/tags?post=375775"}],"curies":[{"name":"wp","href":"https:\/\/api.w.org\/{rel}","templated":true}]}}