{"id":375777,"date":"2025-12-22T00:20:17","date_gmt":"2025-12-22T03:20:17","guid":{"rendered":"https:\/\/www.notibras.com\/site\/?p=375777"},"modified":"2025-12-22T00:20:20","modified_gmt":"2025-12-22T03:20:20","slug":"em-2026-tudo-que-o-povo-quer-e-ver-no-poder-quem-pensa-nele","status":"publish","type":"post","link":"https:\/\/www.notibras.com\/site\/em-2026-tudo-que-o-povo-quer-e-ver-no-poder-quem-pensa-nele\/","title":{"rendered":"Em 2026, tudo que o povo quer \u00e9 ver no poder quem pensa nele"},"content":{"rendered":"<p>Estamos em \u00e9poca de festas. Mesmo assim, n\u00e3o podemos esquecer que, associadas \u00e0s recorrentes cat\u00e1strofes clim\u00e1ticas, a viol\u00eancia urbana decorrente da banaliza\u00e7\u00e3o da vida humana e da escrotiza\u00e7\u00e3o da pol\u00edtica dispensa coment\u00e1rios, assim como o uso da intelig\u00eancia artificial. Nesse mundo de ilus\u00f5es, ela deixou de ser o inimigo silencioso do povo brasileiro para ser vista em qualquer lugar do pa\u00eds sem a necessidade de lunetas. Sejamos eleitores homens, mulheres, crian\u00e7as, adolescentes, idosos, negros e pobres, passar um dia sem ser agredido f\u00edsica, verbal ou economicamente tornou-se um milagre.<\/p>\n<p>Como na maioria dos estados, a aus\u00eancia do Estado \u00e9 um fato inexor\u00e1vel, \u00e9 no milagre de um governo do povo que a sociedade vem se apegando. Idealista incorrig\u00edvel, vivo imaginando o Brasil como uma daquelas caixinhas de surpresa, da qual um dia sair\u00e1 um anjo ou um dem\u00f4nio capaz de mostrar aos apoiadores dos extremos que, muito mais dif\u00edcil de ser bom, \u00e9 ser justo. Quem sabe o ser de outra dimens\u00e3o consiga reunir direita e esquerda para faz\u00ea-los entender que nada como uma boa conversa para se encontrar a solu\u00e7\u00e3o de qualquer coisa, mesmo que seja a insanidade.<\/p>\n<p>Diante do sil\u00eancio dos hip\u00f3critas de plant\u00e3o &#8211; aqueles que riem do mundo c\u00e3o e torcem para o planeta se acabar em melado -, brotam como tiriricas do brejo governantes e aspirantes a pol\u00edticos sugerindo a morte, mandando matar ou deixando morrer. De vez em quando, eles promovem turn\u00eas policiais nas comunidades mais carentes com um \u00fanico objetivo: matar. E pouco importa que, entre os mortos, estejam dezenas, centenas de filhos da neglig\u00eancia e da omiss\u00e3o p\u00fablica. Qual a diferen\u00e7a deles para os integrantes de fac\u00e7\u00f5es criminosas que vivem da desgra\u00e7a alheia?<\/p>\n<p>Nenhuma! Uns e outros n\u00e3o s\u00e3o t\u00e3o distantes como imagina a v\u00e3 filosofia. Por mais absurdo que possa parecer, em alguns ambientes eles frequentam a mesma sala. Fazem parte do quadro negro em que se transformou a pol\u00edtica nacional, hoje um verdadeiro rolo compressor contra a resist\u00eancia do povo brasileiro. Como consequ\u00eancia, o Brasil vai perdendo a alegria. Portanto, \u00e9 chegada a hora de pararmos de cortar somente os galhos. Quando a \u00e1rvore \u00e9 ruim, precisamos atingir suas ra\u00edzes. As elei\u00e7\u00f5es de 2026 est\u00e3o a\u00ed para isso.<\/p>\n<p>Para azar dos parasitas que infestam os pal\u00e1cios estaduais e o Congresso Nacional, o povo resolveu dan\u00e7ar conforme a m\u00fasica. Ali\u00e1s, a dan\u00e7a \u00e9 uma arte que consiste em tirar depressa o p\u00e9 antes que o mais esperto ponha o seu em cima. E de espertos os tais pal\u00e1cios est\u00e3o cheios. T\u00e3o cheios que at\u00e9 mesmo os moralistas apressados t\u00eam se valido da lei do menor esfor\u00e7o para ampliar suas aptid\u00f5es desonestas. S\u00e3o o retrato fiel da m\u00e1xima de que pode haver honestidade entre os desonestos.\u00a0Dan\u00e7ar conforme a m\u00fasica significa adaptar-se \u00e0s circunst\u00e2ncias e agir de acordo com as exig\u00eancias do momento.<\/p>\n<p>A ideia \u00e9, em lugar de resistir a uma situa\u00e7\u00e3o, acompanh\u00e1-la para n\u00e3o perder o passo. Para sorte dos dan\u00e7arinos, quando o inferno voltar a ficar lotado de espertos, os bobos reinar\u00e3o sobre a terra. Como c\u00e9u e inferno \u00e9 uma decis\u00e3o exclusivamente nossa, adianto que nem preciso morrer para come\u00e7ar a bailar. Para n\u00e3o correr risco de novas agress\u00f5es gratuitas, por enquanto sigo no rumo das ondas. E, sem mais palavras, elas certamente me levar\u00e3o a um porto seguro em 2026. Digo sem palavras por uma raz\u00e3o: ap\u00f3s viver quatro anos sob o comando de uma fac\u00e7\u00e3o, descobri que o ovo de Colombo s\u00f3 ficou de p\u00e9 porque era de pata. Sobre minha escolha, o que posso dizer \u00e9 que quem v\u00ea cara n\u00e3o v\u00ea que horas s\u00e3o. Em 2026, tudo que o povo quer \u00e9 ver no poder quem pensa nele.<\/p>\n<p>&#8230;&#8230;&#8230;&#8230;&#8230;.<\/p>\n<p><strong>Heliodoro Quaresma, jornalista da velha guarda, aposentou a aposentadoria para virar colaborador de Notibras<\/strong><\/p>\n","protected":false},"excerpt":{"rendered":"<p>Estamos em \u00e9poca de festas. Mesmo assim, n\u00e3o podemos esquecer que, associadas \u00e0s recorrentes cat\u00e1strofes clim\u00e1ticas, a viol\u00eancia urbana decorrente da banaliza\u00e7\u00e3o da vida humana e da escrotiza\u00e7\u00e3o da pol\u00edtica dispensa coment\u00e1rios, assim como o uso da intelig\u00eancia artificial. Nesse mundo de ilus\u00f5es, ela deixou de ser o inimigo silencioso do povo brasileiro para ser [&hellip;]<\/p>\n","protected":false},"author":2,"featured_media":255455,"comment_status":"closed","ping_status":"closed","sticky":false,"template":"","format":"standard","meta":{"_acf_changed":false,"footnotes":""},"categories":[16],"tags":[],"class_list":["post-375777","post","type-post","status-publish","format-standard","has-post-thumbnail","hentry","category-brasil"],"acf":[],"yoast_head":"<!-- This site is optimized with the Yoast SEO plugin v27.5 - https:\/\/yoast.com\/product\/yoast-seo-wordpress\/ -->\n<title>Em 2026, tudo que o povo quer \u00e9 ver no poder quem pensa nele - Notibras<\/title>\n<meta name=\"robots\" content=\"index, follow, max-snippet:-1, max-image-preview:large, max-video-preview:-1\" \/>\n<link rel=\"canonical\" href=\"https:\/\/www.notibras.com\/site\/em-2026-tudo-que-o-povo-quer-e-ver-no-poder-quem-pensa-nele\/\" \/>\n<meta property=\"og:locale\" content=\"pt_BR\" \/>\n<meta property=\"og:type\" content=\"article\" \/>\n<meta property=\"og:title\" content=\"Em 2026, tudo que o povo quer \u00e9 ver no poder quem pensa nele - Notibras\" \/>\n<meta property=\"og:description\" content=\"Estamos em \u00e9poca de festas. Mesmo assim, n\u00e3o podemos esquecer que, associadas \u00e0s recorrentes cat\u00e1strofes clim\u00e1ticas, a viol\u00eancia urbana decorrente da banaliza\u00e7\u00e3o da vida humana e da escrotiza\u00e7\u00e3o da pol\u00edtica dispensa coment\u00e1rios, assim como o uso da intelig\u00eancia artificial. Nesse mundo de ilus\u00f5es, ela deixou de ser o inimigo silencioso do povo brasileiro para ser [&hellip;]\" \/>\n<meta property=\"og:url\" content=\"https:\/\/www.notibras.com\/site\/em-2026-tudo-que-o-povo-quer-e-ver-no-poder-quem-pensa-nele\/\" \/>\n<meta property=\"og:site_name\" content=\"Notibras\" \/>\n<meta property=\"article:publisher\" content=\"https:\/\/www.facebook.com\/notibras\/\" \/>\n<meta property=\"article:published_time\" content=\"2025-12-22T03:20:17+00:00\" \/>\n<meta property=\"article:modified_time\" content=\"2025-12-22T03:20:20+00:00\" \/>\n<meta property=\"og:image\" content=\"https:\/\/www.notibras.com\/site\/wp-content\/uploads\/2021\/04\/stf-congresso-planalto-660x372-1.jpg\" \/>\n\t<meta property=\"og:image:width\" content=\"660\" \/>\n\t<meta property=\"og:image:height\" content=\"372\" \/>\n\t<meta property=\"og:image:type\" content=\"image\/jpeg\" \/>\n<meta name=\"author\" content=\"Reda\u00e7\u00e3o\" \/>\n<meta name=\"twitter:card\" content=\"summary_large_image\" \/>\n<meta name=\"twitter:creator\" content=\"@Notibras\" \/>\n<meta name=\"twitter:site\" content=\"@Notibras\" \/>\n<meta name=\"twitter:label1\" content=\"Escrito por\" \/>\n\t<meta name=\"twitter:data1\" content=\"Reda\u00e7\u00e3o\" \/>\n\t<meta name=\"twitter:label2\" content=\"Est. tempo de leitura\" \/>\n\t<meta name=\"twitter:data2\" content=\"4 minutos\" \/>\n<script type=\"application\/ld+json\" class=\"yoast-schema-graph\">{\"@context\":\"https:\\\/\\\/schema.org\",\"@graph\":[{\"@type\":\"Article\",\"@id\":\"https:\\\/\\\/www.notibras.com\\\/site\\\/em-2026-tudo-que-o-povo-quer-e-ver-no-poder-quem-pensa-nele\\\/#article\",\"isPartOf\":{\"@id\":\"https:\\\/\\\/www.notibras.com\\\/site\\\/em-2026-tudo-que-o-povo-quer-e-ver-no-poder-quem-pensa-nele\\\/\"},\"author\":{\"name\":\"Reda\u00e7\u00e3o\",\"@id\":\"https:\\\/\\\/www.notibras.com\\\/site\\\/#\\\/schema\\\/person\\\/36ab0979449956132d3e5b517ea76ac8\"},\"headline\":\"Em 2026, tudo que o povo quer \u00e9 ver no poder quem pensa nele\",\"datePublished\":\"2025-12-22T03:20:17+00:00\",\"dateModified\":\"2025-12-22T03:20:20+00:00\",\"mainEntityOfPage\":{\"@id\":\"https:\\\/\\\/www.notibras.com\\\/site\\\/em-2026-tudo-que-o-povo-quer-e-ver-no-poder-quem-pensa-nele\\\/\"},\"wordCount\":702,\"publisher\":{\"@id\":\"https:\\\/\\\/www.notibras.com\\\/site\\\/#organization\"},\"image\":{\"@id\":\"https:\\\/\\\/www.notibras.com\\\/site\\\/em-2026-tudo-que-o-povo-quer-e-ver-no-poder-quem-pensa-nele\\\/#primaryimage\"},\"thumbnailUrl\":\"https:\\\/\\\/www.notibras.com\\\/site\\\/wp-content\\\/uploads\\\/2021\\\/04\\\/stf-congresso-planalto-660x372-1.jpg\",\"articleSection\":[\"Brasil\"],\"inLanguage\":\"pt-BR\"},{\"@type\":\"WebPage\",\"@id\":\"https:\\\/\\\/www.notibras.com\\\/site\\\/em-2026-tudo-que-o-povo-quer-e-ver-no-poder-quem-pensa-nele\\\/\",\"url\":\"https:\\\/\\\/www.notibras.com\\\/site\\\/em-2026-tudo-que-o-povo-quer-e-ver-no-poder-quem-pensa-nele\\\/\",\"name\":\"Em 2026, tudo que o povo quer \u00e9 ver no poder quem pensa nele - Notibras\",\"isPartOf\":{\"@id\":\"https:\\\/\\\/www.notibras.com\\\/site\\\/#website\"},\"primaryImageOfPage\":{\"@id\":\"https:\\\/\\\/www.notibras.com\\\/site\\\/em-2026-tudo-que-o-povo-quer-e-ver-no-poder-quem-pensa-nele\\\/#primaryimage\"},\"image\":{\"@id\":\"https:\\\/\\\/www.notibras.com\\\/site\\\/em-2026-tudo-que-o-povo-quer-e-ver-no-poder-quem-pensa-nele\\\/#primaryimage\"},\"thumbnailUrl\":\"https:\\\/\\\/www.notibras.com\\\/site\\\/wp-content\\\/uploads\\\/2021\\\/04\\\/stf-congresso-planalto-660x372-1.jpg\",\"datePublished\":\"2025-12-22T03:20:17+00:00\",\"dateModified\":\"2025-12-22T03:20:20+00:00\",\"breadcrumb\":{\"@id\":\"https:\\\/\\\/www.notibras.com\\\/site\\\/em-2026-tudo-que-o-povo-quer-e-ver-no-poder-quem-pensa-nele\\\/#breadcrumb\"},\"inLanguage\":\"pt-BR\",\"potentialAction\":[{\"@type\":\"ReadAction\",\"target\":[\"https:\\\/\\\/www.notibras.com\\\/site\\\/em-2026-tudo-que-o-povo-quer-e-ver-no-poder-quem-pensa-nele\\\/\"]}]},{\"@type\":\"ImageObject\",\"inLanguage\":\"pt-BR\",\"@id\":\"https:\\\/\\\/www.notibras.com\\\/site\\\/em-2026-tudo-que-o-povo-quer-e-ver-no-poder-quem-pensa-nele\\\/#primaryimage\",\"url\":\"https:\\\/\\\/www.notibras.com\\\/site\\\/wp-content\\\/uploads\\\/2021\\\/04\\\/stf-congresso-planalto-660x372-1.jpg\",\"contentUrl\":\"https:\\\/\\\/www.notibras.com\\\/site\\\/wp-content\\\/uploads\\\/2021\\\/04\\\/stf-congresso-planalto-660x372-1.jpg\",\"width\":660,\"height\":372},{\"@type\":\"BreadcrumbList\",\"@id\":\"https:\\\/\\\/www.notibras.com\\\/site\\\/em-2026-tudo-que-o-povo-quer-e-ver-no-poder-quem-pensa-nele\\\/#breadcrumb\",\"itemListElement\":[{\"@type\":\"ListItem\",\"position\":1,\"name\":\"In\u00edcio\",\"item\":\"https:\\\/\\\/www.notibras.com\\\/site\\\/\"},{\"@type\":\"ListItem\",\"position\":2,\"name\":\"Em 2026, tudo que o povo quer \u00e9 ver no poder quem pensa nele\"}]},{\"@type\":\"WebSite\",\"@id\":\"https:\\\/\\\/www.notibras.com\\\/site\\\/#website\",\"url\":\"https:\\\/\\\/www.notibras.com\\\/site\\\/\",\"name\":\"Notibras\",\"description\":\"Not\u00edcias de Bras\u00edlia, do Brasil e do Mundo\",\"publisher\":{\"@id\":\"https:\\\/\\\/www.notibras.com\\\/site\\\/#organization\"},\"potentialAction\":[{\"@type\":\"SearchAction\",\"target\":{\"@type\":\"EntryPoint\",\"urlTemplate\":\"https:\\\/\\\/www.notibras.com\\\/site\\\/?s={search_term_string}\"},\"query-input\":{\"@type\":\"PropertyValueSpecification\",\"valueRequired\":true,\"valueName\":\"search_term_string\"}}],\"inLanguage\":\"pt-BR\"},{\"@type\":\"Organization\",\"@id\":\"https:\\\/\\\/www.notibras.com\\\/site\\\/#organization\",\"name\":\"Grupo Notibras de Comunica\u00e7\u00e3o\",\"url\":\"https:\\\/\\\/www.notibras.com\\\/site\\\/\",\"logo\":{\"@type\":\"ImageObject\",\"inLanguage\":\"pt-BR\",\"@id\":\"https:\\\/\\\/www.notibras.com\\\/site\\\/#\\\/schema\\\/logo\\\/image\\\/\",\"url\":\"https:\\\/\\\/www.notibras.com\\\/site\\\/wp-content\\\/uploads\\\/2023\\\/01\\\/notibras23.png\",\"contentUrl\":\"https:\\\/\\\/www.notibras.com\\\/site\\\/wp-content\\\/uploads\\\/2023\\\/01\\\/notibras23.png\",\"width\":350,\"height\":87,\"caption\":\"Grupo Notibras de Comunica\u00e7\u00e3o\"},\"image\":{\"@id\":\"https:\\\/\\\/www.notibras.com\\\/site\\\/#\\\/schema\\\/logo\\\/image\\\/\"},\"sameAs\":[\"https:\\\/\\\/www.facebook.com\\\/notibras\\\/\",\"https:\\\/\\\/x.com\\\/Notibras\",\"https:\\\/\\\/www.instagram.com\\\/notibras\\\/\"]},{\"@type\":\"Person\",\"@id\":\"https:\\\/\\\/www.notibras.com\\\/site\\\/#\\\/schema\\\/person\\\/36ab0979449956132d3e5b517ea76ac8\",\"name\":\"Reda\u00e7\u00e3o\",\"image\":{\"@type\":\"ImageObject\",\"inLanguage\":\"pt-BR\",\"@id\":\"https:\\\/\\\/secure.gravatar.com\\\/avatar\\\/e0a867bdedb85fd243eadf09663511f96fc81e0720a4a42581f334ad4303aa6b?s=96&d=mm&r=g\",\"url\":\"https:\\\/\\\/secure.gravatar.com\\\/avatar\\\/e0a867bdedb85fd243eadf09663511f96fc81e0720a4a42581f334ad4303aa6b?s=96&d=mm&r=g\",\"contentUrl\":\"https:\\\/\\\/secure.gravatar.com\\\/avatar\\\/e0a867bdedb85fd243eadf09663511f96fc81e0720a4a42581f334ad4303aa6b?s=96&d=mm&r=g\",\"caption\":\"Reda\u00e7\u00e3o\"}}]}<\/script>\n<!-- \/ Yoast SEO plugin. -->","yoast_head_json":{"title":"Em 2026, tudo que o povo quer \u00e9 ver no poder quem pensa nele - Notibras","robots":{"index":"index","follow":"follow","max-snippet":"max-snippet:-1","max-image-preview":"max-image-preview:large","max-video-preview":"max-video-preview:-1"},"canonical":"https:\/\/www.notibras.com\/site\/em-2026-tudo-que-o-povo-quer-e-ver-no-poder-quem-pensa-nele\/","og_locale":"pt_BR","og_type":"article","og_title":"Em 2026, tudo que o povo quer \u00e9 ver no poder quem pensa nele - Notibras","og_description":"Estamos em \u00e9poca de festas. Mesmo assim, n\u00e3o podemos esquecer que, associadas \u00e0s recorrentes cat\u00e1strofes clim\u00e1ticas, a viol\u00eancia urbana decorrente da banaliza\u00e7\u00e3o da vida humana e da escrotiza\u00e7\u00e3o da pol\u00edtica dispensa coment\u00e1rios, assim como o uso da intelig\u00eancia artificial. Nesse mundo de ilus\u00f5es, ela deixou de ser o inimigo silencioso do povo brasileiro para ser [&hellip;]","og_url":"https:\/\/www.notibras.com\/site\/em-2026-tudo-que-o-povo-quer-e-ver-no-poder-quem-pensa-nele\/","og_site_name":"Notibras","article_publisher":"https:\/\/www.facebook.com\/notibras\/","article_published_time":"2025-12-22T03:20:17+00:00","article_modified_time":"2025-12-22T03:20:20+00:00","og_image":[{"width":660,"height":372,"url":"https:\/\/www.notibras.com\/site\/wp-content\/uploads\/2021\/04\/stf-congresso-planalto-660x372-1.jpg","type":"image\/jpeg"}],"author":"Reda\u00e7\u00e3o","twitter_card":"summary_large_image","twitter_creator":"@Notibras","twitter_site":"@Notibras","twitter_misc":{"Escrito por":"Reda\u00e7\u00e3o","Est. tempo de leitura":"4 minutos"},"schema":{"@context":"https:\/\/schema.org","@graph":[{"@type":"Article","@id":"https:\/\/www.notibras.com\/site\/em-2026-tudo-que-o-povo-quer-e-ver-no-poder-quem-pensa-nele\/#article","isPartOf":{"@id":"https:\/\/www.notibras.com\/site\/em-2026-tudo-que-o-povo-quer-e-ver-no-poder-quem-pensa-nele\/"},"author":{"name":"Reda\u00e7\u00e3o","@id":"https:\/\/www.notibras.com\/site\/#\/schema\/person\/36ab0979449956132d3e5b517ea76ac8"},"headline":"Em 2026, tudo que o povo quer \u00e9 ver no poder quem pensa nele","datePublished":"2025-12-22T03:20:17+00:00","dateModified":"2025-12-22T03:20:20+00:00","mainEntityOfPage":{"@id":"https:\/\/www.notibras.com\/site\/em-2026-tudo-que-o-povo-quer-e-ver-no-poder-quem-pensa-nele\/"},"wordCount":702,"publisher":{"@id":"https:\/\/www.notibras.com\/site\/#organization"},"image":{"@id":"https:\/\/www.notibras.com\/site\/em-2026-tudo-que-o-povo-quer-e-ver-no-poder-quem-pensa-nele\/#primaryimage"},"thumbnailUrl":"https:\/\/www.notibras.com\/site\/wp-content\/uploads\/2021\/04\/stf-congresso-planalto-660x372-1.jpg","articleSection":["Brasil"],"inLanguage":"pt-BR"},{"@type":"WebPage","@id":"https:\/\/www.notibras.com\/site\/em-2026-tudo-que-o-povo-quer-e-ver-no-poder-quem-pensa-nele\/","url":"https:\/\/www.notibras.com\/site\/em-2026-tudo-que-o-povo-quer-e-ver-no-poder-quem-pensa-nele\/","name":"Em 2026, tudo que o povo quer \u00e9 ver no poder quem pensa nele - Notibras","isPartOf":{"@id":"https:\/\/www.notibras.com\/site\/#website"},"primaryImageOfPage":{"@id":"https:\/\/www.notibras.com\/site\/em-2026-tudo-que-o-povo-quer-e-ver-no-poder-quem-pensa-nele\/#primaryimage"},"image":{"@id":"https:\/\/www.notibras.com\/site\/em-2026-tudo-que-o-povo-quer-e-ver-no-poder-quem-pensa-nele\/#primaryimage"},"thumbnailUrl":"https:\/\/www.notibras.com\/site\/wp-content\/uploads\/2021\/04\/stf-congresso-planalto-660x372-1.jpg","datePublished":"2025-12-22T03:20:17+00:00","dateModified":"2025-12-22T03:20:20+00:00","breadcrumb":{"@id":"https:\/\/www.notibras.com\/site\/em-2026-tudo-que-o-povo-quer-e-ver-no-poder-quem-pensa-nele\/#breadcrumb"},"inLanguage":"pt-BR","potentialAction":[{"@type":"ReadAction","target":["https:\/\/www.notibras.com\/site\/em-2026-tudo-que-o-povo-quer-e-ver-no-poder-quem-pensa-nele\/"]}]},{"@type":"ImageObject","inLanguage":"pt-BR","@id":"https:\/\/www.notibras.com\/site\/em-2026-tudo-que-o-povo-quer-e-ver-no-poder-quem-pensa-nele\/#primaryimage","url":"https:\/\/www.notibras.com\/site\/wp-content\/uploads\/2021\/04\/stf-congresso-planalto-660x372-1.jpg","contentUrl":"https:\/\/www.notibras.com\/site\/wp-content\/uploads\/2021\/04\/stf-congresso-planalto-660x372-1.jpg","width":660,"height":372},{"@type":"BreadcrumbList","@id":"https:\/\/www.notibras.com\/site\/em-2026-tudo-que-o-povo-quer-e-ver-no-poder-quem-pensa-nele\/#breadcrumb","itemListElement":[{"@type":"ListItem","position":1,"name":"In\u00edcio","item":"https:\/\/www.notibras.com\/site\/"},{"@type":"ListItem","position":2,"name":"Em 2026, tudo que o povo quer \u00e9 ver no poder quem pensa nele"}]},{"@type":"WebSite","@id":"https:\/\/www.notibras.com\/site\/#website","url":"https:\/\/www.notibras.com\/site\/","name":"Notibras","description":"Not\u00edcias de Bras\u00edlia, do Brasil e do Mundo","publisher":{"@id":"https:\/\/www.notibras.com\/site\/#organization"},"potentialAction":[{"@type":"SearchAction","target":{"@type":"EntryPoint","urlTemplate":"https:\/\/www.notibras.com\/site\/?s={search_term_string}"},"query-input":{"@type":"PropertyValueSpecification","valueRequired":true,"valueName":"search_term_string"}}],"inLanguage":"pt-BR"},{"@type":"Organization","@id":"https:\/\/www.notibras.com\/site\/#organization","name":"Grupo Notibras de Comunica\u00e7\u00e3o","url":"https:\/\/www.notibras.com\/site\/","logo":{"@type":"ImageObject","inLanguage":"pt-BR","@id":"https:\/\/www.notibras.com\/site\/#\/schema\/logo\/image\/","url":"https:\/\/www.notibras.com\/site\/wp-content\/uploads\/2023\/01\/notibras23.png","contentUrl":"https:\/\/www.notibras.com\/site\/wp-content\/uploads\/2023\/01\/notibras23.png","width":350,"height":87,"caption":"Grupo Notibras de Comunica\u00e7\u00e3o"},"image":{"@id":"https:\/\/www.notibras.com\/site\/#\/schema\/logo\/image\/"},"sameAs":["https:\/\/www.facebook.com\/notibras\/","https:\/\/x.com\/Notibras","https:\/\/www.instagram.com\/notibras\/"]},{"@type":"Person","@id":"https:\/\/www.notibras.com\/site\/#\/schema\/person\/36ab0979449956132d3e5b517ea76ac8","name":"Reda\u00e7\u00e3o","image":{"@type":"ImageObject","inLanguage":"pt-BR","@id":"https:\/\/secure.gravatar.com\/avatar\/e0a867bdedb85fd243eadf09663511f96fc81e0720a4a42581f334ad4303aa6b?s=96&d=mm&r=g","url":"https:\/\/secure.gravatar.com\/avatar\/e0a867bdedb85fd243eadf09663511f96fc81e0720a4a42581f334ad4303aa6b?s=96&d=mm&r=g","contentUrl":"https:\/\/secure.gravatar.com\/avatar\/e0a867bdedb85fd243eadf09663511f96fc81e0720a4a42581f334ad4303aa6b?s=96&d=mm&r=g","caption":"Reda\u00e7\u00e3o"}}]}},"amp_enabled":true,"_links":{"self":[{"href":"https:\/\/www.notibras.com\/site\/wp-json\/wp\/v2\/posts\/375777","targetHints":{"allow":["GET"]}}],"collection":[{"href":"https:\/\/www.notibras.com\/site\/wp-json\/wp\/v2\/posts"}],"about":[{"href":"https:\/\/www.notibras.com\/site\/wp-json\/wp\/v2\/types\/post"}],"author":[{"embeddable":true,"href":"https:\/\/www.notibras.com\/site\/wp-json\/wp\/v2\/users\/2"}],"replies":[{"embeddable":true,"href":"https:\/\/www.notibras.com\/site\/wp-json\/wp\/v2\/comments?post=375777"}],"version-history":[{"count":1,"href":"https:\/\/www.notibras.com\/site\/wp-json\/wp\/v2\/posts\/375777\/revisions"}],"predecessor-version":[{"id":375778,"href":"https:\/\/www.notibras.com\/site\/wp-json\/wp\/v2\/posts\/375777\/revisions\/375778"}],"wp:featuredmedia":[{"embeddable":true,"href":"https:\/\/www.notibras.com\/site\/wp-json\/wp\/v2\/media\/255455"}],"wp:attachment":[{"href":"https:\/\/www.notibras.com\/site\/wp-json\/wp\/v2\/media?parent=375777"}],"wp:term":[{"taxonomy":"category","embeddable":true,"href":"https:\/\/www.notibras.com\/site\/wp-json\/wp\/v2\/categories?post=375777"},{"taxonomy":"post_tag","embeddable":true,"href":"https:\/\/www.notibras.com\/site\/wp-json\/wp\/v2\/tags?post=375777"}],"curies":[{"name":"wp","href":"https:\/\/api.w.org\/{rel}","templated":true}]}}