{"id":375784,"date":"2025-12-22T00:45:46","date_gmt":"2025-12-22T03:45:46","guid":{"rendered":"https:\/\/www.notibras.com\/site\/?p=375784"},"modified":"2025-12-22T00:38:50","modified_gmt":"2025-12-22T03:38:50","slug":"saiba-como-lidar-com-a-frustracao-de-metas-nao-cumpridas-no-fim-do-ano","status":"publish","type":"post","link":"https:\/\/www.notibras.com\/site\/saiba-como-lidar-com-a-frustracao-de-metas-nao-cumpridas-no-fim-do-ano\/","title":{"rendered":"Saiba como lidar com a frustra\u00e7\u00e3o de metas n\u00e3o cumpridas no fim do ano"},"content":{"rendered":"<p>Com a aproxima\u00e7\u00e3o do fim do ano, \u00e9 comum que muitas pessoas fa\u00e7am um balan\u00e7o das metas tra\u00e7adas em janeiro e percebam que parte delas n\u00e3o saiu do papel: o curso que ficou para depois, o emagrecimento adiado, a viagem que n\u00e3o aconteceu, a poupan\u00e7a que n\u00e3o cresceu. Essa constata\u00e7\u00e3o, apesar de frequente, pode despertar sentimentos de frustra\u00e7\u00e3o, culpa e ansiedade, e at\u00e9 contribuir para quadros de depress\u00e3o quando n\u00e3o h\u00e1 acompanhamento adequado.<\/p>\n<p>De acordo com a psic\u00f3loga cl\u00ednica do Instituto de Gest\u00e3o Estrat\u00e9gica de Sa\u00fade do Distrito Federal (IgesDF), Vanessa Vilela, o desafio n\u00e3o est\u00e1 em deixar metas para tr\u00e1s, mas na forma como cada pessoa interpreta esses resultados.<\/p>\n<p>\u201cO fim de ano costuma trazer uma cobran\u00e7a excessiva, como se a vida precisasse acompanhar o calend\u00e1rio. Quando a pessoa percebe que n\u00e3o deu conta de tudo, tende a se culpar, esquecendo que cada conquista tem seu pr\u00f3prio tempo e que imprevistos fazem parte do processo\u201d, explica.<\/p>\n<p>A profissional destaca que o per\u00edodo de dezembro naturalmente desperta reflex\u00f5es. \u201cA gente olha para as metas de janeiro e percebe que algumas n\u00e3o se concretizaram. Isso \u00e9 normal, especialmente em um ano cheio de demandas e desafios. O mais importante \u00e9 entender que frustra\u00e7\u00e3o n\u00e3o significa fracasso\u201d, refor\u00e7a.<\/p>\n<p>Segundo Vanessa, a frustra\u00e7\u00e3o surge do desencontro entre expectativa e realidade, e isso n\u00e3o define o valor pessoal de ningu\u00e9m. \u201cMuitas vezes criamos metas r\u00edgidas, comparamos nossa trajet\u00f3ria com a dos outros e esquecemos que objetivos precisam ser flex\u00edveis, assim como a pr\u00f3pria vida\u201d, diz.<\/p>\n<p>A psic\u00f3loga orienta que o primeiro passo \u00e9 n\u00e3o se definir pelas metas que n\u00e3o foram cumpridas. Dividir os objetivos em partes menores pode ajudar no processo. \u201cMuitas vezes, as metas parecem \u2018fracassadas\u2019 apenas porque eram grandes demais ou pouco espec\u00edficas. Ao fragment\u00e1-las, o processo fica mais leve. Tamb\u00e9m \u00e9 importante distinguir o que realmente dependia ou n\u00e3o de n\u00f3s. \u00c0s vezes, o avan\u00e7o n\u00e3o aconteceu por fatores externos, e isso n\u00e3o diminui nossa compet\u00eancia\u201d, explica.<\/p>\n<p><strong>Hist\u00f3ria de quem aprendeu a recome\u00e7ar<\/strong><\/p>\n<p>A gerente Rejane Pinheiro, 49 anos, vivenciou essa experi\u00eancia no fim do ano passado. Ap\u00f3s n\u00e3o concluir um curso e perder o foco no plano de emagrecimento e autocuidado, passou a se sentir desmotivada e ansiosa.<\/p>\n<p>\u201cEu me comparava com outras pessoas e achava que n\u00e3o tinha feito nada de \u00fatil no ano. Foi quando busquei ajuda e percebi que estava sendo muito dura comigo mesma\u201d, relata.<\/p>\n<p>Com acompanhamento psicol\u00f3gico, ela aprendeu a celebrar pequenas conquistas e a tra\u00e7ar metas mais alcan\u00e7\u00e1veis. \u201cHoje eu entendo que o importante \u00e9 manter o movimento, n\u00e3o a perfei\u00e7\u00e3o\u201d, completa.<\/p>\n<p><strong>Dicas para reduzir a ansiedade no fim do ano<\/strong><\/p>\n<p>Para lidar com a ansiedade comum nesse per\u00edodo e reduzir o impacto da autocr\u00edtica, a psic\u00f3loga do IgesDF refor\u00e7a a import\u00e2ncia de ajustar expectativas e reconhecer limites pessoais. \u201cNem tudo precisa ser resolvido agora. Perguntar-se o que \u00e9 prioridade no momento e o que pode esperar ajuda a diminuir a press\u00e3o\u201d, destaca Vanessa. Ao reorganizar demandas e evitar sobrecarga, \u00e9 poss\u00edvel atravessar esse per\u00edodo com mais leveza e equil\u00edbrio.<\/p>\n<p>Outro ponto essencial \u00e9 aprender a estabelecer limites e n\u00e3o acumular compromissos al\u00e9m do que \u00e9 poss\u00edvel cumprir. Dizer n\u00e3o de forma gentil, assertiva e consciente tamb\u00e9m \u00e9 um cuidado emocional. Para complementar esse movimento de autorregula\u00e7\u00e3o, pequenas pausas ao longo do dia fazem diferen\u00e7a: alguns minutos de respira\u00e7\u00e3o profunda, uma breve caminhada ou um momento de sil\u00eancio contribuem para regular o sistema nervoso e reduzir a ansiedade.<\/p>\n<p>Por fim, conectar-se com atividades que trazem bem-estar ajuda a criar uma base emocional mais est\u00e1vel. Hobbies, rituais familiares, contato com a natureza e pr\u00e1ticas espirituais funcionam como \u00e2ncoras que fortalecem o equil\u00edbrio interno, especialmente em per\u00edodos de maior press\u00e3o. Essas a\u00e7\u00f5es, somadas, favorecem uma rotina mais saud\u00e1vel e acolhedora.<\/p>\n","protected":false},"excerpt":{"rendered":"<p>Com a aproxima\u00e7\u00e3o do fim do ano, \u00e9 comum que muitas pessoas fa\u00e7am um balan\u00e7o das metas tra\u00e7adas em janeiro e percebam que parte delas n\u00e3o saiu do papel: o curso que ficou para depois, o emagrecimento adiado, a viagem que n\u00e3o aconteceu, a poupan\u00e7a que n\u00e3o cresceu. Essa constata\u00e7\u00e3o, apesar de frequente, pode despertar [&hellip;]<\/p>\n","protected":false},"author":21,"featured_media":375785,"comment_status":"closed","ping_status":"closed","sticky":false,"template":"","format":"standard","meta":{"_acf_changed":false,"footnotes":""},"categories":[161],"tags":[],"class_list":["post-375784","post","type-post","status-publish","format-standard","has-post-thumbnail","hentry","category-quadradinho-em-foco"],"acf":[],"yoast_head":"<!-- This site is optimized with the Yoast SEO plugin v27.5 - https:\/\/yoast.com\/product\/yoast-seo-wordpress\/ -->\n<title>Saiba como lidar com a frustra\u00e7\u00e3o de metas n\u00e3o cumpridas no fim do ano - Notibras<\/title>\n<meta name=\"robots\" content=\"index, follow, max-snippet:-1, max-image-preview:large, max-video-preview:-1\" \/>\n<link rel=\"canonical\" href=\"https:\/\/www.notibras.com\/site\/saiba-como-lidar-com-a-frustracao-de-metas-nao-cumpridas-no-fim-do-ano\/\" \/>\n<meta property=\"og:locale\" content=\"pt_BR\" \/>\n<meta property=\"og:type\" content=\"article\" \/>\n<meta property=\"og:title\" content=\"Saiba como lidar com a frustra\u00e7\u00e3o de metas n\u00e3o cumpridas no fim do ano - Notibras\" \/>\n<meta property=\"og:description\" content=\"Com a aproxima\u00e7\u00e3o do fim do ano, \u00e9 comum que muitas pessoas fa\u00e7am um balan\u00e7o das metas tra\u00e7adas em janeiro e percebam que parte delas n\u00e3o saiu do papel: o curso que ficou para depois, o emagrecimento adiado, a viagem que n\u00e3o aconteceu, a poupan\u00e7a que n\u00e3o cresceu. Essa constata\u00e7\u00e3o, apesar de frequente, pode despertar [&hellip;]\" \/>\n<meta property=\"og:url\" content=\"https:\/\/www.notibras.com\/site\/saiba-como-lidar-com-a-frustracao-de-metas-nao-cumpridas-no-fim-do-ano\/\" \/>\n<meta property=\"og:site_name\" content=\"Notibras\" \/>\n<meta property=\"article:publisher\" content=\"https:\/\/www.facebook.com\/notibras\/\" \/>\n<meta property=\"article:published_time\" content=\"2025-12-22T03:45:46+00:00\" \/>\n<meta property=\"og:image\" content=\"https:\/\/www.notibras.com\/site\/wp-content\/uploads\/2025\/12\/Design-sem-nome-16-1024x769.png\" \/>\n\t<meta property=\"og:image:width\" content=\"1024\" \/>\n\t<meta property=\"og:image:height\" content=\"769\" \/>\n\t<meta property=\"og:image:type\" content=\"image\/png\" \/>\n<meta name=\"author\" content=\"Eduardo Mart\u00ednez\" \/>\n<meta name=\"twitter:card\" content=\"summary_large_image\" \/>\n<meta name=\"twitter:creator\" content=\"@Notibras\" \/>\n<meta name=\"twitter:site\" content=\"@Notibras\" \/>\n<meta name=\"twitter:label1\" content=\"Escrito por\" \/>\n\t<meta name=\"twitter:data1\" content=\"Eduardo Mart\u00ednez\" \/>\n\t<meta name=\"twitter:label2\" content=\"Est. tempo de leitura\" \/>\n\t<meta name=\"twitter:data2\" content=\"4 minutos\" \/>\n<script type=\"application\/ld+json\" class=\"yoast-schema-graph\">{\"@context\":\"https:\\\/\\\/schema.org\",\"@graph\":[{\"@type\":\"Article\",\"@id\":\"https:\\\/\\\/www.notibras.com\\\/site\\\/saiba-como-lidar-com-a-frustracao-de-metas-nao-cumpridas-no-fim-do-ano\\\/#article\",\"isPartOf\":{\"@id\":\"https:\\\/\\\/www.notibras.com\\\/site\\\/saiba-como-lidar-com-a-frustracao-de-metas-nao-cumpridas-no-fim-do-ano\\\/\"},\"author\":{\"name\":\"Eduardo Mart\u00ednez\",\"@id\":\"https:\\\/\\\/www.notibras.com\\\/site\\\/#\\\/schema\\\/person\\\/5b7fabf2aedc3ada2105f03b22b4d3dd\"},\"headline\":\"Saiba como lidar com a frustra\u00e7\u00e3o de metas n\u00e3o cumpridas no fim do ano\",\"datePublished\":\"2025-12-22T03:45:46+00:00\",\"mainEntityOfPage\":{\"@id\":\"https:\\\/\\\/www.notibras.com\\\/site\\\/saiba-como-lidar-com-a-frustracao-de-metas-nao-cumpridas-no-fim-do-ano\\\/\"},\"wordCount\":713,\"publisher\":{\"@id\":\"https:\\\/\\\/www.notibras.com\\\/site\\\/#organization\"},\"image\":{\"@id\":\"https:\\\/\\\/www.notibras.com\\\/site\\\/saiba-como-lidar-com-a-frustracao-de-metas-nao-cumpridas-no-fim-do-ano\\\/#primaryimage\"},\"thumbnailUrl\":\"https:\\\/\\\/www.notibras.com\\\/site\\\/wp-content\\\/uploads\\\/2025\\\/12\\\/Design-sem-nome-16.png\",\"articleSection\":[\"Quadradinho em Foco\"],\"inLanguage\":\"pt-BR\"},{\"@type\":\"WebPage\",\"@id\":\"https:\\\/\\\/www.notibras.com\\\/site\\\/saiba-como-lidar-com-a-frustracao-de-metas-nao-cumpridas-no-fim-do-ano\\\/\",\"url\":\"https:\\\/\\\/www.notibras.com\\\/site\\\/saiba-como-lidar-com-a-frustracao-de-metas-nao-cumpridas-no-fim-do-ano\\\/\",\"name\":\"Saiba como lidar com a frustra\u00e7\u00e3o de metas n\u00e3o cumpridas no fim do ano - Notibras\",\"isPartOf\":{\"@id\":\"https:\\\/\\\/www.notibras.com\\\/site\\\/#website\"},\"primaryImageOfPage\":{\"@id\":\"https:\\\/\\\/www.notibras.com\\\/site\\\/saiba-como-lidar-com-a-frustracao-de-metas-nao-cumpridas-no-fim-do-ano\\\/#primaryimage\"},\"image\":{\"@id\":\"https:\\\/\\\/www.notibras.com\\\/site\\\/saiba-como-lidar-com-a-frustracao-de-metas-nao-cumpridas-no-fim-do-ano\\\/#primaryimage\"},\"thumbnailUrl\":\"https:\\\/\\\/www.notibras.com\\\/site\\\/wp-content\\\/uploads\\\/2025\\\/12\\\/Design-sem-nome-16.png\",\"datePublished\":\"2025-12-22T03:45:46+00:00\",\"breadcrumb\":{\"@id\":\"https:\\\/\\\/www.notibras.com\\\/site\\\/saiba-como-lidar-com-a-frustracao-de-metas-nao-cumpridas-no-fim-do-ano\\\/#breadcrumb\"},\"inLanguage\":\"pt-BR\",\"potentialAction\":[{\"@type\":\"ReadAction\",\"target\":[\"https:\\\/\\\/www.notibras.com\\\/site\\\/saiba-como-lidar-com-a-frustracao-de-metas-nao-cumpridas-no-fim-do-ano\\\/\"]}]},{\"@type\":\"ImageObject\",\"inLanguage\":\"pt-BR\",\"@id\":\"https:\\\/\\\/www.notibras.com\\\/site\\\/saiba-como-lidar-com-a-frustracao-de-metas-nao-cumpridas-no-fim-do-ano\\\/#primaryimage\",\"url\":\"https:\\\/\\\/www.notibras.com\\\/site\\\/wp-content\\\/uploads\\\/2025\\\/12\\\/Design-sem-nome-16.png\",\"contentUrl\":\"https:\\\/\\\/www.notibras.com\\\/site\\\/wp-content\\\/uploads\\\/2025\\\/12\\\/Design-sem-nome-16.png\",\"width\":2048,\"height\":1537},{\"@type\":\"BreadcrumbList\",\"@id\":\"https:\\\/\\\/www.notibras.com\\\/site\\\/saiba-como-lidar-com-a-frustracao-de-metas-nao-cumpridas-no-fim-do-ano\\\/#breadcrumb\",\"itemListElement\":[{\"@type\":\"ListItem\",\"position\":1,\"name\":\"In\u00edcio\",\"item\":\"https:\\\/\\\/www.notibras.com\\\/site\\\/\"},{\"@type\":\"ListItem\",\"position\":2,\"name\":\"Saiba como lidar com a frustra\u00e7\u00e3o de metas n\u00e3o cumpridas no fim do ano\"}]},{\"@type\":\"WebSite\",\"@id\":\"https:\\\/\\\/www.notibras.com\\\/site\\\/#website\",\"url\":\"https:\\\/\\\/www.notibras.com\\\/site\\\/\",\"name\":\"Notibras\",\"description\":\"Not\u00edcias de Bras\u00edlia, do Brasil e do Mundo\",\"publisher\":{\"@id\":\"https:\\\/\\\/www.notibras.com\\\/site\\\/#organization\"},\"potentialAction\":[{\"@type\":\"SearchAction\",\"target\":{\"@type\":\"EntryPoint\",\"urlTemplate\":\"https:\\\/\\\/www.notibras.com\\\/site\\\/?s={search_term_string}\"},\"query-input\":{\"@type\":\"PropertyValueSpecification\",\"valueRequired\":true,\"valueName\":\"search_term_string\"}}],\"inLanguage\":\"pt-BR\"},{\"@type\":\"Organization\",\"@id\":\"https:\\\/\\\/www.notibras.com\\\/site\\\/#organization\",\"name\":\"Grupo Notibras de Comunica\u00e7\u00e3o\",\"url\":\"https:\\\/\\\/www.notibras.com\\\/site\\\/\",\"logo\":{\"@type\":\"ImageObject\",\"inLanguage\":\"pt-BR\",\"@id\":\"https:\\\/\\\/www.notibras.com\\\/site\\\/#\\\/schema\\\/logo\\\/image\\\/\",\"url\":\"https:\\\/\\\/www.notibras.com\\\/site\\\/wp-content\\\/uploads\\\/2023\\\/01\\\/notibras23.png\",\"contentUrl\":\"https:\\\/\\\/www.notibras.com\\\/site\\\/wp-content\\\/uploads\\\/2023\\\/01\\\/notibras23.png\",\"width\":350,\"height\":87,\"caption\":\"Grupo Notibras de Comunica\u00e7\u00e3o\"},\"image\":{\"@id\":\"https:\\\/\\\/www.notibras.com\\\/site\\\/#\\\/schema\\\/logo\\\/image\\\/\"},\"sameAs\":[\"https:\\\/\\\/www.facebook.com\\\/notibras\\\/\",\"https:\\\/\\\/x.com\\\/Notibras\",\"https:\\\/\\\/www.instagram.com\\\/notibras\\\/\"]},{\"@type\":\"Person\",\"@id\":\"https:\\\/\\\/www.notibras.com\\\/site\\\/#\\\/schema\\\/person\\\/5b7fabf2aedc3ada2105f03b22b4d3dd\",\"name\":\"Eduardo Mart\u00ednez\",\"image\":{\"@type\":\"ImageObject\",\"inLanguage\":\"pt-BR\",\"@id\":\"https:\\\/\\\/secure.gravatar.com\\\/avatar\\\/7902f906289926289cbcda644b5197c796b893c6ffd7b9a536a42d290f7704a0?s=96&d=mm&r=g\",\"url\":\"https:\\\/\\\/secure.gravatar.com\\\/avatar\\\/7902f906289926289cbcda644b5197c796b893c6ffd7b9a536a42d290f7704a0?s=96&d=mm&r=g\",\"contentUrl\":\"https:\\\/\\\/secure.gravatar.com\\\/avatar\\\/7902f906289926289cbcda644b5197c796b893c6ffd7b9a536a42d290f7704a0?s=96&d=mm&r=g\",\"caption\":\"Eduardo Mart\u00ednez\"}}]}<\/script>\n<!-- \/ Yoast SEO plugin. -->","yoast_head_json":{"title":"Saiba como lidar com a frustra\u00e7\u00e3o de metas n\u00e3o cumpridas no fim do ano - Notibras","robots":{"index":"index","follow":"follow","max-snippet":"max-snippet:-1","max-image-preview":"max-image-preview:large","max-video-preview":"max-video-preview:-1"},"canonical":"https:\/\/www.notibras.com\/site\/saiba-como-lidar-com-a-frustracao-de-metas-nao-cumpridas-no-fim-do-ano\/","og_locale":"pt_BR","og_type":"article","og_title":"Saiba como lidar com a frustra\u00e7\u00e3o de metas n\u00e3o cumpridas no fim do ano - Notibras","og_description":"Com a aproxima\u00e7\u00e3o do fim do ano, \u00e9 comum que muitas pessoas fa\u00e7am um balan\u00e7o das metas tra\u00e7adas em janeiro e percebam que parte delas n\u00e3o saiu do papel: o curso que ficou para depois, o emagrecimento adiado, a viagem que n\u00e3o aconteceu, a poupan\u00e7a que n\u00e3o cresceu. Essa constata\u00e7\u00e3o, apesar de frequente, pode despertar [&hellip;]","og_url":"https:\/\/www.notibras.com\/site\/saiba-como-lidar-com-a-frustracao-de-metas-nao-cumpridas-no-fim-do-ano\/","og_site_name":"Notibras","article_publisher":"https:\/\/www.facebook.com\/notibras\/","article_published_time":"2025-12-22T03:45:46+00:00","og_image":[{"width":1024,"height":769,"url":"https:\/\/www.notibras.com\/site\/wp-content\/uploads\/2025\/12\/Design-sem-nome-16-1024x769.png","type":"image\/png"}],"author":"Eduardo Mart\u00ednez","twitter_card":"summary_large_image","twitter_creator":"@Notibras","twitter_site":"@Notibras","twitter_misc":{"Escrito por":"Eduardo Mart\u00ednez","Est. tempo de leitura":"4 minutos"},"schema":{"@context":"https:\/\/schema.org","@graph":[{"@type":"Article","@id":"https:\/\/www.notibras.com\/site\/saiba-como-lidar-com-a-frustracao-de-metas-nao-cumpridas-no-fim-do-ano\/#article","isPartOf":{"@id":"https:\/\/www.notibras.com\/site\/saiba-como-lidar-com-a-frustracao-de-metas-nao-cumpridas-no-fim-do-ano\/"},"author":{"name":"Eduardo Mart\u00ednez","@id":"https:\/\/www.notibras.com\/site\/#\/schema\/person\/5b7fabf2aedc3ada2105f03b22b4d3dd"},"headline":"Saiba como lidar com a frustra\u00e7\u00e3o de metas n\u00e3o cumpridas no fim do ano","datePublished":"2025-12-22T03:45:46+00:00","mainEntityOfPage":{"@id":"https:\/\/www.notibras.com\/site\/saiba-como-lidar-com-a-frustracao-de-metas-nao-cumpridas-no-fim-do-ano\/"},"wordCount":713,"publisher":{"@id":"https:\/\/www.notibras.com\/site\/#organization"},"image":{"@id":"https:\/\/www.notibras.com\/site\/saiba-como-lidar-com-a-frustracao-de-metas-nao-cumpridas-no-fim-do-ano\/#primaryimage"},"thumbnailUrl":"https:\/\/www.notibras.com\/site\/wp-content\/uploads\/2025\/12\/Design-sem-nome-16.png","articleSection":["Quadradinho em Foco"],"inLanguage":"pt-BR"},{"@type":"WebPage","@id":"https:\/\/www.notibras.com\/site\/saiba-como-lidar-com-a-frustracao-de-metas-nao-cumpridas-no-fim-do-ano\/","url":"https:\/\/www.notibras.com\/site\/saiba-como-lidar-com-a-frustracao-de-metas-nao-cumpridas-no-fim-do-ano\/","name":"Saiba como lidar com a frustra\u00e7\u00e3o de metas n\u00e3o cumpridas no fim do ano - Notibras","isPartOf":{"@id":"https:\/\/www.notibras.com\/site\/#website"},"primaryImageOfPage":{"@id":"https:\/\/www.notibras.com\/site\/saiba-como-lidar-com-a-frustracao-de-metas-nao-cumpridas-no-fim-do-ano\/#primaryimage"},"image":{"@id":"https:\/\/www.notibras.com\/site\/saiba-como-lidar-com-a-frustracao-de-metas-nao-cumpridas-no-fim-do-ano\/#primaryimage"},"thumbnailUrl":"https:\/\/www.notibras.com\/site\/wp-content\/uploads\/2025\/12\/Design-sem-nome-16.png","datePublished":"2025-12-22T03:45:46+00:00","breadcrumb":{"@id":"https:\/\/www.notibras.com\/site\/saiba-como-lidar-com-a-frustracao-de-metas-nao-cumpridas-no-fim-do-ano\/#breadcrumb"},"inLanguage":"pt-BR","potentialAction":[{"@type":"ReadAction","target":["https:\/\/www.notibras.com\/site\/saiba-como-lidar-com-a-frustracao-de-metas-nao-cumpridas-no-fim-do-ano\/"]}]},{"@type":"ImageObject","inLanguage":"pt-BR","@id":"https:\/\/www.notibras.com\/site\/saiba-como-lidar-com-a-frustracao-de-metas-nao-cumpridas-no-fim-do-ano\/#primaryimage","url":"https:\/\/www.notibras.com\/site\/wp-content\/uploads\/2025\/12\/Design-sem-nome-16.png","contentUrl":"https:\/\/www.notibras.com\/site\/wp-content\/uploads\/2025\/12\/Design-sem-nome-16.png","width":2048,"height":1537},{"@type":"BreadcrumbList","@id":"https:\/\/www.notibras.com\/site\/saiba-como-lidar-com-a-frustracao-de-metas-nao-cumpridas-no-fim-do-ano\/#breadcrumb","itemListElement":[{"@type":"ListItem","position":1,"name":"In\u00edcio","item":"https:\/\/www.notibras.com\/site\/"},{"@type":"ListItem","position":2,"name":"Saiba como lidar com a frustra\u00e7\u00e3o de metas n\u00e3o cumpridas no fim do ano"}]},{"@type":"WebSite","@id":"https:\/\/www.notibras.com\/site\/#website","url":"https:\/\/www.notibras.com\/site\/","name":"Notibras","description":"Not\u00edcias de Bras\u00edlia, do Brasil e do Mundo","publisher":{"@id":"https:\/\/www.notibras.com\/site\/#organization"},"potentialAction":[{"@type":"SearchAction","target":{"@type":"EntryPoint","urlTemplate":"https:\/\/www.notibras.com\/site\/?s={search_term_string}"},"query-input":{"@type":"PropertyValueSpecification","valueRequired":true,"valueName":"search_term_string"}}],"inLanguage":"pt-BR"},{"@type":"Organization","@id":"https:\/\/www.notibras.com\/site\/#organization","name":"Grupo Notibras de Comunica\u00e7\u00e3o","url":"https:\/\/www.notibras.com\/site\/","logo":{"@type":"ImageObject","inLanguage":"pt-BR","@id":"https:\/\/www.notibras.com\/site\/#\/schema\/logo\/image\/","url":"https:\/\/www.notibras.com\/site\/wp-content\/uploads\/2023\/01\/notibras23.png","contentUrl":"https:\/\/www.notibras.com\/site\/wp-content\/uploads\/2023\/01\/notibras23.png","width":350,"height":87,"caption":"Grupo Notibras de Comunica\u00e7\u00e3o"},"image":{"@id":"https:\/\/www.notibras.com\/site\/#\/schema\/logo\/image\/"},"sameAs":["https:\/\/www.facebook.com\/notibras\/","https:\/\/x.com\/Notibras","https:\/\/www.instagram.com\/notibras\/"]},{"@type":"Person","@id":"https:\/\/www.notibras.com\/site\/#\/schema\/person\/5b7fabf2aedc3ada2105f03b22b4d3dd","name":"Eduardo Mart\u00ednez","image":{"@type":"ImageObject","inLanguage":"pt-BR","@id":"https:\/\/secure.gravatar.com\/avatar\/7902f906289926289cbcda644b5197c796b893c6ffd7b9a536a42d290f7704a0?s=96&d=mm&r=g","url":"https:\/\/secure.gravatar.com\/avatar\/7902f906289926289cbcda644b5197c796b893c6ffd7b9a536a42d290f7704a0?s=96&d=mm&r=g","contentUrl":"https:\/\/secure.gravatar.com\/avatar\/7902f906289926289cbcda644b5197c796b893c6ffd7b9a536a42d290f7704a0?s=96&d=mm&r=g","caption":"Eduardo Mart\u00ednez"}}]}},"amp_enabled":true,"_links":{"self":[{"href":"https:\/\/www.notibras.com\/site\/wp-json\/wp\/v2\/posts\/375784","targetHints":{"allow":["GET"]}}],"collection":[{"href":"https:\/\/www.notibras.com\/site\/wp-json\/wp\/v2\/posts"}],"about":[{"href":"https:\/\/www.notibras.com\/site\/wp-json\/wp\/v2\/types\/post"}],"author":[{"embeddable":true,"href":"https:\/\/www.notibras.com\/site\/wp-json\/wp\/v2\/users\/21"}],"replies":[{"embeddable":true,"href":"https:\/\/www.notibras.com\/site\/wp-json\/wp\/v2\/comments?post=375784"}],"version-history":[{"count":3,"href":"https:\/\/www.notibras.com\/site\/wp-json\/wp\/v2\/posts\/375784\/revisions"}],"predecessor-version":[{"id":375788,"href":"https:\/\/www.notibras.com\/site\/wp-json\/wp\/v2\/posts\/375784\/revisions\/375788"}],"wp:featuredmedia":[{"embeddable":true,"href":"https:\/\/www.notibras.com\/site\/wp-json\/wp\/v2\/media\/375785"}],"wp:attachment":[{"href":"https:\/\/www.notibras.com\/site\/wp-json\/wp\/v2\/media?parent=375784"}],"wp:term":[{"taxonomy":"category","embeddable":true,"href":"https:\/\/www.notibras.com\/site\/wp-json\/wp\/v2\/categories?post=375784"},{"taxonomy":"post_tag","embeddable":true,"href":"https:\/\/www.notibras.com\/site\/wp-json\/wp\/v2\/tags?post=375784"}],"curies":[{"name":"wp","href":"https:\/\/api.w.org\/{rel}","templated":true}]}}