{"id":375789,"date":"2025-12-22T01:00:55","date_gmt":"2025-12-22T04:00:55","guid":{"rendered":"https:\/\/www.notibras.com\/site\/?p=375789"},"modified":"2025-12-22T00:45:15","modified_gmt":"2025-12-22T03:45:15","slug":"ampliacao-de-politicas-publicas-e-acoes-de-sustentabilidade","status":"publish","type":"post","link":"https:\/\/www.notibras.com\/site\/ampliacao-de-politicas-publicas-e-acoes-de-sustentabilidade\/","title":{"rendered":"Amplia\u00e7\u00e3o de pol\u00edticas p\u00fablicas e a\u00e7\u00f5es de sustentabilidade"},"content":{"rendered":"<p>A Empresa de Assist\u00eancia T\u00e9cnica e Extens\u00e3o Rural do Distrito Federal (Emater-DF) fecha 2025 com um balan\u00e7o marcado pelo fortalecimento da agricultura e amplia\u00e7\u00e3o das pol\u00edticas p\u00fablicas no campo. Foram mais de 150 mil atendimentos, entre a\u00e7\u00f5es individuais e coletivas, al\u00e9m de 12 mil visitas t\u00e9cnicas que levaram orienta\u00e7\u00e3o direta a produtores, comunidades rurais, escolas, associa\u00e7\u00f5es e institui\u00e7\u00f5es.<\/p>\n<p>Ao longo do ano, a empresa promoveu 355 capacita\u00e7\u00f5es, beneficiando mais de 3,2 mil produtores, al\u00e9m das atividades de forma\u00e7\u00e3o e aperfei\u00e7oamento dos empregados. O ano tamb\u00e9m foi marcado pela contrata\u00e7\u00e3o de 15 novos funcion\u00e1rios.<\/p>\n<p>Por meio do Programa Ater Digital, foi ampliado o uso do assistente virtual da empresa, que proporcionou atendimento a 4.569 pessoas em canais digitais, com registro de 86% de aprova\u00e7\u00e3o, revelando uma aproxima\u00e7\u00e3o entre tecnologia e produtor rural.<\/p>\n<p><strong>Programas e a\u00e7\u00f5es<\/strong><\/p>\n<p>O incentivo \u00e0 produ\u00e7\u00e3o org\u00e2nica ganhou for\u00e7a com o programa Certifica-DF. Neste ano, 72 novos agricultores passaram a integrar o Cadastro Nacional de Produtores Org\u00e2nicos (CNPO), aumentando para 376 o n\u00famero de produtores certificados no DF.<\/p>\n<p>As compras institucionais tiveram papel importante na agricultura familiar. Programas como o de Aquisi\u00e7\u00e3o de Alimentos (PAA), o Nacional de Alimenta\u00e7\u00e3o Escolar (Pnae) e o de Aquisi\u00e7\u00e3o da Produ\u00e7\u00e3o da Agricultura (Papa-DF) movimentaram R$ 65,28 milh\u00f5es, garantindo renda a milhares de agricultores. Mais de 6.900 toneladas de alimentos foram destinados \u00e0s escolas p\u00fablicas e a institui\u00e7\u00f5es que atendem pessoas em situa\u00e7\u00e3o de vulnerabilidade social.<\/p>\n<p><strong>Cr\u00e9dito e agricultura urbana<\/strong><\/p>\n<p>Em 2025, a Emater-DF viabilizou 160 projetos de cr\u00e9dito rural, mais de R$ 9 milh\u00f5es em financiamentos por meio de pol\u00edticas como FDR, Prospera e Pronaf.<\/p>\n<p>A agenda ambiental avan\u00e7ou com a instala\u00e7\u00e3o de 204 sistemas de saneamento rural. Na agricultura urbana, foram implantadas e reformadas 94 hortas escolares, comunit\u00e1rias e terap\u00eauticas, al\u00e9m da instala\u00e7\u00e3o de 21 sistemas de capta\u00e7\u00e3o de \u00e1gua da chuva em escolas, ampliando pr\u00e1ticas sustent\u00e1veis e fortalecendo a educa\u00e7\u00e3o ambiental.<\/p>\n<p><strong>Reconhecimento<\/strong><\/p>\n<p>Pelos avan\u00e7os no combate \u00e0 fome e na promo\u00e7\u00e3o da agricultura familiar, o DF conquistou o Selo Betinho e o Pr\u00eamio Brasil Sem Fome, na categoria \u201cBoas Pr\u00e1ticas de Combate \u00e0 Fome e Promo\u00e7\u00e3o da Seguran\u00e7a Alimentar e Nutricional\u201d. Neste \u00faltimo, a premia\u00e7\u00e3o foi entregue pelo Minist\u00e9rio do Desenvolvimento e Assist\u00eancia Social (MDS) ao Governo do Distrito Federal, por meio da Emater-DF, reconhecendo iniciativas da empresa que promovem a seguran\u00e7a alimentar e nutricional e o fortalecimento da agricultura familiar na capital.<\/p>\n<p>\u201cOs resultados v\u00e3o al\u00e9m dos n\u00fameros. Mostram o quanto a Ater p\u00fablica \u00e9 essencial para o desenvolvimento rural, para a seguran\u00e7a alimentar e para gera\u00e7\u00e3o de oportunidades. Encerramos 2025 fortalecidos e preparados para novos desafios em 2026\u201d, ressalta o presidente da Emater-DF, Cleison Duval.<\/p>\n","protected":false},"excerpt":{"rendered":"<p>A Empresa de Assist\u00eancia T\u00e9cnica e Extens\u00e3o Rural do Distrito Federal (Emater-DF) fecha 2025 com um balan\u00e7o marcado pelo fortalecimento da agricultura e amplia\u00e7\u00e3o das pol\u00edticas p\u00fablicas no campo. Foram mais de 150 mil atendimentos, entre a\u00e7\u00f5es individuais e coletivas, al\u00e9m de 12 mil visitas t\u00e9cnicas que levaram orienta\u00e7\u00e3o direta a produtores, comunidades rurais, escolas, [&hellip;]<\/p>\n","protected":false},"author":21,"featured_media":375790,"comment_status":"closed","ping_status":"closed","sticky":false,"template":"","format":"standard","meta":{"_acf_changed":false,"footnotes":""},"categories":[161],"tags":[],"class_list":["post-375789","post","type-post","status-publish","format-standard","has-post-thumbnail","hentry","category-quadradinho-em-foco"],"acf":[],"yoast_head":"<!-- This site is optimized with the Yoast SEO plugin v27.5 - https:\/\/yoast.com\/product\/yoast-seo-wordpress\/ -->\n<title>Amplia\u00e7\u00e3o de pol\u00edticas p\u00fablicas e a\u00e7\u00f5es de sustentabilidade - Notibras<\/title>\n<meta name=\"robots\" content=\"index, follow, max-snippet:-1, max-image-preview:large, max-video-preview:-1\" \/>\n<link rel=\"canonical\" href=\"https:\/\/www.notibras.com\/site\/ampliacao-de-politicas-publicas-e-acoes-de-sustentabilidade\/\" \/>\n<meta property=\"og:locale\" content=\"pt_BR\" \/>\n<meta property=\"og:type\" content=\"article\" \/>\n<meta property=\"og:title\" content=\"Amplia\u00e7\u00e3o de pol\u00edticas p\u00fablicas e a\u00e7\u00f5es de sustentabilidade - Notibras\" \/>\n<meta property=\"og:description\" content=\"A Empresa de Assist\u00eancia T\u00e9cnica e Extens\u00e3o Rural do Distrito Federal (Emater-DF) fecha 2025 com um balan\u00e7o marcado pelo fortalecimento da agricultura e amplia\u00e7\u00e3o das pol\u00edticas p\u00fablicas no campo. Foram mais de 150 mil atendimentos, entre a\u00e7\u00f5es individuais e coletivas, al\u00e9m de 12 mil visitas t\u00e9cnicas que levaram orienta\u00e7\u00e3o direta a produtores, comunidades rurais, escolas, [&hellip;]\" \/>\n<meta property=\"og:url\" content=\"https:\/\/www.notibras.com\/site\/ampliacao-de-politicas-publicas-e-acoes-de-sustentabilidade\/\" \/>\n<meta property=\"og:site_name\" content=\"Notibras\" \/>\n<meta property=\"article:publisher\" content=\"https:\/\/www.facebook.com\/notibras\/\" \/>\n<meta property=\"article:published_time\" content=\"2025-12-22T04:00:55+00:00\" \/>\n<meta property=\"og:image\" content=\"https:\/\/www.notibras.com\/site\/wp-content\/uploads\/2025\/12\/01032025-produtores-rurais-de-planaltina-aprendem-tcnicas-para-aproveitar-frutas-e-evitar-desperdcio_54358085878_o-2-scaled.jpg\" \/>\n\t<meta property=\"og:image:width\" content=\"2560\" \/>\n\t<meta property=\"og:image:height\" content=\"1707\" \/>\n\t<meta property=\"og:image:type\" content=\"image\/jpeg\" \/>\n<meta name=\"author\" content=\"Eduardo Mart\u00ednez\" \/>\n<meta name=\"twitter:card\" content=\"summary_large_image\" \/>\n<meta name=\"twitter:creator\" content=\"@Notibras\" \/>\n<meta name=\"twitter:site\" content=\"@Notibras\" \/>\n<meta name=\"twitter:label1\" content=\"Escrito por\" \/>\n\t<meta name=\"twitter:data1\" content=\"Eduardo Mart\u00ednez\" \/>\n\t<meta name=\"twitter:label2\" content=\"Est. tempo de leitura\" \/>\n\t<meta name=\"twitter:data2\" content=\"3 minutos\" \/>\n<script type=\"application\/ld+json\" class=\"yoast-schema-graph\">{\"@context\":\"https:\\\/\\\/schema.org\",\"@graph\":[{\"@type\":\"Article\",\"@id\":\"https:\\\/\\\/www.notibras.com\\\/site\\\/ampliacao-de-politicas-publicas-e-acoes-de-sustentabilidade\\\/#article\",\"isPartOf\":{\"@id\":\"https:\\\/\\\/www.notibras.com\\\/site\\\/ampliacao-de-politicas-publicas-e-acoes-de-sustentabilidade\\\/\"},\"author\":{\"name\":\"Eduardo Mart\u00ednez\",\"@id\":\"https:\\\/\\\/www.notibras.com\\\/site\\\/#\\\/schema\\\/person\\\/5b7fabf2aedc3ada2105f03b22b4d3dd\"},\"headline\":\"Amplia\u00e7\u00e3o de pol\u00edticas p\u00fablicas e a\u00e7\u00f5es de sustentabilidade\",\"datePublished\":\"2025-12-22T04:00:55+00:00\",\"mainEntityOfPage\":{\"@id\":\"https:\\\/\\\/www.notibras.com\\\/site\\\/ampliacao-de-politicas-publicas-e-acoes-de-sustentabilidade\\\/\"},\"wordCount\":492,\"publisher\":{\"@id\":\"https:\\\/\\\/www.notibras.com\\\/site\\\/#organization\"},\"image\":{\"@id\":\"https:\\\/\\\/www.notibras.com\\\/site\\\/ampliacao-de-politicas-publicas-e-acoes-de-sustentabilidade\\\/#primaryimage\"},\"thumbnailUrl\":\"https:\\\/\\\/www.notibras.com\\\/site\\\/wp-content\\\/uploads\\\/2025\\\/12\\\/01032025-produtores-rurais-de-planaltina-aprendem-tcnicas-para-aproveitar-frutas-e-evitar-desperdcio_54358085878_o-2-scaled.jpg\",\"articleSection\":[\"Quadradinho em Foco\"],\"inLanguage\":\"pt-BR\"},{\"@type\":\"WebPage\",\"@id\":\"https:\\\/\\\/www.notibras.com\\\/site\\\/ampliacao-de-politicas-publicas-e-acoes-de-sustentabilidade\\\/\",\"url\":\"https:\\\/\\\/www.notibras.com\\\/site\\\/ampliacao-de-politicas-publicas-e-acoes-de-sustentabilidade\\\/\",\"name\":\"Amplia\u00e7\u00e3o de pol\u00edticas p\u00fablicas e a\u00e7\u00f5es de sustentabilidade - Notibras\",\"isPartOf\":{\"@id\":\"https:\\\/\\\/www.notibras.com\\\/site\\\/#website\"},\"primaryImageOfPage\":{\"@id\":\"https:\\\/\\\/www.notibras.com\\\/site\\\/ampliacao-de-politicas-publicas-e-acoes-de-sustentabilidade\\\/#primaryimage\"},\"image\":{\"@id\":\"https:\\\/\\\/www.notibras.com\\\/site\\\/ampliacao-de-politicas-publicas-e-acoes-de-sustentabilidade\\\/#primaryimage\"},\"thumbnailUrl\":\"https:\\\/\\\/www.notibras.com\\\/site\\\/wp-content\\\/uploads\\\/2025\\\/12\\\/01032025-produtores-rurais-de-planaltina-aprendem-tcnicas-para-aproveitar-frutas-e-evitar-desperdcio_54358085878_o-2-scaled.jpg\",\"datePublished\":\"2025-12-22T04:00:55+00:00\",\"breadcrumb\":{\"@id\":\"https:\\\/\\\/www.notibras.com\\\/site\\\/ampliacao-de-politicas-publicas-e-acoes-de-sustentabilidade\\\/#breadcrumb\"},\"inLanguage\":\"pt-BR\",\"potentialAction\":[{\"@type\":\"ReadAction\",\"target\":[\"https:\\\/\\\/www.notibras.com\\\/site\\\/ampliacao-de-politicas-publicas-e-acoes-de-sustentabilidade\\\/\"]}]},{\"@type\":\"ImageObject\",\"inLanguage\":\"pt-BR\",\"@id\":\"https:\\\/\\\/www.notibras.com\\\/site\\\/ampliacao-de-politicas-publicas-e-acoes-de-sustentabilidade\\\/#primaryimage\",\"url\":\"https:\\\/\\\/www.notibras.com\\\/site\\\/wp-content\\\/uploads\\\/2025\\\/12\\\/01032025-produtores-rurais-de-planaltina-aprendem-tcnicas-para-aproveitar-frutas-e-evitar-desperdcio_54358085878_o-2-scaled.jpg\",\"contentUrl\":\"https:\\\/\\\/www.notibras.com\\\/site\\\/wp-content\\\/uploads\\\/2025\\\/12\\\/01032025-produtores-rurais-de-planaltina-aprendem-tcnicas-para-aproveitar-frutas-e-evitar-desperdcio_54358085878_o-2-scaled.jpg\",\"width\":2560,\"height\":1707},{\"@type\":\"BreadcrumbList\",\"@id\":\"https:\\\/\\\/www.notibras.com\\\/site\\\/ampliacao-de-politicas-publicas-e-acoes-de-sustentabilidade\\\/#breadcrumb\",\"itemListElement\":[{\"@type\":\"ListItem\",\"position\":1,\"name\":\"In\u00edcio\",\"item\":\"https:\\\/\\\/www.notibras.com\\\/site\\\/\"},{\"@type\":\"ListItem\",\"position\":2,\"name\":\"Amplia\u00e7\u00e3o de pol\u00edticas p\u00fablicas e a\u00e7\u00f5es de sustentabilidade\"}]},{\"@type\":\"WebSite\",\"@id\":\"https:\\\/\\\/www.notibras.com\\\/site\\\/#website\",\"url\":\"https:\\\/\\\/www.notibras.com\\\/site\\\/\",\"name\":\"Notibras\",\"description\":\"Not\u00edcias de Bras\u00edlia, do Brasil e do Mundo\",\"publisher\":{\"@id\":\"https:\\\/\\\/www.notibras.com\\\/site\\\/#organization\"},\"potentialAction\":[{\"@type\":\"SearchAction\",\"target\":{\"@type\":\"EntryPoint\",\"urlTemplate\":\"https:\\\/\\\/www.notibras.com\\\/site\\\/?s={search_term_string}\"},\"query-input\":{\"@type\":\"PropertyValueSpecification\",\"valueRequired\":true,\"valueName\":\"search_term_string\"}}],\"inLanguage\":\"pt-BR\"},{\"@type\":\"Organization\",\"@id\":\"https:\\\/\\\/www.notibras.com\\\/site\\\/#organization\",\"name\":\"Grupo Notibras de Comunica\u00e7\u00e3o\",\"url\":\"https:\\\/\\\/www.notibras.com\\\/site\\\/\",\"logo\":{\"@type\":\"ImageObject\",\"inLanguage\":\"pt-BR\",\"@id\":\"https:\\\/\\\/www.notibras.com\\\/site\\\/#\\\/schema\\\/logo\\\/image\\\/\",\"url\":\"https:\\\/\\\/www.notibras.com\\\/site\\\/wp-content\\\/uploads\\\/2023\\\/01\\\/notibras23.png\",\"contentUrl\":\"https:\\\/\\\/www.notibras.com\\\/site\\\/wp-content\\\/uploads\\\/2023\\\/01\\\/notibras23.png\",\"width\":350,\"height\":87,\"caption\":\"Grupo Notibras de Comunica\u00e7\u00e3o\"},\"image\":{\"@id\":\"https:\\\/\\\/www.notibras.com\\\/site\\\/#\\\/schema\\\/logo\\\/image\\\/\"},\"sameAs\":[\"https:\\\/\\\/www.facebook.com\\\/notibras\\\/\",\"https:\\\/\\\/x.com\\\/Notibras\",\"https:\\\/\\\/www.instagram.com\\\/notibras\\\/\"]},{\"@type\":\"Person\",\"@id\":\"https:\\\/\\\/www.notibras.com\\\/site\\\/#\\\/schema\\\/person\\\/5b7fabf2aedc3ada2105f03b22b4d3dd\",\"name\":\"Eduardo Mart\u00ednez\",\"image\":{\"@type\":\"ImageObject\",\"inLanguage\":\"pt-BR\",\"@id\":\"https:\\\/\\\/secure.gravatar.com\\\/avatar\\\/7902f906289926289cbcda644b5197c796b893c6ffd7b9a536a42d290f7704a0?s=96&d=mm&r=g\",\"url\":\"https:\\\/\\\/secure.gravatar.com\\\/avatar\\\/7902f906289926289cbcda644b5197c796b893c6ffd7b9a536a42d290f7704a0?s=96&d=mm&r=g\",\"contentUrl\":\"https:\\\/\\\/secure.gravatar.com\\\/avatar\\\/7902f906289926289cbcda644b5197c796b893c6ffd7b9a536a42d290f7704a0?s=96&d=mm&r=g\",\"caption\":\"Eduardo Mart\u00ednez\"}}]}<\/script>\n<!-- \/ Yoast SEO plugin. -->","yoast_head_json":{"title":"Amplia\u00e7\u00e3o de pol\u00edticas p\u00fablicas e a\u00e7\u00f5es de sustentabilidade - Notibras","robots":{"index":"index","follow":"follow","max-snippet":"max-snippet:-1","max-image-preview":"max-image-preview:large","max-video-preview":"max-video-preview:-1"},"canonical":"https:\/\/www.notibras.com\/site\/ampliacao-de-politicas-publicas-e-acoes-de-sustentabilidade\/","og_locale":"pt_BR","og_type":"article","og_title":"Amplia\u00e7\u00e3o de pol\u00edticas p\u00fablicas e a\u00e7\u00f5es de sustentabilidade - Notibras","og_description":"A Empresa de Assist\u00eancia T\u00e9cnica e Extens\u00e3o Rural do Distrito Federal (Emater-DF) fecha 2025 com um balan\u00e7o marcado pelo fortalecimento da agricultura e amplia\u00e7\u00e3o das pol\u00edticas p\u00fablicas no campo. Foram mais de 150 mil atendimentos, entre a\u00e7\u00f5es individuais e coletivas, al\u00e9m de 12 mil visitas t\u00e9cnicas que levaram orienta\u00e7\u00e3o direta a produtores, comunidades rurais, escolas, [&hellip;]","og_url":"https:\/\/www.notibras.com\/site\/ampliacao-de-politicas-publicas-e-acoes-de-sustentabilidade\/","og_site_name":"Notibras","article_publisher":"https:\/\/www.facebook.com\/notibras\/","article_published_time":"2025-12-22T04:00:55+00:00","og_image":[{"width":2560,"height":1707,"url":"https:\/\/www.notibras.com\/site\/wp-content\/uploads\/2025\/12\/01032025-produtores-rurais-de-planaltina-aprendem-tcnicas-para-aproveitar-frutas-e-evitar-desperdcio_54358085878_o-2-scaled.jpg","type":"image\/jpeg"}],"author":"Eduardo Mart\u00ednez","twitter_card":"summary_large_image","twitter_creator":"@Notibras","twitter_site":"@Notibras","twitter_misc":{"Escrito por":"Eduardo Mart\u00ednez","Est. tempo de leitura":"3 minutos"},"schema":{"@context":"https:\/\/schema.org","@graph":[{"@type":"Article","@id":"https:\/\/www.notibras.com\/site\/ampliacao-de-politicas-publicas-e-acoes-de-sustentabilidade\/#article","isPartOf":{"@id":"https:\/\/www.notibras.com\/site\/ampliacao-de-politicas-publicas-e-acoes-de-sustentabilidade\/"},"author":{"name":"Eduardo Mart\u00ednez","@id":"https:\/\/www.notibras.com\/site\/#\/schema\/person\/5b7fabf2aedc3ada2105f03b22b4d3dd"},"headline":"Amplia\u00e7\u00e3o de pol\u00edticas p\u00fablicas e a\u00e7\u00f5es de sustentabilidade","datePublished":"2025-12-22T04:00:55+00:00","mainEntityOfPage":{"@id":"https:\/\/www.notibras.com\/site\/ampliacao-de-politicas-publicas-e-acoes-de-sustentabilidade\/"},"wordCount":492,"publisher":{"@id":"https:\/\/www.notibras.com\/site\/#organization"},"image":{"@id":"https:\/\/www.notibras.com\/site\/ampliacao-de-politicas-publicas-e-acoes-de-sustentabilidade\/#primaryimage"},"thumbnailUrl":"https:\/\/www.notibras.com\/site\/wp-content\/uploads\/2025\/12\/01032025-produtores-rurais-de-planaltina-aprendem-tcnicas-para-aproveitar-frutas-e-evitar-desperdcio_54358085878_o-2-scaled.jpg","articleSection":["Quadradinho em Foco"],"inLanguage":"pt-BR"},{"@type":"WebPage","@id":"https:\/\/www.notibras.com\/site\/ampliacao-de-politicas-publicas-e-acoes-de-sustentabilidade\/","url":"https:\/\/www.notibras.com\/site\/ampliacao-de-politicas-publicas-e-acoes-de-sustentabilidade\/","name":"Amplia\u00e7\u00e3o de pol\u00edticas p\u00fablicas e a\u00e7\u00f5es de sustentabilidade - Notibras","isPartOf":{"@id":"https:\/\/www.notibras.com\/site\/#website"},"primaryImageOfPage":{"@id":"https:\/\/www.notibras.com\/site\/ampliacao-de-politicas-publicas-e-acoes-de-sustentabilidade\/#primaryimage"},"image":{"@id":"https:\/\/www.notibras.com\/site\/ampliacao-de-politicas-publicas-e-acoes-de-sustentabilidade\/#primaryimage"},"thumbnailUrl":"https:\/\/www.notibras.com\/site\/wp-content\/uploads\/2025\/12\/01032025-produtores-rurais-de-planaltina-aprendem-tcnicas-para-aproveitar-frutas-e-evitar-desperdcio_54358085878_o-2-scaled.jpg","datePublished":"2025-12-22T04:00:55+00:00","breadcrumb":{"@id":"https:\/\/www.notibras.com\/site\/ampliacao-de-politicas-publicas-e-acoes-de-sustentabilidade\/#breadcrumb"},"inLanguage":"pt-BR","potentialAction":[{"@type":"ReadAction","target":["https:\/\/www.notibras.com\/site\/ampliacao-de-politicas-publicas-e-acoes-de-sustentabilidade\/"]}]},{"@type":"ImageObject","inLanguage":"pt-BR","@id":"https:\/\/www.notibras.com\/site\/ampliacao-de-politicas-publicas-e-acoes-de-sustentabilidade\/#primaryimage","url":"https:\/\/www.notibras.com\/site\/wp-content\/uploads\/2025\/12\/01032025-produtores-rurais-de-planaltina-aprendem-tcnicas-para-aproveitar-frutas-e-evitar-desperdcio_54358085878_o-2-scaled.jpg","contentUrl":"https:\/\/www.notibras.com\/site\/wp-content\/uploads\/2025\/12\/01032025-produtores-rurais-de-planaltina-aprendem-tcnicas-para-aproveitar-frutas-e-evitar-desperdcio_54358085878_o-2-scaled.jpg","width":2560,"height":1707},{"@type":"BreadcrumbList","@id":"https:\/\/www.notibras.com\/site\/ampliacao-de-politicas-publicas-e-acoes-de-sustentabilidade\/#breadcrumb","itemListElement":[{"@type":"ListItem","position":1,"name":"In\u00edcio","item":"https:\/\/www.notibras.com\/site\/"},{"@type":"ListItem","position":2,"name":"Amplia\u00e7\u00e3o de pol\u00edticas p\u00fablicas e a\u00e7\u00f5es de sustentabilidade"}]},{"@type":"WebSite","@id":"https:\/\/www.notibras.com\/site\/#website","url":"https:\/\/www.notibras.com\/site\/","name":"Notibras","description":"Not\u00edcias de Bras\u00edlia, do Brasil e do Mundo","publisher":{"@id":"https:\/\/www.notibras.com\/site\/#organization"},"potentialAction":[{"@type":"SearchAction","target":{"@type":"EntryPoint","urlTemplate":"https:\/\/www.notibras.com\/site\/?s={search_term_string}"},"query-input":{"@type":"PropertyValueSpecification","valueRequired":true,"valueName":"search_term_string"}}],"inLanguage":"pt-BR"},{"@type":"Organization","@id":"https:\/\/www.notibras.com\/site\/#organization","name":"Grupo Notibras de Comunica\u00e7\u00e3o","url":"https:\/\/www.notibras.com\/site\/","logo":{"@type":"ImageObject","inLanguage":"pt-BR","@id":"https:\/\/www.notibras.com\/site\/#\/schema\/logo\/image\/","url":"https:\/\/www.notibras.com\/site\/wp-content\/uploads\/2023\/01\/notibras23.png","contentUrl":"https:\/\/www.notibras.com\/site\/wp-content\/uploads\/2023\/01\/notibras23.png","width":350,"height":87,"caption":"Grupo Notibras de Comunica\u00e7\u00e3o"},"image":{"@id":"https:\/\/www.notibras.com\/site\/#\/schema\/logo\/image\/"},"sameAs":["https:\/\/www.facebook.com\/notibras\/","https:\/\/x.com\/Notibras","https:\/\/www.instagram.com\/notibras\/"]},{"@type":"Person","@id":"https:\/\/www.notibras.com\/site\/#\/schema\/person\/5b7fabf2aedc3ada2105f03b22b4d3dd","name":"Eduardo Mart\u00ednez","image":{"@type":"ImageObject","inLanguage":"pt-BR","@id":"https:\/\/secure.gravatar.com\/avatar\/7902f906289926289cbcda644b5197c796b893c6ffd7b9a536a42d290f7704a0?s=96&d=mm&r=g","url":"https:\/\/secure.gravatar.com\/avatar\/7902f906289926289cbcda644b5197c796b893c6ffd7b9a536a42d290f7704a0?s=96&d=mm&r=g","contentUrl":"https:\/\/secure.gravatar.com\/avatar\/7902f906289926289cbcda644b5197c796b893c6ffd7b9a536a42d290f7704a0?s=96&d=mm&r=g","caption":"Eduardo Mart\u00ednez"}}]}},"amp_enabled":true,"_links":{"self":[{"href":"https:\/\/www.notibras.com\/site\/wp-json\/wp\/v2\/posts\/375789","targetHints":{"allow":["GET"]}}],"collection":[{"href":"https:\/\/www.notibras.com\/site\/wp-json\/wp\/v2\/posts"}],"about":[{"href":"https:\/\/www.notibras.com\/site\/wp-json\/wp\/v2\/types\/post"}],"author":[{"embeddable":true,"href":"https:\/\/www.notibras.com\/site\/wp-json\/wp\/v2\/users\/21"}],"replies":[{"embeddable":true,"href":"https:\/\/www.notibras.com\/site\/wp-json\/wp\/v2\/comments?post=375789"}],"version-history":[{"count":4,"href":"https:\/\/www.notibras.com\/site\/wp-json\/wp\/v2\/posts\/375789\/revisions"}],"predecessor-version":[{"id":375794,"href":"https:\/\/www.notibras.com\/site\/wp-json\/wp\/v2\/posts\/375789\/revisions\/375794"}],"wp:featuredmedia":[{"embeddable":true,"href":"https:\/\/www.notibras.com\/site\/wp-json\/wp\/v2\/media\/375790"}],"wp:attachment":[{"href":"https:\/\/www.notibras.com\/site\/wp-json\/wp\/v2\/media?parent=375789"}],"wp:term":[{"taxonomy":"category","embeddable":true,"href":"https:\/\/www.notibras.com\/site\/wp-json\/wp\/v2\/categories?post=375789"},{"taxonomy":"post_tag","embeddable":true,"href":"https:\/\/www.notibras.com\/site\/wp-json\/wp\/v2\/tags?post=375789"}],"curies":[{"name":"wp","href":"https:\/\/api.w.org\/{rel}","templated":true}]}}