{"id":375795,"date":"2025-12-22T01:15:21","date_gmt":"2025-12-22T04:15:21","guid":{"rendered":"https:\/\/www.notibras.com\/site\/?p=375795"},"modified":"2025-12-22T00:51:49","modified_gmt":"2025-12-22T03:51:49","slug":"o-ano-de-2025-marcou-pelos-avancos-decisivos-na-rede-publica-de-saude","status":"publish","type":"post","link":"https:\/\/www.notibras.com\/site\/o-ano-de-2025-marcou-pelos-avancos-decisivos-na-rede-publica-de-saude\/","title":{"rendered":"O ano de 2025 marcou pelos Avan\u00e7os decisivos na rede p\u00fablica de sa\u00fade"},"content":{"rendered":"<p>O ano de 2025 foi marcado por entregas hist\u00f3ricas e recordes de cirurgias na sa\u00fade p\u00fablica do Distrito Federal. \u00c0 frente de tr\u00eas hospitais e 13 unidades de pronto atendimento (UPAs), o Instituto de Gest\u00e3o Estrat\u00e9gica de Sa\u00fade do DF (IgesDF) encerra o per\u00edodo com investimentos robustos em tecnologia, obras estruturantes, avan\u00e7os assistenciais e novas a\u00e7\u00f5es de acolhimento que colocam o usu\u00e1rio no centro do cuidado.<\/p>\n<p>O conjunto dessas iniciativas redesenhou fluxos assistenciais e ampliou o acesso dos pacientes a servi\u00e7os especializados. No Hospital de Base (HBDF), por exemplo, foram registrados tr\u00eas recordes cir\u00fargicos consecutivos em 2025, <a href=\"https:\/\/www.agenciabrasilia.df.gov.br\/w\/hospital-de-base-supera-recorde-e-realiza-1.332-cirurgias-em-setembro?p_l_back_url=%2Fbusca%3Fq%3Dhospital%2Bde%2Bbase%2Bsupera%2Brecorde%2Be%2Brealiza%2B1.332%2Bcirurgias%2Bem%2Bsetembro&amp;p_l_back_url_title=Busca\">chegando a 1.332 procedimentos em setembro<\/a>, m\u00e9dia de 44 cirurgias por dia. No Hospital Regional de Santa Maria (HRSM), o centro cir\u00fargico tamb\u00e9m alcan\u00e7ou o maior volume em dois anos, totalizando 502 cirurgias em outubro. A melhora nos fluxos \u00e9 resultado direto do projeto Lean, que reorganizou o uso das 20 salas cir\u00fargicas sem ampliar a estrutura f\u00edsica.<\/p>\n<p>A moderniza\u00e7\u00e3o tamb\u00e9m guiou o ano. No HBDF, foram instalados equipamentos in\u00e9ditos e de alta precis\u00e3o, como <a href=\"https:\/\/www.agenciabrasilia.df.gov.br\/w\/hospital-de-base-passa-a-realizar-videoeletroencefalograma-exame-in%C3%A9dito-na-rede-p%C3%BAblica-e-de-alta-complexidade?redirect=%2Fnoticias\">dois aparelhos de v\u00eddeo eletroencefalograma, entregues em dezembro<\/a>. O v\u00eddeo EEG \u00e9 um dos exames mais avan\u00e7ados para o diagn\u00f3stico de epilepsia e outras condi\u00e7\u00f5es neurol\u00f3gicas. Esses equipamentos, assim como a resson\u00e2ncia magn\u00e9tica nuclear, s\u00e3o os \u00fanicos da rede p\u00fablica do DF. Al\u00e9m disso, o novo angi\u00f3grafo do HBDF aumentou em 40% a capacidade de realiza\u00e7\u00e3o de procedimentos minimamente invasivos.<\/p>\n<p>Nas UPAs, os gas\u00f4metros de \u00faltima gera\u00e7\u00e3o \u2014 capazes de analisar, em poucos minutos, o estado respirat\u00f3rio e metab\u00f3lico de pacientes em situa\u00e7\u00e3o grave \u2014, o refor\u00e7o do videomonitoramento e as melhorias estruturais garantiram mais seguran\u00e7a e estabilidade assistencial.<\/p>\n<p>Na aten\u00e7\u00e3o pr\u00e9-hospitalar, 2025 consolidou a <a href=\"https:\/\/www.agenciabrasilia.df.gov.br\/w\/teleconsultas-na-upa-de-samambaia-ampliam-acesso-e-agilizam-atendimento-de-pacientes?p_l_back_url=%2Fbusca%3Fq%3Dteleconsulta%26delta%3D10&amp;p_l_back_url_title=Busca\">teleconsulta<\/a>. Foram mais de 10 mil atendimentos nas UPAs, reduzindo o tempo de espera e aumentando a resolutividade. O projeto de retaguarda psiqui\u00e1trica tamb\u00e9m reduziu o tempo de perman\u00eancia de pacientes em crise, de quatro dias para pouco mais de um. Ao mesmo tempo, o GDF iniciou a constru\u00e7\u00e3o de sete novas UPAs de porte 3, ampliando a rede, que passar\u00e1 a contar com 20 unidades.<\/p>\n<p>A humaniza\u00e7\u00e3o ganhou ainda mais for\u00e7a. No HRSM, o <a href=\"https:\/\/www.agenciabrasilia.df.gov.br\/w\/primeiro-espa%C3%A7o-sensorial-para-crian%C3%A7as-autistas-no-centro-oeste-%C3%A9-inaugurado-na-rede-p%C3%BAblica-de-sa%C3%BAde-do-df?p_l_back_url=%2Fbusca%3Fq%3Despa%25C3%25A7o%2Bsensorial&amp;p_l_back_url_title=Busca\">Espa\u00e7o Humanizar TEA<\/a> inaugurou o primeiro ambiente sensorial do Centro-Oeste para crian\u00e7as com Transtorno do Espectro Autista. Nas UPAs, o Programa Humanizar ampliou acolhimento, escuta ativa e suporte em cuidados paliativos. No Hospital de Base, a Consulta com Hora Marcada organizou fluxos, eliminou aglomera\u00e7\u00f5es e garantiu previsibilidade ao usu\u00e1rio.<\/p>\n<p>\u201cEste foi um ano de moderniza\u00e7\u00e3o profunda. Avan\u00e7amos em tecnologia, ampliamos a rede e fortalecemos a humaniza\u00e7\u00e3o. Tudo isso s\u00f3 \u00e9 poss\u00edvel porque temos equipes comprometidas e um governo que acredita em um SUS forte, eficiente e acess\u00edvel\u201d, comemora o presidente do IgesDF, Cleber Monteiro.<\/p>\n","protected":false},"excerpt":{"rendered":"<p>O ano de 2025 foi marcado por entregas hist\u00f3ricas e recordes de cirurgias na sa\u00fade p\u00fablica do Distrito Federal. \u00c0 frente de tr\u00eas hospitais e 13 unidades de pronto atendimento (UPAs), o Instituto de Gest\u00e3o Estrat\u00e9gica de Sa\u00fade do DF (IgesDF) encerra o per\u00edodo com investimentos robustos em tecnologia, obras estruturantes, avan\u00e7os assistenciais e novas [&hellip;]<\/p>\n","protected":false},"author":21,"featured_media":375796,"comment_status":"closed","ping_status":"closed","sticky":false,"template":"","format":"standard","meta":{"_acf_changed":false,"footnotes":""},"categories":[161],"tags":[],"class_list":["post-375795","post","type-post","status-publish","format-standard","has-post-thumbnail","hentry","category-quadradinho-em-foco"],"acf":[],"yoast_head":"<!-- This site is optimized with the Yoast SEO plugin v27.5 - https:\/\/yoast.com\/product\/yoast-seo-wordpress\/ -->\n<title>O ano de 2025 marcou pelos Avan\u00e7os decisivos na rede p\u00fablica de sa\u00fade - Notibras<\/title>\n<meta name=\"robots\" content=\"index, follow, max-snippet:-1, max-image-preview:large, max-video-preview:-1\" \/>\n<link rel=\"canonical\" href=\"https:\/\/www.notibras.com\/site\/o-ano-de-2025-marcou-pelos-avancos-decisivos-na-rede-publica-de-saude\/\" \/>\n<meta property=\"og:locale\" content=\"pt_BR\" \/>\n<meta property=\"og:type\" content=\"article\" \/>\n<meta property=\"og:title\" content=\"O ano de 2025 marcou pelos Avan\u00e7os decisivos na rede p\u00fablica de sa\u00fade - Notibras\" \/>\n<meta property=\"og:description\" content=\"O ano de 2025 foi marcado por entregas hist\u00f3ricas e recordes de cirurgias na sa\u00fade p\u00fablica do Distrito Federal. \u00c0 frente de tr\u00eas hospitais e 13 unidades de pronto atendimento (UPAs), o Instituto de Gest\u00e3o Estrat\u00e9gica de Sa\u00fade do DF (IgesDF) encerra o per\u00edodo com investimentos robustos em tecnologia, obras estruturantes, avan\u00e7os assistenciais e novas [&hellip;]\" \/>\n<meta property=\"og:url\" content=\"https:\/\/www.notibras.com\/site\/o-ano-de-2025-marcou-pelos-avancos-decisivos-na-rede-publica-de-saude\/\" \/>\n<meta property=\"og:site_name\" content=\"Notibras\" \/>\n<meta property=\"article:publisher\" content=\"https:\/\/www.facebook.com\/notibras\/\" \/>\n<meta property=\"article:published_time\" content=\"2025-12-22T04:15:21+00:00\" \/>\n<meta property=\"og:image\" content=\"https:\/\/www.notibras.com\/site\/wp-content\/uploads\/2025\/12\/centro_cirurgico_base.jpg\" \/>\n\t<meta property=\"og:image:width\" content=\"2047\" \/>\n\t<meta property=\"og:image:height\" content=\"1365\" \/>\n\t<meta property=\"og:image:type\" content=\"image\/jpeg\" \/>\n<meta name=\"author\" content=\"Eduardo Mart\u00ednez\" \/>\n<meta name=\"twitter:card\" content=\"summary_large_image\" \/>\n<meta name=\"twitter:creator\" content=\"@Notibras\" \/>\n<meta name=\"twitter:site\" content=\"@Notibras\" \/>\n<meta name=\"twitter:label1\" content=\"Escrito por\" \/>\n\t<meta name=\"twitter:data1\" content=\"Eduardo Mart\u00ednez\" \/>\n\t<meta name=\"twitter:label2\" content=\"Est. tempo de leitura\" \/>\n\t<meta name=\"twitter:data2\" content=\"3 minutos\" \/>\n<script type=\"application\/ld+json\" class=\"yoast-schema-graph\">{\"@context\":\"https:\\\/\\\/schema.org\",\"@graph\":[{\"@type\":\"Article\",\"@id\":\"https:\\\/\\\/www.notibras.com\\\/site\\\/o-ano-de-2025-marcou-pelos-avancos-decisivos-na-rede-publica-de-saude\\\/#article\",\"isPartOf\":{\"@id\":\"https:\\\/\\\/www.notibras.com\\\/site\\\/o-ano-de-2025-marcou-pelos-avancos-decisivos-na-rede-publica-de-saude\\\/\"},\"author\":{\"name\":\"Eduardo Mart\u00ednez\",\"@id\":\"https:\\\/\\\/www.notibras.com\\\/site\\\/#\\\/schema\\\/person\\\/5b7fabf2aedc3ada2105f03b22b4d3dd\"},\"headline\":\"O ano de 2025 marcou pelos Avan\u00e7os decisivos na rede p\u00fablica de sa\u00fade\",\"datePublished\":\"2025-12-22T04:15:21+00:00\",\"mainEntityOfPage\":{\"@id\":\"https:\\\/\\\/www.notibras.com\\\/site\\\/o-ano-de-2025-marcou-pelos-avancos-decisivos-na-rede-publica-de-saude\\\/\"},\"wordCount\":504,\"publisher\":{\"@id\":\"https:\\\/\\\/www.notibras.com\\\/site\\\/#organization\"},\"image\":{\"@id\":\"https:\\\/\\\/www.notibras.com\\\/site\\\/o-ano-de-2025-marcou-pelos-avancos-decisivos-na-rede-publica-de-saude\\\/#primaryimage\"},\"thumbnailUrl\":\"https:\\\/\\\/www.notibras.com\\\/site\\\/wp-content\\\/uploads\\\/2025\\\/12\\\/centro_cirurgico_base.jpg\",\"articleSection\":[\"Quadradinho em Foco\"],\"inLanguage\":\"pt-BR\"},{\"@type\":\"WebPage\",\"@id\":\"https:\\\/\\\/www.notibras.com\\\/site\\\/o-ano-de-2025-marcou-pelos-avancos-decisivos-na-rede-publica-de-saude\\\/\",\"url\":\"https:\\\/\\\/www.notibras.com\\\/site\\\/o-ano-de-2025-marcou-pelos-avancos-decisivos-na-rede-publica-de-saude\\\/\",\"name\":\"O ano de 2025 marcou pelos Avan\u00e7os decisivos na rede p\u00fablica de sa\u00fade - Notibras\",\"isPartOf\":{\"@id\":\"https:\\\/\\\/www.notibras.com\\\/site\\\/#website\"},\"primaryImageOfPage\":{\"@id\":\"https:\\\/\\\/www.notibras.com\\\/site\\\/o-ano-de-2025-marcou-pelos-avancos-decisivos-na-rede-publica-de-saude\\\/#primaryimage\"},\"image\":{\"@id\":\"https:\\\/\\\/www.notibras.com\\\/site\\\/o-ano-de-2025-marcou-pelos-avancos-decisivos-na-rede-publica-de-saude\\\/#primaryimage\"},\"thumbnailUrl\":\"https:\\\/\\\/www.notibras.com\\\/site\\\/wp-content\\\/uploads\\\/2025\\\/12\\\/centro_cirurgico_base.jpg\",\"datePublished\":\"2025-12-22T04:15:21+00:00\",\"breadcrumb\":{\"@id\":\"https:\\\/\\\/www.notibras.com\\\/site\\\/o-ano-de-2025-marcou-pelos-avancos-decisivos-na-rede-publica-de-saude\\\/#breadcrumb\"},\"inLanguage\":\"pt-BR\",\"potentialAction\":[{\"@type\":\"ReadAction\",\"target\":[\"https:\\\/\\\/www.notibras.com\\\/site\\\/o-ano-de-2025-marcou-pelos-avancos-decisivos-na-rede-publica-de-saude\\\/\"]}]},{\"@type\":\"ImageObject\",\"inLanguage\":\"pt-BR\",\"@id\":\"https:\\\/\\\/www.notibras.com\\\/site\\\/o-ano-de-2025-marcou-pelos-avancos-decisivos-na-rede-publica-de-saude\\\/#primaryimage\",\"url\":\"https:\\\/\\\/www.notibras.com\\\/site\\\/wp-content\\\/uploads\\\/2025\\\/12\\\/centro_cirurgico_base.jpg\",\"contentUrl\":\"https:\\\/\\\/www.notibras.com\\\/site\\\/wp-content\\\/uploads\\\/2025\\\/12\\\/centro_cirurgico_base.jpg\",\"width\":2047,\"height\":1365},{\"@type\":\"BreadcrumbList\",\"@id\":\"https:\\\/\\\/www.notibras.com\\\/site\\\/o-ano-de-2025-marcou-pelos-avancos-decisivos-na-rede-publica-de-saude\\\/#breadcrumb\",\"itemListElement\":[{\"@type\":\"ListItem\",\"position\":1,\"name\":\"In\u00edcio\",\"item\":\"https:\\\/\\\/www.notibras.com\\\/site\\\/\"},{\"@type\":\"ListItem\",\"position\":2,\"name\":\"O ano de 2025 marcou pelos Avan\u00e7os decisivos na rede p\u00fablica de sa\u00fade\"}]},{\"@type\":\"WebSite\",\"@id\":\"https:\\\/\\\/www.notibras.com\\\/site\\\/#website\",\"url\":\"https:\\\/\\\/www.notibras.com\\\/site\\\/\",\"name\":\"Notibras\",\"description\":\"Not\u00edcias de Bras\u00edlia, do Brasil e do Mundo\",\"publisher\":{\"@id\":\"https:\\\/\\\/www.notibras.com\\\/site\\\/#organization\"},\"potentialAction\":[{\"@type\":\"SearchAction\",\"target\":{\"@type\":\"EntryPoint\",\"urlTemplate\":\"https:\\\/\\\/www.notibras.com\\\/site\\\/?s={search_term_string}\"},\"query-input\":{\"@type\":\"PropertyValueSpecification\",\"valueRequired\":true,\"valueName\":\"search_term_string\"}}],\"inLanguage\":\"pt-BR\"},{\"@type\":\"Organization\",\"@id\":\"https:\\\/\\\/www.notibras.com\\\/site\\\/#organization\",\"name\":\"Grupo Notibras de Comunica\u00e7\u00e3o\",\"url\":\"https:\\\/\\\/www.notibras.com\\\/site\\\/\",\"logo\":{\"@type\":\"ImageObject\",\"inLanguage\":\"pt-BR\",\"@id\":\"https:\\\/\\\/www.notibras.com\\\/site\\\/#\\\/schema\\\/logo\\\/image\\\/\",\"url\":\"https:\\\/\\\/www.notibras.com\\\/site\\\/wp-content\\\/uploads\\\/2023\\\/01\\\/notibras23.png\",\"contentUrl\":\"https:\\\/\\\/www.notibras.com\\\/site\\\/wp-content\\\/uploads\\\/2023\\\/01\\\/notibras23.png\",\"width\":350,\"height\":87,\"caption\":\"Grupo Notibras de Comunica\u00e7\u00e3o\"},\"image\":{\"@id\":\"https:\\\/\\\/www.notibras.com\\\/site\\\/#\\\/schema\\\/logo\\\/image\\\/\"},\"sameAs\":[\"https:\\\/\\\/www.facebook.com\\\/notibras\\\/\",\"https:\\\/\\\/x.com\\\/Notibras\",\"https:\\\/\\\/www.instagram.com\\\/notibras\\\/\"]},{\"@type\":\"Person\",\"@id\":\"https:\\\/\\\/www.notibras.com\\\/site\\\/#\\\/schema\\\/person\\\/5b7fabf2aedc3ada2105f03b22b4d3dd\",\"name\":\"Eduardo Mart\u00ednez\",\"image\":{\"@type\":\"ImageObject\",\"inLanguage\":\"pt-BR\",\"@id\":\"https:\\\/\\\/secure.gravatar.com\\\/avatar\\\/7902f906289926289cbcda644b5197c796b893c6ffd7b9a536a42d290f7704a0?s=96&d=mm&r=g\",\"url\":\"https:\\\/\\\/secure.gravatar.com\\\/avatar\\\/7902f906289926289cbcda644b5197c796b893c6ffd7b9a536a42d290f7704a0?s=96&d=mm&r=g\",\"contentUrl\":\"https:\\\/\\\/secure.gravatar.com\\\/avatar\\\/7902f906289926289cbcda644b5197c796b893c6ffd7b9a536a42d290f7704a0?s=96&d=mm&r=g\",\"caption\":\"Eduardo Mart\u00ednez\"}}]}<\/script>\n<!-- \/ Yoast SEO plugin. -->","yoast_head_json":{"title":"O ano de 2025 marcou pelos Avan\u00e7os decisivos na rede p\u00fablica de sa\u00fade - Notibras","robots":{"index":"index","follow":"follow","max-snippet":"max-snippet:-1","max-image-preview":"max-image-preview:large","max-video-preview":"max-video-preview:-1"},"canonical":"https:\/\/www.notibras.com\/site\/o-ano-de-2025-marcou-pelos-avancos-decisivos-na-rede-publica-de-saude\/","og_locale":"pt_BR","og_type":"article","og_title":"O ano de 2025 marcou pelos Avan\u00e7os decisivos na rede p\u00fablica de sa\u00fade - Notibras","og_description":"O ano de 2025 foi marcado por entregas hist\u00f3ricas e recordes de cirurgias na sa\u00fade p\u00fablica do Distrito Federal. \u00c0 frente de tr\u00eas hospitais e 13 unidades de pronto atendimento (UPAs), o Instituto de Gest\u00e3o Estrat\u00e9gica de Sa\u00fade do DF (IgesDF) encerra o per\u00edodo com investimentos robustos em tecnologia, obras estruturantes, avan\u00e7os assistenciais e novas [&hellip;]","og_url":"https:\/\/www.notibras.com\/site\/o-ano-de-2025-marcou-pelos-avancos-decisivos-na-rede-publica-de-saude\/","og_site_name":"Notibras","article_publisher":"https:\/\/www.facebook.com\/notibras\/","article_published_time":"2025-12-22T04:15:21+00:00","og_image":[{"width":2047,"height":1365,"url":"https:\/\/www.notibras.com\/site\/wp-content\/uploads\/2025\/12\/centro_cirurgico_base.jpg","type":"image\/jpeg"}],"author":"Eduardo Mart\u00ednez","twitter_card":"summary_large_image","twitter_creator":"@Notibras","twitter_site":"@Notibras","twitter_misc":{"Escrito por":"Eduardo Mart\u00ednez","Est. tempo de leitura":"3 minutos"},"schema":{"@context":"https:\/\/schema.org","@graph":[{"@type":"Article","@id":"https:\/\/www.notibras.com\/site\/o-ano-de-2025-marcou-pelos-avancos-decisivos-na-rede-publica-de-saude\/#article","isPartOf":{"@id":"https:\/\/www.notibras.com\/site\/o-ano-de-2025-marcou-pelos-avancos-decisivos-na-rede-publica-de-saude\/"},"author":{"name":"Eduardo Mart\u00ednez","@id":"https:\/\/www.notibras.com\/site\/#\/schema\/person\/5b7fabf2aedc3ada2105f03b22b4d3dd"},"headline":"O ano de 2025 marcou pelos Avan\u00e7os decisivos na rede p\u00fablica de sa\u00fade","datePublished":"2025-12-22T04:15:21+00:00","mainEntityOfPage":{"@id":"https:\/\/www.notibras.com\/site\/o-ano-de-2025-marcou-pelos-avancos-decisivos-na-rede-publica-de-saude\/"},"wordCount":504,"publisher":{"@id":"https:\/\/www.notibras.com\/site\/#organization"},"image":{"@id":"https:\/\/www.notibras.com\/site\/o-ano-de-2025-marcou-pelos-avancos-decisivos-na-rede-publica-de-saude\/#primaryimage"},"thumbnailUrl":"https:\/\/www.notibras.com\/site\/wp-content\/uploads\/2025\/12\/centro_cirurgico_base.jpg","articleSection":["Quadradinho em Foco"],"inLanguage":"pt-BR"},{"@type":"WebPage","@id":"https:\/\/www.notibras.com\/site\/o-ano-de-2025-marcou-pelos-avancos-decisivos-na-rede-publica-de-saude\/","url":"https:\/\/www.notibras.com\/site\/o-ano-de-2025-marcou-pelos-avancos-decisivos-na-rede-publica-de-saude\/","name":"O ano de 2025 marcou pelos Avan\u00e7os decisivos na rede p\u00fablica de sa\u00fade - Notibras","isPartOf":{"@id":"https:\/\/www.notibras.com\/site\/#website"},"primaryImageOfPage":{"@id":"https:\/\/www.notibras.com\/site\/o-ano-de-2025-marcou-pelos-avancos-decisivos-na-rede-publica-de-saude\/#primaryimage"},"image":{"@id":"https:\/\/www.notibras.com\/site\/o-ano-de-2025-marcou-pelos-avancos-decisivos-na-rede-publica-de-saude\/#primaryimage"},"thumbnailUrl":"https:\/\/www.notibras.com\/site\/wp-content\/uploads\/2025\/12\/centro_cirurgico_base.jpg","datePublished":"2025-12-22T04:15:21+00:00","breadcrumb":{"@id":"https:\/\/www.notibras.com\/site\/o-ano-de-2025-marcou-pelos-avancos-decisivos-na-rede-publica-de-saude\/#breadcrumb"},"inLanguage":"pt-BR","potentialAction":[{"@type":"ReadAction","target":["https:\/\/www.notibras.com\/site\/o-ano-de-2025-marcou-pelos-avancos-decisivos-na-rede-publica-de-saude\/"]}]},{"@type":"ImageObject","inLanguage":"pt-BR","@id":"https:\/\/www.notibras.com\/site\/o-ano-de-2025-marcou-pelos-avancos-decisivos-na-rede-publica-de-saude\/#primaryimage","url":"https:\/\/www.notibras.com\/site\/wp-content\/uploads\/2025\/12\/centro_cirurgico_base.jpg","contentUrl":"https:\/\/www.notibras.com\/site\/wp-content\/uploads\/2025\/12\/centro_cirurgico_base.jpg","width":2047,"height":1365},{"@type":"BreadcrumbList","@id":"https:\/\/www.notibras.com\/site\/o-ano-de-2025-marcou-pelos-avancos-decisivos-na-rede-publica-de-saude\/#breadcrumb","itemListElement":[{"@type":"ListItem","position":1,"name":"In\u00edcio","item":"https:\/\/www.notibras.com\/site\/"},{"@type":"ListItem","position":2,"name":"O ano de 2025 marcou pelos Avan\u00e7os decisivos na rede p\u00fablica de sa\u00fade"}]},{"@type":"WebSite","@id":"https:\/\/www.notibras.com\/site\/#website","url":"https:\/\/www.notibras.com\/site\/","name":"Notibras","description":"Not\u00edcias de Bras\u00edlia, do Brasil e do Mundo","publisher":{"@id":"https:\/\/www.notibras.com\/site\/#organization"},"potentialAction":[{"@type":"SearchAction","target":{"@type":"EntryPoint","urlTemplate":"https:\/\/www.notibras.com\/site\/?s={search_term_string}"},"query-input":{"@type":"PropertyValueSpecification","valueRequired":true,"valueName":"search_term_string"}}],"inLanguage":"pt-BR"},{"@type":"Organization","@id":"https:\/\/www.notibras.com\/site\/#organization","name":"Grupo Notibras de Comunica\u00e7\u00e3o","url":"https:\/\/www.notibras.com\/site\/","logo":{"@type":"ImageObject","inLanguage":"pt-BR","@id":"https:\/\/www.notibras.com\/site\/#\/schema\/logo\/image\/","url":"https:\/\/www.notibras.com\/site\/wp-content\/uploads\/2023\/01\/notibras23.png","contentUrl":"https:\/\/www.notibras.com\/site\/wp-content\/uploads\/2023\/01\/notibras23.png","width":350,"height":87,"caption":"Grupo Notibras de Comunica\u00e7\u00e3o"},"image":{"@id":"https:\/\/www.notibras.com\/site\/#\/schema\/logo\/image\/"},"sameAs":["https:\/\/www.facebook.com\/notibras\/","https:\/\/x.com\/Notibras","https:\/\/www.instagram.com\/notibras\/"]},{"@type":"Person","@id":"https:\/\/www.notibras.com\/site\/#\/schema\/person\/5b7fabf2aedc3ada2105f03b22b4d3dd","name":"Eduardo Mart\u00ednez","image":{"@type":"ImageObject","inLanguage":"pt-BR","@id":"https:\/\/secure.gravatar.com\/avatar\/7902f906289926289cbcda644b5197c796b893c6ffd7b9a536a42d290f7704a0?s=96&d=mm&r=g","url":"https:\/\/secure.gravatar.com\/avatar\/7902f906289926289cbcda644b5197c796b893c6ffd7b9a536a42d290f7704a0?s=96&d=mm&r=g","contentUrl":"https:\/\/secure.gravatar.com\/avatar\/7902f906289926289cbcda644b5197c796b893c6ffd7b9a536a42d290f7704a0?s=96&d=mm&r=g","caption":"Eduardo Mart\u00ednez"}}]}},"amp_enabled":true,"_links":{"self":[{"href":"https:\/\/www.notibras.com\/site\/wp-json\/wp\/v2\/posts\/375795","targetHints":{"allow":["GET"]}}],"collection":[{"href":"https:\/\/www.notibras.com\/site\/wp-json\/wp\/v2\/posts"}],"about":[{"href":"https:\/\/www.notibras.com\/site\/wp-json\/wp\/v2\/types\/post"}],"author":[{"embeddable":true,"href":"https:\/\/www.notibras.com\/site\/wp-json\/wp\/v2\/users\/21"}],"replies":[{"embeddable":true,"href":"https:\/\/www.notibras.com\/site\/wp-json\/wp\/v2\/comments?post=375795"}],"version-history":[{"count":4,"href":"https:\/\/www.notibras.com\/site\/wp-json\/wp\/v2\/posts\/375795\/revisions"}],"predecessor-version":[{"id":375800,"href":"https:\/\/www.notibras.com\/site\/wp-json\/wp\/v2\/posts\/375795\/revisions\/375800"}],"wp:featuredmedia":[{"embeddable":true,"href":"https:\/\/www.notibras.com\/site\/wp-json\/wp\/v2\/media\/375796"}],"wp:attachment":[{"href":"https:\/\/www.notibras.com\/site\/wp-json\/wp\/v2\/media?parent=375795"}],"wp:term":[{"taxonomy":"category","embeddable":true,"href":"https:\/\/www.notibras.com\/site\/wp-json\/wp\/v2\/categories?post=375795"},{"taxonomy":"post_tag","embeddable":true,"href":"https:\/\/www.notibras.com\/site\/wp-json\/wp\/v2\/tags?post=375795"}],"curies":[{"name":"wp","href":"https:\/\/api.w.org\/{rel}","templated":true}]}}