{"id":375801,"date":"2025-12-27T02:15:22","date_gmt":"2025-12-27T05:15:22","guid":{"rendered":"https:\/\/www.notibras.com\/site\/?p=375801"},"modified":"2025-12-22T00:58:50","modified_gmt":"2025-12-22T03:58:50","slug":"somos-prisioneiras-de-nos-mesmas","status":"publish","type":"post","link":"https:\/\/www.notibras.com\/site\/somos-prisioneiras-de-nos-mesmas\/","title":{"rendered":"SOMOS PRISIONEIRAS DE N\u00d3S MESMAS&#8230;"},"content":{"rendered":"<p>Vivemos em uma Sociedade Heterog\u00eanea. S\u00e3o v\u00e1rios n\u00facleos que, reunidos, formam um corpo onde a alma \u00e9 criada de acordo com os indiv\u00edduos que os comp\u00f5e. E n\u00e3o espere coer\u00eancia na linha de pensamento de nenhum desses grupos, pois n\u00e3o h\u00e1. E tudo porque cada pessoa tem sua pr\u00f3pria vis\u00e3o do mundo, sua forma peculiar de sentir o Universo&#8230;<\/p>\n<p>Mal comparando com nosso pr\u00f3prio corpo, chegamos \u00e0 conclus\u00e3o que a uni\u00e3o dos v\u00e1rios grupos sociais espalhados pelo mundo nada mais s\u00e3o que indiv\u00edduos aut\u00f4nomos, cada qual com suas pr\u00f3prias ideias, tentando alcan\u00e7ar seus objetivos. Detalhe&#8230; os objetivos do grupo em nada coincidem com aquilo que seus componentes desejam&#8230;<\/p>\n<p>Devemos nos lembrar que uma pessoa&#8230; jur\u00eddica, na falta de um termo melhor&#8230; \u00e9 um agrupamento de v\u00e1rias pessoas f\u00edsicas, unidas por uma ideia em comum. Mas a\u00ed est\u00e1 o pulo do gato&#8230; \u00e9 apenas uma ideia em comum para o grupo todo. Embora em sua linha de pensamento principal estejam todos interligados, essa liga\u00e7\u00e3o acaba se tornando fr\u00e1gil pois, se houver alguma discord\u00e2ncia entre os membros, o grupo poder\u00e1 perder pe\u00e7as importantes para sua exist\u00eancia e em casos mais graves, pode at\u00e9 mesmo deixar de existir&#8230;<\/p>\n<p>E por que isso ocorre? Simples&#8230; cada pessoa \u00e9 um Universo \u00e0 parte, com ideias pr\u00f3prias e uma vis\u00e3o muito particular daquilo que se lhe apresenta no mundo f\u00edsico. E essa vis\u00e3o, muitas vezes, acaba por ofuscar ideias que, em um primeiro momento, parecia importante para o elemento&#8230;<\/p>\n<p>N\u00e3o \u00e9 por outro motivo que os l\u00edderes dos v\u00e1rios grupos espalhados por esse plano procuram sempre novas formas de mostrar aos seus escolhidos o qu\u00e3o benfazeja \u00e9 a ideia para a qual est\u00e3o sendo cooptados&#8230; \u00e9 por isso que se costuma bombardear as pessoas com informa\u00e7\u00f5es relevantes para o grupo&#8230; h\u00e1 a necessidade de se conseguir mais uma c\u00e9lula que permita ao corpo em constru\u00e7\u00e3o crescer, tornar-se realmente importante&#8230;<\/p>\n<p>E como tal \u00e9 finalmente efetivado? Criando barreiras no livre pensar do indiv\u00edduo. Faz\u00ea-lo compreender o qu\u00e3o importante \u00e9 a miss\u00e3o que lhe foi designada. E uma dessas miss\u00f5es \u00e9 a coopta\u00e7\u00e3o de novos membros, alinhados com os objetivos do grupo. Podemos dizer, a grosso modo, que formamos uma &#8220;liga\u00e7\u00e3o covalente&#8221; onde, assim como o \u00e1tomo, compartilhamos parte nosso com grupos variados&#8230;<\/p>\n<p>N\u00e3o estranhe tal compara\u00e7\u00e3o&#8230; afinal, normalmente, as pessoas participam de v\u00e1rios grupos ao mesmo tempo. E nem sempre os objetivos destes coincidem. Exemplos existem em quantidade. Uma pessoa que frequenta uma igreja qualquer e, ao mesmo tempo, participa de um clube de tiro&#8230; as duas atividades s\u00e3o conflitantes em suas diretrizes, mas o elemento n\u00e3o v\u00ea dessa maneira&#8230;<\/p>\n<p>Sim, por mais que seja um paradoxo, a maioria das pessoas defende a Paz em um grupo e se manifesta a favor da viol\u00eancia em outro. Ent\u00e3o ficamos nos perguntando&#8230; o que leva a pessoa a chegar a esse est\u00e1gio? V\u00e1rios s\u00e3o os fatores. N\u00e3o podemos nos esquecer que somos bombardeados o tempo todo com informa\u00e7\u00f5es que \u00e0 primeira vista parecem inocentes, mas que v\u00e3o se cristalizando em nosso \u00e2mago, nos deixando&#8230; vers\u00e1teis, eu diria&#8230; de forma que passamos a enxergar aquilo que os grupos aos quais estamos ligadas desejam que vejamos&#8230;<\/p>\n<p>E \u00e9 nesse momento que acabamos por abrir m\u00e3o de nossas convic\u00e7\u00f5es&#8230; n\u00e3o por nossa vontade, mas por indu\u00e7\u00e3o&#8230; e defendemos algo que, na maioria das vezes nos ser\u00e1 prejudicial. Mas n\u00e3o \u00e9 essa a vis\u00e3o que temos, pois nos foi pintado um quadro colorido onde tudo funciona \u00e0s mil maravilhas&#8230;<\/p>\n<p>\u00c9 quando nos tornamos prisioneiras de n\u00f3s mesmas&#8230; acabamos por doar nossa humanidade aos v\u00e1rios grupos que nos cooptaram. E n\u00e3o vemos nada de errado nisso. Mesmo quando algu\u00e9m tenta nos afastar do abismo para o qual caminhamos por vontade pr\u00f3pria, contra todos os argumentos razo\u00e1veis, condenamos quem tenta nos abrir os olhos e seguimos aqueles que nos desejam apenas para servir de para raios&#8230;<\/p>\n<p>Sim, nesse est\u00e1gio estamos presas em nosso mundo particular, mas ao mesmo tempo estamos acorrentadas aos v\u00e1rios grupos que nos convenceram a deles participar. E nesse momento deixamos de ter qualquer import\u00e2ncia para o mundo&#8230; pois o Indiv\u00edduo Social, do qual fazemos parte, poder\u00e1 nos usar da melhor maneira que lhe aprouver, pois a Comunidade est\u00e1 acima do indiv\u00edduo&#8230;<\/p>\n","protected":false},"excerpt":{"rendered":"<p>Vivemos em uma Sociedade Heterog\u00eanea. S\u00e3o v\u00e1rios n\u00facleos que, reunidos, formam um corpo onde a alma \u00e9 criada de acordo com os indiv\u00edduos que os comp\u00f5e. E n\u00e3o espere coer\u00eancia na linha de pensamento de nenhum desses grupos, pois n\u00e3o h\u00e1. E tudo porque cada pessoa tem sua pr\u00f3pria vis\u00e3o do mundo, sua forma peculiar [&hellip;]<\/p>\n","protected":false},"author":21,"featured_media":375802,"comment_status":"closed","ping_status":"closed","sticky":false,"template":"","format":"standard","meta":{"_acf_changed":false,"footnotes":""},"categories":[236],"tags":[],"class_list":["post-375801","post","type-post","status-publish","format-standard","has-post-thumbnail","hentry","category-ponto-de-vista"],"acf":[],"yoast_head":"<!-- This site is optimized with the Yoast SEO plugin v27.5 - https:\/\/yoast.com\/product\/yoast-seo-wordpress\/ -->\n<title>SOMOS PRISIONEIRAS DE N\u00d3S MESMAS... - Notibras<\/title>\n<meta name=\"robots\" content=\"index, follow, max-snippet:-1, max-image-preview:large, max-video-preview:-1\" \/>\n<link rel=\"canonical\" href=\"https:\/\/www.notibras.com\/site\/somos-prisioneiras-de-nos-mesmas\/\" \/>\n<meta property=\"og:locale\" content=\"pt_BR\" \/>\n<meta property=\"og:type\" content=\"article\" \/>\n<meta property=\"og:title\" content=\"SOMOS PRISIONEIRAS DE N\u00d3S MESMAS... - Notibras\" \/>\n<meta property=\"og:description\" content=\"Vivemos em uma Sociedade Heterog\u00eanea. S\u00e3o v\u00e1rios n\u00facleos que, reunidos, formam um corpo onde a alma \u00e9 criada de acordo com os indiv\u00edduos que os comp\u00f5e. E n\u00e3o espere coer\u00eancia na linha de pensamento de nenhum desses grupos, pois n\u00e3o h\u00e1. E tudo porque cada pessoa tem sua pr\u00f3pria vis\u00e3o do mundo, sua forma peculiar [&hellip;]\" \/>\n<meta property=\"og:url\" content=\"https:\/\/www.notibras.com\/site\/somos-prisioneiras-de-nos-mesmas\/\" \/>\n<meta property=\"og:site_name\" content=\"Notibras\" \/>\n<meta property=\"article:publisher\" content=\"https:\/\/www.facebook.com\/notibras\/\" \/>\n<meta property=\"article:published_time\" content=\"2025-12-27T05:15:22+00:00\" \/>\n<meta property=\"og:image\" content=\"https:\/\/www.notibras.com\/site\/wp-content\/uploads\/2025\/12\/60f5bf0b-fd2c-4985-9451-887e0107b534.jpg\" \/>\n\t<meta property=\"og:image:width\" content=\"809\" \/>\n\t<meta property=\"og:image:height\" content=\"1046\" \/>\n\t<meta property=\"og:image:type\" content=\"image\/jpeg\" \/>\n<meta name=\"author\" content=\"Eduardo Mart\u00ednez\" \/>\n<meta name=\"twitter:card\" content=\"summary_large_image\" \/>\n<meta name=\"twitter:creator\" content=\"@Notibras\" \/>\n<meta name=\"twitter:site\" content=\"@Notibras\" \/>\n<meta name=\"twitter:label1\" content=\"Escrito por\" \/>\n\t<meta name=\"twitter:data1\" content=\"Eduardo Mart\u00ednez\" \/>\n\t<meta name=\"twitter:label2\" content=\"Est. tempo de leitura\" \/>\n\t<meta name=\"twitter:data2\" content=\"5 minutos\" \/>\n<script type=\"application\/ld+json\" class=\"yoast-schema-graph\">{\"@context\":\"https:\\\/\\\/schema.org\",\"@graph\":[{\"@type\":\"Article\",\"@id\":\"https:\\\/\\\/www.notibras.com\\\/site\\\/somos-prisioneiras-de-nos-mesmas\\\/#article\",\"isPartOf\":{\"@id\":\"https:\\\/\\\/www.notibras.com\\\/site\\\/somos-prisioneiras-de-nos-mesmas\\\/\"},\"author\":{\"name\":\"Eduardo Mart\u00ednez\",\"@id\":\"https:\\\/\\\/www.notibras.com\\\/site\\\/#\\\/schema\\\/person\\\/5b7fabf2aedc3ada2105f03b22b4d3dd\"},\"headline\":\"SOMOS PRISIONEIRAS DE N\u00d3S MESMAS&#8230;\",\"datePublished\":\"2025-12-27T05:15:22+00:00\",\"mainEntityOfPage\":{\"@id\":\"https:\\\/\\\/www.notibras.com\\\/site\\\/somos-prisioneiras-de-nos-mesmas\\\/\"},\"wordCount\":768,\"publisher\":{\"@id\":\"https:\\\/\\\/www.notibras.com\\\/site\\\/#organization\"},\"image\":{\"@id\":\"https:\\\/\\\/www.notibras.com\\\/site\\\/somos-prisioneiras-de-nos-mesmas\\\/#primaryimage\"},\"thumbnailUrl\":\"https:\\\/\\\/www.notibras.com\\\/site\\\/wp-content\\\/uploads\\\/2025\\\/12\\\/60f5bf0b-fd2c-4985-9451-887e0107b534.jpg\",\"articleSection\":[\"Ponto de Vista\"],\"inLanguage\":\"pt-BR\"},{\"@type\":\"WebPage\",\"@id\":\"https:\\\/\\\/www.notibras.com\\\/site\\\/somos-prisioneiras-de-nos-mesmas\\\/\",\"url\":\"https:\\\/\\\/www.notibras.com\\\/site\\\/somos-prisioneiras-de-nos-mesmas\\\/\",\"name\":\"SOMOS PRISIONEIRAS DE N\u00d3S MESMAS... - Notibras\",\"isPartOf\":{\"@id\":\"https:\\\/\\\/www.notibras.com\\\/site\\\/#website\"},\"primaryImageOfPage\":{\"@id\":\"https:\\\/\\\/www.notibras.com\\\/site\\\/somos-prisioneiras-de-nos-mesmas\\\/#primaryimage\"},\"image\":{\"@id\":\"https:\\\/\\\/www.notibras.com\\\/site\\\/somos-prisioneiras-de-nos-mesmas\\\/#primaryimage\"},\"thumbnailUrl\":\"https:\\\/\\\/www.notibras.com\\\/site\\\/wp-content\\\/uploads\\\/2025\\\/12\\\/60f5bf0b-fd2c-4985-9451-887e0107b534.jpg\",\"datePublished\":\"2025-12-27T05:15:22+00:00\",\"breadcrumb\":{\"@id\":\"https:\\\/\\\/www.notibras.com\\\/site\\\/somos-prisioneiras-de-nos-mesmas\\\/#breadcrumb\"},\"inLanguage\":\"pt-BR\",\"potentialAction\":[{\"@type\":\"ReadAction\",\"target\":[\"https:\\\/\\\/www.notibras.com\\\/site\\\/somos-prisioneiras-de-nos-mesmas\\\/\"]}]},{\"@type\":\"ImageObject\",\"inLanguage\":\"pt-BR\",\"@id\":\"https:\\\/\\\/www.notibras.com\\\/site\\\/somos-prisioneiras-de-nos-mesmas\\\/#primaryimage\",\"url\":\"https:\\\/\\\/www.notibras.com\\\/site\\\/wp-content\\\/uploads\\\/2025\\\/12\\\/60f5bf0b-fd2c-4985-9451-887e0107b534.jpg\",\"contentUrl\":\"https:\\\/\\\/www.notibras.com\\\/site\\\/wp-content\\\/uploads\\\/2025\\\/12\\\/60f5bf0b-fd2c-4985-9451-887e0107b534.jpg\",\"width\":809,\"height\":1046},{\"@type\":\"BreadcrumbList\",\"@id\":\"https:\\\/\\\/www.notibras.com\\\/site\\\/somos-prisioneiras-de-nos-mesmas\\\/#breadcrumb\",\"itemListElement\":[{\"@type\":\"ListItem\",\"position\":1,\"name\":\"In\u00edcio\",\"item\":\"https:\\\/\\\/www.notibras.com\\\/site\\\/\"},{\"@type\":\"ListItem\",\"position\":2,\"name\":\"SOMOS PRISIONEIRAS DE N\u00d3S MESMAS&#8230;\"}]},{\"@type\":\"WebSite\",\"@id\":\"https:\\\/\\\/www.notibras.com\\\/site\\\/#website\",\"url\":\"https:\\\/\\\/www.notibras.com\\\/site\\\/\",\"name\":\"Notibras\",\"description\":\"Not\u00edcias de Bras\u00edlia, do Brasil e do Mundo\",\"publisher\":{\"@id\":\"https:\\\/\\\/www.notibras.com\\\/site\\\/#organization\"},\"potentialAction\":[{\"@type\":\"SearchAction\",\"target\":{\"@type\":\"EntryPoint\",\"urlTemplate\":\"https:\\\/\\\/www.notibras.com\\\/site\\\/?s={search_term_string}\"},\"query-input\":{\"@type\":\"PropertyValueSpecification\",\"valueRequired\":true,\"valueName\":\"search_term_string\"}}],\"inLanguage\":\"pt-BR\"},{\"@type\":\"Organization\",\"@id\":\"https:\\\/\\\/www.notibras.com\\\/site\\\/#organization\",\"name\":\"Grupo Notibras de Comunica\u00e7\u00e3o\",\"url\":\"https:\\\/\\\/www.notibras.com\\\/site\\\/\",\"logo\":{\"@type\":\"ImageObject\",\"inLanguage\":\"pt-BR\",\"@id\":\"https:\\\/\\\/www.notibras.com\\\/site\\\/#\\\/schema\\\/logo\\\/image\\\/\",\"url\":\"https:\\\/\\\/www.notibras.com\\\/site\\\/wp-content\\\/uploads\\\/2023\\\/01\\\/notibras23.png\",\"contentUrl\":\"https:\\\/\\\/www.notibras.com\\\/site\\\/wp-content\\\/uploads\\\/2023\\\/01\\\/notibras23.png\",\"width\":350,\"height\":87,\"caption\":\"Grupo Notibras de Comunica\u00e7\u00e3o\"},\"image\":{\"@id\":\"https:\\\/\\\/www.notibras.com\\\/site\\\/#\\\/schema\\\/logo\\\/image\\\/\"},\"sameAs\":[\"https:\\\/\\\/www.facebook.com\\\/notibras\\\/\",\"https:\\\/\\\/x.com\\\/Notibras\",\"https:\\\/\\\/www.instagram.com\\\/notibras\\\/\"]},{\"@type\":\"Person\",\"@id\":\"https:\\\/\\\/www.notibras.com\\\/site\\\/#\\\/schema\\\/person\\\/5b7fabf2aedc3ada2105f03b22b4d3dd\",\"name\":\"Eduardo Mart\u00ednez\",\"image\":{\"@type\":\"ImageObject\",\"inLanguage\":\"pt-BR\",\"@id\":\"https:\\\/\\\/secure.gravatar.com\\\/avatar\\\/7902f906289926289cbcda644b5197c796b893c6ffd7b9a536a42d290f7704a0?s=96&d=mm&r=g\",\"url\":\"https:\\\/\\\/secure.gravatar.com\\\/avatar\\\/7902f906289926289cbcda644b5197c796b893c6ffd7b9a536a42d290f7704a0?s=96&d=mm&r=g\",\"contentUrl\":\"https:\\\/\\\/secure.gravatar.com\\\/avatar\\\/7902f906289926289cbcda644b5197c796b893c6ffd7b9a536a42d290f7704a0?s=96&d=mm&r=g\",\"caption\":\"Eduardo Mart\u00ednez\"}}]}<\/script>\n<!-- \/ Yoast SEO plugin. -->","yoast_head_json":{"title":"SOMOS PRISIONEIRAS DE N\u00d3S MESMAS... - Notibras","robots":{"index":"index","follow":"follow","max-snippet":"max-snippet:-1","max-image-preview":"max-image-preview:large","max-video-preview":"max-video-preview:-1"},"canonical":"https:\/\/www.notibras.com\/site\/somos-prisioneiras-de-nos-mesmas\/","og_locale":"pt_BR","og_type":"article","og_title":"SOMOS PRISIONEIRAS DE N\u00d3S MESMAS... - Notibras","og_description":"Vivemos em uma Sociedade Heterog\u00eanea. S\u00e3o v\u00e1rios n\u00facleos que, reunidos, formam um corpo onde a alma \u00e9 criada de acordo com os indiv\u00edduos que os comp\u00f5e. E n\u00e3o espere coer\u00eancia na linha de pensamento de nenhum desses grupos, pois n\u00e3o h\u00e1. E tudo porque cada pessoa tem sua pr\u00f3pria vis\u00e3o do mundo, sua forma peculiar [&hellip;]","og_url":"https:\/\/www.notibras.com\/site\/somos-prisioneiras-de-nos-mesmas\/","og_site_name":"Notibras","article_publisher":"https:\/\/www.facebook.com\/notibras\/","article_published_time":"2025-12-27T05:15:22+00:00","og_image":[{"width":809,"height":1046,"url":"https:\/\/www.notibras.com\/site\/wp-content\/uploads\/2025\/12\/60f5bf0b-fd2c-4985-9451-887e0107b534.jpg","type":"image\/jpeg"}],"author":"Eduardo Mart\u00ednez","twitter_card":"summary_large_image","twitter_creator":"@Notibras","twitter_site":"@Notibras","twitter_misc":{"Escrito por":"Eduardo Mart\u00ednez","Est. tempo de leitura":"5 minutos"},"schema":{"@context":"https:\/\/schema.org","@graph":[{"@type":"Article","@id":"https:\/\/www.notibras.com\/site\/somos-prisioneiras-de-nos-mesmas\/#article","isPartOf":{"@id":"https:\/\/www.notibras.com\/site\/somos-prisioneiras-de-nos-mesmas\/"},"author":{"name":"Eduardo Mart\u00ednez","@id":"https:\/\/www.notibras.com\/site\/#\/schema\/person\/5b7fabf2aedc3ada2105f03b22b4d3dd"},"headline":"SOMOS PRISIONEIRAS DE N\u00d3S MESMAS&#8230;","datePublished":"2025-12-27T05:15:22+00:00","mainEntityOfPage":{"@id":"https:\/\/www.notibras.com\/site\/somos-prisioneiras-de-nos-mesmas\/"},"wordCount":768,"publisher":{"@id":"https:\/\/www.notibras.com\/site\/#organization"},"image":{"@id":"https:\/\/www.notibras.com\/site\/somos-prisioneiras-de-nos-mesmas\/#primaryimage"},"thumbnailUrl":"https:\/\/www.notibras.com\/site\/wp-content\/uploads\/2025\/12\/60f5bf0b-fd2c-4985-9451-887e0107b534.jpg","articleSection":["Ponto de Vista"],"inLanguage":"pt-BR"},{"@type":"WebPage","@id":"https:\/\/www.notibras.com\/site\/somos-prisioneiras-de-nos-mesmas\/","url":"https:\/\/www.notibras.com\/site\/somos-prisioneiras-de-nos-mesmas\/","name":"SOMOS PRISIONEIRAS DE N\u00d3S MESMAS... - Notibras","isPartOf":{"@id":"https:\/\/www.notibras.com\/site\/#website"},"primaryImageOfPage":{"@id":"https:\/\/www.notibras.com\/site\/somos-prisioneiras-de-nos-mesmas\/#primaryimage"},"image":{"@id":"https:\/\/www.notibras.com\/site\/somos-prisioneiras-de-nos-mesmas\/#primaryimage"},"thumbnailUrl":"https:\/\/www.notibras.com\/site\/wp-content\/uploads\/2025\/12\/60f5bf0b-fd2c-4985-9451-887e0107b534.jpg","datePublished":"2025-12-27T05:15:22+00:00","breadcrumb":{"@id":"https:\/\/www.notibras.com\/site\/somos-prisioneiras-de-nos-mesmas\/#breadcrumb"},"inLanguage":"pt-BR","potentialAction":[{"@type":"ReadAction","target":["https:\/\/www.notibras.com\/site\/somos-prisioneiras-de-nos-mesmas\/"]}]},{"@type":"ImageObject","inLanguage":"pt-BR","@id":"https:\/\/www.notibras.com\/site\/somos-prisioneiras-de-nos-mesmas\/#primaryimage","url":"https:\/\/www.notibras.com\/site\/wp-content\/uploads\/2025\/12\/60f5bf0b-fd2c-4985-9451-887e0107b534.jpg","contentUrl":"https:\/\/www.notibras.com\/site\/wp-content\/uploads\/2025\/12\/60f5bf0b-fd2c-4985-9451-887e0107b534.jpg","width":809,"height":1046},{"@type":"BreadcrumbList","@id":"https:\/\/www.notibras.com\/site\/somos-prisioneiras-de-nos-mesmas\/#breadcrumb","itemListElement":[{"@type":"ListItem","position":1,"name":"In\u00edcio","item":"https:\/\/www.notibras.com\/site\/"},{"@type":"ListItem","position":2,"name":"SOMOS PRISIONEIRAS DE N\u00d3S MESMAS&#8230;"}]},{"@type":"WebSite","@id":"https:\/\/www.notibras.com\/site\/#website","url":"https:\/\/www.notibras.com\/site\/","name":"Notibras","description":"Not\u00edcias de Bras\u00edlia, do Brasil e do Mundo","publisher":{"@id":"https:\/\/www.notibras.com\/site\/#organization"},"potentialAction":[{"@type":"SearchAction","target":{"@type":"EntryPoint","urlTemplate":"https:\/\/www.notibras.com\/site\/?s={search_term_string}"},"query-input":{"@type":"PropertyValueSpecification","valueRequired":true,"valueName":"search_term_string"}}],"inLanguage":"pt-BR"},{"@type":"Organization","@id":"https:\/\/www.notibras.com\/site\/#organization","name":"Grupo Notibras de Comunica\u00e7\u00e3o","url":"https:\/\/www.notibras.com\/site\/","logo":{"@type":"ImageObject","inLanguage":"pt-BR","@id":"https:\/\/www.notibras.com\/site\/#\/schema\/logo\/image\/","url":"https:\/\/www.notibras.com\/site\/wp-content\/uploads\/2023\/01\/notibras23.png","contentUrl":"https:\/\/www.notibras.com\/site\/wp-content\/uploads\/2023\/01\/notibras23.png","width":350,"height":87,"caption":"Grupo Notibras de Comunica\u00e7\u00e3o"},"image":{"@id":"https:\/\/www.notibras.com\/site\/#\/schema\/logo\/image\/"},"sameAs":["https:\/\/www.facebook.com\/notibras\/","https:\/\/x.com\/Notibras","https:\/\/www.instagram.com\/notibras\/"]},{"@type":"Person","@id":"https:\/\/www.notibras.com\/site\/#\/schema\/person\/5b7fabf2aedc3ada2105f03b22b4d3dd","name":"Eduardo Mart\u00ednez","image":{"@type":"ImageObject","inLanguage":"pt-BR","@id":"https:\/\/secure.gravatar.com\/avatar\/7902f906289926289cbcda644b5197c796b893c6ffd7b9a536a42d290f7704a0?s=96&d=mm&r=g","url":"https:\/\/secure.gravatar.com\/avatar\/7902f906289926289cbcda644b5197c796b893c6ffd7b9a536a42d290f7704a0?s=96&d=mm&r=g","contentUrl":"https:\/\/secure.gravatar.com\/avatar\/7902f906289926289cbcda644b5197c796b893c6ffd7b9a536a42d290f7704a0?s=96&d=mm&r=g","caption":"Eduardo Mart\u00ednez"}}]}},"amp_enabled":true,"_links":{"self":[{"href":"https:\/\/www.notibras.com\/site\/wp-json\/wp\/v2\/posts\/375801","targetHints":{"allow":["GET"]}}],"collection":[{"href":"https:\/\/www.notibras.com\/site\/wp-json\/wp\/v2\/posts"}],"about":[{"href":"https:\/\/www.notibras.com\/site\/wp-json\/wp\/v2\/types\/post"}],"author":[{"embeddable":true,"href":"https:\/\/www.notibras.com\/site\/wp-json\/wp\/v2\/users\/21"}],"replies":[{"embeddable":true,"href":"https:\/\/www.notibras.com\/site\/wp-json\/wp\/v2\/comments?post=375801"}],"version-history":[{"count":2,"href":"https:\/\/www.notibras.com\/site\/wp-json\/wp\/v2\/posts\/375801\/revisions"}],"predecessor-version":[{"id":375804,"href":"https:\/\/www.notibras.com\/site\/wp-json\/wp\/v2\/posts\/375801\/revisions\/375804"}],"wp:featuredmedia":[{"embeddable":true,"href":"https:\/\/www.notibras.com\/site\/wp-json\/wp\/v2\/media\/375802"}],"wp:attachment":[{"href":"https:\/\/www.notibras.com\/site\/wp-json\/wp\/v2\/media?parent=375801"}],"wp:term":[{"taxonomy":"category","embeddable":true,"href":"https:\/\/www.notibras.com\/site\/wp-json\/wp\/v2\/categories?post=375801"},{"taxonomy":"post_tag","embeddable":true,"href":"https:\/\/www.notibras.com\/site\/wp-json\/wp\/v2\/tags?post=375801"}],"curies":[{"name":"wp","href":"https:\/\/api.w.org\/{rel}","templated":true}]}}