{"id":375834,"date":"2025-12-22T02:50:56","date_gmt":"2025-12-22T05:50:56","guid":{"rendered":"https:\/\/www.notibras.com\/site\/?p=375834"},"modified":"2025-12-22T02:52:49","modified_gmt":"2025-12-22T05:52:49","slug":"candidato-invisivel-arruda-tem-medo-de-que","status":"publish","type":"post","link":"https:\/\/www.notibras.com\/site\/candidato-invisivel-arruda-tem-medo-de-que\/","title":{"rendered":"Candidato invis\u00edvel, Arruda tem medo de qu\u00ea?"},"content":{"rendered":"<p>O esp\u00edrito \u00e9 natalino, as luzes piscam no Eixo Monumental, nas janelas dos apartamentos, mas h\u00e1 um personagem que prefere circular \u00e0s sombras. \u00c9 Jos\u00e9 Roberto Arruda, ex-governador, ex-senador, ex-deputado \u2014 e, sobretudo, ex-cassado. Hoje ele ensaia mais uma volta ao Pal\u00e1cio do Buriti, mas age como quem atravessa um campo minado de olhos vendados. Vive escondido nas redes sociais, protegido por v\u00eddeos editados, frases gen\u00e9ricas e uma biografia cuidadosamente plastificada.<\/p>\n<p>Arruda n\u00e3o concede entrevistas. Marca, confirma\u2026 e desmarca em cima da hora. Com <strong>Notibras<\/strong>, isso n\u00e3o aconteceu uma vez, mas em diferentes oportunidades. Sempre surge um imprevisto, uma agenda paralela, um sil\u00eancio s\u00fabito. O ex-governador fala muito \u2014 desde que seja sozinho, diante da pr\u00f3pria c\u00e2mera, sem perguntas, sem contradit\u00f3rio, sem mem\u00f3ria.<\/p>\n<p>Afinal, do que ele tem medo? Medo dos esc\u00e2ndalos que levaram \u00e0 sua cassa\u00e7\u00e3o por corrup\u00e7\u00e3o? Das imagens que o pa\u00eds inteiro viu \u2014 e que Bras\u00edlia jamais esqueceu \u2014 dele e de aliados recebendo dinheiro em esp\u00e9cie das m\u00e3os de Durval Barbosa, ent\u00e3o presidente da Codeplan? Medo das grava\u00e7\u00f5es em que a propina circulava com a naturalidade de quem passa o caf\u00e9 da tarde? Ou medo de explicar, mais uma vez, que aquele dinheiro tinha destino nobre &#8211; o famoso panetone, met\u00e1fora natalina que entrou para o folclore pol\u00edtico brasileiro como s\u00edmbolo do esc\u00e1rnio com a intelig\u00eancia do eleitor?<\/p>\n<p>Talvez o temor venha ainda de mais longe. Da sua passagem pelo Congresso Nacional, onde ajudou a manchar, com tintas grossas, a j\u00e1 combalida imagem pol\u00edtica de Bras\u00edlia. Arruda n\u00e3o carrega apenas um curr\u00edculo; seu fardo \u00e9 um prontu\u00e1rio pol\u00edtico que insiste em reaparecer sempre que algu\u00e9m faz a pergunta errada, que o anima, ou a certa, que o transtorna.<\/p>\n<p>Mas h\u00e1 um medo mais recente, mais jur\u00eddico, mais silencioso. Trata-se da ADI 7881, que repousa nas m\u00e3os da ministra C\u00e1rmen L\u00facia, no Supremo Tribunal Federal. A a\u00e7\u00e3o, movida pela Rede Sustentabilidade, questiona a Lei Complementar 219\/2025, que alterou a Lei da Ficha Limpa (LC 135\/2010) para flexibilizar as regras de inelegibilidade. Na pr\u00e1tica, abriu-se uma porta lateral para acelerar o retorno ao jogo eleitoral de pol\u00edticos condenados.<\/p>\n<p>A Rede, ao lado de entidades como o Movimento de Combate \u00e0 Corrup\u00e7\u00e3o Eleitoral (MCCE), v\u00ea nisso um retrocesso grave, uma tentativa de esvaziar a ess\u00eancia da Ficha Limpa e reabilitar, a toque de caixa, figuras que a sociedade j\u00e1 havia colocado em quarentena democr\u00e1tica. O pedido \u00e9 claro: suspender as mudan\u00e7as para preservar a moralidade eleitoral, sobretudo \u00e0s v\u00e9speras das elei\u00e7\u00f5es de 2026.<\/p>\n<p>E aqui o sil\u00eancio de Arruda ganha contornos ainda mais reveladores. Como falar em candidatura sem explicar por que depende tanto de uma lei contestada no Supremo? Como se apresentar como \u201cnovo\u201d sem enfrentar o passado que o STF pode, a qualquer momento, trazer de volta ao centro do palco?<\/p>\n<p>Arruda prefere o conforto do mon\u00f3logo. Evita jornalistas porque jornalistas perguntam. Perguntam sobre cassa\u00e7\u00e3o, sobre dinheiro vivo, sobre grava\u00e7\u00f5es, sobre leis feitas sob medida, sobre atalhos jur\u00eddicos e sobre panetones que nunca convenceram ningu\u00e9m fora do marketing pol\u00edtico.<\/p>\n<p>O Natal pede reconcilia\u00e7\u00e3o, \u00e9 verdade. Mas reconcilia\u00e7\u00e3o exige mem\u00f3ria, n\u00e3o amn\u00e9sia. O eleitor brasiliense j\u00e1 engoliu muita coisa ao longo de d\u00e9cadas. Resta saber se, em 2026, aceitar\u00e1 novamente o mesmo embrulho, sempre com la\u00e7o dourado, discurso ensaiado e recheio conhecido.<\/p>\n<p>Porque, no fundo, a pergunta permanece ecoando nos corredores do poder e nas ruas do Distrito Federal: Arruda tem medo de qu\u00ea?<\/p>\n<p>&#8230;&#8230;&#8230;&#8230;&#8230;&#8230;&#8230;.<\/p>\n<p><strong>Jos\u00e9 Seabra \u00e9 CEO fundador de Notibras<\/strong><\/p>\n","protected":false},"excerpt":{"rendered":"<p>O esp\u00edrito \u00e9 natalino, as luzes piscam no Eixo Monumental, nas janelas dos apartamentos, mas h\u00e1 um personagem que prefere circular \u00e0s sombras. \u00c9 Jos\u00e9 Roberto Arruda, ex-governador, ex-senador, ex-deputado \u2014 e, sobretudo, ex-cassado. Hoje ele ensaia mais uma volta ao Pal\u00e1cio do Buriti, mas age como quem atravessa um campo minado de olhos vendados. [&hellip;]<\/p>\n","protected":false},"author":2,"featured_media":375835,"comment_status":"closed","ping_status":"closed","sticky":false,"template":"","format":"standard","meta":{"_acf_changed":false,"footnotes":""},"categories":[161],"tags":[95],"class_list":["post-375834","post","type-post","status-publish","format-standard","has-post-thumbnail","hentry","category-quadradinho-em-foco","tag-capa"],"acf":[],"yoast_head":"<!-- This site is optimized with the Yoast SEO plugin v27.2 - https:\/\/yoast.com\/product\/yoast-seo-wordpress\/ -->\n<title>Candidato invis\u00edvel, Arruda tem medo de qu\u00ea? - Notibras<\/title>\n<meta name=\"robots\" content=\"index, follow, max-snippet:-1, max-image-preview:large, max-video-preview:-1\" \/>\n<link rel=\"canonical\" href=\"https:\/\/www.notibras.com\/site\/candidato-invisivel-arruda-tem-medo-de-que\/\" \/>\n<meta property=\"og:locale\" content=\"pt_BR\" \/>\n<meta property=\"og:type\" content=\"article\" \/>\n<meta property=\"og:title\" content=\"Candidato invis\u00edvel, Arruda tem medo de qu\u00ea? - Notibras\" \/>\n<meta property=\"og:description\" content=\"O esp\u00edrito \u00e9 natalino, as luzes piscam no Eixo Monumental, nas janelas dos apartamentos, mas h\u00e1 um personagem que prefere circular \u00e0s sombras. \u00c9 Jos\u00e9 Roberto Arruda, ex-governador, ex-senador, ex-deputado \u2014 e, sobretudo, ex-cassado. Hoje ele ensaia mais uma volta ao Pal\u00e1cio do Buriti, mas age como quem atravessa um campo minado de olhos vendados. [&hellip;]\" \/>\n<meta property=\"og:url\" content=\"https:\/\/www.notibras.com\/site\/candidato-invisivel-arruda-tem-medo-de-que\/\" \/>\n<meta property=\"og:site_name\" content=\"Notibras\" \/>\n<meta property=\"article:publisher\" content=\"https:\/\/www.facebook.com\/notibras\/\" \/>\n<meta property=\"article:published_time\" content=\"2025-12-22T05:50:56+00:00\" \/>\n<meta property=\"article:modified_time\" content=\"2025-12-22T05:52:49+00:00\" \/>\n<meta property=\"og:image\" content=\"https:\/\/www.notibras.com\/site\/wp-content\/uploads\/2025\/12\/arruda-medroso.webp\" \/>\n\t<meta property=\"og:image:width\" content=\"770\" \/>\n\t<meta property=\"og:image:height\" content=\"558\" \/>\n\t<meta property=\"og:image:type\" content=\"image\/webp\" \/>\n<meta name=\"author\" content=\"Reda\u00e7\u00e3o\" \/>\n<meta name=\"twitter:card\" content=\"summary_large_image\" \/>\n<meta name=\"twitter:creator\" content=\"@Notibras\" \/>\n<meta name=\"twitter:site\" content=\"@Notibras\" \/>\n<meta name=\"twitter:label1\" content=\"Escrito por\" \/>\n\t<meta name=\"twitter:data1\" content=\"Reda\u00e7\u00e3o\" \/>\n\t<meta name=\"twitter:label2\" content=\"Est. tempo de leitura\" \/>\n\t<meta name=\"twitter:data2\" content=\"4 minutos\" \/>\n<script type=\"application\/ld+json\" class=\"yoast-schema-graph\">{\"@context\":\"https:\/\/schema.org\",\"@graph\":[{\"@type\":\"Article\",\"@id\":\"https:\/\/www.notibras.com\/site\/candidato-invisivel-arruda-tem-medo-de-que\/#article\",\"isPartOf\":{\"@id\":\"https:\/\/www.notibras.com\/site\/candidato-invisivel-arruda-tem-medo-de-que\/\"},\"author\":{\"name\":\"Reda\u00e7\u00e3o\",\"@id\":\"https:\/\/www.notibras.com\/site\/#\/schema\/person\/36ab0979449956132d3e5b517ea76ac8\"},\"headline\":\"Candidato invis\u00edvel, Arruda tem medo de qu\u00ea?\",\"datePublished\":\"2025-12-22T05:50:56+00:00\",\"dateModified\":\"2025-12-22T05:52:49+00:00\",\"mainEntityOfPage\":{\"@id\":\"https:\/\/www.notibras.com\/site\/candidato-invisivel-arruda-tem-medo-de-que\/\"},\"wordCount\":625,\"publisher\":{\"@id\":\"https:\/\/www.notibras.com\/site\/#organization\"},\"image\":{\"@id\":\"https:\/\/www.notibras.com\/site\/candidato-invisivel-arruda-tem-medo-de-que\/#primaryimage\"},\"thumbnailUrl\":\"https:\/\/www.notibras.com\/site\/wp-content\/uploads\/2025\/12\/arruda-medroso.webp\",\"keywords\":[\"capa\"],\"articleSection\":[\"Quadradinho em Foco\"],\"inLanguage\":\"pt-BR\"},{\"@type\":\"WebPage\",\"@id\":\"https:\/\/www.notibras.com\/site\/candidato-invisivel-arruda-tem-medo-de-que\/\",\"url\":\"https:\/\/www.notibras.com\/site\/candidato-invisivel-arruda-tem-medo-de-que\/\",\"name\":\"Candidato invis\u00edvel, Arruda tem medo de qu\u00ea? - Notibras\",\"isPartOf\":{\"@id\":\"https:\/\/www.notibras.com\/site\/#website\"},\"primaryImageOfPage\":{\"@id\":\"https:\/\/www.notibras.com\/site\/candidato-invisivel-arruda-tem-medo-de-que\/#primaryimage\"},\"image\":{\"@id\":\"https:\/\/www.notibras.com\/site\/candidato-invisivel-arruda-tem-medo-de-que\/#primaryimage\"},\"thumbnailUrl\":\"https:\/\/www.notibras.com\/site\/wp-content\/uploads\/2025\/12\/arruda-medroso.webp\",\"datePublished\":\"2025-12-22T05:50:56+00:00\",\"dateModified\":\"2025-12-22T05:52:49+00:00\",\"breadcrumb\":{\"@id\":\"https:\/\/www.notibras.com\/site\/candidato-invisivel-arruda-tem-medo-de-que\/#breadcrumb\"},\"inLanguage\":\"pt-BR\",\"potentialAction\":[{\"@type\":\"ReadAction\",\"target\":[\"https:\/\/www.notibras.com\/site\/candidato-invisivel-arruda-tem-medo-de-que\/\"]}]},{\"@type\":\"ImageObject\",\"inLanguage\":\"pt-BR\",\"@id\":\"https:\/\/www.notibras.com\/site\/candidato-invisivel-arruda-tem-medo-de-que\/#primaryimage\",\"url\":\"https:\/\/www.notibras.com\/site\/wp-content\/uploads\/2025\/12\/arruda-medroso.webp\",\"contentUrl\":\"https:\/\/www.notibras.com\/site\/wp-content\/uploads\/2025\/12\/arruda-medroso.webp\",\"width\":770,\"height\":558},{\"@type\":\"BreadcrumbList\",\"@id\":\"https:\/\/www.notibras.com\/site\/candidato-invisivel-arruda-tem-medo-de-que\/#breadcrumb\",\"itemListElement\":[{\"@type\":\"ListItem\",\"position\":1,\"name\":\"In\u00edcio\",\"item\":\"https:\/\/www.notibras.com\/site\/\"},{\"@type\":\"ListItem\",\"position\":2,\"name\":\"Candidato invis\u00edvel, Arruda tem medo de qu\u00ea?\"}]},{\"@type\":\"WebSite\",\"@id\":\"https:\/\/www.notibras.com\/site\/#website\",\"url\":\"https:\/\/www.notibras.com\/site\/\",\"name\":\"Notibras\",\"description\":\"Not\u00edcias de Bras\u00edlia, do Brasil e do Mundo\",\"publisher\":{\"@id\":\"https:\/\/www.notibras.com\/site\/#organization\"},\"potentialAction\":[{\"@type\":\"SearchAction\",\"target\":{\"@type\":\"EntryPoint\",\"urlTemplate\":\"https:\/\/www.notibras.com\/site\/?s={search_term_string}\"},\"query-input\":{\"@type\":\"PropertyValueSpecification\",\"valueRequired\":true,\"valueName\":\"search_term_string\"}}],\"inLanguage\":\"pt-BR\"},{\"@type\":\"Organization\",\"@id\":\"https:\/\/www.notibras.com\/site\/#organization\",\"name\":\"Grupo Notibras de Comunica\u00e7\u00e3o\",\"url\":\"https:\/\/www.notibras.com\/site\/\",\"logo\":{\"@type\":\"ImageObject\",\"inLanguage\":\"pt-BR\",\"@id\":\"https:\/\/www.notibras.com\/site\/#\/schema\/logo\/image\/\",\"url\":\"https:\/\/www.notibras.com\/site\/wp-content\/uploads\/2023\/01\/notibras23.png\",\"contentUrl\":\"https:\/\/www.notibras.com\/site\/wp-content\/uploads\/2023\/01\/notibras23.png\",\"width\":350,\"height\":87,\"caption\":\"Grupo Notibras de Comunica\u00e7\u00e3o\"},\"image\":{\"@id\":\"https:\/\/www.notibras.com\/site\/#\/schema\/logo\/image\/\"},\"sameAs\":[\"https:\/\/www.facebook.com\/notibras\/\",\"https:\/\/x.com\/Notibras\",\"https:\/\/www.instagram.com\/notibras\/\"]},{\"@type\":\"Person\",\"@id\":\"https:\/\/www.notibras.com\/site\/#\/schema\/person\/36ab0979449956132d3e5b517ea76ac8\",\"name\":\"Reda\u00e7\u00e3o\",\"image\":{\"@type\":\"ImageObject\",\"inLanguage\":\"pt-BR\",\"@id\":\"https:\/\/secure.gravatar.com\/avatar\/e0a867bdedb85fd243eadf09663511f96fc81e0720a4a42581f334ad4303aa6b?s=96&d=mm&r=g\",\"url\":\"https:\/\/secure.gravatar.com\/avatar\/e0a867bdedb85fd243eadf09663511f96fc81e0720a4a42581f334ad4303aa6b?s=96&d=mm&r=g\",\"contentUrl\":\"https:\/\/secure.gravatar.com\/avatar\/e0a867bdedb85fd243eadf09663511f96fc81e0720a4a42581f334ad4303aa6b?s=96&d=mm&r=g\",\"caption\":\"Reda\u00e7\u00e3o\"}}]}<\/script>\n<!-- \/ Yoast SEO plugin. -->","yoast_head_json":{"title":"Candidato invis\u00edvel, Arruda tem medo de qu\u00ea? - Notibras","robots":{"index":"index","follow":"follow","max-snippet":"max-snippet:-1","max-image-preview":"max-image-preview:large","max-video-preview":"max-video-preview:-1"},"canonical":"https:\/\/www.notibras.com\/site\/candidato-invisivel-arruda-tem-medo-de-que\/","og_locale":"pt_BR","og_type":"article","og_title":"Candidato invis\u00edvel, Arruda tem medo de qu\u00ea? - Notibras","og_description":"O esp\u00edrito \u00e9 natalino, as luzes piscam no Eixo Monumental, nas janelas dos apartamentos, mas h\u00e1 um personagem que prefere circular \u00e0s sombras. \u00c9 Jos\u00e9 Roberto Arruda, ex-governador, ex-senador, ex-deputado \u2014 e, sobretudo, ex-cassado. Hoje ele ensaia mais uma volta ao Pal\u00e1cio do Buriti, mas age como quem atravessa um campo minado de olhos vendados. [&hellip;]","og_url":"https:\/\/www.notibras.com\/site\/candidato-invisivel-arruda-tem-medo-de-que\/","og_site_name":"Notibras","article_publisher":"https:\/\/www.facebook.com\/notibras\/","article_published_time":"2025-12-22T05:50:56+00:00","article_modified_time":"2025-12-22T05:52:49+00:00","og_image":[{"width":770,"height":558,"url":"https:\/\/www.notibras.com\/site\/wp-content\/uploads\/2025\/12\/arruda-medroso.webp","type":"image\/webp"}],"author":"Reda\u00e7\u00e3o","twitter_card":"summary_large_image","twitter_creator":"@Notibras","twitter_site":"@Notibras","twitter_misc":{"Escrito por":"Reda\u00e7\u00e3o","Est. tempo de leitura":"4 minutos"},"schema":{"@context":"https:\/\/schema.org","@graph":[{"@type":"Article","@id":"https:\/\/www.notibras.com\/site\/candidato-invisivel-arruda-tem-medo-de-que\/#article","isPartOf":{"@id":"https:\/\/www.notibras.com\/site\/candidato-invisivel-arruda-tem-medo-de-que\/"},"author":{"name":"Reda\u00e7\u00e3o","@id":"https:\/\/www.notibras.com\/site\/#\/schema\/person\/36ab0979449956132d3e5b517ea76ac8"},"headline":"Candidato invis\u00edvel, Arruda tem medo de qu\u00ea?","datePublished":"2025-12-22T05:50:56+00:00","dateModified":"2025-12-22T05:52:49+00:00","mainEntityOfPage":{"@id":"https:\/\/www.notibras.com\/site\/candidato-invisivel-arruda-tem-medo-de-que\/"},"wordCount":625,"publisher":{"@id":"https:\/\/www.notibras.com\/site\/#organization"},"image":{"@id":"https:\/\/www.notibras.com\/site\/candidato-invisivel-arruda-tem-medo-de-que\/#primaryimage"},"thumbnailUrl":"https:\/\/www.notibras.com\/site\/wp-content\/uploads\/2025\/12\/arruda-medroso.webp","keywords":["capa"],"articleSection":["Quadradinho em Foco"],"inLanguage":"pt-BR"},{"@type":"WebPage","@id":"https:\/\/www.notibras.com\/site\/candidato-invisivel-arruda-tem-medo-de-que\/","url":"https:\/\/www.notibras.com\/site\/candidato-invisivel-arruda-tem-medo-de-que\/","name":"Candidato invis\u00edvel, Arruda tem medo de qu\u00ea? - Notibras","isPartOf":{"@id":"https:\/\/www.notibras.com\/site\/#website"},"primaryImageOfPage":{"@id":"https:\/\/www.notibras.com\/site\/candidato-invisivel-arruda-tem-medo-de-que\/#primaryimage"},"image":{"@id":"https:\/\/www.notibras.com\/site\/candidato-invisivel-arruda-tem-medo-de-que\/#primaryimage"},"thumbnailUrl":"https:\/\/www.notibras.com\/site\/wp-content\/uploads\/2025\/12\/arruda-medroso.webp","datePublished":"2025-12-22T05:50:56+00:00","dateModified":"2025-12-22T05:52:49+00:00","breadcrumb":{"@id":"https:\/\/www.notibras.com\/site\/candidato-invisivel-arruda-tem-medo-de-que\/#breadcrumb"},"inLanguage":"pt-BR","potentialAction":[{"@type":"ReadAction","target":["https:\/\/www.notibras.com\/site\/candidato-invisivel-arruda-tem-medo-de-que\/"]}]},{"@type":"ImageObject","inLanguage":"pt-BR","@id":"https:\/\/www.notibras.com\/site\/candidato-invisivel-arruda-tem-medo-de-que\/#primaryimage","url":"https:\/\/www.notibras.com\/site\/wp-content\/uploads\/2025\/12\/arruda-medroso.webp","contentUrl":"https:\/\/www.notibras.com\/site\/wp-content\/uploads\/2025\/12\/arruda-medroso.webp","width":770,"height":558},{"@type":"BreadcrumbList","@id":"https:\/\/www.notibras.com\/site\/candidato-invisivel-arruda-tem-medo-de-que\/#breadcrumb","itemListElement":[{"@type":"ListItem","position":1,"name":"In\u00edcio","item":"https:\/\/www.notibras.com\/site\/"},{"@type":"ListItem","position":2,"name":"Candidato invis\u00edvel, Arruda tem medo de qu\u00ea?"}]},{"@type":"WebSite","@id":"https:\/\/www.notibras.com\/site\/#website","url":"https:\/\/www.notibras.com\/site\/","name":"Notibras","description":"Not\u00edcias de Bras\u00edlia, do Brasil e do Mundo","publisher":{"@id":"https:\/\/www.notibras.com\/site\/#organization"},"potentialAction":[{"@type":"SearchAction","target":{"@type":"EntryPoint","urlTemplate":"https:\/\/www.notibras.com\/site\/?s={search_term_string}"},"query-input":{"@type":"PropertyValueSpecification","valueRequired":true,"valueName":"search_term_string"}}],"inLanguage":"pt-BR"},{"@type":"Organization","@id":"https:\/\/www.notibras.com\/site\/#organization","name":"Grupo Notibras de Comunica\u00e7\u00e3o","url":"https:\/\/www.notibras.com\/site\/","logo":{"@type":"ImageObject","inLanguage":"pt-BR","@id":"https:\/\/www.notibras.com\/site\/#\/schema\/logo\/image\/","url":"https:\/\/www.notibras.com\/site\/wp-content\/uploads\/2023\/01\/notibras23.png","contentUrl":"https:\/\/www.notibras.com\/site\/wp-content\/uploads\/2023\/01\/notibras23.png","width":350,"height":87,"caption":"Grupo Notibras de Comunica\u00e7\u00e3o"},"image":{"@id":"https:\/\/www.notibras.com\/site\/#\/schema\/logo\/image\/"},"sameAs":["https:\/\/www.facebook.com\/notibras\/","https:\/\/x.com\/Notibras","https:\/\/www.instagram.com\/notibras\/"]},{"@type":"Person","@id":"https:\/\/www.notibras.com\/site\/#\/schema\/person\/36ab0979449956132d3e5b517ea76ac8","name":"Reda\u00e7\u00e3o","image":{"@type":"ImageObject","inLanguage":"pt-BR","@id":"https:\/\/secure.gravatar.com\/avatar\/e0a867bdedb85fd243eadf09663511f96fc81e0720a4a42581f334ad4303aa6b?s=96&d=mm&r=g","url":"https:\/\/secure.gravatar.com\/avatar\/e0a867bdedb85fd243eadf09663511f96fc81e0720a4a42581f334ad4303aa6b?s=96&d=mm&r=g","contentUrl":"https:\/\/secure.gravatar.com\/avatar\/e0a867bdedb85fd243eadf09663511f96fc81e0720a4a42581f334ad4303aa6b?s=96&d=mm&r=g","caption":"Reda\u00e7\u00e3o"}}]}},"amp_enabled":true,"_links":{"self":[{"href":"https:\/\/www.notibras.com\/site\/wp-json\/wp\/v2\/posts\/375834","targetHints":{"allow":["GET"]}}],"collection":[{"href":"https:\/\/www.notibras.com\/site\/wp-json\/wp\/v2\/posts"}],"about":[{"href":"https:\/\/www.notibras.com\/site\/wp-json\/wp\/v2\/types\/post"}],"author":[{"embeddable":true,"href":"https:\/\/www.notibras.com\/site\/wp-json\/wp\/v2\/users\/2"}],"replies":[{"embeddable":true,"href":"https:\/\/www.notibras.com\/site\/wp-json\/wp\/v2\/comments?post=375834"}],"version-history":[{"count":2,"href":"https:\/\/www.notibras.com\/site\/wp-json\/wp\/v2\/posts\/375834\/revisions"}],"predecessor-version":[{"id":375837,"href":"https:\/\/www.notibras.com\/site\/wp-json\/wp\/v2\/posts\/375834\/revisions\/375837"}],"wp:featuredmedia":[{"embeddable":true,"href":"https:\/\/www.notibras.com\/site\/wp-json\/wp\/v2\/media\/375835"}],"wp:attachment":[{"href":"https:\/\/www.notibras.com\/site\/wp-json\/wp\/v2\/media?parent=375834"}],"wp:term":[{"taxonomy":"category","embeddable":true,"href":"https:\/\/www.notibras.com\/site\/wp-json\/wp\/v2\/categories?post=375834"},{"taxonomy":"post_tag","embeddable":true,"href":"https:\/\/www.notibras.com\/site\/wp-json\/wp\/v2\/tags?post=375834"}],"curies":[{"name":"wp","href":"https:\/\/api.w.org\/{rel}","templated":true}]}}