{"id":375847,"date":"2025-12-22T00:16:59","date_gmt":"2025-12-22T03:16:59","guid":{"rendered":"https:\/\/www.notibras.com\/site\/?p=375847"},"modified":"2025-12-22T03:19:30","modified_gmt":"2025-12-22T06:19:30","slug":"ladeiras-ficam-mais-ingremes-e-ameacam-patrimonio-da-humanidade","status":"publish","type":"post","link":"https:\/\/www.notibras.com\/site\/ladeiras-ficam-mais-ingremes-e-ameacam-patrimonio-da-humanidade\/","title":{"rendered":"Ladeiras ficam mais \u00edngremes e amea\u00e7am Patrim\u00f4nio da Humanidade"},"content":{"rendered":"<p>Um relat\u00f3rio t\u00e9cnico produzido por pesquisadores da Universidade de Pernambuco (UPE) revela que as ladeiras e encostas do S\u00edtio Hist\u00f3rico de Olinda, reconhecido como Patrim\u00f4nio Cultural da Humanidade pela UNESCO desde 1982, est\u00e3o se tornando progressivamente mais \u00edngremes e inst\u00e1veis, com potencial de comprometer a integridade do conjunto arquitet\u00f4nico e urban\u00edstico da cidade hist\u00f3rica.<\/p>\n<p>O estudo faz parte de um projeto de avalia\u00e7\u00e3o geot\u00e9cnica realizado em parceria entre a Escola Polit\u00e9cnica da UPE, o Instituto do Patrim\u00f4nio Hist\u00f3rico e Art\u00edstico Nacional (Iphan) e a Universidade Federal de Pernambuco (UFPE). Ao longo de seis meses, equipes de especialistas analisaram o solo, a inclina\u00e7\u00e3o das encostas e os efeitos das interven\u00e7\u00f5es humanas no s\u00edtio urbano tombado, que abrange cerca de 1,2 km\u00b2 de \u00e1rea hist\u00f3rica repleta de ruas \u00edngremes, casar\u00f5es, igrejas e monumentos coloniais.<\/p>\n<p>De acordo com o coordenador do projeto, professor Alexandre Gusm\u00e3o, o estudo identificou um aumento na declividade dos morros, fen\u00f4meno associado \u00e0 degrada\u00e7\u00e3o do solo causada por movimentos lentos da encosta e por interven\u00e7\u00f5es urban\u00edsticas inadequadas, al\u00e9m da falta de manuten\u00e7\u00e3o de drenagens e infraestruturas que poderiam mitigar o processo.<\/p>\n<p>\u201cOs locais visitados apresentaram movimentos de solo que tornam as encostas mais \u00edngremes. Isso pode agravar fissuras e trincas em edifica\u00e7\u00f5es hist\u00f3ricas, sobretudo durante per\u00edodos chuvosos, aumentando o risco de danos \u00e0s constru\u00e7\u00f5es tradicionais\u201d, explicou o professor.<\/p>\n<p>Entre os pontos do S\u00edtio Hist\u00f3rico em alerta est\u00e3o \u00e1reas pr\u00f3ximas ao Semin\u00e1rio de Olinda, fundos da Igreja da S\u00e9, Ladeira da Miseric\u00f3rdia, Bica dos Quatro Cantos, Igreja de Nossa Senhora do Amparo e a Rua Nossa Senhora de Guadalupe, onde o relat\u00f3rio detectou encostas com \u00e2ngulos de inclina\u00e7\u00e3o superiores a 50 graus, associados a problemas como deslizamentos, eros\u00f5es e queda de blocos de solo.<\/p>\n<p>O estudo destaca tamb\u00e9m problemas patol\u00f3gicos em edifica\u00e7\u00f5es patrimoniais, como infiltra\u00e7\u00f5es e deteriora\u00e7\u00e3o de materiais, agravados pela a\u00e7\u00e3o de fungos e cupins, que reduzem a vida \u00fatil das estruturas hist\u00f3ricas. O professor Gusm\u00e3o ressalta que a a\u00e7\u00e3o combinada de solo movedi\u00e7o e edifica\u00e7\u00f5es deterioradas pode criar cen\u00e1rios de risco, especialmente se n\u00e3o houver a\u00e7\u00f5es preventivas e projetos de engenharia adequados.<\/p>\n<p>Especialistas apontam que a degrada\u00e7\u00e3o das encostas tem sido intensificada pela ocupa\u00e7\u00e3o humana desordenada, pela remo\u00e7\u00e3o de vegeta\u00e7\u00e3o nativa e por obras de drenagem e cortes de solo sem crit\u00e9rios t\u00e9cnicos apropriados. A retirada de vegeta\u00e7\u00e3o, por exemplo, aumenta a infiltra\u00e7\u00e3o de \u00e1gua no solo, reduz sua resist\u00eancia e favorece processos de movimenta\u00e7\u00e3o de massa, como deslizamentos.<\/p>\n<p>O relat\u00f3rio sugere a necessidade de mapear detalhadamente as \u00e1reas de risco, identificar diretrizes para estabiliza\u00e7\u00e3o das encostas e mobilizar o poder p\u00fablico e \u00f3rg\u00e3os gestores para interven\u00e7\u00f5es de engenharia que preservem tanto a integridade do solo quanto o patrim\u00f4nio constru\u00eddo, evitando que a degrada\u00e7\u00e3o comprometa monumentos hist\u00f3ricos e a experi\u00eancia urbana do s\u00edtio tombado.<\/p>\n","protected":false},"excerpt":{"rendered":"<p>Um relat\u00f3rio t\u00e9cnico produzido por pesquisadores da Universidade de Pernambuco (UPE) revela que as ladeiras e encostas do S\u00edtio Hist\u00f3rico de Olinda, reconhecido como Patrim\u00f4nio Cultural da Humanidade pela UNESCO desde 1982, est\u00e3o se tornando progressivamente mais \u00edngremes e inst\u00e1veis, com potencial de comprometer a integridade do conjunto arquitet\u00f4nico e urban\u00edstico da cidade hist\u00f3rica. O [&hellip;]<\/p>\n","protected":false},"author":2,"featured_media":375848,"comment_status":"closed","ping_status":"closed","sticky":false,"template":"","format":"standard","meta":{"_acf_changed":false,"footnotes":""},"categories":[165],"tags":[],"class_list":["post-375847","post","type-post","status-publish","format-standard","has-post-thumbnail","hentry","category-nordeste"],"acf":[],"yoast_head":"<!-- This site is optimized with the Yoast SEO plugin v27.5 - https:\/\/yoast.com\/product\/yoast-seo-wordpress\/ -->\n<title>Ladeiras ficam mais \u00edngremes e amea\u00e7am Patrim\u00f4nio da Humanidade - Notibras<\/title>\n<meta name=\"robots\" content=\"index, follow, max-snippet:-1, max-image-preview:large, max-video-preview:-1\" \/>\n<link rel=\"canonical\" href=\"https:\/\/www.notibras.com\/site\/ladeiras-ficam-mais-ingremes-e-ameacam-patrimonio-da-humanidade\/\" \/>\n<meta property=\"og:locale\" content=\"pt_BR\" \/>\n<meta property=\"og:type\" content=\"article\" \/>\n<meta property=\"og:title\" content=\"Ladeiras ficam mais \u00edngremes e amea\u00e7am Patrim\u00f4nio da Humanidade - Notibras\" \/>\n<meta property=\"og:description\" content=\"Um relat\u00f3rio t\u00e9cnico produzido por pesquisadores da Universidade de Pernambuco (UPE) revela que as ladeiras e encostas do S\u00edtio Hist\u00f3rico de Olinda, reconhecido como Patrim\u00f4nio Cultural da Humanidade pela UNESCO desde 1982, est\u00e3o se tornando progressivamente mais \u00edngremes e inst\u00e1veis, com potencial de comprometer a integridade do conjunto arquitet\u00f4nico e urban\u00edstico da cidade hist\u00f3rica. O [&hellip;]\" \/>\n<meta property=\"og:url\" content=\"https:\/\/www.notibras.com\/site\/ladeiras-ficam-mais-ingremes-e-ameacam-patrimonio-da-humanidade\/\" \/>\n<meta property=\"og:site_name\" content=\"Notibras\" \/>\n<meta property=\"article:publisher\" content=\"https:\/\/www.facebook.com\/notibras\/\" \/>\n<meta property=\"article:published_time\" content=\"2025-12-22T03:16:59+00:00\" \/>\n<meta property=\"article:modified_time\" content=\"2025-12-22T06:19:30+00:00\" \/>\n<meta property=\"og:image\" content=\"https:\/\/www.notibras.com\/site\/wp-content\/uploads\/2025\/12\/29028b17-8018-4336-b1bf-94c46bbf5e5f.jpg\" \/>\n\t<meta property=\"og:image:width\" content=\"984\" \/>\n\t<meta property=\"og:image:height\" content=\"554\" \/>\n\t<meta property=\"og:image:type\" content=\"image\/jpeg\" \/>\n<meta name=\"author\" content=\"Reda\u00e7\u00e3o\" \/>\n<meta name=\"twitter:card\" content=\"summary_large_image\" \/>\n<meta name=\"twitter:creator\" content=\"@Notibras\" \/>\n<meta name=\"twitter:site\" content=\"@Notibras\" \/>\n<meta name=\"twitter:label1\" content=\"Escrito por\" \/>\n\t<meta name=\"twitter:data1\" content=\"Reda\u00e7\u00e3o\" \/>\n\t<meta name=\"twitter:label2\" content=\"Est. tempo de leitura\" \/>\n\t<meta name=\"twitter:data2\" content=\"3 minutos\" \/>\n<script type=\"application\/ld+json\" class=\"yoast-schema-graph\">{\"@context\":\"https:\\\/\\\/schema.org\",\"@graph\":[{\"@type\":\"Article\",\"@id\":\"https:\\\/\\\/www.notibras.com\\\/site\\\/ladeiras-ficam-mais-ingremes-e-ameacam-patrimonio-da-humanidade\\\/#article\",\"isPartOf\":{\"@id\":\"https:\\\/\\\/www.notibras.com\\\/site\\\/ladeiras-ficam-mais-ingremes-e-ameacam-patrimonio-da-humanidade\\\/\"},\"author\":{\"name\":\"Reda\u00e7\u00e3o\",\"@id\":\"https:\\\/\\\/www.notibras.com\\\/site\\\/#\\\/schema\\\/person\\\/36ab0979449956132d3e5b517ea76ac8\"},\"headline\":\"Ladeiras ficam mais \u00edngremes e amea\u00e7am Patrim\u00f4nio da Humanidade\",\"datePublished\":\"2025-12-22T03:16:59+00:00\",\"dateModified\":\"2025-12-22T06:19:30+00:00\",\"mainEntityOfPage\":{\"@id\":\"https:\\\/\\\/www.notibras.com\\\/site\\\/ladeiras-ficam-mais-ingremes-e-ameacam-patrimonio-da-humanidade\\\/\"},\"wordCount\":539,\"publisher\":{\"@id\":\"https:\\\/\\\/www.notibras.com\\\/site\\\/#organization\"},\"image\":{\"@id\":\"https:\\\/\\\/www.notibras.com\\\/site\\\/ladeiras-ficam-mais-ingremes-e-ameacam-patrimonio-da-humanidade\\\/#primaryimage\"},\"thumbnailUrl\":\"https:\\\/\\\/www.notibras.com\\\/site\\\/wp-content\\\/uploads\\\/2025\\\/12\\\/29028b17-8018-4336-b1bf-94c46bbf5e5f.jpg\",\"articleSection\":[\"Nordeste\"],\"inLanguage\":\"pt-BR\"},{\"@type\":\"WebPage\",\"@id\":\"https:\\\/\\\/www.notibras.com\\\/site\\\/ladeiras-ficam-mais-ingremes-e-ameacam-patrimonio-da-humanidade\\\/\",\"url\":\"https:\\\/\\\/www.notibras.com\\\/site\\\/ladeiras-ficam-mais-ingremes-e-ameacam-patrimonio-da-humanidade\\\/\",\"name\":\"Ladeiras ficam mais \u00edngremes e amea\u00e7am Patrim\u00f4nio da Humanidade - Notibras\",\"isPartOf\":{\"@id\":\"https:\\\/\\\/www.notibras.com\\\/site\\\/#website\"},\"primaryImageOfPage\":{\"@id\":\"https:\\\/\\\/www.notibras.com\\\/site\\\/ladeiras-ficam-mais-ingremes-e-ameacam-patrimonio-da-humanidade\\\/#primaryimage\"},\"image\":{\"@id\":\"https:\\\/\\\/www.notibras.com\\\/site\\\/ladeiras-ficam-mais-ingremes-e-ameacam-patrimonio-da-humanidade\\\/#primaryimage\"},\"thumbnailUrl\":\"https:\\\/\\\/www.notibras.com\\\/site\\\/wp-content\\\/uploads\\\/2025\\\/12\\\/29028b17-8018-4336-b1bf-94c46bbf5e5f.jpg\",\"datePublished\":\"2025-12-22T03:16:59+00:00\",\"dateModified\":\"2025-12-22T06:19:30+00:00\",\"breadcrumb\":{\"@id\":\"https:\\\/\\\/www.notibras.com\\\/site\\\/ladeiras-ficam-mais-ingremes-e-ameacam-patrimonio-da-humanidade\\\/#breadcrumb\"},\"inLanguage\":\"pt-BR\",\"potentialAction\":[{\"@type\":\"ReadAction\",\"target\":[\"https:\\\/\\\/www.notibras.com\\\/site\\\/ladeiras-ficam-mais-ingremes-e-ameacam-patrimonio-da-humanidade\\\/\"]}]},{\"@type\":\"ImageObject\",\"inLanguage\":\"pt-BR\",\"@id\":\"https:\\\/\\\/www.notibras.com\\\/site\\\/ladeiras-ficam-mais-ingremes-e-ameacam-patrimonio-da-humanidade\\\/#primaryimage\",\"url\":\"https:\\\/\\\/www.notibras.com\\\/site\\\/wp-content\\\/uploads\\\/2025\\\/12\\\/29028b17-8018-4336-b1bf-94c46bbf5e5f.jpg\",\"contentUrl\":\"https:\\\/\\\/www.notibras.com\\\/site\\\/wp-content\\\/uploads\\\/2025\\\/12\\\/29028b17-8018-4336-b1bf-94c46bbf5e5f.jpg\",\"width\":984,\"height\":554},{\"@type\":\"BreadcrumbList\",\"@id\":\"https:\\\/\\\/www.notibras.com\\\/site\\\/ladeiras-ficam-mais-ingremes-e-ameacam-patrimonio-da-humanidade\\\/#breadcrumb\",\"itemListElement\":[{\"@type\":\"ListItem\",\"position\":1,\"name\":\"In\u00edcio\",\"item\":\"https:\\\/\\\/www.notibras.com\\\/site\\\/\"},{\"@type\":\"ListItem\",\"position\":2,\"name\":\"Ladeiras ficam mais \u00edngremes e amea\u00e7am Patrim\u00f4nio da Humanidade\"}]},{\"@type\":\"WebSite\",\"@id\":\"https:\\\/\\\/www.notibras.com\\\/site\\\/#website\",\"url\":\"https:\\\/\\\/www.notibras.com\\\/site\\\/\",\"name\":\"Notibras\",\"description\":\"Not\u00edcias de Bras\u00edlia, do Brasil e do Mundo\",\"publisher\":{\"@id\":\"https:\\\/\\\/www.notibras.com\\\/site\\\/#organization\"},\"potentialAction\":[{\"@type\":\"SearchAction\",\"target\":{\"@type\":\"EntryPoint\",\"urlTemplate\":\"https:\\\/\\\/www.notibras.com\\\/site\\\/?s={search_term_string}\"},\"query-input\":{\"@type\":\"PropertyValueSpecification\",\"valueRequired\":true,\"valueName\":\"search_term_string\"}}],\"inLanguage\":\"pt-BR\"},{\"@type\":\"Organization\",\"@id\":\"https:\\\/\\\/www.notibras.com\\\/site\\\/#organization\",\"name\":\"Grupo Notibras de Comunica\u00e7\u00e3o\",\"url\":\"https:\\\/\\\/www.notibras.com\\\/site\\\/\",\"logo\":{\"@type\":\"ImageObject\",\"inLanguage\":\"pt-BR\",\"@id\":\"https:\\\/\\\/www.notibras.com\\\/site\\\/#\\\/schema\\\/logo\\\/image\\\/\",\"url\":\"https:\\\/\\\/www.notibras.com\\\/site\\\/wp-content\\\/uploads\\\/2023\\\/01\\\/notibras23.png\",\"contentUrl\":\"https:\\\/\\\/www.notibras.com\\\/site\\\/wp-content\\\/uploads\\\/2023\\\/01\\\/notibras23.png\",\"width\":350,\"height\":87,\"caption\":\"Grupo Notibras de Comunica\u00e7\u00e3o\"},\"image\":{\"@id\":\"https:\\\/\\\/www.notibras.com\\\/site\\\/#\\\/schema\\\/logo\\\/image\\\/\"},\"sameAs\":[\"https:\\\/\\\/www.facebook.com\\\/notibras\\\/\",\"https:\\\/\\\/x.com\\\/Notibras\",\"https:\\\/\\\/www.instagram.com\\\/notibras\\\/\"]},{\"@type\":\"Person\",\"@id\":\"https:\\\/\\\/www.notibras.com\\\/site\\\/#\\\/schema\\\/person\\\/36ab0979449956132d3e5b517ea76ac8\",\"name\":\"Reda\u00e7\u00e3o\",\"image\":{\"@type\":\"ImageObject\",\"inLanguage\":\"pt-BR\",\"@id\":\"https:\\\/\\\/secure.gravatar.com\\\/avatar\\\/e0a867bdedb85fd243eadf09663511f96fc81e0720a4a42581f334ad4303aa6b?s=96&d=mm&r=g\",\"url\":\"https:\\\/\\\/secure.gravatar.com\\\/avatar\\\/e0a867bdedb85fd243eadf09663511f96fc81e0720a4a42581f334ad4303aa6b?s=96&d=mm&r=g\",\"contentUrl\":\"https:\\\/\\\/secure.gravatar.com\\\/avatar\\\/e0a867bdedb85fd243eadf09663511f96fc81e0720a4a42581f334ad4303aa6b?s=96&d=mm&r=g\",\"caption\":\"Reda\u00e7\u00e3o\"}}]}<\/script>\n<!-- \/ Yoast SEO plugin. -->","yoast_head_json":{"title":"Ladeiras ficam mais \u00edngremes e amea\u00e7am Patrim\u00f4nio da Humanidade - Notibras","robots":{"index":"index","follow":"follow","max-snippet":"max-snippet:-1","max-image-preview":"max-image-preview:large","max-video-preview":"max-video-preview:-1"},"canonical":"https:\/\/www.notibras.com\/site\/ladeiras-ficam-mais-ingremes-e-ameacam-patrimonio-da-humanidade\/","og_locale":"pt_BR","og_type":"article","og_title":"Ladeiras ficam mais \u00edngremes e amea\u00e7am Patrim\u00f4nio da Humanidade - Notibras","og_description":"Um relat\u00f3rio t\u00e9cnico produzido por pesquisadores da Universidade de Pernambuco (UPE) revela que as ladeiras e encostas do S\u00edtio Hist\u00f3rico de Olinda, reconhecido como Patrim\u00f4nio Cultural da Humanidade pela UNESCO desde 1982, est\u00e3o se tornando progressivamente mais \u00edngremes e inst\u00e1veis, com potencial de comprometer a integridade do conjunto arquitet\u00f4nico e urban\u00edstico da cidade hist\u00f3rica. O [&hellip;]","og_url":"https:\/\/www.notibras.com\/site\/ladeiras-ficam-mais-ingremes-e-ameacam-patrimonio-da-humanidade\/","og_site_name":"Notibras","article_publisher":"https:\/\/www.facebook.com\/notibras\/","article_published_time":"2025-12-22T03:16:59+00:00","article_modified_time":"2025-12-22T06:19:30+00:00","og_image":[{"width":984,"height":554,"url":"https:\/\/www.notibras.com\/site\/wp-content\/uploads\/2025\/12\/29028b17-8018-4336-b1bf-94c46bbf5e5f.jpg","type":"image\/jpeg"}],"author":"Reda\u00e7\u00e3o","twitter_card":"summary_large_image","twitter_creator":"@Notibras","twitter_site":"@Notibras","twitter_misc":{"Escrito por":"Reda\u00e7\u00e3o","Est. tempo de leitura":"3 minutos"},"schema":{"@context":"https:\/\/schema.org","@graph":[{"@type":"Article","@id":"https:\/\/www.notibras.com\/site\/ladeiras-ficam-mais-ingremes-e-ameacam-patrimonio-da-humanidade\/#article","isPartOf":{"@id":"https:\/\/www.notibras.com\/site\/ladeiras-ficam-mais-ingremes-e-ameacam-patrimonio-da-humanidade\/"},"author":{"name":"Reda\u00e7\u00e3o","@id":"https:\/\/www.notibras.com\/site\/#\/schema\/person\/36ab0979449956132d3e5b517ea76ac8"},"headline":"Ladeiras ficam mais \u00edngremes e amea\u00e7am Patrim\u00f4nio da Humanidade","datePublished":"2025-12-22T03:16:59+00:00","dateModified":"2025-12-22T06:19:30+00:00","mainEntityOfPage":{"@id":"https:\/\/www.notibras.com\/site\/ladeiras-ficam-mais-ingremes-e-ameacam-patrimonio-da-humanidade\/"},"wordCount":539,"publisher":{"@id":"https:\/\/www.notibras.com\/site\/#organization"},"image":{"@id":"https:\/\/www.notibras.com\/site\/ladeiras-ficam-mais-ingremes-e-ameacam-patrimonio-da-humanidade\/#primaryimage"},"thumbnailUrl":"https:\/\/www.notibras.com\/site\/wp-content\/uploads\/2025\/12\/29028b17-8018-4336-b1bf-94c46bbf5e5f.jpg","articleSection":["Nordeste"],"inLanguage":"pt-BR"},{"@type":"WebPage","@id":"https:\/\/www.notibras.com\/site\/ladeiras-ficam-mais-ingremes-e-ameacam-patrimonio-da-humanidade\/","url":"https:\/\/www.notibras.com\/site\/ladeiras-ficam-mais-ingremes-e-ameacam-patrimonio-da-humanidade\/","name":"Ladeiras ficam mais \u00edngremes e amea\u00e7am Patrim\u00f4nio da Humanidade - Notibras","isPartOf":{"@id":"https:\/\/www.notibras.com\/site\/#website"},"primaryImageOfPage":{"@id":"https:\/\/www.notibras.com\/site\/ladeiras-ficam-mais-ingremes-e-ameacam-patrimonio-da-humanidade\/#primaryimage"},"image":{"@id":"https:\/\/www.notibras.com\/site\/ladeiras-ficam-mais-ingremes-e-ameacam-patrimonio-da-humanidade\/#primaryimage"},"thumbnailUrl":"https:\/\/www.notibras.com\/site\/wp-content\/uploads\/2025\/12\/29028b17-8018-4336-b1bf-94c46bbf5e5f.jpg","datePublished":"2025-12-22T03:16:59+00:00","dateModified":"2025-12-22T06:19:30+00:00","breadcrumb":{"@id":"https:\/\/www.notibras.com\/site\/ladeiras-ficam-mais-ingremes-e-ameacam-patrimonio-da-humanidade\/#breadcrumb"},"inLanguage":"pt-BR","potentialAction":[{"@type":"ReadAction","target":["https:\/\/www.notibras.com\/site\/ladeiras-ficam-mais-ingremes-e-ameacam-patrimonio-da-humanidade\/"]}]},{"@type":"ImageObject","inLanguage":"pt-BR","@id":"https:\/\/www.notibras.com\/site\/ladeiras-ficam-mais-ingremes-e-ameacam-patrimonio-da-humanidade\/#primaryimage","url":"https:\/\/www.notibras.com\/site\/wp-content\/uploads\/2025\/12\/29028b17-8018-4336-b1bf-94c46bbf5e5f.jpg","contentUrl":"https:\/\/www.notibras.com\/site\/wp-content\/uploads\/2025\/12\/29028b17-8018-4336-b1bf-94c46bbf5e5f.jpg","width":984,"height":554},{"@type":"BreadcrumbList","@id":"https:\/\/www.notibras.com\/site\/ladeiras-ficam-mais-ingremes-e-ameacam-patrimonio-da-humanidade\/#breadcrumb","itemListElement":[{"@type":"ListItem","position":1,"name":"In\u00edcio","item":"https:\/\/www.notibras.com\/site\/"},{"@type":"ListItem","position":2,"name":"Ladeiras ficam mais \u00edngremes e amea\u00e7am Patrim\u00f4nio da Humanidade"}]},{"@type":"WebSite","@id":"https:\/\/www.notibras.com\/site\/#website","url":"https:\/\/www.notibras.com\/site\/","name":"Notibras","description":"Not\u00edcias de Bras\u00edlia, do Brasil e do Mundo","publisher":{"@id":"https:\/\/www.notibras.com\/site\/#organization"},"potentialAction":[{"@type":"SearchAction","target":{"@type":"EntryPoint","urlTemplate":"https:\/\/www.notibras.com\/site\/?s={search_term_string}"},"query-input":{"@type":"PropertyValueSpecification","valueRequired":true,"valueName":"search_term_string"}}],"inLanguage":"pt-BR"},{"@type":"Organization","@id":"https:\/\/www.notibras.com\/site\/#organization","name":"Grupo Notibras de Comunica\u00e7\u00e3o","url":"https:\/\/www.notibras.com\/site\/","logo":{"@type":"ImageObject","inLanguage":"pt-BR","@id":"https:\/\/www.notibras.com\/site\/#\/schema\/logo\/image\/","url":"https:\/\/www.notibras.com\/site\/wp-content\/uploads\/2023\/01\/notibras23.png","contentUrl":"https:\/\/www.notibras.com\/site\/wp-content\/uploads\/2023\/01\/notibras23.png","width":350,"height":87,"caption":"Grupo Notibras de Comunica\u00e7\u00e3o"},"image":{"@id":"https:\/\/www.notibras.com\/site\/#\/schema\/logo\/image\/"},"sameAs":["https:\/\/www.facebook.com\/notibras\/","https:\/\/x.com\/Notibras","https:\/\/www.instagram.com\/notibras\/"]},{"@type":"Person","@id":"https:\/\/www.notibras.com\/site\/#\/schema\/person\/36ab0979449956132d3e5b517ea76ac8","name":"Reda\u00e7\u00e3o","image":{"@type":"ImageObject","inLanguage":"pt-BR","@id":"https:\/\/secure.gravatar.com\/avatar\/e0a867bdedb85fd243eadf09663511f96fc81e0720a4a42581f334ad4303aa6b?s=96&d=mm&r=g","url":"https:\/\/secure.gravatar.com\/avatar\/e0a867bdedb85fd243eadf09663511f96fc81e0720a4a42581f334ad4303aa6b?s=96&d=mm&r=g","contentUrl":"https:\/\/secure.gravatar.com\/avatar\/e0a867bdedb85fd243eadf09663511f96fc81e0720a4a42581f334ad4303aa6b?s=96&d=mm&r=g","caption":"Reda\u00e7\u00e3o"}}]}},"amp_enabled":true,"_links":{"self":[{"href":"https:\/\/www.notibras.com\/site\/wp-json\/wp\/v2\/posts\/375847","targetHints":{"allow":["GET"]}}],"collection":[{"href":"https:\/\/www.notibras.com\/site\/wp-json\/wp\/v2\/posts"}],"about":[{"href":"https:\/\/www.notibras.com\/site\/wp-json\/wp\/v2\/types\/post"}],"author":[{"embeddable":true,"href":"https:\/\/www.notibras.com\/site\/wp-json\/wp\/v2\/users\/2"}],"replies":[{"embeddable":true,"href":"https:\/\/www.notibras.com\/site\/wp-json\/wp\/v2\/comments?post=375847"}],"version-history":[{"count":3,"href":"https:\/\/www.notibras.com\/site\/wp-json\/wp\/v2\/posts\/375847\/revisions"}],"predecessor-version":[{"id":375851,"href":"https:\/\/www.notibras.com\/site\/wp-json\/wp\/v2\/posts\/375847\/revisions\/375851"}],"wp:featuredmedia":[{"embeddable":true,"href":"https:\/\/www.notibras.com\/site\/wp-json\/wp\/v2\/media\/375848"}],"wp:attachment":[{"href":"https:\/\/www.notibras.com\/site\/wp-json\/wp\/v2\/media?parent=375847"}],"wp:term":[{"taxonomy":"category","embeddable":true,"href":"https:\/\/www.notibras.com\/site\/wp-json\/wp\/v2\/categories?post=375847"},{"taxonomy":"post_tag","embeddable":true,"href":"https:\/\/www.notibras.com\/site\/wp-json\/wp\/v2\/tags?post=375847"}],"curies":[{"name":"wp","href":"https:\/\/api.w.org\/{rel}","templated":true}]}}