{"id":375852,"date":"2025-12-22T01:21:37","date_gmt":"2025-12-22T04:21:37","guid":{"rendered":"https:\/\/www.notibras.com\/site\/?p=375852"},"modified":"2025-12-22T03:24:18","modified_gmt":"2025-12-22T06:24:18","slug":"o-nordeste-e-a-reducao-de-vulnerabilidades-sociais","status":"publish","type":"post","link":"https:\/\/www.notibras.com\/site\/o-nordeste-e-a-reducao-de-vulnerabilidades-sociais\/","title":{"rendered":"O Nordeste e a redu\u00e7\u00e3o de vulnerabilidades sociais"},"content":{"rendered":"<p>O dia ainda nasce devagar no Nordeste. Entre o canto do galo e o primeiro \u00f4nibus lotado, h\u00e1 um sil\u00eancio curto, desses que guardam esperan\u00e7a. N\u00e3o \u00e9 mais o sil\u00eancio do medo que trancava portas cedo demais, mas o de quem confia que a rua voltou a ser passagem, n\u00e3o amea\u00e7a.<\/p>\n<p>Por muito tempo, a viol\u00eancia foi tratada como destino, como se viesse no mesmo pacote do sol forte e da desigualdade antiga. Mas o Nordeste, acostumado a desafiar certezas duras, come\u00e7ou a escrever outra hist\u00f3ria. N\u00e3o por milagre, e sim por pol\u00edtica p\u00fablica, presen\u00e7a do Estado e, sobretudo, gente cuidando de gente.<\/p>\n<p>Os avan\u00e7os na seguran\u00e7a n\u00e3o nasceram apenas das sirenes ou das estat\u00edsticas que agora, em muitos lugares, apontam queda nos \u00edndices de criminalidade. Eles brotaram nas escolas em tempo integral que mant\u00eam meninos e meninas longe do recrutamento do crime; nas pra\u00e7as iluminadas, onde a conviv\u00eancia venceu o abandono; nos programas sociais que atacaram a raiz da viol\u00eancia: a fome, o desemprego, a falta de perspectiva.<\/p>\n<p>Quando a renda m\u00ednima chega, o prato se completa e a tens\u00e3o diminui. Quando o jovem encontra estudo, cultura e trabalho, a arma perde o encanto. A seguran\u00e7a, no Nordeste, aprendeu que n\u00e3o se constr\u00f3i s\u00f3 com for\u00e7a, mas com dignidade. Pol\u00edcia preparada \u00e9 importante, sim \u2014 mas ainda mais essencial \u00e9 a preven\u00e7\u00e3o, o cuidado cont\u00ednuo, o olhar atento para quem sempre ficou \u00e0 margem.<\/p>\n<p>Nas periferias das capitais e nos interiores esquecidos, surgiram redes de prote\u00e7\u00e3o: assist\u00eancia social mais pr\u00f3xima, sa\u00fade b\u00e1sica fortalecida, projetos comunit\u00e1rios que transformaram becos em espa\u00e7os de encontro. A viol\u00eancia, acuada, recuou onde a cidadania avan\u00e7ou.<\/p>\n<p>Ainda h\u00e1 muito a fazer. O Nordeste sabe disso melhor do que ningu\u00e9m. As desigualdades n\u00e3o desapareceram, e os riscos insistem em rondar. Mas hoje existe algo novo no ar: a certeza de que vulnerabilidade n\u00e3o \u00e9 senten\u00e7a eterna. \u00c9 condi\u00e7\u00e3o que pode \u2014 e deve \u2014 ser enfrentada.<\/p>\n<p>E assim, entre o sol que castiga e a chuva que \u00e0s vezes falta, o Nordeste segue provando que seguran\u00e7a de verdade se constr\u00f3i com justi\u00e7a social. Porque quando a vida vale mais, a viol\u00eancia perde espa\u00e7o. E quando o povo se sente protegido, o futuro deixa de ser amea\u00e7a e volta a ser promessa.<\/p>\n","protected":false},"excerpt":{"rendered":"<p>O dia ainda nasce devagar no Nordeste. Entre o canto do galo e o primeiro \u00f4nibus lotado, h\u00e1 um sil\u00eancio curto, desses que guardam esperan\u00e7a. N\u00e3o \u00e9 mais o sil\u00eancio do medo que trancava portas cedo demais, mas o de quem confia que a rua voltou a ser passagem, n\u00e3o amea\u00e7a. Por muito tempo, a [&hellip;]<\/p>\n","protected":false},"author":2,"featured_media":375853,"comment_status":"closed","ping_status":"closed","sticky":false,"template":"","format":"standard","meta":{"_acf_changed":false,"footnotes":""},"categories":[165],"tags":[],"class_list":["post-375852","post","type-post","status-publish","format-standard","has-post-thumbnail","hentry","category-nordeste"],"acf":[],"yoast_head":"<!-- This site is optimized with the Yoast SEO plugin v27.5 - https:\/\/yoast.com\/product\/yoast-seo-wordpress\/ -->\n<title>O Nordeste e a redu\u00e7\u00e3o de vulnerabilidades sociais - Notibras<\/title>\n<meta name=\"robots\" content=\"index, follow, max-snippet:-1, max-image-preview:large, max-video-preview:-1\" \/>\n<link rel=\"canonical\" href=\"https:\/\/www.notibras.com\/site\/o-nordeste-e-a-reducao-de-vulnerabilidades-sociais\/\" \/>\n<meta property=\"og:locale\" content=\"pt_BR\" \/>\n<meta property=\"og:type\" content=\"article\" \/>\n<meta property=\"og:title\" content=\"O Nordeste e a redu\u00e7\u00e3o de vulnerabilidades sociais - Notibras\" \/>\n<meta property=\"og:description\" content=\"O dia ainda nasce devagar no Nordeste. Entre o canto do galo e o primeiro \u00f4nibus lotado, h\u00e1 um sil\u00eancio curto, desses que guardam esperan\u00e7a. N\u00e3o \u00e9 mais o sil\u00eancio do medo que trancava portas cedo demais, mas o de quem confia que a rua voltou a ser passagem, n\u00e3o amea\u00e7a. Por muito tempo, a [&hellip;]\" \/>\n<meta property=\"og:url\" content=\"https:\/\/www.notibras.com\/site\/o-nordeste-e-a-reducao-de-vulnerabilidades-sociais\/\" \/>\n<meta property=\"og:site_name\" content=\"Notibras\" \/>\n<meta property=\"article:publisher\" content=\"https:\/\/www.facebook.com\/notibras\/\" \/>\n<meta property=\"article:published_time\" content=\"2025-12-22T04:21:37+00:00\" \/>\n<meta property=\"article:modified_time\" content=\"2025-12-22T06:24:18+00:00\" \/>\n<meta property=\"og:image\" content=\"https:\/\/www.notibras.com\/site\/wp-content\/uploads\/2025\/12\/0e36de3f-0bee-4d02-90d3-55ce1eef70e5.jpg\" \/>\n\t<meta property=\"og:image:width\" content=\"620\" \/>\n\t<meta property=\"og:image:height\" content=\"400\" \/>\n\t<meta property=\"og:image:type\" content=\"image\/jpeg\" \/>\n<meta name=\"author\" content=\"Reda\u00e7\u00e3o\" \/>\n<meta name=\"twitter:card\" content=\"summary_large_image\" \/>\n<meta name=\"twitter:creator\" content=\"@Notibras\" \/>\n<meta name=\"twitter:site\" content=\"@Notibras\" \/>\n<meta name=\"twitter:label1\" content=\"Escrito por\" \/>\n\t<meta name=\"twitter:data1\" content=\"Reda\u00e7\u00e3o\" \/>\n\t<meta name=\"twitter:label2\" content=\"Est. tempo de leitura\" \/>\n\t<meta name=\"twitter:data2\" content=\"3 minutos\" \/>\n<script type=\"application\/ld+json\" class=\"yoast-schema-graph\">{\"@context\":\"https:\\\/\\\/schema.org\",\"@graph\":[{\"@type\":\"Article\",\"@id\":\"https:\\\/\\\/www.notibras.com\\\/site\\\/o-nordeste-e-a-reducao-de-vulnerabilidades-sociais\\\/#article\",\"isPartOf\":{\"@id\":\"https:\\\/\\\/www.notibras.com\\\/site\\\/o-nordeste-e-a-reducao-de-vulnerabilidades-sociais\\\/\"},\"author\":{\"name\":\"Reda\u00e7\u00e3o\",\"@id\":\"https:\\\/\\\/www.notibras.com\\\/site\\\/#\\\/schema\\\/person\\\/36ab0979449956132d3e5b517ea76ac8\"},\"headline\":\"O Nordeste e a redu\u00e7\u00e3o de vulnerabilidades sociais\",\"datePublished\":\"2025-12-22T04:21:37+00:00\",\"dateModified\":\"2025-12-22T06:24:18+00:00\",\"mainEntityOfPage\":{\"@id\":\"https:\\\/\\\/www.notibras.com\\\/site\\\/o-nordeste-e-a-reducao-de-vulnerabilidades-sociais\\\/\"},\"wordCount\":425,\"publisher\":{\"@id\":\"https:\\\/\\\/www.notibras.com\\\/site\\\/#organization\"},\"image\":{\"@id\":\"https:\\\/\\\/www.notibras.com\\\/site\\\/o-nordeste-e-a-reducao-de-vulnerabilidades-sociais\\\/#primaryimage\"},\"thumbnailUrl\":\"https:\\\/\\\/www.notibras.com\\\/site\\\/wp-content\\\/uploads\\\/2025\\\/12\\\/0e36de3f-0bee-4d02-90d3-55ce1eef70e5.jpg\",\"articleSection\":[\"Nordeste\"],\"inLanguage\":\"pt-BR\"},{\"@type\":\"WebPage\",\"@id\":\"https:\\\/\\\/www.notibras.com\\\/site\\\/o-nordeste-e-a-reducao-de-vulnerabilidades-sociais\\\/\",\"url\":\"https:\\\/\\\/www.notibras.com\\\/site\\\/o-nordeste-e-a-reducao-de-vulnerabilidades-sociais\\\/\",\"name\":\"O Nordeste e a redu\u00e7\u00e3o de vulnerabilidades sociais - Notibras\",\"isPartOf\":{\"@id\":\"https:\\\/\\\/www.notibras.com\\\/site\\\/#website\"},\"primaryImageOfPage\":{\"@id\":\"https:\\\/\\\/www.notibras.com\\\/site\\\/o-nordeste-e-a-reducao-de-vulnerabilidades-sociais\\\/#primaryimage\"},\"image\":{\"@id\":\"https:\\\/\\\/www.notibras.com\\\/site\\\/o-nordeste-e-a-reducao-de-vulnerabilidades-sociais\\\/#primaryimage\"},\"thumbnailUrl\":\"https:\\\/\\\/www.notibras.com\\\/site\\\/wp-content\\\/uploads\\\/2025\\\/12\\\/0e36de3f-0bee-4d02-90d3-55ce1eef70e5.jpg\",\"datePublished\":\"2025-12-22T04:21:37+00:00\",\"dateModified\":\"2025-12-22T06:24:18+00:00\",\"breadcrumb\":{\"@id\":\"https:\\\/\\\/www.notibras.com\\\/site\\\/o-nordeste-e-a-reducao-de-vulnerabilidades-sociais\\\/#breadcrumb\"},\"inLanguage\":\"pt-BR\",\"potentialAction\":[{\"@type\":\"ReadAction\",\"target\":[\"https:\\\/\\\/www.notibras.com\\\/site\\\/o-nordeste-e-a-reducao-de-vulnerabilidades-sociais\\\/\"]}]},{\"@type\":\"ImageObject\",\"inLanguage\":\"pt-BR\",\"@id\":\"https:\\\/\\\/www.notibras.com\\\/site\\\/o-nordeste-e-a-reducao-de-vulnerabilidades-sociais\\\/#primaryimage\",\"url\":\"https:\\\/\\\/www.notibras.com\\\/site\\\/wp-content\\\/uploads\\\/2025\\\/12\\\/0e36de3f-0bee-4d02-90d3-55ce1eef70e5.jpg\",\"contentUrl\":\"https:\\\/\\\/www.notibras.com\\\/site\\\/wp-content\\\/uploads\\\/2025\\\/12\\\/0e36de3f-0bee-4d02-90d3-55ce1eef70e5.jpg\",\"width\":620,\"height\":400},{\"@type\":\"BreadcrumbList\",\"@id\":\"https:\\\/\\\/www.notibras.com\\\/site\\\/o-nordeste-e-a-reducao-de-vulnerabilidades-sociais\\\/#breadcrumb\",\"itemListElement\":[{\"@type\":\"ListItem\",\"position\":1,\"name\":\"In\u00edcio\",\"item\":\"https:\\\/\\\/www.notibras.com\\\/site\\\/\"},{\"@type\":\"ListItem\",\"position\":2,\"name\":\"O Nordeste e a redu\u00e7\u00e3o de vulnerabilidades sociais\"}]},{\"@type\":\"WebSite\",\"@id\":\"https:\\\/\\\/www.notibras.com\\\/site\\\/#website\",\"url\":\"https:\\\/\\\/www.notibras.com\\\/site\\\/\",\"name\":\"Notibras\",\"description\":\"Not\u00edcias de Bras\u00edlia, do Brasil e do Mundo\",\"publisher\":{\"@id\":\"https:\\\/\\\/www.notibras.com\\\/site\\\/#organization\"},\"potentialAction\":[{\"@type\":\"SearchAction\",\"target\":{\"@type\":\"EntryPoint\",\"urlTemplate\":\"https:\\\/\\\/www.notibras.com\\\/site\\\/?s={search_term_string}\"},\"query-input\":{\"@type\":\"PropertyValueSpecification\",\"valueRequired\":true,\"valueName\":\"search_term_string\"}}],\"inLanguage\":\"pt-BR\"},{\"@type\":\"Organization\",\"@id\":\"https:\\\/\\\/www.notibras.com\\\/site\\\/#organization\",\"name\":\"Grupo Notibras de Comunica\u00e7\u00e3o\",\"url\":\"https:\\\/\\\/www.notibras.com\\\/site\\\/\",\"logo\":{\"@type\":\"ImageObject\",\"inLanguage\":\"pt-BR\",\"@id\":\"https:\\\/\\\/www.notibras.com\\\/site\\\/#\\\/schema\\\/logo\\\/image\\\/\",\"url\":\"https:\\\/\\\/www.notibras.com\\\/site\\\/wp-content\\\/uploads\\\/2023\\\/01\\\/notibras23.png\",\"contentUrl\":\"https:\\\/\\\/www.notibras.com\\\/site\\\/wp-content\\\/uploads\\\/2023\\\/01\\\/notibras23.png\",\"width\":350,\"height\":87,\"caption\":\"Grupo Notibras de Comunica\u00e7\u00e3o\"},\"image\":{\"@id\":\"https:\\\/\\\/www.notibras.com\\\/site\\\/#\\\/schema\\\/logo\\\/image\\\/\"},\"sameAs\":[\"https:\\\/\\\/www.facebook.com\\\/notibras\\\/\",\"https:\\\/\\\/x.com\\\/Notibras\",\"https:\\\/\\\/www.instagram.com\\\/notibras\\\/\"]},{\"@type\":\"Person\",\"@id\":\"https:\\\/\\\/www.notibras.com\\\/site\\\/#\\\/schema\\\/person\\\/36ab0979449956132d3e5b517ea76ac8\",\"name\":\"Reda\u00e7\u00e3o\",\"image\":{\"@type\":\"ImageObject\",\"inLanguage\":\"pt-BR\",\"@id\":\"https:\\\/\\\/secure.gravatar.com\\\/avatar\\\/e0a867bdedb85fd243eadf09663511f96fc81e0720a4a42581f334ad4303aa6b?s=96&d=mm&r=g\",\"url\":\"https:\\\/\\\/secure.gravatar.com\\\/avatar\\\/e0a867bdedb85fd243eadf09663511f96fc81e0720a4a42581f334ad4303aa6b?s=96&d=mm&r=g\",\"contentUrl\":\"https:\\\/\\\/secure.gravatar.com\\\/avatar\\\/e0a867bdedb85fd243eadf09663511f96fc81e0720a4a42581f334ad4303aa6b?s=96&d=mm&r=g\",\"caption\":\"Reda\u00e7\u00e3o\"}}]}<\/script>\n<!-- \/ Yoast SEO plugin. -->","yoast_head_json":{"title":"O Nordeste e a redu\u00e7\u00e3o de vulnerabilidades sociais - Notibras","robots":{"index":"index","follow":"follow","max-snippet":"max-snippet:-1","max-image-preview":"max-image-preview:large","max-video-preview":"max-video-preview:-1"},"canonical":"https:\/\/www.notibras.com\/site\/o-nordeste-e-a-reducao-de-vulnerabilidades-sociais\/","og_locale":"pt_BR","og_type":"article","og_title":"O Nordeste e a redu\u00e7\u00e3o de vulnerabilidades sociais - Notibras","og_description":"O dia ainda nasce devagar no Nordeste. Entre o canto do galo e o primeiro \u00f4nibus lotado, h\u00e1 um sil\u00eancio curto, desses que guardam esperan\u00e7a. N\u00e3o \u00e9 mais o sil\u00eancio do medo que trancava portas cedo demais, mas o de quem confia que a rua voltou a ser passagem, n\u00e3o amea\u00e7a. Por muito tempo, a [&hellip;]","og_url":"https:\/\/www.notibras.com\/site\/o-nordeste-e-a-reducao-de-vulnerabilidades-sociais\/","og_site_name":"Notibras","article_publisher":"https:\/\/www.facebook.com\/notibras\/","article_published_time":"2025-12-22T04:21:37+00:00","article_modified_time":"2025-12-22T06:24:18+00:00","og_image":[{"width":620,"height":400,"url":"https:\/\/www.notibras.com\/site\/wp-content\/uploads\/2025\/12\/0e36de3f-0bee-4d02-90d3-55ce1eef70e5.jpg","type":"image\/jpeg"}],"author":"Reda\u00e7\u00e3o","twitter_card":"summary_large_image","twitter_creator":"@Notibras","twitter_site":"@Notibras","twitter_misc":{"Escrito por":"Reda\u00e7\u00e3o","Est. tempo de leitura":"3 minutos"},"schema":{"@context":"https:\/\/schema.org","@graph":[{"@type":"Article","@id":"https:\/\/www.notibras.com\/site\/o-nordeste-e-a-reducao-de-vulnerabilidades-sociais\/#article","isPartOf":{"@id":"https:\/\/www.notibras.com\/site\/o-nordeste-e-a-reducao-de-vulnerabilidades-sociais\/"},"author":{"name":"Reda\u00e7\u00e3o","@id":"https:\/\/www.notibras.com\/site\/#\/schema\/person\/36ab0979449956132d3e5b517ea76ac8"},"headline":"O Nordeste e a redu\u00e7\u00e3o de vulnerabilidades sociais","datePublished":"2025-12-22T04:21:37+00:00","dateModified":"2025-12-22T06:24:18+00:00","mainEntityOfPage":{"@id":"https:\/\/www.notibras.com\/site\/o-nordeste-e-a-reducao-de-vulnerabilidades-sociais\/"},"wordCount":425,"publisher":{"@id":"https:\/\/www.notibras.com\/site\/#organization"},"image":{"@id":"https:\/\/www.notibras.com\/site\/o-nordeste-e-a-reducao-de-vulnerabilidades-sociais\/#primaryimage"},"thumbnailUrl":"https:\/\/www.notibras.com\/site\/wp-content\/uploads\/2025\/12\/0e36de3f-0bee-4d02-90d3-55ce1eef70e5.jpg","articleSection":["Nordeste"],"inLanguage":"pt-BR"},{"@type":"WebPage","@id":"https:\/\/www.notibras.com\/site\/o-nordeste-e-a-reducao-de-vulnerabilidades-sociais\/","url":"https:\/\/www.notibras.com\/site\/o-nordeste-e-a-reducao-de-vulnerabilidades-sociais\/","name":"O Nordeste e a redu\u00e7\u00e3o de vulnerabilidades sociais - Notibras","isPartOf":{"@id":"https:\/\/www.notibras.com\/site\/#website"},"primaryImageOfPage":{"@id":"https:\/\/www.notibras.com\/site\/o-nordeste-e-a-reducao-de-vulnerabilidades-sociais\/#primaryimage"},"image":{"@id":"https:\/\/www.notibras.com\/site\/o-nordeste-e-a-reducao-de-vulnerabilidades-sociais\/#primaryimage"},"thumbnailUrl":"https:\/\/www.notibras.com\/site\/wp-content\/uploads\/2025\/12\/0e36de3f-0bee-4d02-90d3-55ce1eef70e5.jpg","datePublished":"2025-12-22T04:21:37+00:00","dateModified":"2025-12-22T06:24:18+00:00","breadcrumb":{"@id":"https:\/\/www.notibras.com\/site\/o-nordeste-e-a-reducao-de-vulnerabilidades-sociais\/#breadcrumb"},"inLanguage":"pt-BR","potentialAction":[{"@type":"ReadAction","target":["https:\/\/www.notibras.com\/site\/o-nordeste-e-a-reducao-de-vulnerabilidades-sociais\/"]}]},{"@type":"ImageObject","inLanguage":"pt-BR","@id":"https:\/\/www.notibras.com\/site\/o-nordeste-e-a-reducao-de-vulnerabilidades-sociais\/#primaryimage","url":"https:\/\/www.notibras.com\/site\/wp-content\/uploads\/2025\/12\/0e36de3f-0bee-4d02-90d3-55ce1eef70e5.jpg","contentUrl":"https:\/\/www.notibras.com\/site\/wp-content\/uploads\/2025\/12\/0e36de3f-0bee-4d02-90d3-55ce1eef70e5.jpg","width":620,"height":400},{"@type":"BreadcrumbList","@id":"https:\/\/www.notibras.com\/site\/o-nordeste-e-a-reducao-de-vulnerabilidades-sociais\/#breadcrumb","itemListElement":[{"@type":"ListItem","position":1,"name":"In\u00edcio","item":"https:\/\/www.notibras.com\/site\/"},{"@type":"ListItem","position":2,"name":"O Nordeste e a redu\u00e7\u00e3o de vulnerabilidades sociais"}]},{"@type":"WebSite","@id":"https:\/\/www.notibras.com\/site\/#website","url":"https:\/\/www.notibras.com\/site\/","name":"Notibras","description":"Not\u00edcias de Bras\u00edlia, do Brasil e do Mundo","publisher":{"@id":"https:\/\/www.notibras.com\/site\/#organization"},"potentialAction":[{"@type":"SearchAction","target":{"@type":"EntryPoint","urlTemplate":"https:\/\/www.notibras.com\/site\/?s={search_term_string}"},"query-input":{"@type":"PropertyValueSpecification","valueRequired":true,"valueName":"search_term_string"}}],"inLanguage":"pt-BR"},{"@type":"Organization","@id":"https:\/\/www.notibras.com\/site\/#organization","name":"Grupo Notibras de Comunica\u00e7\u00e3o","url":"https:\/\/www.notibras.com\/site\/","logo":{"@type":"ImageObject","inLanguage":"pt-BR","@id":"https:\/\/www.notibras.com\/site\/#\/schema\/logo\/image\/","url":"https:\/\/www.notibras.com\/site\/wp-content\/uploads\/2023\/01\/notibras23.png","contentUrl":"https:\/\/www.notibras.com\/site\/wp-content\/uploads\/2023\/01\/notibras23.png","width":350,"height":87,"caption":"Grupo Notibras de Comunica\u00e7\u00e3o"},"image":{"@id":"https:\/\/www.notibras.com\/site\/#\/schema\/logo\/image\/"},"sameAs":["https:\/\/www.facebook.com\/notibras\/","https:\/\/x.com\/Notibras","https:\/\/www.instagram.com\/notibras\/"]},{"@type":"Person","@id":"https:\/\/www.notibras.com\/site\/#\/schema\/person\/36ab0979449956132d3e5b517ea76ac8","name":"Reda\u00e7\u00e3o","image":{"@type":"ImageObject","inLanguage":"pt-BR","@id":"https:\/\/secure.gravatar.com\/avatar\/e0a867bdedb85fd243eadf09663511f96fc81e0720a4a42581f334ad4303aa6b?s=96&d=mm&r=g","url":"https:\/\/secure.gravatar.com\/avatar\/e0a867bdedb85fd243eadf09663511f96fc81e0720a4a42581f334ad4303aa6b?s=96&d=mm&r=g","contentUrl":"https:\/\/secure.gravatar.com\/avatar\/e0a867bdedb85fd243eadf09663511f96fc81e0720a4a42581f334ad4303aa6b?s=96&d=mm&r=g","caption":"Reda\u00e7\u00e3o"}}]}},"amp_enabled":true,"_links":{"self":[{"href":"https:\/\/www.notibras.com\/site\/wp-json\/wp\/v2\/posts\/375852","targetHints":{"allow":["GET"]}}],"collection":[{"href":"https:\/\/www.notibras.com\/site\/wp-json\/wp\/v2\/posts"}],"about":[{"href":"https:\/\/www.notibras.com\/site\/wp-json\/wp\/v2\/types\/post"}],"author":[{"embeddable":true,"href":"https:\/\/www.notibras.com\/site\/wp-json\/wp\/v2\/users\/2"}],"replies":[{"embeddable":true,"href":"https:\/\/www.notibras.com\/site\/wp-json\/wp\/v2\/comments?post=375852"}],"version-history":[{"count":1,"href":"https:\/\/www.notibras.com\/site\/wp-json\/wp\/v2\/posts\/375852\/revisions"}],"predecessor-version":[{"id":375854,"href":"https:\/\/www.notibras.com\/site\/wp-json\/wp\/v2\/posts\/375852\/revisions\/375854"}],"wp:featuredmedia":[{"embeddable":true,"href":"https:\/\/www.notibras.com\/site\/wp-json\/wp\/v2\/media\/375853"}],"wp:attachment":[{"href":"https:\/\/www.notibras.com\/site\/wp-json\/wp\/v2\/media?parent=375852"}],"wp:term":[{"taxonomy":"category","embeddable":true,"href":"https:\/\/www.notibras.com\/site\/wp-json\/wp\/v2\/categories?post=375852"},{"taxonomy":"post_tag","embeddable":true,"href":"https:\/\/www.notibras.com\/site\/wp-json\/wp\/v2\/tags?post=375852"}],"curies":[{"name":"wp","href":"https:\/\/api.w.org\/{rel}","templated":true}]}}