{"id":375855,"date":"2025-12-22T03:35:42","date_gmt":"2025-12-22T06:35:42","guid":{"rendered":"https:\/\/www.notibras.com\/site\/?p=375855"},"modified":"2025-12-22T03:36:38","modified_gmt":"2025-12-22T06:36:38","slug":"por-que-a-mitologia-grega-ainda-fascina-a-humanidade","status":"publish","type":"post","link":"https:\/\/www.notibras.com\/site\/por-que-a-mitologia-grega-ainda-fascina-a-humanidade\/","title":{"rendered":"Por que a mitologia grega ainda fascina a humanidade?"},"content":{"rendered":"<p>Poucos legados da Antiguidade atravessaram os s\u00e9culos com tanta for\u00e7a simb\u00f3lica quanto a mitologia grega. Nascida em um mundo sem ci\u00eancia moderna, sem telesc\u00f3pios ou microsc\u00f3pios, ela n\u00e3o pretendia apenas explicar a origem das coisas, mas dar sentido \u00e0 experi\u00eancia humana \u2014 aos medos, aos desejos, \u00e0s paix\u00f5es e \u00e0s contradi\u00e7\u00f5es que ainda hoje nos definem.<\/p>\n<p>Os deuses do Olimpo nunca foram perfeitos. Zeus era poderoso, mas impulsivo; Hera, ciumenta; Atena, s\u00e1bia e estrat\u00e9gica; Afrodite, sedutora e inst\u00e1vel. Ao projetar nos deuses as virtudes e falhas humanas, os gregos criaram um espelho m\u00edtico no qual cada gera\u00e7\u00e3o continua a se reconhecer. Talvez esteja a\u00ed o primeiro segredo de seu fasc\u00ednio: os mitos falam menos de divindades e mais de n\u00f3s mesmos.<\/p>\n<p><strong>Deuses com rosto humano<\/strong><br \/>\nDiferentemente de tradi\u00e7\u00f5es religiosas baseadas na ideia de um deus absoluto e inalcan\u00e7\u00e1vel, a mitologia grega construiu um pante\u00e3o profundamente antropom\u00f3rfico. Os deuses amavam, odiavam, erravam, vingavam-se e se arrependiam. Essa proximidade emocional cria identifica\u00e7\u00e3o. Quando lemos sobre Prometeu roubando o fogo para dar \u00e0 humanidade, enxergamos o esp\u00edrito da rebeldia criativa; em \u00cdcaro, que voa alto demais e cai, vemos o limite entre ambi\u00e7\u00e3o e imprud\u00eancia.<\/p>\n<p>Essas narrativas funcionam como par\u00e1bolas atemporais, alertas po\u00e9ticos sobre escolhas, consequ\u00eancias e limites \u2014 temas que continuam centrais na vida contempor\u00e2nea.<\/p>\n<p><strong>Mito, arte e pensamento<\/strong><br \/>\nO fasc\u00ednio da mitologia grega tamb\u00e9m se perpetua porque ela est\u00e1 entranhada na cultura ocidental. Da escultura cl\u00e1ssica \u00e0s grandes trag\u00e9dias, da pintura renascentista \u00e0 psican\u00e1lise de Freud, dos filmes de Hollywood aos videogames, os mitos gregos seguem sendo reinterpretados, ressignificados e reencenados.<\/p>\n<p>Nietzsche encontrou em Dion\u00edsio e Apolo for\u00e7as opostas da exist\u00eancia; Freud viu em \u00c9dipo o drama fundador do inconsciente; a literatura moderna voltou in\u00fameras vezes a Ulisses, s\u00edmbolo da err\u00e2ncia humana. A mitologia, assim, n\u00e3o \u00e9 um relic\u00e1rio do passado, mas um arquivo vivo de ideias.<\/p>\n<p>O certo \u00e9 que em um mundo cada vez mais racional e tecnol\u00f3gico, pode parecer paradoxal que os mitos ainda exer\u00e7am tanto encanto. No entanto, talvez seja justamente por isso. A ci\u00eancia explica como o universo funciona, mas raramente responde ao \u201cpor qu\u00ea\u201d existencial. Os mitos ocupam esse espa\u00e7o simb\u00f3lico, oferecendo narrativas para o que n\u00e3o pode ser medido: o destino, o amor, a morte, o medo do desconhecido.<\/p>\n<p>Eles n\u00e3o competem com a raz\u00e3o; simplesmente a complementam.<\/p>\n<p><strong>Atravessando o tempo<\/strong><br \/>\nA mitologia grega sobrevive porque n\u00e3o se limita a um tempo hist\u00f3rico espec\u00edfico. Ela trata de arqu\u00e9tipos universais: o her\u00f3i, o traidor, o s\u00e1bio, o monstro, o sedutor. Enquanto a humanidade continuar a amar, temer, sonhar e errar, essas hist\u00f3rias continuar\u00e3o a fazer sentido.<\/p>\n<p>No fundo, talvez o verdadeiro poder dos mitos gregos seja este: eles nos lembram que, apesar de toda a evolu\u00e7\u00e3o tecnol\u00f3gica, o ser humano ainda busca narrativas para compreender a si mesmo. E, nesse espelho antigo chamado Olimpo, seguimos nos reconhecendo \u2014 s\u00e9culo ap\u00f3s s\u00e9culo.<\/p>\n","protected":false},"excerpt":{"rendered":"<p>Poucos legados da Antiguidade atravessaram os s\u00e9culos com tanta for\u00e7a simb\u00f3lica quanto a mitologia grega. Nascida em um mundo sem ci\u00eancia moderna, sem telesc\u00f3pios ou microsc\u00f3pios, ela n\u00e3o pretendia apenas explicar a origem das coisas, mas dar sentido \u00e0 experi\u00eancia humana \u2014 aos medos, aos desejos, \u00e0s paix\u00f5es e \u00e0s contradi\u00e7\u00f5es que ainda hoje nos [&hellip;]<\/p>\n","protected":false},"author":2,"featured_media":375856,"comment_status":"closed","ping_status":"closed","sticky":false,"template":"","format":"standard","meta":{"_acf_changed":false,"footnotes":""},"categories":[237],"tags":[],"class_list":["post-375855","post","type-post","status-publish","format-standard","has-post-thumbnail","hentry","category-oraculos"],"acf":[],"yoast_head":"<!-- This site is optimized with the Yoast SEO plugin v27.2 - https:\/\/yoast.com\/product\/yoast-seo-wordpress\/ -->\n<title>Por que a mitologia grega ainda fascina a humanidade? - Notibras<\/title>\n<meta name=\"robots\" content=\"index, follow, max-snippet:-1, max-image-preview:large, max-video-preview:-1\" \/>\n<link rel=\"canonical\" href=\"https:\/\/www.notibras.com\/site\/por-que-a-mitologia-grega-ainda-fascina-a-humanidade\/\" \/>\n<meta property=\"og:locale\" content=\"pt_BR\" \/>\n<meta property=\"og:type\" content=\"article\" \/>\n<meta property=\"og:title\" content=\"Por que a mitologia grega ainda fascina a humanidade? - Notibras\" \/>\n<meta property=\"og:description\" content=\"Poucos legados da Antiguidade atravessaram os s\u00e9culos com tanta for\u00e7a simb\u00f3lica quanto a mitologia grega. Nascida em um mundo sem ci\u00eancia moderna, sem telesc\u00f3pios ou microsc\u00f3pios, ela n\u00e3o pretendia apenas explicar a origem das coisas, mas dar sentido \u00e0 experi\u00eancia humana \u2014 aos medos, aos desejos, \u00e0s paix\u00f5es e \u00e0s contradi\u00e7\u00f5es que ainda hoje nos [&hellip;]\" \/>\n<meta property=\"og:url\" content=\"https:\/\/www.notibras.com\/site\/por-que-a-mitologia-grega-ainda-fascina-a-humanidade\/\" \/>\n<meta property=\"og:site_name\" content=\"Notibras\" \/>\n<meta property=\"article:publisher\" content=\"https:\/\/www.facebook.com\/notibras\/\" \/>\n<meta property=\"article:published_time\" content=\"2025-12-22T06:35:42+00:00\" \/>\n<meta property=\"article:modified_time\" content=\"2025-12-22T06:36:38+00:00\" \/>\n<meta property=\"og:image\" content=\"https:\/\/www.notibras.com\/site\/wp-content\/uploads\/2025\/12\/93a1fcb8-b418-4d1a-87b4-aa14f9466500-683x1024.png\" \/>\n\t<meta property=\"og:image:width\" content=\"683\" \/>\n\t<meta property=\"og:image:height\" content=\"1024\" \/>\n\t<meta property=\"og:image:type\" content=\"image\/png\" \/>\n<meta name=\"author\" content=\"Reda\u00e7\u00e3o\" \/>\n<meta name=\"twitter:card\" content=\"summary_large_image\" \/>\n<meta name=\"twitter:creator\" content=\"@Notibras\" \/>\n<meta name=\"twitter:site\" content=\"@Notibras\" \/>\n<meta name=\"twitter:label1\" content=\"Escrito por\" \/>\n\t<meta name=\"twitter:data1\" content=\"Reda\u00e7\u00e3o\" \/>\n\t<meta name=\"twitter:label2\" content=\"Est. tempo de leitura\" \/>\n\t<meta name=\"twitter:data2\" content=\"3 minutos\" \/>\n<script type=\"application\/ld+json\" class=\"yoast-schema-graph\">{\"@context\":\"https:\/\/schema.org\",\"@graph\":[{\"@type\":\"Article\",\"@id\":\"https:\/\/www.notibras.com\/site\/por-que-a-mitologia-grega-ainda-fascina-a-humanidade\/#article\",\"isPartOf\":{\"@id\":\"https:\/\/www.notibras.com\/site\/por-que-a-mitologia-grega-ainda-fascina-a-humanidade\/\"},\"author\":{\"name\":\"Reda\u00e7\u00e3o\",\"@id\":\"https:\/\/www.notibras.com\/site\/#\/schema\/person\/36ab0979449956132d3e5b517ea76ac8\"},\"headline\":\"Por que a mitologia grega ainda fascina a humanidade?\",\"datePublished\":\"2025-12-22T06:35:42+00:00\",\"dateModified\":\"2025-12-22T06:36:38+00:00\",\"mainEntityOfPage\":{\"@id\":\"https:\/\/www.notibras.com\/site\/por-que-a-mitologia-grega-ainda-fascina-a-humanidade\/\"},\"wordCount\":540,\"publisher\":{\"@id\":\"https:\/\/www.notibras.com\/site\/#organization\"},\"image\":{\"@id\":\"https:\/\/www.notibras.com\/site\/por-que-a-mitologia-grega-ainda-fascina-a-humanidade\/#primaryimage\"},\"thumbnailUrl\":\"https:\/\/www.notibras.com\/site\/wp-content\/uploads\/2025\/12\/93a1fcb8-b418-4d1a-87b4-aa14f9466500.png\",\"articleSection\":[\"Or\u00e1culos\"],\"inLanguage\":\"pt-BR\"},{\"@type\":\"WebPage\",\"@id\":\"https:\/\/www.notibras.com\/site\/por-que-a-mitologia-grega-ainda-fascina-a-humanidade\/\",\"url\":\"https:\/\/www.notibras.com\/site\/por-que-a-mitologia-grega-ainda-fascina-a-humanidade\/\",\"name\":\"Por que a mitologia grega ainda fascina a humanidade? - Notibras\",\"isPartOf\":{\"@id\":\"https:\/\/www.notibras.com\/site\/#website\"},\"primaryImageOfPage\":{\"@id\":\"https:\/\/www.notibras.com\/site\/por-que-a-mitologia-grega-ainda-fascina-a-humanidade\/#primaryimage\"},\"image\":{\"@id\":\"https:\/\/www.notibras.com\/site\/por-que-a-mitologia-grega-ainda-fascina-a-humanidade\/#primaryimage\"},\"thumbnailUrl\":\"https:\/\/www.notibras.com\/site\/wp-content\/uploads\/2025\/12\/93a1fcb8-b418-4d1a-87b4-aa14f9466500.png\",\"datePublished\":\"2025-12-22T06:35:42+00:00\",\"dateModified\":\"2025-12-22T06:36:38+00:00\",\"breadcrumb\":{\"@id\":\"https:\/\/www.notibras.com\/site\/por-que-a-mitologia-grega-ainda-fascina-a-humanidade\/#breadcrumb\"},\"inLanguage\":\"pt-BR\",\"potentialAction\":[{\"@type\":\"ReadAction\",\"target\":[\"https:\/\/www.notibras.com\/site\/por-que-a-mitologia-grega-ainda-fascina-a-humanidade\/\"]}]},{\"@type\":\"ImageObject\",\"inLanguage\":\"pt-BR\",\"@id\":\"https:\/\/www.notibras.com\/site\/por-que-a-mitologia-grega-ainda-fascina-a-humanidade\/#primaryimage\",\"url\":\"https:\/\/www.notibras.com\/site\/wp-content\/uploads\/2025\/12\/93a1fcb8-b418-4d1a-87b4-aa14f9466500.png\",\"contentUrl\":\"https:\/\/www.notibras.com\/site\/wp-content\/uploads\/2025\/12\/93a1fcb8-b418-4d1a-87b4-aa14f9466500.png\",\"width\":1024,\"height\":1536},{\"@type\":\"BreadcrumbList\",\"@id\":\"https:\/\/www.notibras.com\/site\/por-que-a-mitologia-grega-ainda-fascina-a-humanidade\/#breadcrumb\",\"itemListElement\":[{\"@type\":\"ListItem\",\"position\":1,\"name\":\"In\u00edcio\",\"item\":\"https:\/\/www.notibras.com\/site\/\"},{\"@type\":\"ListItem\",\"position\":2,\"name\":\"Por que a mitologia grega ainda fascina a humanidade?\"}]},{\"@type\":\"WebSite\",\"@id\":\"https:\/\/www.notibras.com\/site\/#website\",\"url\":\"https:\/\/www.notibras.com\/site\/\",\"name\":\"Notibras\",\"description\":\"Not\u00edcias de Bras\u00edlia, do Brasil e do Mundo\",\"publisher\":{\"@id\":\"https:\/\/www.notibras.com\/site\/#organization\"},\"potentialAction\":[{\"@type\":\"SearchAction\",\"target\":{\"@type\":\"EntryPoint\",\"urlTemplate\":\"https:\/\/www.notibras.com\/site\/?s={search_term_string}\"},\"query-input\":{\"@type\":\"PropertyValueSpecification\",\"valueRequired\":true,\"valueName\":\"search_term_string\"}}],\"inLanguage\":\"pt-BR\"},{\"@type\":\"Organization\",\"@id\":\"https:\/\/www.notibras.com\/site\/#organization\",\"name\":\"Grupo Notibras de Comunica\u00e7\u00e3o\",\"url\":\"https:\/\/www.notibras.com\/site\/\",\"logo\":{\"@type\":\"ImageObject\",\"inLanguage\":\"pt-BR\",\"@id\":\"https:\/\/www.notibras.com\/site\/#\/schema\/logo\/image\/\",\"url\":\"https:\/\/www.notibras.com\/site\/wp-content\/uploads\/2023\/01\/notibras23.png\",\"contentUrl\":\"https:\/\/www.notibras.com\/site\/wp-content\/uploads\/2023\/01\/notibras23.png\",\"width\":350,\"height\":87,\"caption\":\"Grupo Notibras de Comunica\u00e7\u00e3o\"},\"image\":{\"@id\":\"https:\/\/www.notibras.com\/site\/#\/schema\/logo\/image\/\"},\"sameAs\":[\"https:\/\/www.facebook.com\/notibras\/\",\"https:\/\/x.com\/Notibras\",\"https:\/\/www.instagram.com\/notibras\/\"]},{\"@type\":\"Person\",\"@id\":\"https:\/\/www.notibras.com\/site\/#\/schema\/person\/36ab0979449956132d3e5b517ea76ac8\",\"name\":\"Reda\u00e7\u00e3o\",\"image\":{\"@type\":\"ImageObject\",\"inLanguage\":\"pt-BR\",\"@id\":\"https:\/\/secure.gravatar.com\/avatar\/e0a867bdedb85fd243eadf09663511f96fc81e0720a4a42581f334ad4303aa6b?s=96&d=mm&r=g\",\"url\":\"https:\/\/secure.gravatar.com\/avatar\/e0a867bdedb85fd243eadf09663511f96fc81e0720a4a42581f334ad4303aa6b?s=96&d=mm&r=g\",\"contentUrl\":\"https:\/\/secure.gravatar.com\/avatar\/e0a867bdedb85fd243eadf09663511f96fc81e0720a4a42581f334ad4303aa6b?s=96&d=mm&r=g\",\"caption\":\"Reda\u00e7\u00e3o\"}}]}<\/script>\n<!-- \/ Yoast SEO plugin. -->","yoast_head_json":{"title":"Por que a mitologia grega ainda fascina a humanidade? - Notibras","robots":{"index":"index","follow":"follow","max-snippet":"max-snippet:-1","max-image-preview":"max-image-preview:large","max-video-preview":"max-video-preview:-1"},"canonical":"https:\/\/www.notibras.com\/site\/por-que-a-mitologia-grega-ainda-fascina-a-humanidade\/","og_locale":"pt_BR","og_type":"article","og_title":"Por que a mitologia grega ainda fascina a humanidade? - Notibras","og_description":"Poucos legados da Antiguidade atravessaram os s\u00e9culos com tanta for\u00e7a simb\u00f3lica quanto a mitologia grega. Nascida em um mundo sem ci\u00eancia moderna, sem telesc\u00f3pios ou microsc\u00f3pios, ela n\u00e3o pretendia apenas explicar a origem das coisas, mas dar sentido \u00e0 experi\u00eancia humana \u2014 aos medos, aos desejos, \u00e0s paix\u00f5es e \u00e0s contradi\u00e7\u00f5es que ainda hoje nos [&hellip;]","og_url":"https:\/\/www.notibras.com\/site\/por-que-a-mitologia-grega-ainda-fascina-a-humanidade\/","og_site_name":"Notibras","article_publisher":"https:\/\/www.facebook.com\/notibras\/","article_published_time":"2025-12-22T06:35:42+00:00","article_modified_time":"2025-12-22T06:36:38+00:00","og_image":[{"width":683,"height":1024,"url":"https:\/\/www.notibras.com\/site\/wp-content\/uploads\/2025\/12\/93a1fcb8-b418-4d1a-87b4-aa14f9466500-683x1024.png","type":"image\/png"}],"author":"Reda\u00e7\u00e3o","twitter_card":"summary_large_image","twitter_creator":"@Notibras","twitter_site":"@Notibras","twitter_misc":{"Escrito por":"Reda\u00e7\u00e3o","Est. tempo de leitura":"3 minutos"},"schema":{"@context":"https:\/\/schema.org","@graph":[{"@type":"Article","@id":"https:\/\/www.notibras.com\/site\/por-que-a-mitologia-grega-ainda-fascina-a-humanidade\/#article","isPartOf":{"@id":"https:\/\/www.notibras.com\/site\/por-que-a-mitologia-grega-ainda-fascina-a-humanidade\/"},"author":{"name":"Reda\u00e7\u00e3o","@id":"https:\/\/www.notibras.com\/site\/#\/schema\/person\/36ab0979449956132d3e5b517ea76ac8"},"headline":"Por que a mitologia grega ainda fascina a humanidade?","datePublished":"2025-12-22T06:35:42+00:00","dateModified":"2025-12-22T06:36:38+00:00","mainEntityOfPage":{"@id":"https:\/\/www.notibras.com\/site\/por-que-a-mitologia-grega-ainda-fascina-a-humanidade\/"},"wordCount":540,"publisher":{"@id":"https:\/\/www.notibras.com\/site\/#organization"},"image":{"@id":"https:\/\/www.notibras.com\/site\/por-que-a-mitologia-grega-ainda-fascina-a-humanidade\/#primaryimage"},"thumbnailUrl":"https:\/\/www.notibras.com\/site\/wp-content\/uploads\/2025\/12\/93a1fcb8-b418-4d1a-87b4-aa14f9466500.png","articleSection":["Or\u00e1culos"],"inLanguage":"pt-BR"},{"@type":"WebPage","@id":"https:\/\/www.notibras.com\/site\/por-que-a-mitologia-grega-ainda-fascina-a-humanidade\/","url":"https:\/\/www.notibras.com\/site\/por-que-a-mitologia-grega-ainda-fascina-a-humanidade\/","name":"Por que a mitologia grega ainda fascina a humanidade? - Notibras","isPartOf":{"@id":"https:\/\/www.notibras.com\/site\/#website"},"primaryImageOfPage":{"@id":"https:\/\/www.notibras.com\/site\/por-que-a-mitologia-grega-ainda-fascina-a-humanidade\/#primaryimage"},"image":{"@id":"https:\/\/www.notibras.com\/site\/por-que-a-mitologia-grega-ainda-fascina-a-humanidade\/#primaryimage"},"thumbnailUrl":"https:\/\/www.notibras.com\/site\/wp-content\/uploads\/2025\/12\/93a1fcb8-b418-4d1a-87b4-aa14f9466500.png","datePublished":"2025-12-22T06:35:42+00:00","dateModified":"2025-12-22T06:36:38+00:00","breadcrumb":{"@id":"https:\/\/www.notibras.com\/site\/por-que-a-mitologia-grega-ainda-fascina-a-humanidade\/#breadcrumb"},"inLanguage":"pt-BR","potentialAction":[{"@type":"ReadAction","target":["https:\/\/www.notibras.com\/site\/por-que-a-mitologia-grega-ainda-fascina-a-humanidade\/"]}]},{"@type":"ImageObject","inLanguage":"pt-BR","@id":"https:\/\/www.notibras.com\/site\/por-que-a-mitologia-grega-ainda-fascina-a-humanidade\/#primaryimage","url":"https:\/\/www.notibras.com\/site\/wp-content\/uploads\/2025\/12\/93a1fcb8-b418-4d1a-87b4-aa14f9466500.png","contentUrl":"https:\/\/www.notibras.com\/site\/wp-content\/uploads\/2025\/12\/93a1fcb8-b418-4d1a-87b4-aa14f9466500.png","width":1024,"height":1536},{"@type":"BreadcrumbList","@id":"https:\/\/www.notibras.com\/site\/por-que-a-mitologia-grega-ainda-fascina-a-humanidade\/#breadcrumb","itemListElement":[{"@type":"ListItem","position":1,"name":"In\u00edcio","item":"https:\/\/www.notibras.com\/site\/"},{"@type":"ListItem","position":2,"name":"Por que a mitologia grega ainda fascina a humanidade?"}]},{"@type":"WebSite","@id":"https:\/\/www.notibras.com\/site\/#website","url":"https:\/\/www.notibras.com\/site\/","name":"Notibras","description":"Not\u00edcias de Bras\u00edlia, do Brasil e do Mundo","publisher":{"@id":"https:\/\/www.notibras.com\/site\/#organization"},"potentialAction":[{"@type":"SearchAction","target":{"@type":"EntryPoint","urlTemplate":"https:\/\/www.notibras.com\/site\/?s={search_term_string}"},"query-input":{"@type":"PropertyValueSpecification","valueRequired":true,"valueName":"search_term_string"}}],"inLanguage":"pt-BR"},{"@type":"Organization","@id":"https:\/\/www.notibras.com\/site\/#organization","name":"Grupo Notibras de Comunica\u00e7\u00e3o","url":"https:\/\/www.notibras.com\/site\/","logo":{"@type":"ImageObject","inLanguage":"pt-BR","@id":"https:\/\/www.notibras.com\/site\/#\/schema\/logo\/image\/","url":"https:\/\/www.notibras.com\/site\/wp-content\/uploads\/2023\/01\/notibras23.png","contentUrl":"https:\/\/www.notibras.com\/site\/wp-content\/uploads\/2023\/01\/notibras23.png","width":350,"height":87,"caption":"Grupo Notibras de Comunica\u00e7\u00e3o"},"image":{"@id":"https:\/\/www.notibras.com\/site\/#\/schema\/logo\/image\/"},"sameAs":["https:\/\/www.facebook.com\/notibras\/","https:\/\/x.com\/Notibras","https:\/\/www.instagram.com\/notibras\/"]},{"@type":"Person","@id":"https:\/\/www.notibras.com\/site\/#\/schema\/person\/36ab0979449956132d3e5b517ea76ac8","name":"Reda\u00e7\u00e3o","image":{"@type":"ImageObject","inLanguage":"pt-BR","@id":"https:\/\/secure.gravatar.com\/avatar\/e0a867bdedb85fd243eadf09663511f96fc81e0720a4a42581f334ad4303aa6b?s=96&d=mm&r=g","url":"https:\/\/secure.gravatar.com\/avatar\/e0a867bdedb85fd243eadf09663511f96fc81e0720a4a42581f334ad4303aa6b?s=96&d=mm&r=g","contentUrl":"https:\/\/secure.gravatar.com\/avatar\/e0a867bdedb85fd243eadf09663511f96fc81e0720a4a42581f334ad4303aa6b?s=96&d=mm&r=g","caption":"Reda\u00e7\u00e3o"}}]}},"amp_enabled":true,"_links":{"self":[{"href":"https:\/\/www.notibras.com\/site\/wp-json\/wp\/v2\/posts\/375855","targetHints":{"allow":["GET"]}}],"collection":[{"href":"https:\/\/www.notibras.com\/site\/wp-json\/wp\/v2\/posts"}],"about":[{"href":"https:\/\/www.notibras.com\/site\/wp-json\/wp\/v2\/types\/post"}],"author":[{"embeddable":true,"href":"https:\/\/www.notibras.com\/site\/wp-json\/wp\/v2\/users\/2"}],"replies":[{"embeddable":true,"href":"https:\/\/www.notibras.com\/site\/wp-json\/wp\/v2\/comments?post=375855"}],"version-history":[{"count":1,"href":"https:\/\/www.notibras.com\/site\/wp-json\/wp\/v2\/posts\/375855\/revisions"}],"predecessor-version":[{"id":375857,"href":"https:\/\/www.notibras.com\/site\/wp-json\/wp\/v2\/posts\/375855\/revisions\/375857"}],"wp:featuredmedia":[{"embeddable":true,"href":"https:\/\/www.notibras.com\/site\/wp-json\/wp\/v2\/media\/375856"}],"wp:attachment":[{"href":"https:\/\/www.notibras.com\/site\/wp-json\/wp\/v2\/media?parent=375855"}],"wp:term":[{"taxonomy":"category","embeddable":true,"href":"https:\/\/www.notibras.com\/site\/wp-json\/wp\/v2\/categories?post=375855"},{"taxonomy":"post_tag","embeddable":true,"href":"https:\/\/www.notibras.com\/site\/wp-json\/wp\/v2\/tags?post=375855"}],"curies":[{"name":"wp","href":"https:\/\/api.w.org\/{rel}","templated":true}]}}