{"id":375858,"date":"2025-12-22T00:00:22","date_gmt":"2025-12-22T03:00:22","guid":{"rendered":"https:\/\/www.notibras.com\/site\/?p=375858"},"modified":"2025-12-22T04:00:15","modified_gmt":"2025-12-22T07:00:15","slug":"flavio-suspende-trecho-de-pl-que-libera-emendas-parlamentares","status":"publish","type":"post","link":"https:\/\/www.notibras.com\/site\/flavio-suspende-trecho-de-pl-que-libera-emendas-parlamentares\/","title":{"rendered":"Fl\u00e1vio suspende trecho de PL que libera emendas parlamentares"},"content":{"rendered":"<p>O ministro do Supremo Tribunal Federal (STF) Fl\u00e1vio Dino suspendeu neste domingo (21) os efeitos do Artigo 10 do Projeto de Lei (PL) n\u00ba 128\/2025, aprovado pelo Congresso Nacional, que permite o pagamento das chamadas emendas de relator (RP 9), conhecidas como o or\u00e7amento secreto.<\/p>\n<p>O trecho revalida os restos a pagar desde 2019, que s\u00e3o as despesas empenhadas n\u00e3o pagas que haviam sido canceladas a partir de lei de 2023.<\/p>\n<p>Esses valores poder\u00e3o ser quitados at\u00e9 o fim de 2026, inclusive recursos de emendas parlamentares. A estimativa de impacto para os cofres do governo est\u00e1 em torno de R$ 3 bilh\u00f5es.<\/p>\n<p>A decis\u00e3o de Dino tem car\u00e1ter liminar, mas passar\u00e1 por referendo do plen\u00e1rio da Corte. Ela foi tomada em uma a\u00e7\u00e3o apresentada por deputados federais e pelo partido Rede Sustentabilidade. Eles afirmam que, do montante aproximado de R$ 1,9 bilh\u00e3o em restos a pagar de emendas parlamentares inscritos no or\u00e7amento desde 2019, cerca de R$ 1 bilh\u00e3o corresponde a restos a pagar oriundos de RP 9.<\/p>\n<p>O PL foi aprovado no Senado na \u00faltima quarta-feira (17) e seguiu para san\u00e7\u00e3o presidencial. O prazo para san\u00e7\u00e3o do presidente Luiz In\u00e1cio Lula da Silva \u00e9 12 de janeiro. Caso o trecho seja vetado por Lula, o ato deve ser comunicado ao ministro relator.<\/p>\n<p>Para Dino, a revalida\u00e7\u00e3o de restos a pagar n\u00e3o processados ou j\u00e1 cancelados relativos \u00e0s emendas de relator \u00e9 incompat\u00edvel com o regime jur\u00eddico atual. \u201cCom efeito, cuida-se de ressuscitar modalidade de emenda cuja pr\u00f3pria exist\u00eancia foi reputada inconstitucional [pelo STF]\u201d, diz Dino, na decis\u00e3o.<\/p>\n<p>O ministro deu, ainda, prazo de dez dias para que a Presid\u00eancia da Rep\u00fablica preste informa\u00e7\u00f5es sobre a compatibilidade da \u201cressuscita\u00e7\u00e3o\u201d das emendas de relator com a responsabilidade fiscal e com o plano de trabalho homologado pelo plen\u00e1rio do STF.<\/p>\n<p><strong>Entenda<\/strong><br \/>\nO impasse sobre a libera\u00e7\u00e3o das emendas come\u00e7ou em dezembro de 2022, quando o STF entendeu que as emendas chamadas de RP8 (emenda de comiss\u00e3o) e RP9 eram inconstitucionais. Ap\u00f3s a decis\u00e3o, o Congresso Nacional aprovou uma resolu\u00e7\u00e3o que mudou as regras de distribui\u00e7\u00e3o de recursos por emendas de relator para cumprir a determina\u00e7\u00e3o da Corte.<\/p>\n<p>No entanto, o PSOL, partido que entrou com a a\u00e7\u00e3o contra as emendas, apontou que a decis\u00e3o continuava em descumprimento. Em agosto do ano passado, Dino determinou a suspens\u00e3o das emendas e decidiu que os repasses devem seguir crit\u00e9rios de rastreabilidade.<\/p>\n<p>No in\u00edcio deste ano, o STF homologou o plano de trabalho no qual o Congresso se comprometeu a identificar os deputados e senadores respons\u00e1veis pelas emendas ao Or\u00e7amento e os benefici\u00e1rios dos repasses. A decis\u00e3o tamb\u00e9m liberou o pagamento das emendas que estavam suspensas.<\/p>\n<p>\u201cEm tal Plano de Trabalho, contudo, n\u00e3o h\u00e1 previs\u00e3o quanto \u00e0 possibilidade de \u2018ressuscita\u00e7\u00e3o\u2019 de restos a pagar, o que evidencia que a disciplina ora impugnada extrapola os par\u00e2metros institucionais e as balizas fixadas em conjunto, pelos 3 Poderes, para a supera\u00e7\u00e3o das inconstitucionalidades ent\u00e3o reconhecidas\u201d, diz Dino.<\/p>\n<p>Para o ministro, a aprova\u00e7\u00e3o do Artigo 10 do projeto de lei \u00e9 uma afronta \u00e0 Constitui\u00e7\u00e3o. \u201cVerifico ind\u00edcios de que o projeto de lei complementar impugnado promove viola\u00e7\u00e3o ao devido processo constitucional or\u00e7ament\u00e1rio, \u00e0 Responsabilidade Fiscal e \u00e0s cl\u00e1usulas p\u00e9treas [sobre separa\u00e7\u00e3o dos Poderes e direitos e garantias fundamentais] da Constitui\u00e7\u00e3o Federal\u201d, diz.<\/p>\n<p>Al\u00e9m de tratar dos restos a pagar, o PL aprovado faz o corte de incentivos fiscais, a principal aposta do governo para equilibrar o Or\u00e7amento de 2026. Com potencial de elevar a arrecada\u00e7\u00e3o em cerca de R$ 22,4 bilh\u00f5es no pr\u00f3ximo ano, a proposta tamb\u00e9m aumenta tributos sobre empresas de apostas on-line (bets), fintechs e grandes empresas que remuneram s\u00f3cios por meio de juros sobre capital pr\u00f3prio (JCP).<\/p>\n<p><strong>Colabora\u00e7\u00e3o ativa<\/strong><br \/>\nNa decis\u00e3o liminar, o ministro Fl\u00e1vio Dino lembrou que o contexto atual do pa\u00eds \u00e9 marcado por \u201cgraves dificuldades fiscais\u201d e que todos os Poderes da Rep\u00fablica t\u00eam o dever constitucional de \u201ccolaborar ativamente\u201d para a preserva\u00e7\u00e3o do equil\u00edbrio fiscal. Para ele, o pode p\u00fablico n\u00e3o pode criar ou ampliar despesas de car\u00e1ter abusivo, desproporcional ou dissociado das capacidades fiscais do Estado.<\/p>\n<p>\u201cTal dever de conten\u00e7\u00e3o projeta-se, de modo inequ\u00edvoco, sobre pr\u00e1ticas problem\u00e1ticas, como a prolifera\u00e7\u00e3o de \u2018penduricalhos remunerat\u00f3rios\u2019 no \u00e2mbito do Poder Judici\u00e1rio e das fun\u00e7\u00f5es essenciais \u00e0 Justi\u00e7a \u2014 Minist\u00e9rio P\u00fablico, Advocacia P\u00fablica e Defensoria P\u00fablica \u2014, bem como sobre a concess\u00e3o reiterada e pouco transparente de benef\u00edcios fiscais a determinados setores econ\u00f4micos, sem avalia\u00e7\u00e3o consistente de impacto or\u00e7ament\u00e1rio e financeiro\u201d, escreveu.<\/p>\n<p>\u201cA mesma l\u00f3gica constitucional de conten\u00e7\u00e3o deve incidir, com rigor, sobre tentativas de reativa\u00e7\u00e3o de recursos oriundos de emendas parlamentares \u00e0 margem do ciclo or\u00e7ament\u00e1rio regular. Vale dizer: os tr\u00eas Poderes est\u00e3o diante do inadi\u00e1vel dever de cumprir os ditames constitucionais da Responsabilidade Fiscal, para que haja fidelidade \u00e0 \u00e9tica no exerc\u00edcio dos cargos mais elevados da Rep\u00fablica\u201d, afirmou Dino.<\/p>\n","protected":false},"excerpt":{"rendered":"<p>O ministro do Supremo Tribunal Federal (STF) Fl\u00e1vio Dino suspendeu neste domingo (21) os efeitos do Artigo 10 do Projeto de Lei (PL) n\u00ba 128\/2025, aprovado pelo Congresso Nacional, que permite o pagamento das chamadas emendas de relator (RP 9), conhecidas como o or\u00e7amento secreto. O trecho revalida os restos a pagar desde 2019, que [&hellip;]<\/p>\n","protected":false},"author":2,"featured_media":375859,"comment_status":"closed","ping_status":"closed","sticky":false,"template":"","format":"standard","meta":{"_acf_changed":false,"footnotes":""},"categories":[16],"tags":[],"class_list":["post-375858","post","type-post","status-publish","format-standard","has-post-thumbnail","hentry","category-brasil"],"acf":[],"yoast_head":"<!-- This site is optimized with the Yoast SEO plugin v27.5 - https:\/\/yoast.com\/product\/yoast-seo-wordpress\/ -->\n<title>Fl\u00e1vio suspende trecho de PL que libera emendas parlamentares - Notibras<\/title>\n<meta name=\"robots\" content=\"index, follow, max-snippet:-1, max-image-preview:large, max-video-preview:-1\" \/>\n<link rel=\"canonical\" href=\"https:\/\/www.notibras.com\/site\/flavio-suspende-trecho-de-pl-que-libera-emendas-parlamentares\/\" \/>\n<meta property=\"og:locale\" content=\"pt_BR\" \/>\n<meta property=\"og:type\" content=\"article\" \/>\n<meta property=\"og:title\" content=\"Fl\u00e1vio suspende trecho de PL que libera emendas parlamentares - Notibras\" \/>\n<meta property=\"og:description\" content=\"O ministro do Supremo Tribunal Federal (STF) Fl\u00e1vio Dino suspendeu neste domingo (21) os efeitos do Artigo 10 do Projeto de Lei (PL) n\u00ba 128\/2025, aprovado pelo Congresso Nacional, que permite o pagamento das chamadas emendas de relator (RP 9), conhecidas como o or\u00e7amento secreto. O trecho revalida os restos a pagar desde 2019, que [&hellip;]\" \/>\n<meta property=\"og:url\" content=\"https:\/\/www.notibras.com\/site\/flavio-suspende-trecho-de-pl-que-libera-emendas-parlamentares\/\" \/>\n<meta property=\"og:site_name\" content=\"Notibras\" \/>\n<meta property=\"article:publisher\" content=\"https:\/\/www.facebook.com\/notibras\/\" \/>\n<meta property=\"article:published_time\" content=\"2025-12-22T03:00:22+00:00\" \/>\n<meta property=\"article:modified_time\" content=\"2025-12-22T07:00:15+00:00\" \/>\n<meta property=\"og:image\" content=\"https:\/\/www.notibras.com\/site\/wp-content\/uploads\/2025\/12\/10092025-pzzb1877-1.webp\" \/>\n\t<meta property=\"og:image:width\" content=\"1170\" \/>\n\t<meta property=\"og:image:height\" content=\"700\" \/>\n\t<meta property=\"og:image:type\" content=\"image\/webp\" \/>\n<meta name=\"author\" content=\"Reda\u00e7\u00e3o\" \/>\n<meta name=\"twitter:card\" content=\"summary_large_image\" \/>\n<meta name=\"twitter:creator\" content=\"@Notibras\" \/>\n<meta name=\"twitter:site\" content=\"@Notibras\" \/>\n<meta name=\"twitter:label1\" content=\"Escrito por\" \/>\n\t<meta name=\"twitter:data1\" content=\"Reda\u00e7\u00e3o\" \/>\n\t<meta name=\"twitter:label2\" content=\"Est. tempo de leitura\" \/>\n\t<meta name=\"twitter:data2\" content=\"5 minutos\" \/>\n<script type=\"application\/ld+json\" class=\"yoast-schema-graph\">{\"@context\":\"https:\\\/\\\/schema.org\",\"@graph\":[{\"@type\":\"Article\",\"@id\":\"https:\\\/\\\/www.notibras.com\\\/site\\\/flavio-suspende-trecho-de-pl-que-libera-emendas-parlamentares\\\/#article\",\"isPartOf\":{\"@id\":\"https:\\\/\\\/www.notibras.com\\\/site\\\/flavio-suspende-trecho-de-pl-que-libera-emendas-parlamentares\\\/\"},\"author\":{\"name\":\"Reda\u00e7\u00e3o\",\"@id\":\"https:\\\/\\\/www.notibras.com\\\/site\\\/#\\\/schema\\\/person\\\/36ab0979449956132d3e5b517ea76ac8\"},\"headline\":\"Fl\u00e1vio suspende trecho de PL que libera emendas parlamentares\",\"datePublished\":\"2025-12-22T03:00:22+00:00\",\"dateModified\":\"2025-12-22T07:00:15+00:00\",\"mainEntityOfPage\":{\"@id\":\"https:\\\/\\\/www.notibras.com\\\/site\\\/flavio-suspende-trecho-de-pl-que-libera-emendas-parlamentares\\\/\"},\"wordCount\":885,\"publisher\":{\"@id\":\"https:\\\/\\\/www.notibras.com\\\/site\\\/#organization\"},\"image\":{\"@id\":\"https:\\\/\\\/www.notibras.com\\\/site\\\/flavio-suspende-trecho-de-pl-que-libera-emendas-parlamentares\\\/#primaryimage\"},\"thumbnailUrl\":\"https:\\\/\\\/www.notibras.com\\\/site\\\/wp-content\\\/uploads\\\/2025\\\/12\\\/10092025-pzzb1877-1.webp\",\"articleSection\":[\"Brasil\"],\"inLanguage\":\"pt-BR\"},{\"@type\":\"WebPage\",\"@id\":\"https:\\\/\\\/www.notibras.com\\\/site\\\/flavio-suspende-trecho-de-pl-que-libera-emendas-parlamentares\\\/\",\"url\":\"https:\\\/\\\/www.notibras.com\\\/site\\\/flavio-suspende-trecho-de-pl-que-libera-emendas-parlamentares\\\/\",\"name\":\"Fl\u00e1vio suspende trecho de PL que libera emendas parlamentares - Notibras\",\"isPartOf\":{\"@id\":\"https:\\\/\\\/www.notibras.com\\\/site\\\/#website\"},\"primaryImageOfPage\":{\"@id\":\"https:\\\/\\\/www.notibras.com\\\/site\\\/flavio-suspende-trecho-de-pl-que-libera-emendas-parlamentares\\\/#primaryimage\"},\"image\":{\"@id\":\"https:\\\/\\\/www.notibras.com\\\/site\\\/flavio-suspende-trecho-de-pl-que-libera-emendas-parlamentares\\\/#primaryimage\"},\"thumbnailUrl\":\"https:\\\/\\\/www.notibras.com\\\/site\\\/wp-content\\\/uploads\\\/2025\\\/12\\\/10092025-pzzb1877-1.webp\",\"datePublished\":\"2025-12-22T03:00:22+00:00\",\"dateModified\":\"2025-12-22T07:00:15+00:00\",\"breadcrumb\":{\"@id\":\"https:\\\/\\\/www.notibras.com\\\/site\\\/flavio-suspende-trecho-de-pl-que-libera-emendas-parlamentares\\\/#breadcrumb\"},\"inLanguage\":\"pt-BR\",\"potentialAction\":[{\"@type\":\"ReadAction\",\"target\":[\"https:\\\/\\\/www.notibras.com\\\/site\\\/flavio-suspende-trecho-de-pl-que-libera-emendas-parlamentares\\\/\"]}]},{\"@type\":\"ImageObject\",\"inLanguage\":\"pt-BR\",\"@id\":\"https:\\\/\\\/www.notibras.com\\\/site\\\/flavio-suspende-trecho-de-pl-que-libera-emendas-parlamentares\\\/#primaryimage\",\"url\":\"https:\\\/\\\/www.notibras.com\\\/site\\\/wp-content\\\/uploads\\\/2025\\\/12\\\/10092025-pzzb1877-1.webp\",\"contentUrl\":\"https:\\\/\\\/www.notibras.com\\\/site\\\/wp-content\\\/uploads\\\/2025\\\/12\\\/10092025-pzzb1877-1.webp\",\"width\":1170,\"height\":700},{\"@type\":\"BreadcrumbList\",\"@id\":\"https:\\\/\\\/www.notibras.com\\\/site\\\/flavio-suspende-trecho-de-pl-que-libera-emendas-parlamentares\\\/#breadcrumb\",\"itemListElement\":[{\"@type\":\"ListItem\",\"position\":1,\"name\":\"In\u00edcio\",\"item\":\"https:\\\/\\\/www.notibras.com\\\/site\\\/\"},{\"@type\":\"ListItem\",\"position\":2,\"name\":\"Fl\u00e1vio suspende trecho de PL que libera emendas parlamentares\"}]},{\"@type\":\"WebSite\",\"@id\":\"https:\\\/\\\/www.notibras.com\\\/site\\\/#website\",\"url\":\"https:\\\/\\\/www.notibras.com\\\/site\\\/\",\"name\":\"Notibras\",\"description\":\"Not\u00edcias de Bras\u00edlia, do Brasil e do Mundo\",\"publisher\":{\"@id\":\"https:\\\/\\\/www.notibras.com\\\/site\\\/#organization\"},\"potentialAction\":[{\"@type\":\"SearchAction\",\"target\":{\"@type\":\"EntryPoint\",\"urlTemplate\":\"https:\\\/\\\/www.notibras.com\\\/site\\\/?s={search_term_string}\"},\"query-input\":{\"@type\":\"PropertyValueSpecification\",\"valueRequired\":true,\"valueName\":\"search_term_string\"}}],\"inLanguage\":\"pt-BR\"},{\"@type\":\"Organization\",\"@id\":\"https:\\\/\\\/www.notibras.com\\\/site\\\/#organization\",\"name\":\"Grupo Notibras de Comunica\u00e7\u00e3o\",\"url\":\"https:\\\/\\\/www.notibras.com\\\/site\\\/\",\"logo\":{\"@type\":\"ImageObject\",\"inLanguage\":\"pt-BR\",\"@id\":\"https:\\\/\\\/www.notibras.com\\\/site\\\/#\\\/schema\\\/logo\\\/image\\\/\",\"url\":\"https:\\\/\\\/www.notibras.com\\\/site\\\/wp-content\\\/uploads\\\/2023\\\/01\\\/notibras23.png\",\"contentUrl\":\"https:\\\/\\\/www.notibras.com\\\/site\\\/wp-content\\\/uploads\\\/2023\\\/01\\\/notibras23.png\",\"width\":350,\"height\":87,\"caption\":\"Grupo Notibras de Comunica\u00e7\u00e3o\"},\"image\":{\"@id\":\"https:\\\/\\\/www.notibras.com\\\/site\\\/#\\\/schema\\\/logo\\\/image\\\/\"},\"sameAs\":[\"https:\\\/\\\/www.facebook.com\\\/notibras\\\/\",\"https:\\\/\\\/x.com\\\/Notibras\",\"https:\\\/\\\/www.instagram.com\\\/notibras\\\/\"]},{\"@type\":\"Person\",\"@id\":\"https:\\\/\\\/www.notibras.com\\\/site\\\/#\\\/schema\\\/person\\\/36ab0979449956132d3e5b517ea76ac8\",\"name\":\"Reda\u00e7\u00e3o\",\"image\":{\"@type\":\"ImageObject\",\"inLanguage\":\"pt-BR\",\"@id\":\"https:\\\/\\\/secure.gravatar.com\\\/avatar\\\/e0a867bdedb85fd243eadf09663511f96fc81e0720a4a42581f334ad4303aa6b?s=96&d=mm&r=g\",\"url\":\"https:\\\/\\\/secure.gravatar.com\\\/avatar\\\/e0a867bdedb85fd243eadf09663511f96fc81e0720a4a42581f334ad4303aa6b?s=96&d=mm&r=g\",\"contentUrl\":\"https:\\\/\\\/secure.gravatar.com\\\/avatar\\\/e0a867bdedb85fd243eadf09663511f96fc81e0720a4a42581f334ad4303aa6b?s=96&d=mm&r=g\",\"caption\":\"Reda\u00e7\u00e3o\"}}]}<\/script>\n<!-- \/ Yoast SEO plugin. -->","yoast_head_json":{"title":"Fl\u00e1vio suspende trecho de PL que libera emendas parlamentares - Notibras","robots":{"index":"index","follow":"follow","max-snippet":"max-snippet:-1","max-image-preview":"max-image-preview:large","max-video-preview":"max-video-preview:-1"},"canonical":"https:\/\/www.notibras.com\/site\/flavio-suspende-trecho-de-pl-que-libera-emendas-parlamentares\/","og_locale":"pt_BR","og_type":"article","og_title":"Fl\u00e1vio suspende trecho de PL que libera emendas parlamentares - Notibras","og_description":"O ministro do Supremo Tribunal Federal (STF) Fl\u00e1vio Dino suspendeu neste domingo (21) os efeitos do Artigo 10 do Projeto de Lei (PL) n\u00ba 128\/2025, aprovado pelo Congresso Nacional, que permite o pagamento das chamadas emendas de relator (RP 9), conhecidas como o or\u00e7amento secreto. O trecho revalida os restos a pagar desde 2019, que [&hellip;]","og_url":"https:\/\/www.notibras.com\/site\/flavio-suspende-trecho-de-pl-que-libera-emendas-parlamentares\/","og_site_name":"Notibras","article_publisher":"https:\/\/www.facebook.com\/notibras\/","article_published_time":"2025-12-22T03:00:22+00:00","article_modified_time":"2025-12-22T07:00:15+00:00","og_image":[{"width":1170,"height":700,"url":"https:\/\/www.notibras.com\/site\/wp-content\/uploads\/2025\/12\/10092025-pzzb1877-1.webp","type":"image\/webp"}],"author":"Reda\u00e7\u00e3o","twitter_card":"summary_large_image","twitter_creator":"@Notibras","twitter_site":"@Notibras","twitter_misc":{"Escrito por":"Reda\u00e7\u00e3o","Est. tempo de leitura":"5 minutos"},"schema":{"@context":"https:\/\/schema.org","@graph":[{"@type":"Article","@id":"https:\/\/www.notibras.com\/site\/flavio-suspende-trecho-de-pl-que-libera-emendas-parlamentares\/#article","isPartOf":{"@id":"https:\/\/www.notibras.com\/site\/flavio-suspende-trecho-de-pl-que-libera-emendas-parlamentares\/"},"author":{"name":"Reda\u00e7\u00e3o","@id":"https:\/\/www.notibras.com\/site\/#\/schema\/person\/36ab0979449956132d3e5b517ea76ac8"},"headline":"Fl\u00e1vio suspende trecho de PL que libera emendas parlamentares","datePublished":"2025-12-22T03:00:22+00:00","dateModified":"2025-12-22T07:00:15+00:00","mainEntityOfPage":{"@id":"https:\/\/www.notibras.com\/site\/flavio-suspende-trecho-de-pl-que-libera-emendas-parlamentares\/"},"wordCount":885,"publisher":{"@id":"https:\/\/www.notibras.com\/site\/#organization"},"image":{"@id":"https:\/\/www.notibras.com\/site\/flavio-suspende-trecho-de-pl-que-libera-emendas-parlamentares\/#primaryimage"},"thumbnailUrl":"https:\/\/www.notibras.com\/site\/wp-content\/uploads\/2025\/12\/10092025-pzzb1877-1.webp","articleSection":["Brasil"],"inLanguage":"pt-BR"},{"@type":"WebPage","@id":"https:\/\/www.notibras.com\/site\/flavio-suspende-trecho-de-pl-que-libera-emendas-parlamentares\/","url":"https:\/\/www.notibras.com\/site\/flavio-suspende-trecho-de-pl-que-libera-emendas-parlamentares\/","name":"Fl\u00e1vio suspende trecho de PL que libera emendas parlamentares - Notibras","isPartOf":{"@id":"https:\/\/www.notibras.com\/site\/#website"},"primaryImageOfPage":{"@id":"https:\/\/www.notibras.com\/site\/flavio-suspende-trecho-de-pl-que-libera-emendas-parlamentares\/#primaryimage"},"image":{"@id":"https:\/\/www.notibras.com\/site\/flavio-suspende-trecho-de-pl-que-libera-emendas-parlamentares\/#primaryimage"},"thumbnailUrl":"https:\/\/www.notibras.com\/site\/wp-content\/uploads\/2025\/12\/10092025-pzzb1877-1.webp","datePublished":"2025-12-22T03:00:22+00:00","dateModified":"2025-12-22T07:00:15+00:00","breadcrumb":{"@id":"https:\/\/www.notibras.com\/site\/flavio-suspende-trecho-de-pl-que-libera-emendas-parlamentares\/#breadcrumb"},"inLanguage":"pt-BR","potentialAction":[{"@type":"ReadAction","target":["https:\/\/www.notibras.com\/site\/flavio-suspende-trecho-de-pl-que-libera-emendas-parlamentares\/"]}]},{"@type":"ImageObject","inLanguage":"pt-BR","@id":"https:\/\/www.notibras.com\/site\/flavio-suspende-trecho-de-pl-que-libera-emendas-parlamentares\/#primaryimage","url":"https:\/\/www.notibras.com\/site\/wp-content\/uploads\/2025\/12\/10092025-pzzb1877-1.webp","contentUrl":"https:\/\/www.notibras.com\/site\/wp-content\/uploads\/2025\/12\/10092025-pzzb1877-1.webp","width":1170,"height":700},{"@type":"BreadcrumbList","@id":"https:\/\/www.notibras.com\/site\/flavio-suspende-trecho-de-pl-que-libera-emendas-parlamentares\/#breadcrumb","itemListElement":[{"@type":"ListItem","position":1,"name":"In\u00edcio","item":"https:\/\/www.notibras.com\/site\/"},{"@type":"ListItem","position":2,"name":"Fl\u00e1vio suspende trecho de PL que libera emendas parlamentares"}]},{"@type":"WebSite","@id":"https:\/\/www.notibras.com\/site\/#website","url":"https:\/\/www.notibras.com\/site\/","name":"Notibras","description":"Not\u00edcias de Bras\u00edlia, do Brasil e do Mundo","publisher":{"@id":"https:\/\/www.notibras.com\/site\/#organization"},"potentialAction":[{"@type":"SearchAction","target":{"@type":"EntryPoint","urlTemplate":"https:\/\/www.notibras.com\/site\/?s={search_term_string}"},"query-input":{"@type":"PropertyValueSpecification","valueRequired":true,"valueName":"search_term_string"}}],"inLanguage":"pt-BR"},{"@type":"Organization","@id":"https:\/\/www.notibras.com\/site\/#organization","name":"Grupo Notibras de Comunica\u00e7\u00e3o","url":"https:\/\/www.notibras.com\/site\/","logo":{"@type":"ImageObject","inLanguage":"pt-BR","@id":"https:\/\/www.notibras.com\/site\/#\/schema\/logo\/image\/","url":"https:\/\/www.notibras.com\/site\/wp-content\/uploads\/2023\/01\/notibras23.png","contentUrl":"https:\/\/www.notibras.com\/site\/wp-content\/uploads\/2023\/01\/notibras23.png","width":350,"height":87,"caption":"Grupo Notibras de Comunica\u00e7\u00e3o"},"image":{"@id":"https:\/\/www.notibras.com\/site\/#\/schema\/logo\/image\/"},"sameAs":["https:\/\/www.facebook.com\/notibras\/","https:\/\/x.com\/Notibras","https:\/\/www.instagram.com\/notibras\/"]},{"@type":"Person","@id":"https:\/\/www.notibras.com\/site\/#\/schema\/person\/36ab0979449956132d3e5b517ea76ac8","name":"Reda\u00e7\u00e3o","image":{"@type":"ImageObject","inLanguage":"pt-BR","@id":"https:\/\/secure.gravatar.com\/avatar\/e0a867bdedb85fd243eadf09663511f96fc81e0720a4a42581f334ad4303aa6b?s=96&d=mm&r=g","url":"https:\/\/secure.gravatar.com\/avatar\/e0a867bdedb85fd243eadf09663511f96fc81e0720a4a42581f334ad4303aa6b?s=96&d=mm&r=g","contentUrl":"https:\/\/secure.gravatar.com\/avatar\/e0a867bdedb85fd243eadf09663511f96fc81e0720a4a42581f334ad4303aa6b?s=96&d=mm&r=g","caption":"Reda\u00e7\u00e3o"}}]}},"amp_enabled":true,"_links":{"self":[{"href":"https:\/\/www.notibras.com\/site\/wp-json\/wp\/v2\/posts\/375858","targetHints":{"allow":["GET"]}}],"collection":[{"href":"https:\/\/www.notibras.com\/site\/wp-json\/wp\/v2\/posts"}],"about":[{"href":"https:\/\/www.notibras.com\/site\/wp-json\/wp\/v2\/types\/post"}],"author":[{"embeddable":true,"href":"https:\/\/www.notibras.com\/site\/wp-json\/wp\/v2\/users\/2"}],"replies":[{"embeddable":true,"href":"https:\/\/www.notibras.com\/site\/wp-json\/wp\/v2\/comments?post=375858"}],"version-history":[{"count":1,"href":"https:\/\/www.notibras.com\/site\/wp-json\/wp\/v2\/posts\/375858\/revisions"}],"predecessor-version":[{"id":375860,"href":"https:\/\/www.notibras.com\/site\/wp-json\/wp\/v2\/posts\/375858\/revisions\/375860"}],"wp:featuredmedia":[{"embeddable":true,"href":"https:\/\/www.notibras.com\/site\/wp-json\/wp\/v2\/media\/375859"}],"wp:attachment":[{"href":"https:\/\/www.notibras.com\/site\/wp-json\/wp\/v2\/media?parent=375858"}],"wp:term":[{"taxonomy":"category","embeddable":true,"href":"https:\/\/www.notibras.com\/site\/wp-json\/wp\/v2\/categories?post=375858"},{"taxonomy":"post_tag","embeddable":true,"href":"https:\/\/www.notibras.com\/site\/wp-json\/wp\/v2\/tags?post=375858"}],"curies":[{"name":"wp","href":"https:\/\/api.w.org\/{rel}","templated":true}]}}