{"id":375861,"date":"2025-12-22T00:00:23","date_gmt":"2025-12-22T03:00:23","guid":{"rendered":"https:\/\/www.notibras.com\/site\/?p=375861"},"modified":"2025-12-22T04:15:50","modified_gmt":"2025-12-22T07:15:50","slug":"ato-pede-fim-da-violencia-contra-mulheres-e-lgbtqia","status":"publish","type":"post","link":"https:\/\/www.notibras.com\/site\/ato-pede-fim-da-violencia-contra-mulheres-e-lgbtqia\/","title":{"rendered":"Ato pede fim da viol\u00eancia contra mulheres e LGBTQIA+"},"content":{"rendered":"<p>Diferentes movimentos sociais participaram de um ato p\u00fablico neste domingo (21) pelo fim da viol\u00eancia contra mulheres, pessoas LGBTQIA+ e minorias vulner\u00e1veis \u200b\u200bque s\u00e3o alvos de assassinatos e agress\u00f5es em todo o pa\u00eds.<\/p>\n<p>A concentra\u00e7\u00e3o estava marcada para come\u00e7ar \u00e0s 14h, mas o sol e o calor deste in\u00edcio do ver\u00e3o fizeram uma parada para come\u00e7ar bem depois da hora prevista.<\/p>\n<p>O ato foi convocado e organizado pela CasaNem, um centro de acolhimento localizado na cidade do Rio de Janeiro que abriga pessoas LGBTQIA+ em situa\u00e7\u00e3o de vulnerabilidade social, em sua maioria transexuais e travestis. A institui\u00e7\u00e3o desenvolve programas e atividades focadas na autonomia e cultura de seus moradores, al\u00e9m de realizar atendimentos e oferecer workshops e cursos.<\/p>\n<p><strong>Agress\u00f5es brutais<\/strong><br \/>\nA fundadora da Casa NEM, Indianarae Siqueira, disse \u00e0 Ag\u00eancia Brasil que a convoca\u00e7\u00e3o para a manifesta\u00e7\u00e3o deste domingo foi tomada ap\u00f3s a ocorr\u00eancia de dois casos que chocaram o pa\u00eds este ano, com foco na popula\u00e7\u00e3o trans.<\/p>\n<p>O primeiro caso foi o de uma adolescente trans de 13 anos que est\u00e1 internada em estado grave ap\u00f3s ser brutalmente agredida e queimada em via p\u00fablica, em Guarapari, no Esp\u00edrito Santo. A jovem foi encontrada ca\u00edda no ch\u00e3o, com queimaduras extensas pelo corpo e no rosto. Ela est\u00e1 internada no Hospital Infantil de Vit\u00f3ria, sem previs\u00e3o de alta. O caso est\u00e1 sendo investigado pela Delegacia de Prote\u00e7\u00e3o \u00e0 Crian\u00e7a e ao Adolescente.<\/p>\n<p>O outro caso foi o de Fernando Vila\u00e7a, de 17 anos, morador de Manaus, que sonhava ser veterin\u00e1rio mas foi espancado at\u00e9 a morte por LGBTfobia.<\/p>\n<p>Indianarae afirmou que a morte desses jovens refor\u00e7a a necessidade de cria\u00e7\u00e3o de pol\u00edticas no pa\u00eds que protejam a juventude LBGTQIA+ e estabele\u00e7am que o combate ao preconceito deve ser ensinado desde o in\u00edcio do processo de alfabetiza\u00e7\u00e3o das crian\u00e7as.<\/p>\n<p><strong>Educa\u00e7\u00e3o<\/strong><br \/>\nPara Indianarae, a viol\u00eancia contra as mulheres e a popula\u00e7\u00e3o LGBTQIA+ n\u00e3o cresceu, mas ganhou mais visibilidade com a cria\u00e7\u00e3o de novas leis e o avan\u00e7o dos mecanismos de den\u00fancia.<\/p>\n<p>\u201cO que a gente n\u00e3o via antes, n\u00e3o tinha no\u00e7\u00e3o, as pessoas passaram a denunciar mais\u201d, disse. \u201cQuando a LGBTfobia se tornou crime tamb\u00e9m, as pessoas passaram a denunciar mais. A gente n\u00e3o quer que seja assim mas, infelizmente, criminalizar, \u00e0s vezes, \u00e9 uma maneira pedag\u00f3gica para as pr\u00f3ximas gera\u00e7\u00f5es entenderem que isso n\u00e3o pode mais ser poss\u00edvel e n\u00e3o pode ser aceit\u00e1vel em uma sociedade\u201d.<\/p>\n<p>Indianarae refor\u00e7ou que, na realidade, \u00e9 preciso entender que a fonte das opress\u00f5es contra as comunidades vulner\u00e1veis \u200b\u200bvem do machismo, do patriarcado, e que a luta n\u00e3o \u00e9 contra os homens cisg\u00eaneros, nem contra as pessoas.<\/p>\n<p>&#8220;\u00c9 contra o sistema opressor. \u00c9 diferente. Mas a gente precisa, de alguma maneira, encontrar um meio, atrav\u00e9s da educa\u00e7\u00e3o, de acabar com a viol\u00eancia. A gente precisa educar as pessoas na base, nas escolas, em casa. O mesmo ocorre em rela\u00e7\u00e3o \u00e0 quest\u00e3o da ecologia, das mudan\u00e7as clim\u00e1ticas. Tudo \u00e9 educa\u00e7\u00e3o. Porque os que aprendem na escola ser\u00e3o os pais das pr\u00f3ximas gera\u00e7\u00f5es que j\u00e1 v\u00e3o educar os filhos em casa, para que as novas gera\u00e7\u00f5es sejam cada vez mais educadas. \u00c9 um ciclo constante de educa\u00e7\u00e3o que n\u00e3o se pode romper&#8221;<\/p>\n<p><strong>Mudan\u00e7a de vida<\/strong><br \/>\nParticipante do ato, a mulher trans Laisa, de 30 anos, defende a igualdade de direitos das pessoas que s\u00e3o como s\u00e3o e acredita que o movimento promovido pela CasaNem vai nessa dire\u00e7\u00e3o. \u201c\u00c9 para falar do amor, pelo respeito, pela igualdade, pela honra das pessoas, independentemente de fazer parte dessa bandeira ou n\u00e3o\u201d.<\/p>\n<p>J\u00e1 a MC Raica conta que participou do evento cantando funk, como uma forma de retribuir o apoio que tem recebido da CasaNem.<\/p>\n<p>Ela cantou na Parada do Orgulho LGBTI+ do Rio de Janeiro deste ano, em Copacabana, e tamb\u00e9m da de Queimados, na Baixada Fluminense.<\/p>\n<p>&#8220;Aos poucos, as coisas est\u00e3o acontecendo. Tem um gosto de realiza\u00e7\u00e3o para mim e inspira\u00e7\u00e3o para outras. A gente s\u00f3 se viu na esquina ou em sal\u00f5es de beleza. Hoje em dia, a gente pode ser o que quiser.&#8221;<\/p>\n<p>Raica disse que a principal motiva\u00e7\u00e3o do ato nos Arcos da Lapa \u00e9 lutar contra a viol\u00eancia e pelos direitos \u201cque todos merecemos\u201d.<\/p>\n<p>&#8220;Somos todos iguais, merecemos os mesmos direitos, o trabalho digno. Hoje, estou trabalhando de carteira assinada e saindo da prostitui\u00e7\u00e3o aos poucos. Estou vivendo uma outra realidade. N\u00e3o podemos desistir. Temos que lutar sempre&#8221;, disse, ressaltando o apoio que tem recebido da CasaNem e do Instituto Trans Mar\u00e9. &#8220;Se n\u00e3o fossem elas, eu n\u00e3o estaria aqui hoje. Elas me apoiaram bastante. E eu acho que tem que ser assim: umas apoiando as outras, porque, no final, somos n\u00f3s por n\u00f3s iguais, enquanto o sistema tenta nos punir o tempo todo&#8221;.<\/p>\n<p>Fundadora do Instituto Trans Mar\u00e9, Lohana Carla conversou com a Ag\u00eancia Brasil sobre o trabalho de Acolhimento a mulheres trans e travestis da comunidade, realizado desde a pandemia de covid-19, para prestar assist\u00eancia psicol\u00f3gica e jur\u00eddica, al\u00e9m de apoio \u00e0 alimenta\u00e7\u00e3o e moradia, oferecendo empregabilidade.<\/p>\n<p>Lohana lamentou que sejam vistas cada vez mais mulheres sofrendo agress\u00f5es no pa\u00eds. \u201cMas n\u00f3s, trans, tamb\u00e9m sofremos agress\u00f5es\u201d, destacou. \u201cA gente quer abrir o olho da sociedade para todos os campos que sofrem viol\u00eancia. Falam muito em direitos, mas, para n\u00f3s, est\u00e1 se usando s\u00f3 uma boa maquiagem. As pessoas trans sofrem transfobia, preconceito. \u00c9 preciso lutar contra isso\u201d.<\/p>\n<p>Eliane Linhares compareceu representando a Corrente Socialista de Trabalhadoras e Trabalhadores (CST) e tamb\u00e9m o grupo Jocanas Arari\u00ea, que prega a igualdade contra a viol\u00eancia e a prote\u00e7\u00e3o tamb\u00e9m \u00e0 mulher ind\u00edgena. Em um cartaz, Eliane mostrou que a luta \u00e9 pela criminaliza\u00e7\u00e3o da misoginia, pela pris\u00e3o para feminicidas e estupradores e por palavras p\u00fablicas para prote\u00e7\u00e3o das mulheres.<\/p>\n<p><strong>N\u00fameros<\/strong><br \/>\nN\u00fameros comprovam a gravidade da situa\u00e7\u00e3o que atinge tanto mulheres quanto a popula\u00e7\u00e3o LGBTQIA+. De janeiro a setembro deste ano, mais de 2,7 mil mulheres sofreram tentativas de feminic\u00eddio. Outras 1.075 morreram v\u00edtimas desse crime.<\/p>\n<p>Al\u00e9m disso, o Brasil segue como o pa\u00eds com o maior n\u00famero contabilizado de assassinatos de pessoas trans e travestis no mundo, pelo 17\u00ba ano consecutivo.<\/p>\n<p>Em 2024, o Grupo Gay da Bahia registrou 291 mortes violentas de pessoas LGBTQIA+, o que representa uma morte a cada 30 horas. O Dossi\u00ea da Associa\u00e7\u00e3o Nacional de Travestis e Transexuais (Dossi\u00ea ANTRA) contabilizou 122 assassinatos de pessoas trans no ano passado, sendo 82% das v\u00edtimas de pessoas pretas e pardas.<\/p>\n<p>De acordo com o Atlas da Viol\u00eancia 2025, as agress\u00f5es contra a popula\u00e7\u00e3o LGBTQIA+ cresceram 1,227% em dez anos. No caso espec\u00edfico de travestis, os registros saltaram de 27 casos, em 2014, para 659, em 2023 \u2500 um aumento de 2,340%. O Atlas destaca que, nos \u00faltimos dez anos, o n\u00famero de casos de viol\u00eancia contra mulheres trans subiu de 291 (2014) para 3.524 (2023), crescimento de 1.110%. Contra homens trans, o aumento foi ainda maior: 1,607%, passando de 78 para 1,332.<\/p>\n","protected":false},"excerpt":{"rendered":"<p>Diferentes movimentos sociais participaram de um ato p\u00fablico neste domingo (21) pelo fim da viol\u00eancia contra mulheres, pessoas LGBTQIA+ e minorias vulner\u00e1veis \u200b\u200bque s\u00e3o alvos de assassinatos e agress\u00f5es em todo o pa\u00eds. A concentra\u00e7\u00e3o estava marcada para come\u00e7ar \u00e0s 14h, mas o sol e o calor deste in\u00edcio do ver\u00e3o fizeram uma parada para [&hellip;]<\/p>\n","protected":false},"author":2,"featured_media":375862,"comment_status":"closed","ping_status":"closed","sticky":false,"template":"","format":"standard","meta":{"_acf_changed":false,"footnotes":""},"categories":[16],"tags":[],"class_list":["post-375861","post","type-post","status-publish","format-standard","has-post-thumbnail","hentry","category-brasil"],"acf":[],"yoast_head":"<!-- This site is optimized with the Yoast SEO plugin v27.2 - https:\/\/yoast.com\/product\/yoast-seo-wordpress\/ -->\n<title>Ato pede fim da viol\u00eancia contra mulheres e LGBTQIA+ - Notibras<\/title>\n<meta name=\"robots\" content=\"index, follow, max-snippet:-1, max-image-preview:large, max-video-preview:-1\" \/>\n<link rel=\"canonical\" href=\"https:\/\/www.notibras.com\/site\/ato-pede-fim-da-violencia-contra-mulheres-e-lgbtqia\/\" \/>\n<meta property=\"og:locale\" content=\"pt_BR\" \/>\n<meta property=\"og:type\" content=\"article\" \/>\n<meta property=\"og:title\" content=\"Ato pede fim da viol\u00eancia contra mulheres e LGBTQIA+ - Notibras\" \/>\n<meta property=\"og:description\" content=\"Diferentes movimentos sociais participaram de um ato p\u00fablico neste domingo (21) pelo fim da viol\u00eancia contra mulheres, pessoas LGBTQIA+ e minorias vulner\u00e1veis \u200b\u200bque s\u00e3o alvos de assassinatos e agress\u00f5es em todo o pa\u00eds. A concentra\u00e7\u00e3o estava marcada para come\u00e7ar \u00e0s 14h, mas o sol e o calor deste in\u00edcio do ver\u00e3o fizeram uma parada para [&hellip;]\" \/>\n<meta property=\"og:url\" content=\"https:\/\/www.notibras.com\/site\/ato-pede-fim-da-violencia-contra-mulheres-e-lgbtqia\/\" \/>\n<meta property=\"og:site_name\" content=\"Notibras\" \/>\n<meta property=\"article:publisher\" content=\"https:\/\/www.facebook.com\/notibras\/\" \/>\n<meta property=\"article:published_time\" content=\"2025-12-22T03:00:23+00:00\" \/>\n<meta property=\"article:modified_time\" content=\"2025-12-22T07:15:50+00:00\" \/>\n<meta property=\"og:image\" content=\"https:\/\/www.notibras.com\/site\/wp-content\/uploads\/2025\/12\/1000399485.webp\" \/>\n\t<meta property=\"og:image:width\" content=\"1170\" \/>\n\t<meta property=\"og:image:height\" content=\"700\" \/>\n\t<meta property=\"og:image:type\" content=\"image\/webp\" \/>\n<meta name=\"author\" content=\"Reda\u00e7\u00e3o\" \/>\n<meta name=\"twitter:card\" content=\"summary_large_image\" \/>\n<meta name=\"twitter:creator\" content=\"@Notibras\" \/>\n<meta name=\"twitter:site\" content=\"@Notibras\" \/>\n<meta name=\"twitter:label1\" content=\"Escrito por\" \/>\n\t<meta name=\"twitter:data1\" content=\"Reda\u00e7\u00e3o\" \/>\n\t<meta name=\"twitter:label2\" content=\"Est. tempo de leitura\" \/>\n\t<meta name=\"twitter:data2\" content=\"7 minutos\" \/>\n<script type=\"application\/ld+json\" class=\"yoast-schema-graph\">{\"@context\":\"https:\/\/schema.org\",\"@graph\":[{\"@type\":\"Article\",\"@id\":\"https:\/\/www.notibras.com\/site\/ato-pede-fim-da-violencia-contra-mulheres-e-lgbtqia\/#article\",\"isPartOf\":{\"@id\":\"https:\/\/www.notibras.com\/site\/ato-pede-fim-da-violencia-contra-mulheres-e-lgbtqia\/\"},\"author\":{\"name\":\"Reda\u00e7\u00e3o\",\"@id\":\"https:\/\/www.notibras.com\/site\/#\/schema\/person\/36ab0979449956132d3e5b517ea76ac8\"},\"headline\":\"Ato pede fim da viol\u00eancia contra mulheres e LGBTQIA+\",\"datePublished\":\"2025-12-22T03:00:23+00:00\",\"dateModified\":\"2025-12-22T07:15:50+00:00\",\"mainEntityOfPage\":{\"@id\":\"https:\/\/www.notibras.com\/site\/ato-pede-fim-da-violencia-contra-mulheres-e-lgbtqia\/\"},\"wordCount\":1240,\"publisher\":{\"@id\":\"https:\/\/www.notibras.com\/site\/#organization\"},\"image\":{\"@id\":\"https:\/\/www.notibras.com\/site\/ato-pede-fim-da-violencia-contra-mulheres-e-lgbtqia\/#primaryimage\"},\"thumbnailUrl\":\"https:\/\/www.notibras.com\/site\/wp-content\/uploads\/2025\/12\/1000399485.webp\",\"articleSection\":[\"Brasil\"],\"inLanguage\":\"pt-BR\"},{\"@type\":\"WebPage\",\"@id\":\"https:\/\/www.notibras.com\/site\/ato-pede-fim-da-violencia-contra-mulheres-e-lgbtqia\/\",\"url\":\"https:\/\/www.notibras.com\/site\/ato-pede-fim-da-violencia-contra-mulheres-e-lgbtqia\/\",\"name\":\"Ato pede fim da viol\u00eancia contra mulheres e LGBTQIA+ - Notibras\",\"isPartOf\":{\"@id\":\"https:\/\/www.notibras.com\/site\/#website\"},\"primaryImageOfPage\":{\"@id\":\"https:\/\/www.notibras.com\/site\/ato-pede-fim-da-violencia-contra-mulheres-e-lgbtqia\/#primaryimage\"},\"image\":{\"@id\":\"https:\/\/www.notibras.com\/site\/ato-pede-fim-da-violencia-contra-mulheres-e-lgbtqia\/#primaryimage\"},\"thumbnailUrl\":\"https:\/\/www.notibras.com\/site\/wp-content\/uploads\/2025\/12\/1000399485.webp\",\"datePublished\":\"2025-12-22T03:00:23+00:00\",\"dateModified\":\"2025-12-22T07:15:50+00:00\",\"breadcrumb\":{\"@id\":\"https:\/\/www.notibras.com\/site\/ato-pede-fim-da-violencia-contra-mulheres-e-lgbtqia\/#breadcrumb\"},\"inLanguage\":\"pt-BR\",\"potentialAction\":[{\"@type\":\"ReadAction\",\"target\":[\"https:\/\/www.notibras.com\/site\/ato-pede-fim-da-violencia-contra-mulheres-e-lgbtqia\/\"]}]},{\"@type\":\"ImageObject\",\"inLanguage\":\"pt-BR\",\"@id\":\"https:\/\/www.notibras.com\/site\/ato-pede-fim-da-violencia-contra-mulheres-e-lgbtqia\/#primaryimage\",\"url\":\"https:\/\/www.notibras.com\/site\/wp-content\/uploads\/2025\/12\/1000399485.webp\",\"contentUrl\":\"https:\/\/www.notibras.com\/site\/wp-content\/uploads\/2025\/12\/1000399485.webp\",\"width\":1170,\"height\":700},{\"@type\":\"BreadcrumbList\",\"@id\":\"https:\/\/www.notibras.com\/site\/ato-pede-fim-da-violencia-contra-mulheres-e-lgbtqia\/#breadcrumb\",\"itemListElement\":[{\"@type\":\"ListItem\",\"position\":1,\"name\":\"In\u00edcio\",\"item\":\"https:\/\/www.notibras.com\/site\/\"},{\"@type\":\"ListItem\",\"position\":2,\"name\":\"Ato pede fim da viol\u00eancia contra mulheres e LGBTQIA+\"}]},{\"@type\":\"WebSite\",\"@id\":\"https:\/\/www.notibras.com\/site\/#website\",\"url\":\"https:\/\/www.notibras.com\/site\/\",\"name\":\"Notibras\",\"description\":\"Not\u00edcias de Bras\u00edlia, do Brasil e do Mundo\",\"publisher\":{\"@id\":\"https:\/\/www.notibras.com\/site\/#organization\"},\"potentialAction\":[{\"@type\":\"SearchAction\",\"target\":{\"@type\":\"EntryPoint\",\"urlTemplate\":\"https:\/\/www.notibras.com\/site\/?s={search_term_string}\"},\"query-input\":{\"@type\":\"PropertyValueSpecification\",\"valueRequired\":true,\"valueName\":\"search_term_string\"}}],\"inLanguage\":\"pt-BR\"},{\"@type\":\"Organization\",\"@id\":\"https:\/\/www.notibras.com\/site\/#organization\",\"name\":\"Grupo Notibras de Comunica\u00e7\u00e3o\",\"url\":\"https:\/\/www.notibras.com\/site\/\",\"logo\":{\"@type\":\"ImageObject\",\"inLanguage\":\"pt-BR\",\"@id\":\"https:\/\/www.notibras.com\/site\/#\/schema\/logo\/image\/\",\"url\":\"https:\/\/www.notibras.com\/site\/wp-content\/uploads\/2023\/01\/notibras23.png\",\"contentUrl\":\"https:\/\/www.notibras.com\/site\/wp-content\/uploads\/2023\/01\/notibras23.png\",\"width\":350,\"height\":87,\"caption\":\"Grupo Notibras de Comunica\u00e7\u00e3o\"},\"image\":{\"@id\":\"https:\/\/www.notibras.com\/site\/#\/schema\/logo\/image\/\"},\"sameAs\":[\"https:\/\/www.facebook.com\/notibras\/\",\"https:\/\/x.com\/Notibras\",\"https:\/\/www.instagram.com\/notibras\/\"]},{\"@type\":\"Person\",\"@id\":\"https:\/\/www.notibras.com\/site\/#\/schema\/person\/36ab0979449956132d3e5b517ea76ac8\",\"name\":\"Reda\u00e7\u00e3o\",\"image\":{\"@type\":\"ImageObject\",\"inLanguage\":\"pt-BR\",\"@id\":\"https:\/\/secure.gravatar.com\/avatar\/e0a867bdedb85fd243eadf09663511f96fc81e0720a4a42581f334ad4303aa6b?s=96&d=mm&r=g\",\"url\":\"https:\/\/secure.gravatar.com\/avatar\/e0a867bdedb85fd243eadf09663511f96fc81e0720a4a42581f334ad4303aa6b?s=96&d=mm&r=g\",\"contentUrl\":\"https:\/\/secure.gravatar.com\/avatar\/e0a867bdedb85fd243eadf09663511f96fc81e0720a4a42581f334ad4303aa6b?s=96&d=mm&r=g\",\"caption\":\"Reda\u00e7\u00e3o\"}}]}<\/script>\n<!-- \/ Yoast SEO plugin. -->","yoast_head_json":{"title":"Ato pede fim da viol\u00eancia contra mulheres e LGBTQIA+ - Notibras","robots":{"index":"index","follow":"follow","max-snippet":"max-snippet:-1","max-image-preview":"max-image-preview:large","max-video-preview":"max-video-preview:-1"},"canonical":"https:\/\/www.notibras.com\/site\/ato-pede-fim-da-violencia-contra-mulheres-e-lgbtqia\/","og_locale":"pt_BR","og_type":"article","og_title":"Ato pede fim da viol\u00eancia contra mulheres e LGBTQIA+ - Notibras","og_description":"Diferentes movimentos sociais participaram de um ato p\u00fablico neste domingo (21) pelo fim da viol\u00eancia contra mulheres, pessoas LGBTQIA+ e minorias vulner\u00e1veis \u200b\u200bque s\u00e3o alvos de assassinatos e agress\u00f5es em todo o pa\u00eds. A concentra\u00e7\u00e3o estava marcada para come\u00e7ar \u00e0s 14h, mas o sol e o calor deste in\u00edcio do ver\u00e3o fizeram uma parada para [&hellip;]","og_url":"https:\/\/www.notibras.com\/site\/ato-pede-fim-da-violencia-contra-mulheres-e-lgbtqia\/","og_site_name":"Notibras","article_publisher":"https:\/\/www.facebook.com\/notibras\/","article_published_time":"2025-12-22T03:00:23+00:00","article_modified_time":"2025-12-22T07:15:50+00:00","og_image":[{"width":1170,"height":700,"url":"https:\/\/www.notibras.com\/site\/wp-content\/uploads\/2025\/12\/1000399485.webp","type":"image\/webp"}],"author":"Reda\u00e7\u00e3o","twitter_card":"summary_large_image","twitter_creator":"@Notibras","twitter_site":"@Notibras","twitter_misc":{"Escrito por":"Reda\u00e7\u00e3o","Est. tempo de leitura":"7 minutos"},"schema":{"@context":"https:\/\/schema.org","@graph":[{"@type":"Article","@id":"https:\/\/www.notibras.com\/site\/ato-pede-fim-da-violencia-contra-mulheres-e-lgbtqia\/#article","isPartOf":{"@id":"https:\/\/www.notibras.com\/site\/ato-pede-fim-da-violencia-contra-mulheres-e-lgbtqia\/"},"author":{"name":"Reda\u00e7\u00e3o","@id":"https:\/\/www.notibras.com\/site\/#\/schema\/person\/36ab0979449956132d3e5b517ea76ac8"},"headline":"Ato pede fim da viol\u00eancia contra mulheres e LGBTQIA+","datePublished":"2025-12-22T03:00:23+00:00","dateModified":"2025-12-22T07:15:50+00:00","mainEntityOfPage":{"@id":"https:\/\/www.notibras.com\/site\/ato-pede-fim-da-violencia-contra-mulheres-e-lgbtqia\/"},"wordCount":1240,"publisher":{"@id":"https:\/\/www.notibras.com\/site\/#organization"},"image":{"@id":"https:\/\/www.notibras.com\/site\/ato-pede-fim-da-violencia-contra-mulheres-e-lgbtqia\/#primaryimage"},"thumbnailUrl":"https:\/\/www.notibras.com\/site\/wp-content\/uploads\/2025\/12\/1000399485.webp","articleSection":["Brasil"],"inLanguage":"pt-BR"},{"@type":"WebPage","@id":"https:\/\/www.notibras.com\/site\/ato-pede-fim-da-violencia-contra-mulheres-e-lgbtqia\/","url":"https:\/\/www.notibras.com\/site\/ato-pede-fim-da-violencia-contra-mulheres-e-lgbtqia\/","name":"Ato pede fim da viol\u00eancia contra mulheres e LGBTQIA+ - Notibras","isPartOf":{"@id":"https:\/\/www.notibras.com\/site\/#website"},"primaryImageOfPage":{"@id":"https:\/\/www.notibras.com\/site\/ato-pede-fim-da-violencia-contra-mulheres-e-lgbtqia\/#primaryimage"},"image":{"@id":"https:\/\/www.notibras.com\/site\/ato-pede-fim-da-violencia-contra-mulheres-e-lgbtqia\/#primaryimage"},"thumbnailUrl":"https:\/\/www.notibras.com\/site\/wp-content\/uploads\/2025\/12\/1000399485.webp","datePublished":"2025-12-22T03:00:23+00:00","dateModified":"2025-12-22T07:15:50+00:00","breadcrumb":{"@id":"https:\/\/www.notibras.com\/site\/ato-pede-fim-da-violencia-contra-mulheres-e-lgbtqia\/#breadcrumb"},"inLanguage":"pt-BR","potentialAction":[{"@type":"ReadAction","target":["https:\/\/www.notibras.com\/site\/ato-pede-fim-da-violencia-contra-mulheres-e-lgbtqia\/"]}]},{"@type":"ImageObject","inLanguage":"pt-BR","@id":"https:\/\/www.notibras.com\/site\/ato-pede-fim-da-violencia-contra-mulheres-e-lgbtqia\/#primaryimage","url":"https:\/\/www.notibras.com\/site\/wp-content\/uploads\/2025\/12\/1000399485.webp","contentUrl":"https:\/\/www.notibras.com\/site\/wp-content\/uploads\/2025\/12\/1000399485.webp","width":1170,"height":700},{"@type":"BreadcrumbList","@id":"https:\/\/www.notibras.com\/site\/ato-pede-fim-da-violencia-contra-mulheres-e-lgbtqia\/#breadcrumb","itemListElement":[{"@type":"ListItem","position":1,"name":"In\u00edcio","item":"https:\/\/www.notibras.com\/site\/"},{"@type":"ListItem","position":2,"name":"Ato pede fim da viol\u00eancia contra mulheres e LGBTQIA+"}]},{"@type":"WebSite","@id":"https:\/\/www.notibras.com\/site\/#website","url":"https:\/\/www.notibras.com\/site\/","name":"Notibras","description":"Not\u00edcias de Bras\u00edlia, do Brasil e do Mundo","publisher":{"@id":"https:\/\/www.notibras.com\/site\/#organization"},"potentialAction":[{"@type":"SearchAction","target":{"@type":"EntryPoint","urlTemplate":"https:\/\/www.notibras.com\/site\/?s={search_term_string}"},"query-input":{"@type":"PropertyValueSpecification","valueRequired":true,"valueName":"search_term_string"}}],"inLanguage":"pt-BR"},{"@type":"Organization","@id":"https:\/\/www.notibras.com\/site\/#organization","name":"Grupo Notibras de Comunica\u00e7\u00e3o","url":"https:\/\/www.notibras.com\/site\/","logo":{"@type":"ImageObject","inLanguage":"pt-BR","@id":"https:\/\/www.notibras.com\/site\/#\/schema\/logo\/image\/","url":"https:\/\/www.notibras.com\/site\/wp-content\/uploads\/2023\/01\/notibras23.png","contentUrl":"https:\/\/www.notibras.com\/site\/wp-content\/uploads\/2023\/01\/notibras23.png","width":350,"height":87,"caption":"Grupo Notibras de Comunica\u00e7\u00e3o"},"image":{"@id":"https:\/\/www.notibras.com\/site\/#\/schema\/logo\/image\/"},"sameAs":["https:\/\/www.facebook.com\/notibras\/","https:\/\/x.com\/Notibras","https:\/\/www.instagram.com\/notibras\/"]},{"@type":"Person","@id":"https:\/\/www.notibras.com\/site\/#\/schema\/person\/36ab0979449956132d3e5b517ea76ac8","name":"Reda\u00e7\u00e3o","image":{"@type":"ImageObject","inLanguage":"pt-BR","@id":"https:\/\/secure.gravatar.com\/avatar\/e0a867bdedb85fd243eadf09663511f96fc81e0720a4a42581f334ad4303aa6b?s=96&d=mm&r=g","url":"https:\/\/secure.gravatar.com\/avatar\/e0a867bdedb85fd243eadf09663511f96fc81e0720a4a42581f334ad4303aa6b?s=96&d=mm&r=g","contentUrl":"https:\/\/secure.gravatar.com\/avatar\/e0a867bdedb85fd243eadf09663511f96fc81e0720a4a42581f334ad4303aa6b?s=96&d=mm&r=g","caption":"Reda\u00e7\u00e3o"}}]}},"amp_enabled":true,"_links":{"self":[{"href":"https:\/\/www.notibras.com\/site\/wp-json\/wp\/v2\/posts\/375861","targetHints":{"allow":["GET"]}}],"collection":[{"href":"https:\/\/www.notibras.com\/site\/wp-json\/wp\/v2\/posts"}],"about":[{"href":"https:\/\/www.notibras.com\/site\/wp-json\/wp\/v2\/types\/post"}],"author":[{"embeddable":true,"href":"https:\/\/www.notibras.com\/site\/wp-json\/wp\/v2\/users\/2"}],"replies":[{"embeddable":true,"href":"https:\/\/www.notibras.com\/site\/wp-json\/wp\/v2\/comments?post=375861"}],"version-history":[{"count":1,"href":"https:\/\/www.notibras.com\/site\/wp-json\/wp\/v2\/posts\/375861\/revisions"}],"predecessor-version":[{"id":375863,"href":"https:\/\/www.notibras.com\/site\/wp-json\/wp\/v2\/posts\/375861\/revisions\/375863"}],"wp:featuredmedia":[{"embeddable":true,"href":"https:\/\/www.notibras.com\/site\/wp-json\/wp\/v2\/media\/375862"}],"wp:attachment":[{"href":"https:\/\/www.notibras.com\/site\/wp-json\/wp\/v2\/media?parent=375861"}],"wp:term":[{"taxonomy":"category","embeddable":true,"href":"https:\/\/www.notibras.com\/site\/wp-json\/wp\/v2\/categories?post=375861"},{"taxonomy":"post_tag","embeddable":true,"href":"https:\/\/www.notibras.com\/site\/wp-json\/wp\/v2\/tags?post=375861"}],"curies":[{"name":"wp","href":"https:\/\/api.w.org\/{rel}","templated":true}]}}