{"id":375864,"date":"2025-12-22T00:00:44","date_gmt":"2025-12-22T03:00:44","guid":{"rendered":"https:\/\/www.notibras.com\/site\/?p=375864"},"modified":"2025-12-22T04:21:21","modified_gmt":"2025-12-22T07:21:21","slug":"julio-lancellotti-denuncia-conspiracao-contra-trabalho-da-pastoral-de-rua","status":"publish","type":"post","link":"https:\/\/www.notibras.com\/site\/julio-lancellotti-denuncia-conspiracao-contra-trabalho-da-pastoral-de-rua\/","title":{"rendered":"J\u00falio Lancellotti denuncia conspira\u00e7\u00e3o contra trabalho da Pastoral de Rua"},"content":{"rendered":"<p>Em sua primeira missa dominical ap\u00f3s ser proibido pela Arquidiocese de S\u00e3o Paulo de transmitir o rito na internet, o Padre J\u00falio Lancellotti disse neste domingo (21) que as a\u00e7\u00f5es da Pastoral de Rua, que atende a pessoas em situa\u00e7\u00e3o de rua, est\u00e3o sendo v\u00edtimas de conspira\u00e7\u00e3o.<\/p>\n<p>\u201cEu n\u00e3o sei o que \u00e9 que vai acontecer nas pr\u00f3ximas semanas, porque, assim como n\u00f3s nos juntamos para dizer que somos irm\u00e3os, muitos se juntam tamb\u00e9m para conspirar contra. Assim como n\u00f3s nos juntamos para rezarmos juntos, outros se juntam para conspirar, para fazer formas de destilar o seu \u00f3dio\u201d, disse o padre ao final da missa, ap\u00f3s listar uma s\u00e9rie de atividades desenvolvidas pela pastoral.<\/p>\n<p>\u201cO que \u00e9 interessante \u00e9 que os que atacam n\u00e3o conhecem a hist\u00f3ria, n\u00e3o sabem tudo o que foi vivido\u201d, acrescentou, em outra parte de sua fala.<\/p>\n<p>O religioso lembrou das a\u00e7\u00f5es sociais desenvolvidas no Centro Santa Dulce, na Casa Santa Virg\u00ednia, e na Casa Nossa Senhora das Merc\u00eas. \u201cQuem quer saber o que \u00e9 feito \u00e9 s\u00f3 visitar os trabalhos. \u00c9 s\u00f3 ir para uma das casas\u201d, disse.<\/p>\n<p>\u201cO p\u00e3o que \u00e9 feito na padaria, que \u00e9 mantido pela doa\u00e7\u00e3o de todos \u2500 e se faz, ali, 2 mil p\u00e3es, que s\u00e3o divididos em muitos lugares e aqui tamb\u00e9m \u2500, nada disso \u00e9 custeado pelo poder p\u00fablico e por nenhuma outra inst\u00e2ncia. \u00c9 a boa vontade de todos\u201d, acrescentou.<\/p>\n<p>Padre J\u00falio voltou a defender grupos discriminados, como os moradores de rua, os sem terra, os povos ind\u00edgenas, os negros, os palestinos, e as mulheres.<\/p>\n<p>\u201cAt\u00e9 o fim, n\u00f3s estaremos com aqueles que lutam pela terra, pelos povos ind\u00edgenas, pelas mulheres, pelos negros, por todos os que s\u00e3o discriminados, pela Palestina livre. Mesmo que em alguns momentos sejamos diminu\u00eddos, alvejados e feridos, mesmo machucados e sangrando, n\u00f3s amaremos at\u00e9 o fim\u201d, destacou.<\/p>\n<p>Apesar da proibi\u00e7\u00e3o de o religioso utilizar as redes sociais, a Rede Jornalistas Livres transmitiu ao vivo, pelo Instagram, a missa do padre J\u00falio neste domingo.<\/p>\n<p>A Arquidiocese de S\u00e3o Paulo foi procurada durante a semana, mas n\u00e3o se manifestou.<\/p>\n","protected":false},"excerpt":{"rendered":"<p>Em sua primeira missa dominical ap\u00f3s ser proibido pela Arquidiocese de S\u00e3o Paulo de transmitir o rito na internet, o Padre J\u00falio Lancellotti disse neste domingo (21) que as a\u00e7\u00f5es da Pastoral de Rua, que atende a pessoas em situa\u00e7\u00e3o de rua, est\u00e3o sendo v\u00edtimas de conspira\u00e7\u00e3o. \u201cEu n\u00e3o sei o que \u00e9 que vai [&hellip;]<\/p>\n","protected":false},"author":2,"featured_media":375865,"comment_status":"closed","ping_status":"closed","sticky":false,"template":"","format":"standard","meta":{"_acf_changed":false,"footnotes":""},"categories":[16],"tags":[],"class_list":["post-375864","post","type-post","status-publish","format-standard","has-post-thumbnail","hentry","category-brasil"],"acf":[],"yoast_head":"<!-- This site is optimized with the Yoast SEO plugin v27.2 - https:\/\/yoast.com\/product\/yoast-seo-wordpress\/ -->\n<title>J\u00falio Lancellotti denuncia conspira\u00e7\u00e3o contra trabalho da Pastoral de Rua - Notibras<\/title>\n<meta name=\"robots\" content=\"index, follow, max-snippet:-1, max-image-preview:large, max-video-preview:-1\" \/>\n<link rel=\"canonical\" href=\"https:\/\/www.notibras.com\/site\/julio-lancellotti-denuncia-conspiracao-contra-trabalho-da-pastoral-de-rua\/\" \/>\n<meta property=\"og:locale\" content=\"pt_BR\" \/>\n<meta property=\"og:type\" content=\"article\" \/>\n<meta property=\"og:title\" content=\"J\u00falio Lancellotti denuncia conspira\u00e7\u00e3o contra trabalho da Pastoral de Rua - Notibras\" \/>\n<meta property=\"og:description\" content=\"Em sua primeira missa dominical ap\u00f3s ser proibido pela Arquidiocese de S\u00e3o Paulo de transmitir o rito na internet, o Padre J\u00falio Lancellotti disse neste domingo (21) que as a\u00e7\u00f5es da Pastoral de Rua, que atende a pessoas em situa\u00e7\u00e3o de rua, est\u00e3o sendo v\u00edtimas de conspira\u00e7\u00e3o. \u201cEu n\u00e3o sei o que \u00e9 que vai [&hellip;]\" \/>\n<meta property=\"og:url\" content=\"https:\/\/www.notibras.com\/site\/julio-lancellotti-denuncia-conspiracao-contra-trabalho-da-pastoral-de-rua\/\" \/>\n<meta property=\"og:site_name\" content=\"Notibras\" \/>\n<meta property=\"article:publisher\" content=\"https:\/\/www.facebook.com\/notibras\/\" \/>\n<meta property=\"article:published_time\" content=\"2025-12-22T03:00:44+00:00\" \/>\n<meta property=\"article:modified_time\" content=\"2025-12-22T07:21:21+00:00\" \/>\n<meta property=\"og:image\" content=\"https:\/\/www.notibras.com\/site\/wp-content\/uploads\/2025\/12\/img_3598.webp\" \/>\n\t<meta property=\"og:image:width\" content=\"1170\" \/>\n\t<meta property=\"og:image:height\" content=\"700\" \/>\n\t<meta property=\"og:image:type\" content=\"image\/webp\" \/>\n<meta name=\"author\" content=\"Reda\u00e7\u00e3o\" \/>\n<meta name=\"twitter:card\" content=\"summary_large_image\" \/>\n<meta name=\"twitter:creator\" content=\"@Notibras\" \/>\n<meta name=\"twitter:site\" content=\"@Notibras\" \/>\n<meta name=\"twitter:label1\" content=\"Escrito por\" \/>\n\t<meta name=\"twitter:data1\" content=\"Reda\u00e7\u00e3o\" \/>\n\t<meta name=\"twitter:label2\" content=\"Est. tempo de leitura\" \/>\n\t<meta name=\"twitter:data2\" content=\"3 minutos\" \/>\n<script type=\"application\/ld+json\" class=\"yoast-schema-graph\">{\"@context\":\"https:\/\/schema.org\",\"@graph\":[{\"@type\":\"Article\",\"@id\":\"https:\/\/www.notibras.com\/site\/julio-lancellotti-denuncia-conspiracao-contra-trabalho-da-pastoral-de-rua\/#article\",\"isPartOf\":{\"@id\":\"https:\/\/www.notibras.com\/site\/julio-lancellotti-denuncia-conspiracao-contra-trabalho-da-pastoral-de-rua\/\"},\"author\":{\"name\":\"Reda\u00e7\u00e3o\",\"@id\":\"https:\/\/www.notibras.com\/site\/#\/schema\/person\/36ab0979449956132d3e5b517ea76ac8\"},\"headline\":\"J\u00falio Lancellotti denuncia conspira\u00e7\u00e3o contra trabalho da Pastoral de Rua\",\"datePublished\":\"2025-12-22T03:00:44+00:00\",\"dateModified\":\"2025-12-22T07:21:21+00:00\",\"mainEntityOfPage\":{\"@id\":\"https:\/\/www.notibras.com\/site\/julio-lancellotti-denuncia-conspiracao-contra-trabalho-da-pastoral-de-rua\/\"},\"wordCount\":384,\"publisher\":{\"@id\":\"https:\/\/www.notibras.com\/site\/#organization\"},\"image\":{\"@id\":\"https:\/\/www.notibras.com\/site\/julio-lancellotti-denuncia-conspiracao-contra-trabalho-da-pastoral-de-rua\/#primaryimage\"},\"thumbnailUrl\":\"https:\/\/www.notibras.com\/site\/wp-content\/uploads\/2025\/12\/img_3598.webp\",\"articleSection\":[\"Brasil\"],\"inLanguage\":\"pt-BR\"},{\"@type\":\"WebPage\",\"@id\":\"https:\/\/www.notibras.com\/site\/julio-lancellotti-denuncia-conspiracao-contra-trabalho-da-pastoral-de-rua\/\",\"url\":\"https:\/\/www.notibras.com\/site\/julio-lancellotti-denuncia-conspiracao-contra-trabalho-da-pastoral-de-rua\/\",\"name\":\"J\u00falio Lancellotti denuncia conspira\u00e7\u00e3o contra trabalho da Pastoral de Rua - Notibras\",\"isPartOf\":{\"@id\":\"https:\/\/www.notibras.com\/site\/#website\"},\"primaryImageOfPage\":{\"@id\":\"https:\/\/www.notibras.com\/site\/julio-lancellotti-denuncia-conspiracao-contra-trabalho-da-pastoral-de-rua\/#primaryimage\"},\"image\":{\"@id\":\"https:\/\/www.notibras.com\/site\/julio-lancellotti-denuncia-conspiracao-contra-trabalho-da-pastoral-de-rua\/#primaryimage\"},\"thumbnailUrl\":\"https:\/\/www.notibras.com\/site\/wp-content\/uploads\/2025\/12\/img_3598.webp\",\"datePublished\":\"2025-12-22T03:00:44+00:00\",\"dateModified\":\"2025-12-22T07:21:21+00:00\",\"breadcrumb\":{\"@id\":\"https:\/\/www.notibras.com\/site\/julio-lancellotti-denuncia-conspiracao-contra-trabalho-da-pastoral-de-rua\/#breadcrumb\"},\"inLanguage\":\"pt-BR\",\"potentialAction\":[{\"@type\":\"ReadAction\",\"target\":[\"https:\/\/www.notibras.com\/site\/julio-lancellotti-denuncia-conspiracao-contra-trabalho-da-pastoral-de-rua\/\"]}]},{\"@type\":\"ImageObject\",\"inLanguage\":\"pt-BR\",\"@id\":\"https:\/\/www.notibras.com\/site\/julio-lancellotti-denuncia-conspiracao-contra-trabalho-da-pastoral-de-rua\/#primaryimage\",\"url\":\"https:\/\/www.notibras.com\/site\/wp-content\/uploads\/2025\/12\/img_3598.webp\",\"contentUrl\":\"https:\/\/www.notibras.com\/site\/wp-content\/uploads\/2025\/12\/img_3598.webp\",\"width\":1170,\"height\":700},{\"@type\":\"BreadcrumbList\",\"@id\":\"https:\/\/www.notibras.com\/site\/julio-lancellotti-denuncia-conspiracao-contra-trabalho-da-pastoral-de-rua\/#breadcrumb\",\"itemListElement\":[{\"@type\":\"ListItem\",\"position\":1,\"name\":\"In\u00edcio\",\"item\":\"https:\/\/www.notibras.com\/site\/\"},{\"@type\":\"ListItem\",\"position\":2,\"name\":\"J\u00falio Lancellotti denuncia conspira\u00e7\u00e3o contra trabalho da Pastoral de Rua\"}]},{\"@type\":\"WebSite\",\"@id\":\"https:\/\/www.notibras.com\/site\/#website\",\"url\":\"https:\/\/www.notibras.com\/site\/\",\"name\":\"Notibras\",\"description\":\"Not\u00edcias de Bras\u00edlia, do Brasil e do Mundo\",\"publisher\":{\"@id\":\"https:\/\/www.notibras.com\/site\/#organization\"},\"potentialAction\":[{\"@type\":\"SearchAction\",\"target\":{\"@type\":\"EntryPoint\",\"urlTemplate\":\"https:\/\/www.notibras.com\/site\/?s={search_term_string}\"},\"query-input\":{\"@type\":\"PropertyValueSpecification\",\"valueRequired\":true,\"valueName\":\"search_term_string\"}}],\"inLanguage\":\"pt-BR\"},{\"@type\":\"Organization\",\"@id\":\"https:\/\/www.notibras.com\/site\/#organization\",\"name\":\"Grupo Notibras de Comunica\u00e7\u00e3o\",\"url\":\"https:\/\/www.notibras.com\/site\/\",\"logo\":{\"@type\":\"ImageObject\",\"inLanguage\":\"pt-BR\",\"@id\":\"https:\/\/www.notibras.com\/site\/#\/schema\/logo\/image\/\",\"url\":\"https:\/\/www.notibras.com\/site\/wp-content\/uploads\/2023\/01\/notibras23.png\",\"contentUrl\":\"https:\/\/www.notibras.com\/site\/wp-content\/uploads\/2023\/01\/notibras23.png\",\"width\":350,\"height\":87,\"caption\":\"Grupo Notibras de Comunica\u00e7\u00e3o\"},\"image\":{\"@id\":\"https:\/\/www.notibras.com\/site\/#\/schema\/logo\/image\/\"},\"sameAs\":[\"https:\/\/www.facebook.com\/notibras\/\",\"https:\/\/x.com\/Notibras\",\"https:\/\/www.instagram.com\/notibras\/\"]},{\"@type\":\"Person\",\"@id\":\"https:\/\/www.notibras.com\/site\/#\/schema\/person\/36ab0979449956132d3e5b517ea76ac8\",\"name\":\"Reda\u00e7\u00e3o\",\"image\":{\"@type\":\"ImageObject\",\"inLanguage\":\"pt-BR\",\"@id\":\"https:\/\/secure.gravatar.com\/avatar\/e0a867bdedb85fd243eadf09663511f96fc81e0720a4a42581f334ad4303aa6b?s=96&d=mm&r=g\",\"url\":\"https:\/\/secure.gravatar.com\/avatar\/e0a867bdedb85fd243eadf09663511f96fc81e0720a4a42581f334ad4303aa6b?s=96&d=mm&r=g\",\"contentUrl\":\"https:\/\/secure.gravatar.com\/avatar\/e0a867bdedb85fd243eadf09663511f96fc81e0720a4a42581f334ad4303aa6b?s=96&d=mm&r=g\",\"caption\":\"Reda\u00e7\u00e3o\"}}]}<\/script>\n<!-- \/ Yoast SEO plugin. -->","yoast_head_json":{"title":"J\u00falio Lancellotti denuncia conspira\u00e7\u00e3o contra trabalho da Pastoral de Rua - Notibras","robots":{"index":"index","follow":"follow","max-snippet":"max-snippet:-1","max-image-preview":"max-image-preview:large","max-video-preview":"max-video-preview:-1"},"canonical":"https:\/\/www.notibras.com\/site\/julio-lancellotti-denuncia-conspiracao-contra-trabalho-da-pastoral-de-rua\/","og_locale":"pt_BR","og_type":"article","og_title":"J\u00falio Lancellotti denuncia conspira\u00e7\u00e3o contra trabalho da Pastoral de Rua - Notibras","og_description":"Em sua primeira missa dominical ap\u00f3s ser proibido pela Arquidiocese de S\u00e3o Paulo de transmitir o rito na internet, o Padre J\u00falio Lancellotti disse neste domingo (21) que as a\u00e7\u00f5es da Pastoral de Rua, que atende a pessoas em situa\u00e7\u00e3o de rua, est\u00e3o sendo v\u00edtimas de conspira\u00e7\u00e3o. \u201cEu n\u00e3o sei o que \u00e9 que vai [&hellip;]","og_url":"https:\/\/www.notibras.com\/site\/julio-lancellotti-denuncia-conspiracao-contra-trabalho-da-pastoral-de-rua\/","og_site_name":"Notibras","article_publisher":"https:\/\/www.facebook.com\/notibras\/","article_published_time":"2025-12-22T03:00:44+00:00","article_modified_time":"2025-12-22T07:21:21+00:00","og_image":[{"width":1170,"height":700,"url":"https:\/\/www.notibras.com\/site\/wp-content\/uploads\/2025\/12\/img_3598.webp","type":"image\/webp"}],"author":"Reda\u00e7\u00e3o","twitter_card":"summary_large_image","twitter_creator":"@Notibras","twitter_site":"@Notibras","twitter_misc":{"Escrito por":"Reda\u00e7\u00e3o","Est. tempo de leitura":"3 minutos"},"schema":{"@context":"https:\/\/schema.org","@graph":[{"@type":"Article","@id":"https:\/\/www.notibras.com\/site\/julio-lancellotti-denuncia-conspiracao-contra-trabalho-da-pastoral-de-rua\/#article","isPartOf":{"@id":"https:\/\/www.notibras.com\/site\/julio-lancellotti-denuncia-conspiracao-contra-trabalho-da-pastoral-de-rua\/"},"author":{"name":"Reda\u00e7\u00e3o","@id":"https:\/\/www.notibras.com\/site\/#\/schema\/person\/36ab0979449956132d3e5b517ea76ac8"},"headline":"J\u00falio Lancellotti denuncia conspira\u00e7\u00e3o contra trabalho da Pastoral de Rua","datePublished":"2025-12-22T03:00:44+00:00","dateModified":"2025-12-22T07:21:21+00:00","mainEntityOfPage":{"@id":"https:\/\/www.notibras.com\/site\/julio-lancellotti-denuncia-conspiracao-contra-trabalho-da-pastoral-de-rua\/"},"wordCount":384,"publisher":{"@id":"https:\/\/www.notibras.com\/site\/#organization"},"image":{"@id":"https:\/\/www.notibras.com\/site\/julio-lancellotti-denuncia-conspiracao-contra-trabalho-da-pastoral-de-rua\/#primaryimage"},"thumbnailUrl":"https:\/\/www.notibras.com\/site\/wp-content\/uploads\/2025\/12\/img_3598.webp","articleSection":["Brasil"],"inLanguage":"pt-BR"},{"@type":"WebPage","@id":"https:\/\/www.notibras.com\/site\/julio-lancellotti-denuncia-conspiracao-contra-trabalho-da-pastoral-de-rua\/","url":"https:\/\/www.notibras.com\/site\/julio-lancellotti-denuncia-conspiracao-contra-trabalho-da-pastoral-de-rua\/","name":"J\u00falio Lancellotti denuncia conspira\u00e7\u00e3o contra trabalho da Pastoral de Rua - Notibras","isPartOf":{"@id":"https:\/\/www.notibras.com\/site\/#website"},"primaryImageOfPage":{"@id":"https:\/\/www.notibras.com\/site\/julio-lancellotti-denuncia-conspiracao-contra-trabalho-da-pastoral-de-rua\/#primaryimage"},"image":{"@id":"https:\/\/www.notibras.com\/site\/julio-lancellotti-denuncia-conspiracao-contra-trabalho-da-pastoral-de-rua\/#primaryimage"},"thumbnailUrl":"https:\/\/www.notibras.com\/site\/wp-content\/uploads\/2025\/12\/img_3598.webp","datePublished":"2025-12-22T03:00:44+00:00","dateModified":"2025-12-22T07:21:21+00:00","breadcrumb":{"@id":"https:\/\/www.notibras.com\/site\/julio-lancellotti-denuncia-conspiracao-contra-trabalho-da-pastoral-de-rua\/#breadcrumb"},"inLanguage":"pt-BR","potentialAction":[{"@type":"ReadAction","target":["https:\/\/www.notibras.com\/site\/julio-lancellotti-denuncia-conspiracao-contra-trabalho-da-pastoral-de-rua\/"]}]},{"@type":"ImageObject","inLanguage":"pt-BR","@id":"https:\/\/www.notibras.com\/site\/julio-lancellotti-denuncia-conspiracao-contra-trabalho-da-pastoral-de-rua\/#primaryimage","url":"https:\/\/www.notibras.com\/site\/wp-content\/uploads\/2025\/12\/img_3598.webp","contentUrl":"https:\/\/www.notibras.com\/site\/wp-content\/uploads\/2025\/12\/img_3598.webp","width":1170,"height":700},{"@type":"BreadcrumbList","@id":"https:\/\/www.notibras.com\/site\/julio-lancellotti-denuncia-conspiracao-contra-trabalho-da-pastoral-de-rua\/#breadcrumb","itemListElement":[{"@type":"ListItem","position":1,"name":"In\u00edcio","item":"https:\/\/www.notibras.com\/site\/"},{"@type":"ListItem","position":2,"name":"J\u00falio Lancellotti denuncia conspira\u00e7\u00e3o contra trabalho da Pastoral de Rua"}]},{"@type":"WebSite","@id":"https:\/\/www.notibras.com\/site\/#website","url":"https:\/\/www.notibras.com\/site\/","name":"Notibras","description":"Not\u00edcias de Bras\u00edlia, do Brasil e do Mundo","publisher":{"@id":"https:\/\/www.notibras.com\/site\/#organization"},"potentialAction":[{"@type":"SearchAction","target":{"@type":"EntryPoint","urlTemplate":"https:\/\/www.notibras.com\/site\/?s={search_term_string}"},"query-input":{"@type":"PropertyValueSpecification","valueRequired":true,"valueName":"search_term_string"}}],"inLanguage":"pt-BR"},{"@type":"Organization","@id":"https:\/\/www.notibras.com\/site\/#organization","name":"Grupo Notibras de Comunica\u00e7\u00e3o","url":"https:\/\/www.notibras.com\/site\/","logo":{"@type":"ImageObject","inLanguage":"pt-BR","@id":"https:\/\/www.notibras.com\/site\/#\/schema\/logo\/image\/","url":"https:\/\/www.notibras.com\/site\/wp-content\/uploads\/2023\/01\/notibras23.png","contentUrl":"https:\/\/www.notibras.com\/site\/wp-content\/uploads\/2023\/01\/notibras23.png","width":350,"height":87,"caption":"Grupo Notibras de Comunica\u00e7\u00e3o"},"image":{"@id":"https:\/\/www.notibras.com\/site\/#\/schema\/logo\/image\/"},"sameAs":["https:\/\/www.facebook.com\/notibras\/","https:\/\/x.com\/Notibras","https:\/\/www.instagram.com\/notibras\/"]},{"@type":"Person","@id":"https:\/\/www.notibras.com\/site\/#\/schema\/person\/36ab0979449956132d3e5b517ea76ac8","name":"Reda\u00e7\u00e3o","image":{"@type":"ImageObject","inLanguage":"pt-BR","@id":"https:\/\/secure.gravatar.com\/avatar\/e0a867bdedb85fd243eadf09663511f96fc81e0720a4a42581f334ad4303aa6b?s=96&d=mm&r=g","url":"https:\/\/secure.gravatar.com\/avatar\/e0a867bdedb85fd243eadf09663511f96fc81e0720a4a42581f334ad4303aa6b?s=96&d=mm&r=g","contentUrl":"https:\/\/secure.gravatar.com\/avatar\/e0a867bdedb85fd243eadf09663511f96fc81e0720a4a42581f334ad4303aa6b?s=96&d=mm&r=g","caption":"Reda\u00e7\u00e3o"}}]}},"amp_enabled":true,"_links":{"self":[{"href":"https:\/\/www.notibras.com\/site\/wp-json\/wp\/v2\/posts\/375864","targetHints":{"allow":["GET"]}}],"collection":[{"href":"https:\/\/www.notibras.com\/site\/wp-json\/wp\/v2\/posts"}],"about":[{"href":"https:\/\/www.notibras.com\/site\/wp-json\/wp\/v2\/types\/post"}],"author":[{"embeddable":true,"href":"https:\/\/www.notibras.com\/site\/wp-json\/wp\/v2\/users\/2"}],"replies":[{"embeddable":true,"href":"https:\/\/www.notibras.com\/site\/wp-json\/wp\/v2\/comments?post=375864"}],"version-history":[{"count":1,"href":"https:\/\/www.notibras.com\/site\/wp-json\/wp\/v2\/posts\/375864\/revisions"}],"predecessor-version":[{"id":375866,"href":"https:\/\/www.notibras.com\/site\/wp-json\/wp\/v2\/posts\/375864\/revisions\/375866"}],"wp:featuredmedia":[{"embeddable":true,"href":"https:\/\/www.notibras.com\/site\/wp-json\/wp\/v2\/media\/375865"}],"wp:attachment":[{"href":"https:\/\/www.notibras.com\/site\/wp-json\/wp\/v2\/media?parent=375864"}],"wp:term":[{"taxonomy":"category","embeddable":true,"href":"https:\/\/www.notibras.com\/site\/wp-json\/wp\/v2\/categories?post=375864"},{"taxonomy":"post_tag","embeddable":true,"href":"https:\/\/www.notibras.com\/site\/wp-json\/wp\/v2\/tags?post=375864"}],"curies":[{"name":"wp","href":"https:\/\/api.w.org\/{rel}","templated":true}]}}