{"id":375892,"date":"2025-12-22T19:22:16","date_gmt":"2025-12-22T22:22:16","guid":{"rendered":"https:\/\/www.notibras.com\/site\/?p=375892"},"modified":"2025-12-22T19:47:18","modified_gmt":"2025-12-22T22:47:18","slug":"moraes-tira-heleno-da-cadeia-e-mantem-general-em-prisao-domiciliar","status":"publish","type":"post","link":"https:\/\/www.notibras.com\/site\/moraes-tira-heleno-da-cadeia-e-mantem-general-em-prisao-domiciliar\/","title":{"rendered":"Moraes tira Heleno da cadeia e mant\u00e9m general em pris\u00e3o domiciliar"},"content":{"rendered":"<p>O ministro Alexandre de Moraes, do Supremo Tribunal Federal (STF), concedeu nesta segunda-feira (22) pris\u00e3o domiciliar humanit\u00e1ria ao general Augusto Heleno, ex-ministro do Gabinete de Seguran\u00e7a Institucional (GSI) do governo do ex-presidente Jair Bolsonaro.<\/p>\n<p>Heleno dever\u00e1 usar tornozeleira eletr\u00f4nica e entregar os passaportes. Al\u00e9m isso, o militar est\u00e1 proibido de usar telefone celular e acessar as redes sociais.<\/p>\n<p>Condenado a 21 anos de pris\u00e3o na a\u00e7\u00e3o penal da trama golpista, Heleno est\u00e1 preso desde 25 de novembro, quando iniciou o cumprimento da pena em regime fechado. Ele est\u00e1 custodiado em uma sala do Comando Militar do Planalto (CMP), em Bras\u00edlia.<\/p>\n<p>Moraes atendeu ao pedido de pris\u00e3o domiciliar feito defesa do general. Segundo a defesa, Heleno tem 78 anos e graves problemas de sa\u00fade.<\/p>\n<p>Ao conceder a pris\u00e3o domiciliar, o ministro citou o resultado do laudo m\u00e9dico oficial elaborado por peritos da Pol\u00edcia Federal.<\/p>\n<p>Segundo os m\u00e9dicos, Heleno apresenta \u201cquadro demencial\u201d em estado inicial, e a manuten\u00e7\u00e3o no regime fechado por piorar a sa\u00fade do general.<\/p>\n<p>\u201cEm institui\u00e7\u00e3o de cust\u00f3dia, acarreta inexoravelmente o decl\u00ednio cognitivo progressivo e irrevers\u00edvel, que tende a ter sua evolu\u00e7\u00e3o acelerada e agravada em ambiente carcer\u00e1rio, com o periciado em isolamento relativo e ausentes os est\u00edmulos protetivos e retardantes, em especial, o conv\u00edvio familiar e a autonomia assistida\u201d, concluiu o laudo.<\/p>\n<p>Por fim, Moraes ainda determinou Heleno dever\u00e1 comunicar ao STF deslocamentos para realiza\u00e7\u00e3o de consultas m\u00e9dicas. A restri\u00e7\u00e3o n\u00e3o vale para situa\u00e7\u00f5es de emerg\u00eancia.<\/p>\n<p>\u201cO condenado dever\u00e1 requerer previamente autoriza\u00e7\u00e3o para deslocamentos por quest\u00f5es de sa\u00fade, com exce\u00e7\u00e3o de situa\u00e7\u00f5es de urg\u00eancia e emerg\u00eancia, as quais dever\u00e3o ser justificadas, no prazo de 48 horas, ap\u00f3s o respectivo ato m\u00e9dico\u201d, completou.<\/p>\n<p>Se as medidas cautelares forem descumpridas, o ministro afirmou que o general vai voltar para o regime fechado.<\/p>\n","protected":false},"excerpt":{"rendered":"<p>O ministro Alexandre de Moraes, do Supremo Tribunal Federal (STF), concedeu nesta segunda-feira (22) pris\u00e3o domiciliar humanit\u00e1ria ao general Augusto Heleno, ex-ministro do Gabinete de Seguran\u00e7a Institucional (GSI) do governo do ex-presidente Jair Bolsonaro. Heleno dever\u00e1 usar tornozeleira eletr\u00f4nica e entregar os passaportes. Al\u00e9m isso, o militar est\u00e1 proibido de usar telefone celular e acessar [&hellip;]<\/p>\n","protected":false},"author":2,"featured_media":375893,"comment_status":"closed","ping_status":"closed","sticky":false,"template":"","format":"standard","meta":{"_acf_changed":false,"footnotes":""},"categories":[16],"tags":[],"class_list":["post-375892","post","type-post","status-publish","format-standard","has-post-thumbnail","hentry","category-brasil"],"acf":[],"yoast_head":"<!-- This site is optimized with the Yoast SEO plugin v27.5 - https:\/\/yoast.com\/product\/yoast-seo-wordpress\/ -->\n<title>Moraes tira Heleno da cadeia e mant\u00e9m general em pris\u00e3o domiciliar - Notibras<\/title>\n<meta name=\"robots\" content=\"index, follow, max-snippet:-1, max-image-preview:large, max-video-preview:-1\" \/>\n<link rel=\"canonical\" href=\"https:\/\/www.notibras.com\/site\/moraes-tira-heleno-da-cadeia-e-mantem-general-em-prisao-domiciliar\/\" \/>\n<meta property=\"og:locale\" content=\"pt_BR\" \/>\n<meta property=\"og:type\" content=\"article\" \/>\n<meta property=\"og:title\" content=\"Moraes tira Heleno da cadeia e mant\u00e9m general em pris\u00e3o domiciliar - Notibras\" \/>\n<meta property=\"og:description\" content=\"O ministro Alexandre de Moraes, do Supremo Tribunal Federal (STF), concedeu nesta segunda-feira (22) pris\u00e3o domiciliar humanit\u00e1ria ao general Augusto Heleno, ex-ministro do Gabinete de Seguran\u00e7a Institucional (GSI) do governo do ex-presidente Jair Bolsonaro. Heleno dever\u00e1 usar tornozeleira eletr\u00f4nica e entregar os passaportes. Al\u00e9m isso, o militar est\u00e1 proibido de usar telefone celular e acessar [&hellip;]\" \/>\n<meta property=\"og:url\" content=\"https:\/\/www.notibras.com\/site\/moraes-tira-heleno-da-cadeia-e-mantem-general-em-prisao-domiciliar\/\" \/>\n<meta property=\"og:site_name\" content=\"Notibras\" \/>\n<meta property=\"article:publisher\" content=\"https:\/\/www.facebook.com\/notibras\/\" \/>\n<meta property=\"article:published_time\" content=\"2025-12-22T22:22:16+00:00\" \/>\n<meta property=\"article:modified_time\" content=\"2025-12-22T22:47:18+00:00\" \/>\n<meta property=\"og:image\" content=\"https:\/\/www.notibras.com\/site\/wp-content\/uploads\/2025\/12\/a81t5465.webp\" \/>\n\t<meta property=\"og:image:width\" content=\"1170\" \/>\n\t<meta property=\"og:image:height\" content=\"700\" \/>\n\t<meta property=\"og:image:type\" content=\"image\/webp\" \/>\n<meta name=\"author\" content=\"Reda\u00e7\u00e3o\" \/>\n<meta name=\"twitter:card\" content=\"summary_large_image\" \/>\n<meta name=\"twitter:creator\" content=\"@Notibras\" \/>\n<meta name=\"twitter:site\" content=\"@Notibras\" \/>\n<meta name=\"twitter:label1\" content=\"Escrito por\" \/>\n\t<meta name=\"twitter:data1\" content=\"Reda\u00e7\u00e3o\" \/>\n\t<meta name=\"twitter:label2\" content=\"Est. tempo de leitura\" \/>\n\t<meta name=\"twitter:data2\" content=\"2 minutos\" \/>\n<script type=\"application\/ld+json\" class=\"yoast-schema-graph\">{\"@context\":\"https:\\\/\\\/schema.org\",\"@graph\":[{\"@type\":\"Article\",\"@id\":\"https:\\\/\\\/www.notibras.com\\\/site\\\/moraes-tira-heleno-da-cadeia-e-mantem-general-em-prisao-domiciliar\\\/#article\",\"isPartOf\":{\"@id\":\"https:\\\/\\\/www.notibras.com\\\/site\\\/moraes-tira-heleno-da-cadeia-e-mantem-general-em-prisao-domiciliar\\\/\"},\"author\":{\"name\":\"Reda\u00e7\u00e3o\",\"@id\":\"https:\\\/\\\/www.notibras.com\\\/site\\\/#\\\/schema\\\/person\\\/36ab0979449956132d3e5b517ea76ac8\"},\"headline\":\"Moraes tira Heleno da cadeia e mant\u00e9m general em pris\u00e3o domiciliar\",\"datePublished\":\"2025-12-22T22:22:16+00:00\",\"dateModified\":\"2025-12-22T22:47:18+00:00\",\"mainEntityOfPage\":{\"@id\":\"https:\\\/\\\/www.notibras.com\\\/site\\\/moraes-tira-heleno-da-cadeia-e-mantem-general-em-prisao-domiciliar\\\/\"},\"wordCount\":340,\"publisher\":{\"@id\":\"https:\\\/\\\/www.notibras.com\\\/site\\\/#organization\"},\"image\":{\"@id\":\"https:\\\/\\\/www.notibras.com\\\/site\\\/moraes-tira-heleno-da-cadeia-e-mantem-general-em-prisao-domiciliar\\\/#primaryimage\"},\"thumbnailUrl\":\"https:\\\/\\\/www.notibras.com\\\/site\\\/wp-content\\\/uploads\\\/2025\\\/12\\\/a81t5465.webp\",\"articleSection\":[\"Brasil\"],\"inLanguage\":\"pt-BR\"},{\"@type\":\"WebPage\",\"@id\":\"https:\\\/\\\/www.notibras.com\\\/site\\\/moraes-tira-heleno-da-cadeia-e-mantem-general-em-prisao-domiciliar\\\/\",\"url\":\"https:\\\/\\\/www.notibras.com\\\/site\\\/moraes-tira-heleno-da-cadeia-e-mantem-general-em-prisao-domiciliar\\\/\",\"name\":\"Moraes tira Heleno da cadeia e mant\u00e9m general em pris\u00e3o domiciliar - Notibras\",\"isPartOf\":{\"@id\":\"https:\\\/\\\/www.notibras.com\\\/site\\\/#website\"},\"primaryImageOfPage\":{\"@id\":\"https:\\\/\\\/www.notibras.com\\\/site\\\/moraes-tira-heleno-da-cadeia-e-mantem-general-em-prisao-domiciliar\\\/#primaryimage\"},\"image\":{\"@id\":\"https:\\\/\\\/www.notibras.com\\\/site\\\/moraes-tira-heleno-da-cadeia-e-mantem-general-em-prisao-domiciliar\\\/#primaryimage\"},\"thumbnailUrl\":\"https:\\\/\\\/www.notibras.com\\\/site\\\/wp-content\\\/uploads\\\/2025\\\/12\\\/a81t5465.webp\",\"datePublished\":\"2025-12-22T22:22:16+00:00\",\"dateModified\":\"2025-12-22T22:47:18+00:00\",\"breadcrumb\":{\"@id\":\"https:\\\/\\\/www.notibras.com\\\/site\\\/moraes-tira-heleno-da-cadeia-e-mantem-general-em-prisao-domiciliar\\\/#breadcrumb\"},\"inLanguage\":\"pt-BR\",\"potentialAction\":[{\"@type\":\"ReadAction\",\"target\":[\"https:\\\/\\\/www.notibras.com\\\/site\\\/moraes-tira-heleno-da-cadeia-e-mantem-general-em-prisao-domiciliar\\\/\"]}]},{\"@type\":\"ImageObject\",\"inLanguage\":\"pt-BR\",\"@id\":\"https:\\\/\\\/www.notibras.com\\\/site\\\/moraes-tira-heleno-da-cadeia-e-mantem-general-em-prisao-domiciliar\\\/#primaryimage\",\"url\":\"https:\\\/\\\/www.notibras.com\\\/site\\\/wp-content\\\/uploads\\\/2025\\\/12\\\/a81t5465.webp\",\"contentUrl\":\"https:\\\/\\\/www.notibras.com\\\/site\\\/wp-content\\\/uploads\\\/2025\\\/12\\\/a81t5465.webp\",\"width\":1170,\"height\":700},{\"@type\":\"BreadcrumbList\",\"@id\":\"https:\\\/\\\/www.notibras.com\\\/site\\\/moraes-tira-heleno-da-cadeia-e-mantem-general-em-prisao-domiciliar\\\/#breadcrumb\",\"itemListElement\":[{\"@type\":\"ListItem\",\"position\":1,\"name\":\"In\u00edcio\",\"item\":\"https:\\\/\\\/www.notibras.com\\\/site\\\/\"},{\"@type\":\"ListItem\",\"position\":2,\"name\":\"Moraes tira Heleno da cadeia e mant\u00e9m general em pris\u00e3o domiciliar\"}]},{\"@type\":\"WebSite\",\"@id\":\"https:\\\/\\\/www.notibras.com\\\/site\\\/#website\",\"url\":\"https:\\\/\\\/www.notibras.com\\\/site\\\/\",\"name\":\"Notibras\",\"description\":\"Not\u00edcias de Bras\u00edlia, do Brasil e do Mundo\",\"publisher\":{\"@id\":\"https:\\\/\\\/www.notibras.com\\\/site\\\/#organization\"},\"potentialAction\":[{\"@type\":\"SearchAction\",\"target\":{\"@type\":\"EntryPoint\",\"urlTemplate\":\"https:\\\/\\\/www.notibras.com\\\/site\\\/?s={search_term_string}\"},\"query-input\":{\"@type\":\"PropertyValueSpecification\",\"valueRequired\":true,\"valueName\":\"search_term_string\"}}],\"inLanguage\":\"pt-BR\"},{\"@type\":\"Organization\",\"@id\":\"https:\\\/\\\/www.notibras.com\\\/site\\\/#organization\",\"name\":\"Grupo Notibras de Comunica\u00e7\u00e3o\",\"url\":\"https:\\\/\\\/www.notibras.com\\\/site\\\/\",\"logo\":{\"@type\":\"ImageObject\",\"inLanguage\":\"pt-BR\",\"@id\":\"https:\\\/\\\/www.notibras.com\\\/site\\\/#\\\/schema\\\/logo\\\/image\\\/\",\"url\":\"https:\\\/\\\/www.notibras.com\\\/site\\\/wp-content\\\/uploads\\\/2023\\\/01\\\/notibras23.png\",\"contentUrl\":\"https:\\\/\\\/www.notibras.com\\\/site\\\/wp-content\\\/uploads\\\/2023\\\/01\\\/notibras23.png\",\"width\":350,\"height\":87,\"caption\":\"Grupo Notibras de Comunica\u00e7\u00e3o\"},\"image\":{\"@id\":\"https:\\\/\\\/www.notibras.com\\\/site\\\/#\\\/schema\\\/logo\\\/image\\\/\"},\"sameAs\":[\"https:\\\/\\\/www.facebook.com\\\/notibras\\\/\",\"https:\\\/\\\/x.com\\\/Notibras\",\"https:\\\/\\\/www.instagram.com\\\/notibras\\\/\"]},{\"@type\":\"Person\",\"@id\":\"https:\\\/\\\/www.notibras.com\\\/site\\\/#\\\/schema\\\/person\\\/36ab0979449956132d3e5b517ea76ac8\",\"name\":\"Reda\u00e7\u00e3o\",\"image\":{\"@type\":\"ImageObject\",\"inLanguage\":\"pt-BR\",\"@id\":\"https:\\\/\\\/secure.gravatar.com\\\/avatar\\\/e0a867bdedb85fd243eadf09663511f96fc81e0720a4a42581f334ad4303aa6b?s=96&d=mm&r=g\",\"url\":\"https:\\\/\\\/secure.gravatar.com\\\/avatar\\\/e0a867bdedb85fd243eadf09663511f96fc81e0720a4a42581f334ad4303aa6b?s=96&d=mm&r=g\",\"contentUrl\":\"https:\\\/\\\/secure.gravatar.com\\\/avatar\\\/e0a867bdedb85fd243eadf09663511f96fc81e0720a4a42581f334ad4303aa6b?s=96&d=mm&r=g\",\"caption\":\"Reda\u00e7\u00e3o\"}}]}<\/script>\n<!-- \/ Yoast SEO plugin. -->","yoast_head_json":{"title":"Moraes tira Heleno da cadeia e mant\u00e9m general em pris\u00e3o domiciliar - Notibras","robots":{"index":"index","follow":"follow","max-snippet":"max-snippet:-1","max-image-preview":"max-image-preview:large","max-video-preview":"max-video-preview:-1"},"canonical":"https:\/\/www.notibras.com\/site\/moraes-tira-heleno-da-cadeia-e-mantem-general-em-prisao-domiciliar\/","og_locale":"pt_BR","og_type":"article","og_title":"Moraes tira Heleno da cadeia e mant\u00e9m general em pris\u00e3o domiciliar - Notibras","og_description":"O ministro Alexandre de Moraes, do Supremo Tribunal Federal (STF), concedeu nesta segunda-feira (22) pris\u00e3o domiciliar humanit\u00e1ria ao general Augusto Heleno, ex-ministro do Gabinete de Seguran\u00e7a Institucional (GSI) do governo do ex-presidente Jair Bolsonaro. Heleno dever\u00e1 usar tornozeleira eletr\u00f4nica e entregar os passaportes. Al\u00e9m isso, o militar est\u00e1 proibido de usar telefone celular e acessar [&hellip;]","og_url":"https:\/\/www.notibras.com\/site\/moraes-tira-heleno-da-cadeia-e-mantem-general-em-prisao-domiciliar\/","og_site_name":"Notibras","article_publisher":"https:\/\/www.facebook.com\/notibras\/","article_published_time":"2025-12-22T22:22:16+00:00","article_modified_time":"2025-12-22T22:47:18+00:00","og_image":[{"width":1170,"height":700,"url":"https:\/\/www.notibras.com\/site\/wp-content\/uploads\/2025\/12\/a81t5465.webp","type":"image\/webp"}],"author":"Reda\u00e7\u00e3o","twitter_card":"summary_large_image","twitter_creator":"@Notibras","twitter_site":"@Notibras","twitter_misc":{"Escrito por":"Reda\u00e7\u00e3o","Est. tempo de leitura":"2 minutos"},"schema":{"@context":"https:\/\/schema.org","@graph":[{"@type":"Article","@id":"https:\/\/www.notibras.com\/site\/moraes-tira-heleno-da-cadeia-e-mantem-general-em-prisao-domiciliar\/#article","isPartOf":{"@id":"https:\/\/www.notibras.com\/site\/moraes-tira-heleno-da-cadeia-e-mantem-general-em-prisao-domiciliar\/"},"author":{"name":"Reda\u00e7\u00e3o","@id":"https:\/\/www.notibras.com\/site\/#\/schema\/person\/36ab0979449956132d3e5b517ea76ac8"},"headline":"Moraes tira Heleno da cadeia e mant\u00e9m general em pris\u00e3o domiciliar","datePublished":"2025-12-22T22:22:16+00:00","dateModified":"2025-12-22T22:47:18+00:00","mainEntityOfPage":{"@id":"https:\/\/www.notibras.com\/site\/moraes-tira-heleno-da-cadeia-e-mantem-general-em-prisao-domiciliar\/"},"wordCount":340,"publisher":{"@id":"https:\/\/www.notibras.com\/site\/#organization"},"image":{"@id":"https:\/\/www.notibras.com\/site\/moraes-tira-heleno-da-cadeia-e-mantem-general-em-prisao-domiciliar\/#primaryimage"},"thumbnailUrl":"https:\/\/www.notibras.com\/site\/wp-content\/uploads\/2025\/12\/a81t5465.webp","articleSection":["Brasil"],"inLanguage":"pt-BR"},{"@type":"WebPage","@id":"https:\/\/www.notibras.com\/site\/moraes-tira-heleno-da-cadeia-e-mantem-general-em-prisao-domiciliar\/","url":"https:\/\/www.notibras.com\/site\/moraes-tira-heleno-da-cadeia-e-mantem-general-em-prisao-domiciliar\/","name":"Moraes tira Heleno da cadeia e mant\u00e9m general em pris\u00e3o domiciliar - Notibras","isPartOf":{"@id":"https:\/\/www.notibras.com\/site\/#website"},"primaryImageOfPage":{"@id":"https:\/\/www.notibras.com\/site\/moraes-tira-heleno-da-cadeia-e-mantem-general-em-prisao-domiciliar\/#primaryimage"},"image":{"@id":"https:\/\/www.notibras.com\/site\/moraes-tira-heleno-da-cadeia-e-mantem-general-em-prisao-domiciliar\/#primaryimage"},"thumbnailUrl":"https:\/\/www.notibras.com\/site\/wp-content\/uploads\/2025\/12\/a81t5465.webp","datePublished":"2025-12-22T22:22:16+00:00","dateModified":"2025-12-22T22:47:18+00:00","breadcrumb":{"@id":"https:\/\/www.notibras.com\/site\/moraes-tira-heleno-da-cadeia-e-mantem-general-em-prisao-domiciliar\/#breadcrumb"},"inLanguage":"pt-BR","potentialAction":[{"@type":"ReadAction","target":["https:\/\/www.notibras.com\/site\/moraes-tira-heleno-da-cadeia-e-mantem-general-em-prisao-domiciliar\/"]}]},{"@type":"ImageObject","inLanguage":"pt-BR","@id":"https:\/\/www.notibras.com\/site\/moraes-tira-heleno-da-cadeia-e-mantem-general-em-prisao-domiciliar\/#primaryimage","url":"https:\/\/www.notibras.com\/site\/wp-content\/uploads\/2025\/12\/a81t5465.webp","contentUrl":"https:\/\/www.notibras.com\/site\/wp-content\/uploads\/2025\/12\/a81t5465.webp","width":1170,"height":700},{"@type":"BreadcrumbList","@id":"https:\/\/www.notibras.com\/site\/moraes-tira-heleno-da-cadeia-e-mantem-general-em-prisao-domiciliar\/#breadcrumb","itemListElement":[{"@type":"ListItem","position":1,"name":"In\u00edcio","item":"https:\/\/www.notibras.com\/site\/"},{"@type":"ListItem","position":2,"name":"Moraes tira Heleno da cadeia e mant\u00e9m general em pris\u00e3o domiciliar"}]},{"@type":"WebSite","@id":"https:\/\/www.notibras.com\/site\/#website","url":"https:\/\/www.notibras.com\/site\/","name":"Notibras","description":"Not\u00edcias de Bras\u00edlia, do Brasil e do Mundo","publisher":{"@id":"https:\/\/www.notibras.com\/site\/#organization"},"potentialAction":[{"@type":"SearchAction","target":{"@type":"EntryPoint","urlTemplate":"https:\/\/www.notibras.com\/site\/?s={search_term_string}"},"query-input":{"@type":"PropertyValueSpecification","valueRequired":true,"valueName":"search_term_string"}}],"inLanguage":"pt-BR"},{"@type":"Organization","@id":"https:\/\/www.notibras.com\/site\/#organization","name":"Grupo Notibras de Comunica\u00e7\u00e3o","url":"https:\/\/www.notibras.com\/site\/","logo":{"@type":"ImageObject","inLanguage":"pt-BR","@id":"https:\/\/www.notibras.com\/site\/#\/schema\/logo\/image\/","url":"https:\/\/www.notibras.com\/site\/wp-content\/uploads\/2023\/01\/notibras23.png","contentUrl":"https:\/\/www.notibras.com\/site\/wp-content\/uploads\/2023\/01\/notibras23.png","width":350,"height":87,"caption":"Grupo Notibras de Comunica\u00e7\u00e3o"},"image":{"@id":"https:\/\/www.notibras.com\/site\/#\/schema\/logo\/image\/"},"sameAs":["https:\/\/www.facebook.com\/notibras\/","https:\/\/x.com\/Notibras","https:\/\/www.instagram.com\/notibras\/"]},{"@type":"Person","@id":"https:\/\/www.notibras.com\/site\/#\/schema\/person\/36ab0979449956132d3e5b517ea76ac8","name":"Reda\u00e7\u00e3o","image":{"@type":"ImageObject","inLanguage":"pt-BR","@id":"https:\/\/secure.gravatar.com\/avatar\/e0a867bdedb85fd243eadf09663511f96fc81e0720a4a42581f334ad4303aa6b?s=96&d=mm&r=g","url":"https:\/\/secure.gravatar.com\/avatar\/e0a867bdedb85fd243eadf09663511f96fc81e0720a4a42581f334ad4303aa6b?s=96&d=mm&r=g","contentUrl":"https:\/\/secure.gravatar.com\/avatar\/e0a867bdedb85fd243eadf09663511f96fc81e0720a4a42581f334ad4303aa6b?s=96&d=mm&r=g","caption":"Reda\u00e7\u00e3o"}}]}},"amp_enabled":true,"_links":{"self":[{"href":"https:\/\/www.notibras.com\/site\/wp-json\/wp\/v2\/posts\/375892","targetHints":{"allow":["GET"]}}],"collection":[{"href":"https:\/\/www.notibras.com\/site\/wp-json\/wp\/v2\/posts"}],"about":[{"href":"https:\/\/www.notibras.com\/site\/wp-json\/wp\/v2\/types\/post"}],"author":[{"embeddable":true,"href":"https:\/\/www.notibras.com\/site\/wp-json\/wp\/v2\/users\/2"}],"replies":[{"embeddable":true,"href":"https:\/\/www.notibras.com\/site\/wp-json\/wp\/v2\/comments?post=375892"}],"version-history":[{"count":2,"href":"https:\/\/www.notibras.com\/site\/wp-json\/wp\/v2\/posts\/375892\/revisions"}],"predecessor-version":[{"id":375895,"href":"https:\/\/www.notibras.com\/site\/wp-json\/wp\/v2\/posts\/375892\/revisions\/375895"}],"wp:featuredmedia":[{"embeddable":true,"href":"https:\/\/www.notibras.com\/site\/wp-json\/wp\/v2\/media\/375893"}],"wp:attachment":[{"href":"https:\/\/www.notibras.com\/site\/wp-json\/wp\/v2\/media?parent=375892"}],"wp:term":[{"taxonomy":"category","embeddable":true,"href":"https:\/\/www.notibras.com\/site\/wp-json\/wp\/v2\/categories?post=375892"},{"taxonomy":"post_tag","embeddable":true,"href":"https:\/\/www.notibras.com\/site\/wp-json\/wp\/v2\/tags?post=375892"}],"curies":[{"name":"wp","href":"https:\/\/api.w.org\/{rel}","templated":true}]}}