{"id":37594,"date":"2015-02-19T00:50:09","date_gmt":"2015-02-19T03:50:09","guid":{"rendered":"http:\/\/www.notibras.com\/site\/?p=37594"},"modified":"2015-02-19T17:03:54","modified_gmt":"2015-02-19T20:03:54","slug":"congresso-estica-a-folia-e-so-volta-ao-trabalho-na-proxima-semana","status":"publish","type":"post","link":"https:\/\/www.notibras.com\/site\/congresso-estica-a-folia-e-so-volta-ao-trabalho-na-proxima-semana\/","title":{"rendered":"Congresso estica a folia e s\u00f3 volta ao trabalho na segunda"},"content":{"rendered":"<p>Embora o carnaval tenha acabado na quarta-feira 18, menos os parlamentares s\u00f3 retornam ao trabalho efetivamente na segunda-feira (23). Mas nem por isso ter\u00e3o desconto no sal\u00e1rio gordo de R$ 33,7 mil, informa o Uol.<\/p>\n<p>A \u00faltima sess\u00e3o deliberativa &#8212; sess\u00e3o em plen\u00e1rio em que projetos s\u00e3o votados &#8212; na C\u00e2mara foi na \u00faltima quarta-feira (11). A maioria dos deputados j\u00e1 n\u00e3o estava em Bras\u00edlia na \u00faltima quinta-feira (12). Apenas 67 dos 513 parlamentares estiveram na C\u00e2mara naquele dia, segundo a Secretaria-Geral da Mesa.\u00a0 Se contarmos desde a quinta-feira, a folia dos parlamentares vai durar onze dias.<\/p>\n<p>Para garantir a folga estendida foi aprovado na semana passada um requerimento que determina que n\u00e3o fossem realizadas sess\u00f5es plen\u00e1rias entre 18 e 20 de fevereiro. O documento foi aprovado em vota\u00e7\u00e3o simb\u00f3lica j\u00e1 na ter\u00e7a-feira (10).<\/p>\n<p>Na \u00faltima sess\u00e3o deliberativa, a C\u00e2mara aprovou um convite para ouvir os 39 ministros de Dilma Rousseff (PT) e um projeto sobre o uso da biodiversidade.<\/p>\n<p>Outra medida importante definida pouco antes da folga dos deputados foi endurecer as regras para faltas. Na quarta-feira da semana passada (11), o presidente da C\u00e2mara, deputado Eduardo Cunha (PMDB-RJ), anunciou que restringiu as regras para os parlamentares se ausentarem das sess\u00f5es da Casa sem sofrerem desconto no sal\u00e1rio.<\/p>\n<blockquote><p>A partir deste ano, somente l\u00edderes dos partidos e representantes da Mesa Diretora ter\u00e3o a prerrogativa de n\u00e3o ter as faltas descontadas. A nova norma foi definida em reuni\u00e3o com lideran\u00e7as partid\u00e1rias e beneficia 31 deputados. Antes, presidentes de comiss\u00f5es e integrantes de CPIs tamb\u00e9m tinham direito \u00e0 dispensa. Agora, apenas licen\u00e7as m\u00e9dicas e viagens autorizadas pela C\u00e2mara para representar a Casa ser\u00e3o aceitas como justificativa.<\/p><\/blockquote>\n<p>A pr\u00f3xima sess\u00e3o da C\u00e2mara est\u00e1 marcada para ocorrer na pr\u00f3xima segunda-feira (23), mas n\u00e3o ser\u00e1 deliberativa. Na pr\u00e1tica, a reuni\u00e3o \u00e9 aberta, mas o plen\u00e1rio fica esvaziado como costuma acontecer nas segundas. No dia seguinte deve acontecer sess\u00e3o deliberativa, mas a pauta ainda n\u00e3o foi definida por Cunha. Como presidente da Casa, \u00e9 atribui\u00e7\u00e3o dele definir a pauta de vota\u00e7\u00f5es.<\/p>\n<p>O Senado Federal n\u00e3o aprovou requerimento para evitar sess\u00f5es plen\u00e1rias, mas nesta semana s\u00f3 tem reuni\u00f5es n\u00e3o deliberativas. Hoje, apenas nove dos 81 senadores estavam presentes no plen\u00e1rio, de acordo com a Secretaria-Geral da Mesa. Em sess\u00f5es assim n\u00e3o h\u00e1 listas de presen\u00e7a, portanto n\u00e3o \u00e9 poss\u00edvel verificar quem est\u00e1 trabalhando hoje.<\/p>\n","protected":false},"excerpt":{"rendered":"<p>Embora o carnaval tenha acabado na quarta-feira 18, menos os parlamentares s\u00f3 retornam ao trabalho efetivamente na segunda-feira (23). Mas nem por isso ter\u00e3o desconto no sal\u00e1rio gordo de R$ 33,7 mil, informa o Uol. A \u00faltima sess\u00e3o deliberativa &#8212; sess\u00e3o em plen\u00e1rio em que projetos s\u00e3o votados &#8212; na C\u00e2mara foi na \u00faltima quarta-feira [&hellip;]<\/p>\n","protected":false},"author":2,"featured_media":37595,"comment_status":"open","ping_status":"closed","sticky":false,"template":"","format":"standard","meta":{"_acf_changed":false,"footnotes":""},"categories":[16],"tags":[],"class_list":["post-37594","post","type-post","status-publish","format-standard","has-post-thumbnail","hentry","category-brasil"],"acf":[],"yoast_head":"<!-- This site is optimized with the Yoast SEO plugin v27.2 - https:\/\/yoast.com\/product\/yoast-seo-wordpress\/ -->\n<title>Congresso estica a folia e s\u00f3 volta ao trabalho na segunda - Notibras<\/title>\n<meta name=\"robots\" content=\"index, follow, max-snippet:-1, max-image-preview:large, max-video-preview:-1\" \/>\n<link rel=\"canonical\" href=\"https:\/\/www.notibras.com\/site\/congresso-estica-a-folia-e-so-volta-ao-trabalho-na-proxima-semana\/\" \/>\n<meta property=\"og:locale\" content=\"pt_BR\" \/>\n<meta property=\"og:type\" content=\"article\" \/>\n<meta property=\"og:title\" content=\"Congresso estica a folia e s\u00f3 volta ao trabalho na segunda - Notibras\" \/>\n<meta property=\"og:description\" content=\"Embora o carnaval tenha acabado na quarta-feira 18, menos os parlamentares s\u00f3 retornam ao trabalho efetivamente na segunda-feira (23). Mas nem por isso ter\u00e3o desconto no sal\u00e1rio gordo de R$ 33,7 mil, informa o Uol. A \u00faltima sess\u00e3o deliberativa &#8212; sess\u00e3o em plen\u00e1rio em que projetos s\u00e3o votados &#8212; na C\u00e2mara foi na \u00faltima quarta-feira [&hellip;]\" \/>\n<meta property=\"og:url\" content=\"https:\/\/www.notibras.com\/site\/congresso-estica-a-folia-e-so-volta-ao-trabalho-na-proxima-semana\/\" \/>\n<meta property=\"og:site_name\" content=\"Notibras\" \/>\n<meta property=\"article:publisher\" content=\"https:\/\/www.facebook.com\/notibras\/\" \/>\n<meta property=\"article:published_time\" content=\"2015-02-19T03:50:09+00:00\" \/>\n<meta property=\"article:modified_time\" content=\"2015-02-19T20:03:54+00:00\" \/>\n<meta property=\"og:image\" content=\"https:\/\/www.notibras.com\/site\/wp-content\/uploads\/2015\/02\/con.jpg\" \/>\n\t<meta property=\"og:image:width\" content=\"615\" \/>\n\t<meta property=\"og:image:height\" content=\"300\" \/>\n\t<meta property=\"og:image:type\" content=\"image\/jpeg\" \/>\n<meta name=\"author\" content=\"Reda\u00e7\u00e3o\" \/>\n<meta name=\"twitter:card\" content=\"summary_large_image\" \/>\n<meta name=\"twitter:creator\" content=\"@Notibras\" \/>\n<meta name=\"twitter:site\" content=\"@Notibras\" \/>\n<meta name=\"twitter:label1\" content=\"Escrito por\" \/>\n\t<meta name=\"twitter:data1\" content=\"Reda\u00e7\u00e3o\" \/>\n\t<meta name=\"twitter:label2\" content=\"Est. tempo de leitura\" \/>\n\t<meta name=\"twitter:data2\" content=\"2 minutos\" \/>\n<script type=\"application\/ld+json\" class=\"yoast-schema-graph\">{\"@context\":\"https:\/\/schema.org\",\"@graph\":[{\"@type\":\"Article\",\"@id\":\"https:\/\/www.notibras.com\/site\/congresso-estica-a-folia-e-so-volta-ao-trabalho-na-proxima-semana\/#article\",\"isPartOf\":{\"@id\":\"https:\/\/www.notibras.com\/site\/congresso-estica-a-folia-e-so-volta-ao-trabalho-na-proxima-semana\/\"},\"author\":{\"name\":\"Reda\u00e7\u00e3o\",\"@id\":\"https:\/\/www.notibras.com\/site\/#\/schema\/person\/36ab0979449956132d3e5b517ea76ac8\"},\"headline\":\"Congresso estica a folia e s\u00f3 volta ao trabalho na segunda\",\"datePublished\":\"2015-02-19T03:50:09+00:00\",\"dateModified\":\"2015-02-19T20:03:54+00:00\",\"mainEntityOfPage\":{\"@id\":\"https:\/\/www.notibras.com\/site\/congresso-estica-a-folia-e-so-volta-ao-trabalho-na-proxima-semana\/\"},\"wordCount\":436,\"commentCount\":0,\"publisher\":{\"@id\":\"https:\/\/www.notibras.com\/site\/#organization\"},\"image\":{\"@id\":\"https:\/\/www.notibras.com\/site\/congresso-estica-a-folia-e-so-volta-ao-trabalho-na-proxima-semana\/#primaryimage\"},\"thumbnailUrl\":\"https:\/\/www.notibras.com\/site\/wp-content\/uploads\/2015\/02\/con.jpg\",\"articleSection\":[\"Brasil\"],\"inLanguage\":\"pt-BR\",\"potentialAction\":[{\"@type\":\"CommentAction\",\"name\":\"Comment\",\"target\":[\"https:\/\/www.notibras.com\/site\/congresso-estica-a-folia-e-so-volta-ao-trabalho-na-proxima-semana\/#respond\"]}]},{\"@type\":\"WebPage\",\"@id\":\"https:\/\/www.notibras.com\/site\/congresso-estica-a-folia-e-so-volta-ao-trabalho-na-proxima-semana\/\",\"url\":\"https:\/\/www.notibras.com\/site\/congresso-estica-a-folia-e-so-volta-ao-trabalho-na-proxima-semana\/\",\"name\":\"Congresso estica a folia e s\u00f3 volta ao trabalho na segunda - Notibras\",\"isPartOf\":{\"@id\":\"https:\/\/www.notibras.com\/site\/#website\"},\"primaryImageOfPage\":{\"@id\":\"https:\/\/www.notibras.com\/site\/congresso-estica-a-folia-e-so-volta-ao-trabalho-na-proxima-semana\/#primaryimage\"},\"image\":{\"@id\":\"https:\/\/www.notibras.com\/site\/congresso-estica-a-folia-e-so-volta-ao-trabalho-na-proxima-semana\/#primaryimage\"},\"thumbnailUrl\":\"https:\/\/www.notibras.com\/site\/wp-content\/uploads\/2015\/02\/con.jpg\",\"datePublished\":\"2015-02-19T03:50:09+00:00\",\"dateModified\":\"2015-02-19T20:03:54+00:00\",\"breadcrumb\":{\"@id\":\"https:\/\/www.notibras.com\/site\/congresso-estica-a-folia-e-so-volta-ao-trabalho-na-proxima-semana\/#breadcrumb\"},\"inLanguage\":\"pt-BR\",\"potentialAction\":[{\"@type\":\"ReadAction\",\"target\":[\"https:\/\/www.notibras.com\/site\/congresso-estica-a-folia-e-so-volta-ao-trabalho-na-proxima-semana\/\"]}]},{\"@type\":\"ImageObject\",\"inLanguage\":\"pt-BR\",\"@id\":\"https:\/\/www.notibras.com\/site\/congresso-estica-a-folia-e-so-volta-ao-trabalho-na-proxima-semana\/#primaryimage\",\"url\":\"https:\/\/www.notibras.com\/site\/wp-content\/uploads\/2015\/02\/con.jpg\",\"contentUrl\":\"https:\/\/www.notibras.com\/site\/wp-content\/uploads\/2015\/02\/con.jpg\",\"width\":615,\"height\":300},{\"@type\":\"BreadcrumbList\",\"@id\":\"https:\/\/www.notibras.com\/site\/congresso-estica-a-folia-e-so-volta-ao-trabalho-na-proxima-semana\/#breadcrumb\",\"itemListElement\":[{\"@type\":\"ListItem\",\"position\":1,\"name\":\"In\u00edcio\",\"item\":\"https:\/\/www.notibras.com\/site\/\"},{\"@type\":\"ListItem\",\"position\":2,\"name\":\"Congresso estica a folia e s\u00f3 volta ao trabalho na segunda\"}]},{\"@type\":\"WebSite\",\"@id\":\"https:\/\/www.notibras.com\/site\/#website\",\"url\":\"https:\/\/www.notibras.com\/site\/\",\"name\":\"Notibras\",\"description\":\"Not\u00edcias de Bras\u00edlia, do Brasil e do Mundo\",\"publisher\":{\"@id\":\"https:\/\/www.notibras.com\/site\/#organization\"},\"potentialAction\":[{\"@type\":\"SearchAction\",\"target\":{\"@type\":\"EntryPoint\",\"urlTemplate\":\"https:\/\/www.notibras.com\/site\/?s={search_term_string}\"},\"query-input\":{\"@type\":\"PropertyValueSpecification\",\"valueRequired\":true,\"valueName\":\"search_term_string\"}}],\"inLanguage\":\"pt-BR\"},{\"@type\":\"Organization\",\"@id\":\"https:\/\/www.notibras.com\/site\/#organization\",\"name\":\"Grupo Notibras de Comunica\u00e7\u00e3o\",\"url\":\"https:\/\/www.notibras.com\/site\/\",\"logo\":{\"@type\":\"ImageObject\",\"inLanguage\":\"pt-BR\",\"@id\":\"https:\/\/www.notibras.com\/site\/#\/schema\/logo\/image\/\",\"url\":\"https:\/\/www.notibras.com\/site\/wp-content\/uploads\/2023\/01\/notibras23.png\",\"contentUrl\":\"https:\/\/www.notibras.com\/site\/wp-content\/uploads\/2023\/01\/notibras23.png\",\"width\":350,\"height\":87,\"caption\":\"Grupo Notibras de Comunica\u00e7\u00e3o\"},\"image\":{\"@id\":\"https:\/\/www.notibras.com\/site\/#\/schema\/logo\/image\/\"},\"sameAs\":[\"https:\/\/www.facebook.com\/notibras\/\",\"https:\/\/x.com\/Notibras\",\"https:\/\/www.instagram.com\/notibras\/\"]},{\"@type\":\"Person\",\"@id\":\"https:\/\/www.notibras.com\/site\/#\/schema\/person\/36ab0979449956132d3e5b517ea76ac8\",\"name\":\"Reda\u00e7\u00e3o\",\"image\":{\"@type\":\"ImageObject\",\"inLanguage\":\"pt-BR\",\"@id\":\"https:\/\/secure.gravatar.com\/avatar\/e0a867bdedb85fd243eadf09663511f96fc81e0720a4a42581f334ad4303aa6b?s=96&d=mm&r=g\",\"url\":\"https:\/\/secure.gravatar.com\/avatar\/e0a867bdedb85fd243eadf09663511f96fc81e0720a4a42581f334ad4303aa6b?s=96&d=mm&r=g\",\"contentUrl\":\"https:\/\/secure.gravatar.com\/avatar\/e0a867bdedb85fd243eadf09663511f96fc81e0720a4a42581f334ad4303aa6b?s=96&d=mm&r=g\",\"caption\":\"Reda\u00e7\u00e3o\"}}]}<\/script>\n<!-- \/ Yoast SEO plugin. -->","yoast_head_json":{"title":"Congresso estica a folia e s\u00f3 volta ao trabalho na segunda - Notibras","robots":{"index":"index","follow":"follow","max-snippet":"max-snippet:-1","max-image-preview":"max-image-preview:large","max-video-preview":"max-video-preview:-1"},"canonical":"https:\/\/www.notibras.com\/site\/congresso-estica-a-folia-e-so-volta-ao-trabalho-na-proxima-semana\/","og_locale":"pt_BR","og_type":"article","og_title":"Congresso estica a folia e s\u00f3 volta ao trabalho na segunda - Notibras","og_description":"Embora o carnaval tenha acabado na quarta-feira 18, menos os parlamentares s\u00f3 retornam ao trabalho efetivamente na segunda-feira (23). Mas nem por isso ter\u00e3o desconto no sal\u00e1rio gordo de R$ 33,7 mil, informa o Uol. A \u00faltima sess\u00e3o deliberativa &#8212; sess\u00e3o em plen\u00e1rio em que projetos s\u00e3o votados &#8212; na C\u00e2mara foi na \u00faltima quarta-feira [&hellip;]","og_url":"https:\/\/www.notibras.com\/site\/congresso-estica-a-folia-e-so-volta-ao-trabalho-na-proxima-semana\/","og_site_name":"Notibras","article_publisher":"https:\/\/www.facebook.com\/notibras\/","article_published_time":"2015-02-19T03:50:09+00:00","article_modified_time":"2015-02-19T20:03:54+00:00","og_image":[{"width":615,"height":300,"url":"https:\/\/www.notibras.com\/site\/wp-content\/uploads\/2015\/02\/con.jpg","type":"image\/jpeg"}],"author":"Reda\u00e7\u00e3o","twitter_card":"summary_large_image","twitter_creator":"@Notibras","twitter_site":"@Notibras","twitter_misc":{"Escrito por":"Reda\u00e7\u00e3o","Est. tempo de leitura":"2 minutos"},"schema":{"@context":"https:\/\/schema.org","@graph":[{"@type":"Article","@id":"https:\/\/www.notibras.com\/site\/congresso-estica-a-folia-e-so-volta-ao-trabalho-na-proxima-semana\/#article","isPartOf":{"@id":"https:\/\/www.notibras.com\/site\/congresso-estica-a-folia-e-so-volta-ao-trabalho-na-proxima-semana\/"},"author":{"name":"Reda\u00e7\u00e3o","@id":"https:\/\/www.notibras.com\/site\/#\/schema\/person\/36ab0979449956132d3e5b517ea76ac8"},"headline":"Congresso estica a folia e s\u00f3 volta ao trabalho na segunda","datePublished":"2015-02-19T03:50:09+00:00","dateModified":"2015-02-19T20:03:54+00:00","mainEntityOfPage":{"@id":"https:\/\/www.notibras.com\/site\/congresso-estica-a-folia-e-so-volta-ao-trabalho-na-proxima-semana\/"},"wordCount":436,"commentCount":0,"publisher":{"@id":"https:\/\/www.notibras.com\/site\/#organization"},"image":{"@id":"https:\/\/www.notibras.com\/site\/congresso-estica-a-folia-e-so-volta-ao-trabalho-na-proxima-semana\/#primaryimage"},"thumbnailUrl":"https:\/\/www.notibras.com\/site\/wp-content\/uploads\/2015\/02\/con.jpg","articleSection":["Brasil"],"inLanguage":"pt-BR","potentialAction":[{"@type":"CommentAction","name":"Comment","target":["https:\/\/www.notibras.com\/site\/congresso-estica-a-folia-e-so-volta-ao-trabalho-na-proxima-semana\/#respond"]}]},{"@type":"WebPage","@id":"https:\/\/www.notibras.com\/site\/congresso-estica-a-folia-e-so-volta-ao-trabalho-na-proxima-semana\/","url":"https:\/\/www.notibras.com\/site\/congresso-estica-a-folia-e-so-volta-ao-trabalho-na-proxima-semana\/","name":"Congresso estica a folia e s\u00f3 volta ao trabalho na segunda - Notibras","isPartOf":{"@id":"https:\/\/www.notibras.com\/site\/#website"},"primaryImageOfPage":{"@id":"https:\/\/www.notibras.com\/site\/congresso-estica-a-folia-e-so-volta-ao-trabalho-na-proxima-semana\/#primaryimage"},"image":{"@id":"https:\/\/www.notibras.com\/site\/congresso-estica-a-folia-e-so-volta-ao-trabalho-na-proxima-semana\/#primaryimage"},"thumbnailUrl":"https:\/\/www.notibras.com\/site\/wp-content\/uploads\/2015\/02\/con.jpg","datePublished":"2015-02-19T03:50:09+00:00","dateModified":"2015-02-19T20:03:54+00:00","breadcrumb":{"@id":"https:\/\/www.notibras.com\/site\/congresso-estica-a-folia-e-so-volta-ao-trabalho-na-proxima-semana\/#breadcrumb"},"inLanguage":"pt-BR","potentialAction":[{"@type":"ReadAction","target":["https:\/\/www.notibras.com\/site\/congresso-estica-a-folia-e-so-volta-ao-trabalho-na-proxima-semana\/"]}]},{"@type":"ImageObject","inLanguage":"pt-BR","@id":"https:\/\/www.notibras.com\/site\/congresso-estica-a-folia-e-so-volta-ao-trabalho-na-proxima-semana\/#primaryimage","url":"https:\/\/www.notibras.com\/site\/wp-content\/uploads\/2015\/02\/con.jpg","contentUrl":"https:\/\/www.notibras.com\/site\/wp-content\/uploads\/2015\/02\/con.jpg","width":615,"height":300},{"@type":"BreadcrumbList","@id":"https:\/\/www.notibras.com\/site\/congresso-estica-a-folia-e-so-volta-ao-trabalho-na-proxima-semana\/#breadcrumb","itemListElement":[{"@type":"ListItem","position":1,"name":"In\u00edcio","item":"https:\/\/www.notibras.com\/site\/"},{"@type":"ListItem","position":2,"name":"Congresso estica a folia e s\u00f3 volta ao trabalho na segunda"}]},{"@type":"WebSite","@id":"https:\/\/www.notibras.com\/site\/#website","url":"https:\/\/www.notibras.com\/site\/","name":"Notibras","description":"Not\u00edcias de Bras\u00edlia, do Brasil e do Mundo","publisher":{"@id":"https:\/\/www.notibras.com\/site\/#organization"},"potentialAction":[{"@type":"SearchAction","target":{"@type":"EntryPoint","urlTemplate":"https:\/\/www.notibras.com\/site\/?s={search_term_string}"},"query-input":{"@type":"PropertyValueSpecification","valueRequired":true,"valueName":"search_term_string"}}],"inLanguage":"pt-BR"},{"@type":"Organization","@id":"https:\/\/www.notibras.com\/site\/#organization","name":"Grupo Notibras de Comunica\u00e7\u00e3o","url":"https:\/\/www.notibras.com\/site\/","logo":{"@type":"ImageObject","inLanguage":"pt-BR","@id":"https:\/\/www.notibras.com\/site\/#\/schema\/logo\/image\/","url":"https:\/\/www.notibras.com\/site\/wp-content\/uploads\/2023\/01\/notibras23.png","contentUrl":"https:\/\/www.notibras.com\/site\/wp-content\/uploads\/2023\/01\/notibras23.png","width":350,"height":87,"caption":"Grupo Notibras de Comunica\u00e7\u00e3o"},"image":{"@id":"https:\/\/www.notibras.com\/site\/#\/schema\/logo\/image\/"},"sameAs":["https:\/\/www.facebook.com\/notibras\/","https:\/\/x.com\/Notibras","https:\/\/www.instagram.com\/notibras\/"]},{"@type":"Person","@id":"https:\/\/www.notibras.com\/site\/#\/schema\/person\/36ab0979449956132d3e5b517ea76ac8","name":"Reda\u00e7\u00e3o","image":{"@type":"ImageObject","inLanguage":"pt-BR","@id":"https:\/\/secure.gravatar.com\/avatar\/e0a867bdedb85fd243eadf09663511f96fc81e0720a4a42581f334ad4303aa6b?s=96&d=mm&r=g","url":"https:\/\/secure.gravatar.com\/avatar\/e0a867bdedb85fd243eadf09663511f96fc81e0720a4a42581f334ad4303aa6b?s=96&d=mm&r=g","contentUrl":"https:\/\/secure.gravatar.com\/avatar\/e0a867bdedb85fd243eadf09663511f96fc81e0720a4a42581f334ad4303aa6b?s=96&d=mm&r=g","caption":"Reda\u00e7\u00e3o"}}]}},"amp_enabled":true,"_links":{"self":[{"href":"https:\/\/www.notibras.com\/site\/wp-json\/wp\/v2\/posts\/37594","targetHints":{"allow":["GET"]}}],"collection":[{"href":"https:\/\/www.notibras.com\/site\/wp-json\/wp\/v2\/posts"}],"about":[{"href":"https:\/\/www.notibras.com\/site\/wp-json\/wp\/v2\/types\/post"}],"author":[{"embeddable":true,"href":"https:\/\/www.notibras.com\/site\/wp-json\/wp\/v2\/users\/2"}],"replies":[{"embeddable":true,"href":"https:\/\/www.notibras.com\/site\/wp-json\/wp\/v2\/comments?post=37594"}],"version-history":[{"count":0,"href":"https:\/\/www.notibras.com\/site\/wp-json\/wp\/v2\/posts\/37594\/revisions"}],"wp:featuredmedia":[{"embeddable":true,"href":"https:\/\/www.notibras.com\/site\/wp-json\/wp\/v2\/media\/37595"}],"wp:attachment":[{"href":"https:\/\/www.notibras.com\/site\/wp-json\/wp\/v2\/media?parent=37594"}],"wp:term":[{"taxonomy":"category","embeddable":true,"href":"https:\/\/www.notibras.com\/site\/wp-json\/wp\/v2\/categories?post=37594"},{"taxonomy":"post_tag","embeddable":true,"href":"https:\/\/www.notibras.com\/site\/wp-json\/wp\/v2\/tags?post=37594"}],"curies":[{"name":"wp","href":"https:\/\/api.w.org\/{rel}","templated":true}]}}