{"id":375946,"date":"2025-12-23T07:35:36","date_gmt":"2025-12-23T10:35:36","guid":{"rendered":"https:\/\/www.notibras.com\/site\/?p=375946"},"modified":"2025-12-23T07:37:04","modified_gmt":"2025-12-23T10:37:04","slug":"eleitor-dara-a-sostenes-o-que-e-de-sostenes","status":"publish","type":"post","link":"https:\/\/www.notibras.com\/site\/eleitor-dara-a-sostenes-o-que-e-de-sostenes\/","title":{"rendered":"Eleitor dar\u00e1 a S\u00f3stenes o que \u00e9 de S\u00f3stenes"},"content":{"rendered":"<p>Fantasiado de Papai Noel, o pastor de araque S\u00f3stenes Cavalcante escancarou na reza e acabou mostrando ao povo brasileiro que f\u00e9 de menos \u00e9 sinal de desesperan\u00e7a, mas que f\u00e9 de mais pode provar, conforme o tamanho da ora\u00e7\u00e3o, a certeza da corrup\u00e7\u00e3o e alguns anos de pris\u00e3o. Impressionante, mas os mesmos deputados, senadores e simpatizantes do partido conhecido por\u00a0<i>Papuda Lotada<\/i>\u00a0(PL) insistem em denominar o presidente Luiz In\u00e1cio de ladr\u00e3o.<\/p>\n<p>Na maior cara de pau, eles est\u00e3o tirando R$ 61 bilh\u00f5es do Or\u00e7amento da Uni\u00e3o para emendas parlamentares, achacam os bolsos do contribuinte e n\u00e3o se envergonham disso. Pelo contr\u00e1rio. Guardam em caixas sob a cama o que n\u00e3o podem acomodar nas cuecas. E depois dizem que os desafetos pol\u00edticos \u00e9 que roubam. Essa \u00e9 a agenda positiva do partido de Valdemar Costa Neto e da maioria dos aliados do cl\u00e3 que debocha de quem recebe-m\u00ednimo, hoje fixado em R$ 1.621.<\/p>\n<p>O caso Jordy-S\u00f3stenes, ambos cariocas do tipo santos do pau oco, aqueles que s\u00f3 d\u00e3o no pau, me faz lembrar aquela famosa frase b\u00edblica do Evangelho de Jo\u00e3o, cujo texto nos convida \u00e0 compaix\u00e3o e nos leva \u00e0 certeza de que todos s\u00e3o falhos e devem refletir sobres suas pr\u00f3prias imperfei\u00e7\u00f5es antes de condenar os outros. \u00c9 por isso que a pequena fortuna encontrada pela Pol\u00edcia Federal na casa de S\u00f3stenes merece uma avalia\u00e7\u00e3o menos esquerdopata.<\/p>\n<p>Afinal, quem nunca vendeu um im\u00f3vel por R$ 430 mil e levou o dinheiro para casa em sacos pretos de lixo, pense bastante e somente depois atire a primeira B\u00edblia ungida pelo bispo Edir Macedo. Pastor de ovelhas desgarradas e patriotas, S\u00f3stenes \u00e9 apenas um parlamentar guloso. Anunciado por Hugo Motta como um enviado de Deus, o deputado do PL \u00e9 um homem de moral escondida no cart\u00e3o de cr\u00e9dito e muito bom na arte de ganhar dindim.<\/p>\n<p>Ele s\u00f3 \u00e9 ruim quando ora no microfone dourado exigindo o d\u00edzimo de seus seguidores espirituais. Louco de amores pela generosidade das emendas, S\u00f3stenes Cavalcante morre em cima do caro\u00e7o de milho, mas tem toler\u00e2ncia zero para pagamentos feitos pelo modo PIX. Como um dos dois filhos de Francisco, ele faz seu show, vende a alma, mas quer receber dinheiro vivo. Muito justo, just\u00edssimo. No meio em que a excel\u00eancia anda, tudo pode acontecer, inclusive perder o que ganhou para o Valdemar. Por falar em perder, um mandato \u00e9 muito mais importante do que dinheiro. Sem um ningu\u00e9m consegue o outro.<\/p>\n<p>S\u00f3stenes j\u00e1 deve ter ouvido numerosas vezes esse mantra, mas fingiu que n\u00e3o ouviu. Na p\u00e1gina dois do Evangelho Segundo o Eleitor est\u00e1 escrito que pessoas que pelo dinheiro v\u00eam, pelo dinheiro v\u00e3o. Irm\u00e3o S\u00f3stenes, fique atento, pois, em outubro vindouro, vossa salient\u00edssima ratazana ouvir\u00e1 quatrocentos e trinta mil vezes que o maldito dinheiro comprou a tal felicidade do vosso corrupto destino. Meus irm\u00e3os eleitores do Rio de Janeiro, como no atual Congresso a pilantragem virou estat\u00edstica e a indigna\u00e7\u00e3o \u00e9 somente um ato rotineiro, oremos. Por fim, permitam que os pol\u00edticos roubem suas ideias, mas nunca seus votos. Em 2026, d\u00eaem a S\u00f3stenes o que \u00e9 de S\u00f3stenes.<\/p>\n","protected":false},"excerpt":{"rendered":"<p>Fantasiado de Papai Noel, o pastor de araque S\u00f3stenes Cavalcante escancarou na reza e acabou mostrando ao povo brasileiro que f\u00e9 de menos \u00e9 sinal de desesperan\u00e7a, mas que f\u00e9 de mais pode provar, conforme o tamanho da ora\u00e7\u00e3o, a certeza da corrup\u00e7\u00e3o e alguns anos de pris\u00e3o. Impressionante, mas os mesmos deputados, senadores e [&hellip;]<\/p>\n","protected":false},"author":2,"featured_media":375947,"comment_status":"closed","ping_status":"closed","sticky":false,"template":"","format":"standard","meta":{"_acf_changed":false,"footnotes":""},"categories":[16],"tags":[95],"class_list":["post-375946","post","type-post","status-publish","format-standard","has-post-thumbnail","hentry","category-brasil","tag-capa"],"acf":[],"yoast_head":"<!-- This site is optimized with the Yoast SEO plugin v27.2 - https:\/\/yoast.com\/product\/yoast-seo-wordpress\/ -->\n<title>Eleitor dar\u00e1 a S\u00f3stenes o que \u00e9 de S\u00f3stenes - Notibras<\/title>\n<meta name=\"robots\" content=\"index, follow, max-snippet:-1, max-image-preview:large, max-video-preview:-1\" \/>\n<link rel=\"canonical\" href=\"https:\/\/www.notibras.com\/site\/eleitor-dara-a-sostenes-o-que-e-de-sostenes\/\" \/>\n<meta property=\"og:locale\" content=\"pt_BR\" \/>\n<meta property=\"og:type\" content=\"article\" \/>\n<meta property=\"og:title\" content=\"Eleitor dar\u00e1 a S\u00f3stenes o que \u00e9 de S\u00f3stenes - Notibras\" \/>\n<meta property=\"og:description\" content=\"Fantasiado de Papai Noel, o pastor de araque S\u00f3stenes Cavalcante escancarou na reza e acabou mostrando ao povo brasileiro que f\u00e9 de menos \u00e9 sinal de desesperan\u00e7a, mas que f\u00e9 de mais pode provar, conforme o tamanho da ora\u00e7\u00e3o, a certeza da corrup\u00e7\u00e3o e alguns anos de pris\u00e3o. Impressionante, mas os mesmos deputados, senadores e [&hellip;]\" \/>\n<meta property=\"og:url\" content=\"https:\/\/www.notibras.com\/site\/eleitor-dara-a-sostenes-o-que-e-de-sostenes\/\" \/>\n<meta property=\"og:site_name\" content=\"Notibras\" \/>\n<meta property=\"article:publisher\" content=\"https:\/\/www.facebook.com\/notibras\/\" \/>\n<meta property=\"article:published_time\" content=\"2025-12-23T10:35:36+00:00\" \/>\n<meta property=\"article:modified_time\" content=\"2025-12-23T10:37:04+00:00\" \/>\n<meta property=\"og:image\" content=\"https:\/\/www.notibras.com\/site\/wp-content\/uploads\/2025\/12\/lula9450.webp\" \/>\n\t<meta property=\"og:image:width\" content=\"770\" \/>\n\t<meta property=\"og:image:height\" content=\"513\" \/>\n\t<meta property=\"og:image:type\" content=\"image\/webp\" \/>\n<meta name=\"author\" content=\"Reda\u00e7\u00e3o\" \/>\n<meta name=\"twitter:card\" content=\"summary_large_image\" \/>\n<meta name=\"twitter:creator\" content=\"@Notibras\" \/>\n<meta name=\"twitter:site\" content=\"@Notibras\" \/>\n<meta name=\"twitter:label1\" content=\"Escrito por\" \/>\n\t<meta name=\"twitter:data1\" content=\"Reda\u00e7\u00e3o\" \/>\n\t<meta name=\"twitter:label2\" content=\"Est. tempo de leitura\" \/>\n\t<meta name=\"twitter:data2\" content=\"4 minutos\" \/>\n<script type=\"application\/ld+json\" class=\"yoast-schema-graph\">{\"@context\":\"https:\/\/schema.org\",\"@graph\":[{\"@type\":\"Article\",\"@id\":\"https:\/\/www.notibras.com\/site\/eleitor-dara-a-sostenes-o-que-e-de-sostenes\/#article\",\"isPartOf\":{\"@id\":\"https:\/\/www.notibras.com\/site\/eleitor-dara-a-sostenes-o-que-e-de-sostenes\/\"},\"author\":{\"name\":\"Reda\u00e7\u00e3o\",\"@id\":\"https:\/\/www.notibras.com\/site\/#\/schema\/person\/36ab0979449956132d3e5b517ea76ac8\"},\"headline\":\"Eleitor dar\u00e1 a S\u00f3stenes o que \u00e9 de S\u00f3stenes\",\"datePublished\":\"2025-12-23T10:35:36+00:00\",\"dateModified\":\"2025-12-23T10:37:04+00:00\",\"mainEntityOfPage\":{\"@id\":\"https:\/\/www.notibras.com\/site\/eleitor-dara-a-sostenes-o-que-e-de-sostenes\/\"},\"wordCount\":565,\"publisher\":{\"@id\":\"https:\/\/www.notibras.com\/site\/#organization\"},\"image\":{\"@id\":\"https:\/\/www.notibras.com\/site\/eleitor-dara-a-sostenes-o-que-e-de-sostenes\/#primaryimage\"},\"thumbnailUrl\":\"https:\/\/www.notibras.com\/site\/wp-content\/uploads\/2025\/12\/lula9450.webp\",\"keywords\":[\"capa\"],\"articleSection\":[\"Brasil\"],\"inLanguage\":\"pt-BR\"},{\"@type\":\"WebPage\",\"@id\":\"https:\/\/www.notibras.com\/site\/eleitor-dara-a-sostenes-o-que-e-de-sostenes\/\",\"url\":\"https:\/\/www.notibras.com\/site\/eleitor-dara-a-sostenes-o-que-e-de-sostenes\/\",\"name\":\"Eleitor dar\u00e1 a S\u00f3stenes o que \u00e9 de S\u00f3stenes - Notibras\",\"isPartOf\":{\"@id\":\"https:\/\/www.notibras.com\/site\/#website\"},\"primaryImageOfPage\":{\"@id\":\"https:\/\/www.notibras.com\/site\/eleitor-dara-a-sostenes-o-que-e-de-sostenes\/#primaryimage\"},\"image\":{\"@id\":\"https:\/\/www.notibras.com\/site\/eleitor-dara-a-sostenes-o-que-e-de-sostenes\/#primaryimage\"},\"thumbnailUrl\":\"https:\/\/www.notibras.com\/site\/wp-content\/uploads\/2025\/12\/lula9450.webp\",\"datePublished\":\"2025-12-23T10:35:36+00:00\",\"dateModified\":\"2025-12-23T10:37:04+00:00\",\"breadcrumb\":{\"@id\":\"https:\/\/www.notibras.com\/site\/eleitor-dara-a-sostenes-o-que-e-de-sostenes\/#breadcrumb\"},\"inLanguage\":\"pt-BR\",\"potentialAction\":[{\"@type\":\"ReadAction\",\"target\":[\"https:\/\/www.notibras.com\/site\/eleitor-dara-a-sostenes-o-que-e-de-sostenes\/\"]}]},{\"@type\":\"ImageObject\",\"inLanguage\":\"pt-BR\",\"@id\":\"https:\/\/www.notibras.com\/site\/eleitor-dara-a-sostenes-o-que-e-de-sostenes\/#primaryimage\",\"url\":\"https:\/\/www.notibras.com\/site\/wp-content\/uploads\/2025\/12\/lula9450.webp\",\"contentUrl\":\"https:\/\/www.notibras.com\/site\/wp-content\/uploads\/2025\/12\/lula9450.webp\",\"width\":770,\"height\":513},{\"@type\":\"BreadcrumbList\",\"@id\":\"https:\/\/www.notibras.com\/site\/eleitor-dara-a-sostenes-o-que-e-de-sostenes\/#breadcrumb\",\"itemListElement\":[{\"@type\":\"ListItem\",\"position\":1,\"name\":\"In\u00edcio\",\"item\":\"https:\/\/www.notibras.com\/site\/\"},{\"@type\":\"ListItem\",\"position\":2,\"name\":\"Eleitor dar\u00e1 a S\u00f3stenes o que \u00e9 de S\u00f3stenes\"}]},{\"@type\":\"WebSite\",\"@id\":\"https:\/\/www.notibras.com\/site\/#website\",\"url\":\"https:\/\/www.notibras.com\/site\/\",\"name\":\"Notibras\",\"description\":\"Not\u00edcias de Bras\u00edlia, do Brasil e do Mundo\",\"publisher\":{\"@id\":\"https:\/\/www.notibras.com\/site\/#organization\"},\"potentialAction\":[{\"@type\":\"SearchAction\",\"target\":{\"@type\":\"EntryPoint\",\"urlTemplate\":\"https:\/\/www.notibras.com\/site\/?s={search_term_string}\"},\"query-input\":{\"@type\":\"PropertyValueSpecification\",\"valueRequired\":true,\"valueName\":\"search_term_string\"}}],\"inLanguage\":\"pt-BR\"},{\"@type\":\"Organization\",\"@id\":\"https:\/\/www.notibras.com\/site\/#organization\",\"name\":\"Grupo Notibras de Comunica\u00e7\u00e3o\",\"url\":\"https:\/\/www.notibras.com\/site\/\",\"logo\":{\"@type\":\"ImageObject\",\"inLanguage\":\"pt-BR\",\"@id\":\"https:\/\/www.notibras.com\/site\/#\/schema\/logo\/image\/\",\"url\":\"https:\/\/www.notibras.com\/site\/wp-content\/uploads\/2023\/01\/notibras23.png\",\"contentUrl\":\"https:\/\/www.notibras.com\/site\/wp-content\/uploads\/2023\/01\/notibras23.png\",\"width\":350,\"height\":87,\"caption\":\"Grupo Notibras de Comunica\u00e7\u00e3o\"},\"image\":{\"@id\":\"https:\/\/www.notibras.com\/site\/#\/schema\/logo\/image\/\"},\"sameAs\":[\"https:\/\/www.facebook.com\/notibras\/\",\"https:\/\/x.com\/Notibras\",\"https:\/\/www.instagram.com\/notibras\/\"]},{\"@type\":\"Person\",\"@id\":\"https:\/\/www.notibras.com\/site\/#\/schema\/person\/36ab0979449956132d3e5b517ea76ac8\",\"name\":\"Reda\u00e7\u00e3o\",\"image\":{\"@type\":\"ImageObject\",\"inLanguage\":\"pt-BR\",\"@id\":\"https:\/\/secure.gravatar.com\/avatar\/e0a867bdedb85fd243eadf09663511f96fc81e0720a4a42581f334ad4303aa6b?s=96&d=mm&r=g\",\"url\":\"https:\/\/secure.gravatar.com\/avatar\/e0a867bdedb85fd243eadf09663511f96fc81e0720a4a42581f334ad4303aa6b?s=96&d=mm&r=g\",\"contentUrl\":\"https:\/\/secure.gravatar.com\/avatar\/e0a867bdedb85fd243eadf09663511f96fc81e0720a4a42581f334ad4303aa6b?s=96&d=mm&r=g\",\"caption\":\"Reda\u00e7\u00e3o\"}}]}<\/script>\n<!-- \/ Yoast SEO plugin. -->","yoast_head_json":{"title":"Eleitor dar\u00e1 a S\u00f3stenes o que \u00e9 de S\u00f3stenes - Notibras","robots":{"index":"index","follow":"follow","max-snippet":"max-snippet:-1","max-image-preview":"max-image-preview:large","max-video-preview":"max-video-preview:-1"},"canonical":"https:\/\/www.notibras.com\/site\/eleitor-dara-a-sostenes-o-que-e-de-sostenes\/","og_locale":"pt_BR","og_type":"article","og_title":"Eleitor dar\u00e1 a S\u00f3stenes o que \u00e9 de S\u00f3stenes - Notibras","og_description":"Fantasiado de Papai Noel, o pastor de araque S\u00f3stenes Cavalcante escancarou na reza e acabou mostrando ao povo brasileiro que f\u00e9 de menos \u00e9 sinal de desesperan\u00e7a, mas que f\u00e9 de mais pode provar, conforme o tamanho da ora\u00e7\u00e3o, a certeza da corrup\u00e7\u00e3o e alguns anos de pris\u00e3o. Impressionante, mas os mesmos deputados, senadores e [&hellip;]","og_url":"https:\/\/www.notibras.com\/site\/eleitor-dara-a-sostenes-o-que-e-de-sostenes\/","og_site_name":"Notibras","article_publisher":"https:\/\/www.facebook.com\/notibras\/","article_published_time":"2025-12-23T10:35:36+00:00","article_modified_time":"2025-12-23T10:37:04+00:00","og_image":[{"width":770,"height":513,"url":"https:\/\/www.notibras.com\/site\/wp-content\/uploads\/2025\/12\/lula9450.webp","type":"image\/webp"}],"author":"Reda\u00e7\u00e3o","twitter_card":"summary_large_image","twitter_creator":"@Notibras","twitter_site":"@Notibras","twitter_misc":{"Escrito por":"Reda\u00e7\u00e3o","Est. tempo de leitura":"4 minutos"},"schema":{"@context":"https:\/\/schema.org","@graph":[{"@type":"Article","@id":"https:\/\/www.notibras.com\/site\/eleitor-dara-a-sostenes-o-que-e-de-sostenes\/#article","isPartOf":{"@id":"https:\/\/www.notibras.com\/site\/eleitor-dara-a-sostenes-o-que-e-de-sostenes\/"},"author":{"name":"Reda\u00e7\u00e3o","@id":"https:\/\/www.notibras.com\/site\/#\/schema\/person\/36ab0979449956132d3e5b517ea76ac8"},"headline":"Eleitor dar\u00e1 a S\u00f3stenes o que \u00e9 de S\u00f3stenes","datePublished":"2025-12-23T10:35:36+00:00","dateModified":"2025-12-23T10:37:04+00:00","mainEntityOfPage":{"@id":"https:\/\/www.notibras.com\/site\/eleitor-dara-a-sostenes-o-que-e-de-sostenes\/"},"wordCount":565,"publisher":{"@id":"https:\/\/www.notibras.com\/site\/#organization"},"image":{"@id":"https:\/\/www.notibras.com\/site\/eleitor-dara-a-sostenes-o-que-e-de-sostenes\/#primaryimage"},"thumbnailUrl":"https:\/\/www.notibras.com\/site\/wp-content\/uploads\/2025\/12\/lula9450.webp","keywords":["capa"],"articleSection":["Brasil"],"inLanguage":"pt-BR"},{"@type":"WebPage","@id":"https:\/\/www.notibras.com\/site\/eleitor-dara-a-sostenes-o-que-e-de-sostenes\/","url":"https:\/\/www.notibras.com\/site\/eleitor-dara-a-sostenes-o-que-e-de-sostenes\/","name":"Eleitor dar\u00e1 a S\u00f3stenes o que \u00e9 de S\u00f3stenes - Notibras","isPartOf":{"@id":"https:\/\/www.notibras.com\/site\/#website"},"primaryImageOfPage":{"@id":"https:\/\/www.notibras.com\/site\/eleitor-dara-a-sostenes-o-que-e-de-sostenes\/#primaryimage"},"image":{"@id":"https:\/\/www.notibras.com\/site\/eleitor-dara-a-sostenes-o-que-e-de-sostenes\/#primaryimage"},"thumbnailUrl":"https:\/\/www.notibras.com\/site\/wp-content\/uploads\/2025\/12\/lula9450.webp","datePublished":"2025-12-23T10:35:36+00:00","dateModified":"2025-12-23T10:37:04+00:00","breadcrumb":{"@id":"https:\/\/www.notibras.com\/site\/eleitor-dara-a-sostenes-o-que-e-de-sostenes\/#breadcrumb"},"inLanguage":"pt-BR","potentialAction":[{"@type":"ReadAction","target":["https:\/\/www.notibras.com\/site\/eleitor-dara-a-sostenes-o-que-e-de-sostenes\/"]}]},{"@type":"ImageObject","inLanguage":"pt-BR","@id":"https:\/\/www.notibras.com\/site\/eleitor-dara-a-sostenes-o-que-e-de-sostenes\/#primaryimage","url":"https:\/\/www.notibras.com\/site\/wp-content\/uploads\/2025\/12\/lula9450.webp","contentUrl":"https:\/\/www.notibras.com\/site\/wp-content\/uploads\/2025\/12\/lula9450.webp","width":770,"height":513},{"@type":"BreadcrumbList","@id":"https:\/\/www.notibras.com\/site\/eleitor-dara-a-sostenes-o-que-e-de-sostenes\/#breadcrumb","itemListElement":[{"@type":"ListItem","position":1,"name":"In\u00edcio","item":"https:\/\/www.notibras.com\/site\/"},{"@type":"ListItem","position":2,"name":"Eleitor dar\u00e1 a S\u00f3stenes o que \u00e9 de S\u00f3stenes"}]},{"@type":"WebSite","@id":"https:\/\/www.notibras.com\/site\/#website","url":"https:\/\/www.notibras.com\/site\/","name":"Notibras","description":"Not\u00edcias de Bras\u00edlia, do Brasil e do Mundo","publisher":{"@id":"https:\/\/www.notibras.com\/site\/#organization"},"potentialAction":[{"@type":"SearchAction","target":{"@type":"EntryPoint","urlTemplate":"https:\/\/www.notibras.com\/site\/?s={search_term_string}"},"query-input":{"@type":"PropertyValueSpecification","valueRequired":true,"valueName":"search_term_string"}}],"inLanguage":"pt-BR"},{"@type":"Organization","@id":"https:\/\/www.notibras.com\/site\/#organization","name":"Grupo Notibras de Comunica\u00e7\u00e3o","url":"https:\/\/www.notibras.com\/site\/","logo":{"@type":"ImageObject","inLanguage":"pt-BR","@id":"https:\/\/www.notibras.com\/site\/#\/schema\/logo\/image\/","url":"https:\/\/www.notibras.com\/site\/wp-content\/uploads\/2023\/01\/notibras23.png","contentUrl":"https:\/\/www.notibras.com\/site\/wp-content\/uploads\/2023\/01\/notibras23.png","width":350,"height":87,"caption":"Grupo Notibras de Comunica\u00e7\u00e3o"},"image":{"@id":"https:\/\/www.notibras.com\/site\/#\/schema\/logo\/image\/"},"sameAs":["https:\/\/www.facebook.com\/notibras\/","https:\/\/x.com\/Notibras","https:\/\/www.instagram.com\/notibras\/"]},{"@type":"Person","@id":"https:\/\/www.notibras.com\/site\/#\/schema\/person\/36ab0979449956132d3e5b517ea76ac8","name":"Reda\u00e7\u00e3o","image":{"@type":"ImageObject","inLanguage":"pt-BR","@id":"https:\/\/secure.gravatar.com\/avatar\/e0a867bdedb85fd243eadf09663511f96fc81e0720a4a42581f334ad4303aa6b?s=96&d=mm&r=g","url":"https:\/\/secure.gravatar.com\/avatar\/e0a867bdedb85fd243eadf09663511f96fc81e0720a4a42581f334ad4303aa6b?s=96&d=mm&r=g","contentUrl":"https:\/\/secure.gravatar.com\/avatar\/e0a867bdedb85fd243eadf09663511f96fc81e0720a4a42581f334ad4303aa6b?s=96&d=mm&r=g","caption":"Reda\u00e7\u00e3o"}}]}},"amp_enabled":true,"_links":{"self":[{"href":"https:\/\/www.notibras.com\/site\/wp-json\/wp\/v2\/posts\/375946","targetHints":{"allow":["GET"]}}],"collection":[{"href":"https:\/\/www.notibras.com\/site\/wp-json\/wp\/v2\/posts"}],"about":[{"href":"https:\/\/www.notibras.com\/site\/wp-json\/wp\/v2\/types\/post"}],"author":[{"embeddable":true,"href":"https:\/\/www.notibras.com\/site\/wp-json\/wp\/v2\/users\/2"}],"replies":[{"embeddable":true,"href":"https:\/\/www.notibras.com\/site\/wp-json\/wp\/v2\/comments?post=375946"}],"version-history":[{"count":2,"href":"https:\/\/www.notibras.com\/site\/wp-json\/wp\/v2\/posts\/375946\/revisions"}],"predecessor-version":[{"id":375949,"href":"https:\/\/www.notibras.com\/site\/wp-json\/wp\/v2\/posts\/375946\/revisions\/375949"}],"wp:featuredmedia":[{"embeddable":true,"href":"https:\/\/www.notibras.com\/site\/wp-json\/wp\/v2\/media\/375947"}],"wp:attachment":[{"href":"https:\/\/www.notibras.com\/site\/wp-json\/wp\/v2\/media?parent=375946"}],"wp:term":[{"taxonomy":"category","embeddable":true,"href":"https:\/\/www.notibras.com\/site\/wp-json\/wp\/v2\/categories?post=375946"},{"taxonomy":"post_tag","embeddable":true,"href":"https:\/\/www.notibras.com\/site\/wp-json\/wp\/v2\/tags?post=375946"}],"curies":[{"name":"wp","href":"https:\/\/api.w.org\/{rel}","templated":true}]}}