{"id":375974,"date":"2025-12-23T09:00:50","date_gmt":"2025-12-23T12:00:50","guid":{"rendered":"https:\/\/www.notibras.com\/site\/?p=375974"},"modified":"2025-12-23T09:00:50","modified_gmt":"2025-12-23T12:00:50","slug":"buda-simbolo-do-silencio-que-desperta-o-homem","status":"publish","type":"post","link":"https:\/\/www.notibras.com\/site\/buda-simbolo-do-silencio-que-desperta-o-homem\/","title":{"rendered":"Buda, s\u00edmbolo do sil\u00eancio que desperta o homem"},"content":{"rendered":"<p>Mais do que uma figura hist\u00f3rica ou religiosa, Buda \u00e9 um s\u00edmbolo universal do despertar da consci\u00eancia. Sua imagem atravessou s\u00e9culos, culturas e continentes n\u00e3o como imposi\u00e7\u00e3o de f\u00e9, mas como convite ao sil\u00eancio interior. Onde h\u00e1 uma est\u00e1tua de Buda, h\u00e1 uma pergunta impl\u00edcita: quem somos quando cessam os ru\u00eddos do mundo?<\/p>\n<p>Sidarta Gautama, o pr\u00edncipe que abandonou o luxo para compreender a dor humana, \u00e9 apenas o ponto de partida. No plano m\u00edstico, Buda n\u00e3o \u00e9 um homem espec\u00edfico, mas um estado de ser. Ele representa o instante em que o v\u00e9u da ilus\u00e3o se rasga e a mente deixa de se identificar com o sofrimento.<\/p>\n<p>Por isso, no simbolismo budista, n\u00e3o se \u201cadora\u201d Buda \u2014 contempla-se. Ele n\u00e3o aponta para si, mas para dentro.<\/p>\n<p><strong>O corpo em medita\u00e7\u00e3o<\/strong><br \/>\nA imagem mais conhecida de Buda \u00e9 a do corpo sentado em l\u00f3tus, coluna ereta, m\u00e3os repousando suavemente. Essa postura n\u00e3o \u00e9 casual.<\/p>\n<p>A coluna ereta simboliza vigil\u00e2ncia e presen\u00e7a; as pernas cruzadas indicam estabilidade, enraizamento; o corpo im\u00f3vel ensina que a verdadeira revolu\u00e7\u00e3o acontece sem movimento externo. \u00c9 o corpo dizendo \u00e0 alma: aqui estamos, agora.<\/p>\n<p>J\u00e1 as m\u00e3os de Buda falam uma linguagem silenciosa. Cada gesto \u2014 cada mudra \u2014 \u00e9 um ensinamento:<\/p>\n<p>M\u00e3os unidas no colo (Dhyana Mudra): equil\u00edbrio entre pensamento e intui\u00e7\u00e3o.<\/p>\n<p>Palma tocando a terra (Bhumisparsha Mudra): o momento do despertar, quando Buda chama a Terra como testemunha da verdade.<\/p>\n<p>M\u00e3os erguidas (Abhaya Mudra): aus\u00eancia de medo, prote\u00e7\u00e3o, paz.<\/p>\n<p>S\u00e3o gestos que lembram: a serenidade tamb\u00e9m \u00e9 uma a\u00e7\u00e3o.<\/p>\n<p><strong>Ver sem julgar<\/strong><br \/>\nOs olhos de Buda raramente est\u00e3o totalmente abertos ou fechados. Est\u00e3o entre mundos.<\/p>\n<p>Esse detalhe carrega um simbolismo poderoso: ver a realidade sem se perder nela. N\u00e3o fugir da vida, mas tamb\u00e9m n\u00e3o se deixar capturar por suas ilus\u00f5es.<\/p>\n<p>\u00c9 o olhar de quem observa o fluxo sem tentar control\u00e1-lo.<\/p>\n<p><strong>Sorriso sutil<\/strong><br \/>\nO sorriso de Buda n\u00e3o \u00e9 de alegria ruidosa. \u00c9 quase impercept\u00edvel.<\/p>\n<p>Ele simboliza a compreens\u00e3o profunda de que tudo \u00e9 impermanente \u2014 inclusive a dor. N\u00e3o \u00e9 um sorriso de triunfo, mas de aceita\u00e7\u00e3o l\u00facida.<\/p>\n<p>Quem compreende a imperman\u00eancia n\u00e3o se desespera nem se apega.<\/p>\n<p><strong>Arqu\u00e9tipo interior<\/strong><br \/>\nNo plano m\u00edstico, Buda n\u00e3o est\u00e1 em templos nem est\u00e1tuas. Ele habita o instante em que cessamos a guerra interna. Cada ser humano carrega um \u201cBuda adormecido\u201d, esperando apenas o sil\u00eancio necess\u00e1rio para despertar.<\/p>\n<p>O simbolismo de Buda nos lembra que:<\/p>\n<p>o sofrimento nasce do apego,<\/p>\n<p>a liberta\u00e7\u00e3o nasce da consci\u00eancia,<\/p>\n<p>e a paz n\u00e3o \u00e9 algo a ser conquistado, mas lembrado.<\/p>\n<p><strong>Sil\u00eancio como ensinamento<\/strong><br \/>\nH\u00e1 uma lenda segundo a qual, certa vez, Buda foi convidado a fazer um grande discurso.<\/p>\n<p>Em vez disso, ergueu uma flor e permaneceu em sil\u00eancio. Apenas um disc\u00edpulo compreendeu.<\/p>\n<p>Esse gesto resume todo o simbolismo de Buda. \u00c9 que a verdade n\u00e3o se explica; simplesmente revela-se.<\/p>\n<p>&#8230;&#8230;&#8230;&#8230;&#8230;&#8230;&#8230;<\/p>\n<p><strong>Maria Aparecida \u00e9 terapeuta hol\u00edstica<\/strong><\/p>\n","protected":false},"excerpt":{"rendered":"<p>Mais do que uma figura hist\u00f3rica ou religiosa, Buda \u00e9 um s\u00edmbolo universal do despertar da consci\u00eancia. Sua imagem atravessou s\u00e9culos, culturas e continentes n\u00e3o como imposi\u00e7\u00e3o de f\u00e9, mas como convite ao sil\u00eancio interior. Onde h\u00e1 uma est\u00e1tua de Buda, h\u00e1 uma pergunta impl\u00edcita: quem somos quando cessam os ru\u00eddos do mundo? Sidarta Gautama, [&hellip;]<\/p>\n","protected":false},"author":2,"featured_media":375975,"comment_status":"closed","ping_status":"closed","sticky":false,"template":"","format":"standard","meta":{"_acf_changed":false,"footnotes":""},"categories":[237],"tags":[],"class_list":["post-375974","post","type-post","status-publish","format-standard","has-post-thumbnail","hentry","category-oraculos"],"acf":[],"yoast_head":"<!-- This site is optimized with the Yoast SEO plugin v27.2 - https:\/\/yoast.com\/product\/yoast-seo-wordpress\/ -->\n<title>Buda, s\u00edmbolo do sil\u00eancio que desperta o homem - Notibras<\/title>\n<meta name=\"robots\" content=\"index, follow, max-snippet:-1, max-image-preview:large, max-video-preview:-1\" \/>\n<link rel=\"canonical\" href=\"https:\/\/www.notibras.com\/site\/buda-simbolo-do-silencio-que-desperta-o-homem\/\" \/>\n<meta property=\"og:locale\" content=\"pt_BR\" \/>\n<meta property=\"og:type\" content=\"article\" \/>\n<meta property=\"og:title\" content=\"Buda, s\u00edmbolo do sil\u00eancio que desperta o homem - Notibras\" \/>\n<meta property=\"og:description\" content=\"Mais do que uma figura hist\u00f3rica ou religiosa, Buda \u00e9 um s\u00edmbolo universal do despertar da consci\u00eancia. Sua imagem atravessou s\u00e9culos, culturas e continentes n\u00e3o como imposi\u00e7\u00e3o de f\u00e9, mas como convite ao sil\u00eancio interior. Onde h\u00e1 uma est\u00e1tua de Buda, h\u00e1 uma pergunta impl\u00edcita: quem somos quando cessam os ru\u00eddos do mundo? Sidarta Gautama, [&hellip;]\" \/>\n<meta property=\"og:url\" content=\"https:\/\/www.notibras.com\/site\/buda-simbolo-do-silencio-que-desperta-o-homem\/\" \/>\n<meta property=\"og:site_name\" content=\"Notibras\" \/>\n<meta property=\"article:publisher\" content=\"https:\/\/www.facebook.com\/notibras\/\" \/>\n<meta property=\"article:published_time\" content=\"2025-12-23T12:00:50+00:00\" \/>\n<meta property=\"og:image\" content=\"https:\/\/www.notibras.com\/site\/wp-content\/uploads\/2025\/12\/44f99bbd-3add-4198-bff6-c8d8d22adfeb-683x1024.png\" \/>\n\t<meta property=\"og:image:width\" content=\"683\" \/>\n\t<meta property=\"og:image:height\" content=\"1024\" \/>\n\t<meta property=\"og:image:type\" content=\"image\/png\" \/>\n<meta name=\"author\" content=\"Reda\u00e7\u00e3o\" \/>\n<meta name=\"twitter:card\" content=\"summary_large_image\" \/>\n<meta name=\"twitter:creator\" content=\"@Notibras\" \/>\n<meta name=\"twitter:site\" content=\"@Notibras\" \/>\n<meta name=\"twitter:label1\" content=\"Escrito por\" \/>\n\t<meta name=\"twitter:data1\" content=\"Reda\u00e7\u00e3o\" \/>\n\t<meta name=\"twitter:label2\" content=\"Est. tempo de leitura\" \/>\n\t<meta name=\"twitter:data2\" content=\"3 minutos\" \/>\n<script type=\"application\/ld+json\" class=\"yoast-schema-graph\">{\"@context\":\"https:\/\/schema.org\",\"@graph\":[{\"@type\":\"Article\",\"@id\":\"https:\/\/www.notibras.com\/site\/buda-simbolo-do-silencio-que-desperta-o-homem\/#article\",\"isPartOf\":{\"@id\":\"https:\/\/www.notibras.com\/site\/buda-simbolo-do-silencio-que-desperta-o-homem\/\"},\"author\":{\"name\":\"Reda\u00e7\u00e3o\",\"@id\":\"https:\/\/www.notibras.com\/site\/#\/schema\/person\/36ab0979449956132d3e5b517ea76ac8\"},\"headline\":\"Buda, s\u00edmbolo do sil\u00eancio que desperta o homem\",\"datePublished\":\"2025-12-23T12:00:50+00:00\",\"mainEntityOfPage\":{\"@id\":\"https:\/\/www.notibras.com\/site\/buda-simbolo-do-silencio-que-desperta-o-homem\/\"},\"wordCount\":529,\"publisher\":{\"@id\":\"https:\/\/www.notibras.com\/site\/#organization\"},\"image\":{\"@id\":\"https:\/\/www.notibras.com\/site\/buda-simbolo-do-silencio-que-desperta-o-homem\/#primaryimage\"},\"thumbnailUrl\":\"https:\/\/www.notibras.com\/site\/wp-content\/uploads\/2025\/12\/44f99bbd-3add-4198-bff6-c8d8d22adfeb.png\",\"articleSection\":[\"Or\u00e1culos\"],\"inLanguage\":\"pt-BR\"},{\"@type\":\"WebPage\",\"@id\":\"https:\/\/www.notibras.com\/site\/buda-simbolo-do-silencio-que-desperta-o-homem\/\",\"url\":\"https:\/\/www.notibras.com\/site\/buda-simbolo-do-silencio-que-desperta-o-homem\/\",\"name\":\"Buda, s\u00edmbolo do sil\u00eancio que desperta o homem - Notibras\",\"isPartOf\":{\"@id\":\"https:\/\/www.notibras.com\/site\/#website\"},\"primaryImageOfPage\":{\"@id\":\"https:\/\/www.notibras.com\/site\/buda-simbolo-do-silencio-que-desperta-o-homem\/#primaryimage\"},\"image\":{\"@id\":\"https:\/\/www.notibras.com\/site\/buda-simbolo-do-silencio-que-desperta-o-homem\/#primaryimage\"},\"thumbnailUrl\":\"https:\/\/www.notibras.com\/site\/wp-content\/uploads\/2025\/12\/44f99bbd-3add-4198-bff6-c8d8d22adfeb.png\",\"datePublished\":\"2025-12-23T12:00:50+00:00\",\"breadcrumb\":{\"@id\":\"https:\/\/www.notibras.com\/site\/buda-simbolo-do-silencio-que-desperta-o-homem\/#breadcrumb\"},\"inLanguage\":\"pt-BR\",\"potentialAction\":[{\"@type\":\"ReadAction\",\"target\":[\"https:\/\/www.notibras.com\/site\/buda-simbolo-do-silencio-que-desperta-o-homem\/\"]}]},{\"@type\":\"ImageObject\",\"inLanguage\":\"pt-BR\",\"@id\":\"https:\/\/www.notibras.com\/site\/buda-simbolo-do-silencio-que-desperta-o-homem\/#primaryimage\",\"url\":\"https:\/\/www.notibras.com\/site\/wp-content\/uploads\/2025\/12\/44f99bbd-3add-4198-bff6-c8d8d22adfeb.png\",\"contentUrl\":\"https:\/\/www.notibras.com\/site\/wp-content\/uploads\/2025\/12\/44f99bbd-3add-4198-bff6-c8d8d22adfeb.png\",\"width\":1024,\"height\":1536},{\"@type\":\"BreadcrumbList\",\"@id\":\"https:\/\/www.notibras.com\/site\/buda-simbolo-do-silencio-que-desperta-o-homem\/#breadcrumb\",\"itemListElement\":[{\"@type\":\"ListItem\",\"position\":1,\"name\":\"In\u00edcio\",\"item\":\"https:\/\/www.notibras.com\/site\/\"},{\"@type\":\"ListItem\",\"position\":2,\"name\":\"Buda, s\u00edmbolo do sil\u00eancio que desperta o homem\"}]},{\"@type\":\"WebSite\",\"@id\":\"https:\/\/www.notibras.com\/site\/#website\",\"url\":\"https:\/\/www.notibras.com\/site\/\",\"name\":\"Notibras\",\"description\":\"Not\u00edcias de Bras\u00edlia, do Brasil e do Mundo\",\"publisher\":{\"@id\":\"https:\/\/www.notibras.com\/site\/#organization\"},\"potentialAction\":[{\"@type\":\"SearchAction\",\"target\":{\"@type\":\"EntryPoint\",\"urlTemplate\":\"https:\/\/www.notibras.com\/site\/?s={search_term_string}\"},\"query-input\":{\"@type\":\"PropertyValueSpecification\",\"valueRequired\":true,\"valueName\":\"search_term_string\"}}],\"inLanguage\":\"pt-BR\"},{\"@type\":\"Organization\",\"@id\":\"https:\/\/www.notibras.com\/site\/#organization\",\"name\":\"Grupo Notibras de Comunica\u00e7\u00e3o\",\"url\":\"https:\/\/www.notibras.com\/site\/\",\"logo\":{\"@type\":\"ImageObject\",\"inLanguage\":\"pt-BR\",\"@id\":\"https:\/\/www.notibras.com\/site\/#\/schema\/logo\/image\/\",\"url\":\"https:\/\/www.notibras.com\/site\/wp-content\/uploads\/2023\/01\/notibras23.png\",\"contentUrl\":\"https:\/\/www.notibras.com\/site\/wp-content\/uploads\/2023\/01\/notibras23.png\",\"width\":350,\"height\":87,\"caption\":\"Grupo Notibras de Comunica\u00e7\u00e3o\"},\"image\":{\"@id\":\"https:\/\/www.notibras.com\/site\/#\/schema\/logo\/image\/\"},\"sameAs\":[\"https:\/\/www.facebook.com\/notibras\/\",\"https:\/\/x.com\/Notibras\",\"https:\/\/www.instagram.com\/notibras\/\"]},{\"@type\":\"Person\",\"@id\":\"https:\/\/www.notibras.com\/site\/#\/schema\/person\/36ab0979449956132d3e5b517ea76ac8\",\"name\":\"Reda\u00e7\u00e3o\",\"image\":{\"@type\":\"ImageObject\",\"inLanguage\":\"pt-BR\",\"@id\":\"https:\/\/secure.gravatar.com\/avatar\/e0a867bdedb85fd243eadf09663511f96fc81e0720a4a42581f334ad4303aa6b?s=96&d=mm&r=g\",\"url\":\"https:\/\/secure.gravatar.com\/avatar\/e0a867bdedb85fd243eadf09663511f96fc81e0720a4a42581f334ad4303aa6b?s=96&d=mm&r=g\",\"contentUrl\":\"https:\/\/secure.gravatar.com\/avatar\/e0a867bdedb85fd243eadf09663511f96fc81e0720a4a42581f334ad4303aa6b?s=96&d=mm&r=g\",\"caption\":\"Reda\u00e7\u00e3o\"}}]}<\/script>\n<!-- \/ Yoast SEO plugin. -->","yoast_head_json":{"title":"Buda, s\u00edmbolo do sil\u00eancio que desperta o homem - Notibras","robots":{"index":"index","follow":"follow","max-snippet":"max-snippet:-1","max-image-preview":"max-image-preview:large","max-video-preview":"max-video-preview:-1"},"canonical":"https:\/\/www.notibras.com\/site\/buda-simbolo-do-silencio-que-desperta-o-homem\/","og_locale":"pt_BR","og_type":"article","og_title":"Buda, s\u00edmbolo do sil\u00eancio que desperta o homem - Notibras","og_description":"Mais do que uma figura hist\u00f3rica ou religiosa, Buda \u00e9 um s\u00edmbolo universal do despertar da consci\u00eancia. Sua imagem atravessou s\u00e9culos, culturas e continentes n\u00e3o como imposi\u00e7\u00e3o de f\u00e9, mas como convite ao sil\u00eancio interior. Onde h\u00e1 uma est\u00e1tua de Buda, h\u00e1 uma pergunta impl\u00edcita: quem somos quando cessam os ru\u00eddos do mundo? Sidarta Gautama, [&hellip;]","og_url":"https:\/\/www.notibras.com\/site\/buda-simbolo-do-silencio-que-desperta-o-homem\/","og_site_name":"Notibras","article_publisher":"https:\/\/www.facebook.com\/notibras\/","article_published_time":"2025-12-23T12:00:50+00:00","og_image":[{"width":683,"height":1024,"url":"https:\/\/www.notibras.com\/site\/wp-content\/uploads\/2025\/12\/44f99bbd-3add-4198-bff6-c8d8d22adfeb-683x1024.png","type":"image\/png"}],"author":"Reda\u00e7\u00e3o","twitter_card":"summary_large_image","twitter_creator":"@Notibras","twitter_site":"@Notibras","twitter_misc":{"Escrito por":"Reda\u00e7\u00e3o","Est. tempo de leitura":"3 minutos"},"schema":{"@context":"https:\/\/schema.org","@graph":[{"@type":"Article","@id":"https:\/\/www.notibras.com\/site\/buda-simbolo-do-silencio-que-desperta-o-homem\/#article","isPartOf":{"@id":"https:\/\/www.notibras.com\/site\/buda-simbolo-do-silencio-que-desperta-o-homem\/"},"author":{"name":"Reda\u00e7\u00e3o","@id":"https:\/\/www.notibras.com\/site\/#\/schema\/person\/36ab0979449956132d3e5b517ea76ac8"},"headline":"Buda, s\u00edmbolo do sil\u00eancio que desperta o homem","datePublished":"2025-12-23T12:00:50+00:00","mainEntityOfPage":{"@id":"https:\/\/www.notibras.com\/site\/buda-simbolo-do-silencio-que-desperta-o-homem\/"},"wordCount":529,"publisher":{"@id":"https:\/\/www.notibras.com\/site\/#organization"},"image":{"@id":"https:\/\/www.notibras.com\/site\/buda-simbolo-do-silencio-que-desperta-o-homem\/#primaryimage"},"thumbnailUrl":"https:\/\/www.notibras.com\/site\/wp-content\/uploads\/2025\/12\/44f99bbd-3add-4198-bff6-c8d8d22adfeb.png","articleSection":["Or\u00e1culos"],"inLanguage":"pt-BR"},{"@type":"WebPage","@id":"https:\/\/www.notibras.com\/site\/buda-simbolo-do-silencio-que-desperta-o-homem\/","url":"https:\/\/www.notibras.com\/site\/buda-simbolo-do-silencio-que-desperta-o-homem\/","name":"Buda, s\u00edmbolo do sil\u00eancio que desperta o homem - Notibras","isPartOf":{"@id":"https:\/\/www.notibras.com\/site\/#website"},"primaryImageOfPage":{"@id":"https:\/\/www.notibras.com\/site\/buda-simbolo-do-silencio-que-desperta-o-homem\/#primaryimage"},"image":{"@id":"https:\/\/www.notibras.com\/site\/buda-simbolo-do-silencio-que-desperta-o-homem\/#primaryimage"},"thumbnailUrl":"https:\/\/www.notibras.com\/site\/wp-content\/uploads\/2025\/12\/44f99bbd-3add-4198-bff6-c8d8d22adfeb.png","datePublished":"2025-12-23T12:00:50+00:00","breadcrumb":{"@id":"https:\/\/www.notibras.com\/site\/buda-simbolo-do-silencio-que-desperta-o-homem\/#breadcrumb"},"inLanguage":"pt-BR","potentialAction":[{"@type":"ReadAction","target":["https:\/\/www.notibras.com\/site\/buda-simbolo-do-silencio-que-desperta-o-homem\/"]}]},{"@type":"ImageObject","inLanguage":"pt-BR","@id":"https:\/\/www.notibras.com\/site\/buda-simbolo-do-silencio-que-desperta-o-homem\/#primaryimage","url":"https:\/\/www.notibras.com\/site\/wp-content\/uploads\/2025\/12\/44f99bbd-3add-4198-bff6-c8d8d22adfeb.png","contentUrl":"https:\/\/www.notibras.com\/site\/wp-content\/uploads\/2025\/12\/44f99bbd-3add-4198-bff6-c8d8d22adfeb.png","width":1024,"height":1536},{"@type":"BreadcrumbList","@id":"https:\/\/www.notibras.com\/site\/buda-simbolo-do-silencio-que-desperta-o-homem\/#breadcrumb","itemListElement":[{"@type":"ListItem","position":1,"name":"In\u00edcio","item":"https:\/\/www.notibras.com\/site\/"},{"@type":"ListItem","position":2,"name":"Buda, s\u00edmbolo do sil\u00eancio que desperta o homem"}]},{"@type":"WebSite","@id":"https:\/\/www.notibras.com\/site\/#website","url":"https:\/\/www.notibras.com\/site\/","name":"Notibras","description":"Not\u00edcias de Bras\u00edlia, do Brasil e do Mundo","publisher":{"@id":"https:\/\/www.notibras.com\/site\/#organization"},"potentialAction":[{"@type":"SearchAction","target":{"@type":"EntryPoint","urlTemplate":"https:\/\/www.notibras.com\/site\/?s={search_term_string}"},"query-input":{"@type":"PropertyValueSpecification","valueRequired":true,"valueName":"search_term_string"}}],"inLanguage":"pt-BR"},{"@type":"Organization","@id":"https:\/\/www.notibras.com\/site\/#organization","name":"Grupo Notibras de Comunica\u00e7\u00e3o","url":"https:\/\/www.notibras.com\/site\/","logo":{"@type":"ImageObject","inLanguage":"pt-BR","@id":"https:\/\/www.notibras.com\/site\/#\/schema\/logo\/image\/","url":"https:\/\/www.notibras.com\/site\/wp-content\/uploads\/2023\/01\/notibras23.png","contentUrl":"https:\/\/www.notibras.com\/site\/wp-content\/uploads\/2023\/01\/notibras23.png","width":350,"height":87,"caption":"Grupo Notibras de Comunica\u00e7\u00e3o"},"image":{"@id":"https:\/\/www.notibras.com\/site\/#\/schema\/logo\/image\/"},"sameAs":["https:\/\/www.facebook.com\/notibras\/","https:\/\/x.com\/Notibras","https:\/\/www.instagram.com\/notibras\/"]},{"@type":"Person","@id":"https:\/\/www.notibras.com\/site\/#\/schema\/person\/36ab0979449956132d3e5b517ea76ac8","name":"Reda\u00e7\u00e3o","image":{"@type":"ImageObject","inLanguage":"pt-BR","@id":"https:\/\/secure.gravatar.com\/avatar\/e0a867bdedb85fd243eadf09663511f96fc81e0720a4a42581f334ad4303aa6b?s=96&d=mm&r=g","url":"https:\/\/secure.gravatar.com\/avatar\/e0a867bdedb85fd243eadf09663511f96fc81e0720a4a42581f334ad4303aa6b?s=96&d=mm&r=g","contentUrl":"https:\/\/secure.gravatar.com\/avatar\/e0a867bdedb85fd243eadf09663511f96fc81e0720a4a42581f334ad4303aa6b?s=96&d=mm&r=g","caption":"Reda\u00e7\u00e3o"}}]}},"amp_enabled":true,"_links":{"self":[{"href":"https:\/\/www.notibras.com\/site\/wp-json\/wp\/v2\/posts\/375974","targetHints":{"allow":["GET"]}}],"collection":[{"href":"https:\/\/www.notibras.com\/site\/wp-json\/wp\/v2\/posts"}],"about":[{"href":"https:\/\/www.notibras.com\/site\/wp-json\/wp\/v2\/types\/post"}],"author":[{"embeddable":true,"href":"https:\/\/www.notibras.com\/site\/wp-json\/wp\/v2\/users\/2"}],"replies":[{"embeddable":true,"href":"https:\/\/www.notibras.com\/site\/wp-json\/wp\/v2\/comments?post=375974"}],"version-history":[{"count":1,"href":"https:\/\/www.notibras.com\/site\/wp-json\/wp\/v2\/posts\/375974\/revisions"}],"predecessor-version":[{"id":375976,"href":"https:\/\/www.notibras.com\/site\/wp-json\/wp\/v2\/posts\/375974\/revisions\/375976"}],"wp:featuredmedia":[{"embeddable":true,"href":"https:\/\/www.notibras.com\/site\/wp-json\/wp\/v2\/media\/375975"}],"wp:attachment":[{"href":"https:\/\/www.notibras.com\/site\/wp-json\/wp\/v2\/media?parent=375974"}],"wp:term":[{"taxonomy":"category","embeddable":true,"href":"https:\/\/www.notibras.com\/site\/wp-json\/wp\/v2\/categories?post=375974"},{"taxonomy":"post_tag","embeddable":true,"href":"https:\/\/www.notibras.com\/site\/wp-json\/wp\/v2\/tags?post=375974"}],"curies":[{"name":"wp","href":"https:\/\/api.w.org\/{rel}","templated":true}]}}