{"id":375977,"date":"2025-12-23T11:18:07","date_gmt":"2025-12-23T14:18:07","guid":{"rendered":"https:\/\/www.notibras.com\/site\/?p=375977"},"modified":"2025-12-23T11:41:58","modified_gmt":"2025-12-23T14:41:58","slug":"o-que-nao-se-disse-na-nota-de-autodefesa","status":"publish","type":"post","link":"https:\/\/www.notibras.com\/site\/o-que-nao-se-disse-na-nota-de-autodefesa\/","title":{"rendered":"O que n\u00e3o se disse na nota de autodefesa"},"content":{"rendered":"<p>H\u00e1 notas que explicam. E h\u00e1 notas que se defendem. A do ministro Alexandre de Moraes pertence \u00e0 segunda categoria: um texto enxuto, juridicamente blindado, escrito n\u00e3o para convencer curiosos, mas para sobreviver a leitores atentos. Uma nota que diz muito, justamente pelo que escolhe n\u00e3o dizer.<\/p>\n<p>O ministro lista bancos, presidentes, federa\u00e7\u00f5es, vice-presidentes jur\u00eddicos, reuni\u00f5es t\u00e9cnicas, consequ\u00eancias graves, cart\u00f5es de cr\u00e9dito, contas correntes e o sistema financeiro amea\u00e7ado por uma lei estrangeira de nome duro. Atende por Magnitsky. Tudo ali \u00e9 grande, solene, institucional. Tudo ali \u00e9 distante. Internacional. Sist\u00eamico.<\/p>\n<p>Tudo ali est\u00e1 a quil\u00f4metros de dist\u00e2ncia de supostas conversas com o Banco Central sobre os bancos Master e BRB<\/p>\n<p>N\u00e3o por acaso, o texto \u00e9 uma aula de enquadramento: quando o problema amea\u00e7a se tornar regional, ele \u00e9 elevado a global; quando a suspeita pede nome pr\u00f3prio, responde-se com substantivos abstratos. N\u00e3o se nega o fato, mas o campo em que ele poderia existir. E com isso o tema simplesmente evapora.<\/p>\n<p>N\u00e3o aparece como hip\u00f3tese, n\u00e3o surge como ru\u00eddo, n\u00e3o merece uma v\u00edrgula. \u00c9 como se a opera\u00e7\u00e3o que inquieta Bras\u00edlia fosse um boato de corredor, indigno de cruzar os port\u00f5es de m\u00e1rmore do Supremo. No STF, entende-se, s\u00f3 entram crises que falam ingl\u00eas e assustam o mercado.<\/p>\n<p>Do ponto de vista jur\u00eddico a nota de Alexandre de Moraes \u00e9 impec\u00e1vel. Por\u00e9m, do ponto de vista pol\u00edtico, \u00e9 revelador. Porque, quando um ministro do Supremo precisa esclarecer com quem se reuniu, por que se reuniu e sobre o que falou, n\u00e3o est\u00e1 apenas prestando contas. Ele delimita territ\u00f3rio, como quem diz \u201cDaqui para frente, esta hist\u00f3ria n\u00e3o \u00e9 minha.\u201d<\/p>\n<p>E talvez n\u00e3o seja mesmo. Porque o sil\u00eancio, mesmo n\u00e3o absolvendo ningu\u00e9m, redistribui responsabilidades. Empurra o holofote para o Banco Central e entrega o desconforto \u00e0s inst\u00e2ncias t\u00e9cnicas que adoram sigilo e detestam manchetes.<\/p>\n<p>O ministro sai de cena como entrou. Permanece togado, impessoal, protegido pela liturgia do cargo. J\u00e1 os outros ficam no palco, sob a luz crua da pol\u00edtica, onde explica\u00e7\u00f5es n\u00e3o podem ser t\u00e3o abstratas quanto uma lei americana.<\/p>\n<p>No fim, a nota cumpre seu papel. N\u00e3o encerra o debate, mas apenas muda o endere\u00e7o.<\/p>\n<p>E Bras\u00edlia, velha conhecedora desse jogo, sabe que quando o Supremo cala sobre um assunto espec\u00edfico, n\u00e3o \u00e9 porque ele n\u00e3o existe, mas sim porque algu\u00e9m decidiu que ele deve ser resolvido em outro andar do poder. Mais baixo, mais barulhento e bem menos blindado.<\/p>\n<p>Os Poderes Legislativo e Judici\u00e1rio entram em recesso. O Executivo vai levando em banho-maria, com um grupo folgando at\u00e9 voltar para render os plantonistas. At\u00e9 l\u00e1, a CPI defendida por Alessandro Vieira pode virar p\u00f3. E o sil\u00eancio sepulcral ser\u00e1 sin\u00f4nimo de enterro do soar de tambores. Sem direito a ressurrei\u00e7\u00e3o.<\/p>\n<p>&#8230;&#8230;&#8230;&#8230;&#8230;&#8230;&#8230;..<\/p>\n<p><strong>Jos\u00e9 Seabra \u00e9 CEO fundador de Notibras<\/strong><\/p>\n","protected":false},"excerpt":{"rendered":"<p>H\u00e1 notas que explicam. E h\u00e1 notas que se defendem. A do ministro Alexandre de Moraes pertence \u00e0 segunda categoria: um texto enxuto, juridicamente blindado, escrito n\u00e3o para convencer curiosos, mas para sobreviver a leitores atentos. Uma nota que diz muito, justamente pelo que escolhe n\u00e3o dizer. O ministro lista bancos, presidentes, federa\u00e7\u00f5es, vice-presidentes jur\u00eddicos, [&hellip;]<\/p>\n","protected":false},"author":2,"featured_media":347989,"comment_status":"closed","ping_status":"closed","sticky":false,"template":"","format":"standard","meta":{"_acf_changed":false,"footnotes":""},"categories":[16],"tags":[95],"class_list":["post-375977","post","type-post","status-publish","format-standard","has-post-thumbnail","hentry","category-brasil","tag-capa"],"acf":[],"yoast_head":"<!-- This site is optimized with the Yoast SEO plugin v27.2 - https:\/\/yoast.com\/product\/yoast-seo-wordpress\/ -->\n<title>O que n\u00e3o se disse na nota de autodefesa - Notibras<\/title>\n<meta name=\"robots\" content=\"index, follow, max-snippet:-1, max-image-preview:large, max-video-preview:-1\" \/>\n<link rel=\"canonical\" href=\"https:\/\/www.notibras.com\/site\/o-que-nao-se-disse-na-nota-de-autodefesa\/\" \/>\n<meta property=\"og:locale\" content=\"pt_BR\" \/>\n<meta property=\"og:type\" content=\"article\" \/>\n<meta property=\"og:title\" content=\"O que n\u00e3o se disse na nota de autodefesa - Notibras\" \/>\n<meta property=\"og:description\" content=\"H\u00e1 notas que explicam. E h\u00e1 notas que se defendem. A do ministro Alexandre de Moraes pertence \u00e0 segunda categoria: um texto enxuto, juridicamente blindado, escrito n\u00e3o para convencer curiosos, mas para sobreviver a leitores atentos. Uma nota que diz muito, justamente pelo que escolhe n\u00e3o dizer. O ministro lista bancos, presidentes, federa\u00e7\u00f5es, vice-presidentes jur\u00eddicos, [&hellip;]\" \/>\n<meta property=\"og:url\" content=\"https:\/\/www.notibras.com\/site\/o-que-nao-se-disse-na-nota-de-autodefesa\/\" \/>\n<meta property=\"og:site_name\" content=\"Notibras\" \/>\n<meta property=\"article:publisher\" content=\"https:\/\/www.facebook.com\/notibras\/\" \/>\n<meta property=\"article:published_time\" content=\"2025-12-23T14:18:07+00:00\" \/>\n<meta property=\"article:modified_time\" content=\"2025-12-23T14:41:58+00:00\" \/>\n<meta property=\"og:image\" content=\"https:\/\/www.notibras.com\/site\/wp-content\/uploads\/2025\/02\/xandao_mg_9475.webp\" \/>\n\t<meta property=\"og:image:width\" content=\"1170\" \/>\n\t<meta property=\"og:image:height\" content=\"700\" \/>\n\t<meta property=\"og:image:type\" content=\"image\/webp\" \/>\n<meta name=\"author\" content=\"Reda\u00e7\u00e3o\" \/>\n<meta name=\"twitter:card\" content=\"summary_large_image\" \/>\n<meta name=\"twitter:creator\" content=\"@Notibras\" \/>\n<meta name=\"twitter:site\" content=\"@Notibras\" \/>\n<meta name=\"twitter:label1\" content=\"Escrito por\" \/>\n\t<meta name=\"twitter:data1\" content=\"Reda\u00e7\u00e3o\" \/>\n\t<meta name=\"twitter:label2\" content=\"Est. tempo de leitura\" \/>\n\t<meta name=\"twitter:data2\" content=\"3 minutos\" \/>\n<script type=\"application\/ld+json\" class=\"yoast-schema-graph\">{\"@context\":\"https:\/\/schema.org\",\"@graph\":[{\"@type\":\"Article\",\"@id\":\"https:\/\/www.notibras.com\/site\/o-que-nao-se-disse-na-nota-de-autodefesa\/#article\",\"isPartOf\":{\"@id\":\"https:\/\/www.notibras.com\/site\/o-que-nao-se-disse-na-nota-de-autodefesa\/\"},\"author\":{\"name\":\"Reda\u00e7\u00e3o\",\"@id\":\"https:\/\/www.notibras.com\/site\/#\/schema\/person\/36ab0979449956132d3e5b517ea76ac8\"},\"headline\":\"O que n\u00e3o se disse na nota de autodefesa\",\"datePublished\":\"2025-12-23T14:18:07+00:00\",\"dateModified\":\"2025-12-23T14:41:58+00:00\",\"mainEntityOfPage\":{\"@id\":\"https:\/\/www.notibras.com\/site\/o-que-nao-se-disse-na-nota-de-autodefesa\/\"},\"wordCount\":518,\"publisher\":{\"@id\":\"https:\/\/www.notibras.com\/site\/#organization\"},\"image\":{\"@id\":\"https:\/\/www.notibras.com\/site\/o-que-nao-se-disse-na-nota-de-autodefesa\/#primaryimage\"},\"thumbnailUrl\":\"https:\/\/www.notibras.com\/site\/wp-content\/uploads\/2025\/02\/xandao_mg_9475.webp\",\"keywords\":[\"capa\"],\"articleSection\":[\"Brasil\"],\"inLanguage\":\"pt-BR\"},{\"@type\":\"WebPage\",\"@id\":\"https:\/\/www.notibras.com\/site\/o-que-nao-se-disse-na-nota-de-autodefesa\/\",\"url\":\"https:\/\/www.notibras.com\/site\/o-que-nao-se-disse-na-nota-de-autodefesa\/\",\"name\":\"O que n\u00e3o se disse na nota de autodefesa - Notibras\",\"isPartOf\":{\"@id\":\"https:\/\/www.notibras.com\/site\/#website\"},\"primaryImageOfPage\":{\"@id\":\"https:\/\/www.notibras.com\/site\/o-que-nao-se-disse-na-nota-de-autodefesa\/#primaryimage\"},\"image\":{\"@id\":\"https:\/\/www.notibras.com\/site\/o-que-nao-se-disse-na-nota-de-autodefesa\/#primaryimage\"},\"thumbnailUrl\":\"https:\/\/www.notibras.com\/site\/wp-content\/uploads\/2025\/02\/xandao_mg_9475.webp\",\"datePublished\":\"2025-12-23T14:18:07+00:00\",\"dateModified\":\"2025-12-23T14:41:58+00:00\",\"breadcrumb\":{\"@id\":\"https:\/\/www.notibras.com\/site\/o-que-nao-se-disse-na-nota-de-autodefesa\/#breadcrumb\"},\"inLanguage\":\"pt-BR\",\"potentialAction\":[{\"@type\":\"ReadAction\",\"target\":[\"https:\/\/www.notibras.com\/site\/o-que-nao-se-disse-na-nota-de-autodefesa\/\"]}]},{\"@type\":\"ImageObject\",\"inLanguage\":\"pt-BR\",\"@id\":\"https:\/\/www.notibras.com\/site\/o-que-nao-se-disse-na-nota-de-autodefesa\/#primaryimage\",\"url\":\"https:\/\/www.notibras.com\/site\/wp-content\/uploads\/2025\/02\/xandao_mg_9475.webp\",\"contentUrl\":\"https:\/\/www.notibras.com\/site\/wp-content\/uploads\/2025\/02\/xandao_mg_9475.webp\",\"width\":1170,\"height\":700},{\"@type\":\"BreadcrumbList\",\"@id\":\"https:\/\/www.notibras.com\/site\/o-que-nao-se-disse-na-nota-de-autodefesa\/#breadcrumb\",\"itemListElement\":[{\"@type\":\"ListItem\",\"position\":1,\"name\":\"In\u00edcio\",\"item\":\"https:\/\/www.notibras.com\/site\/\"},{\"@type\":\"ListItem\",\"position\":2,\"name\":\"O que n\u00e3o se disse na nota de autodefesa\"}]},{\"@type\":\"WebSite\",\"@id\":\"https:\/\/www.notibras.com\/site\/#website\",\"url\":\"https:\/\/www.notibras.com\/site\/\",\"name\":\"Notibras\",\"description\":\"Not\u00edcias de Bras\u00edlia, do Brasil e do Mundo\",\"publisher\":{\"@id\":\"https:\/\/www.notibras.com\/site\/#organization\"},\"potentialAction\":[{\"@type\":\"SearchAction\",\"target\":{\"@type\":\"EntryPoint\",\"urlTemplate\":\"https:\/\/www.notibras.com\/site\/?s={search_term_string}\"},\"query-input\":{\"@type\":\"PropertyValueSpecification\",\"valueRequired\":true,\"valueName\":\"search_term_string\"}}],\"inLanguage\":\"pt-BR\"},{\"@type\":\"Organization\",\"@id\":\"https:\/\/www.notibras.com\/site\/#organization\",\"name\":\"Grupo Notibras de Comunica\u00e7\u00e3o\",\"url\":\"https:\/\/www.notibras.com\/site\/\",\"logo\":{\"@type\":\"ImageObject\",\"inLanguage\":\"pt-BR\",\"@id\":\"https:\/\/www.notibras.com\/site\/#\/schema\/logo\/image\/\",\"url\":\"https:\/\/www.notibras.com\/site\/wp-content\/uploads\/2023\/01\/notibras23.png\",\"contentUrl\":\"https:\/\/www.notibras.com\/site\/wp-content\/uploads\/2023\/01\/notibras23.png\",\"width\":350,\"height\":87,\"caption\":\"Grupo Notibras de Comunica\u00e7\u00e3o\"},\"image\":{\"@id\":\"https:\/\/www.notibras.com\/site\/#\/schema\/logo\/image\/\"},\"sameAs\":[\"https:\/\/www.facebook.com\/notibras\/\",\"https:\/\/x.com\/Notibras\",\"https:\/\/www.instagram.com\/notibras\/\"]},{\"@type\":\"Person\",\"@id\":\"https:\/\/www.notibras.com\/site\/#\/schema\/person\/36ab0979449956132d3e5b517ea76ac8\",\"name\":\"Reda\u00e7\u00e3o\",\"image\":{\"@type\":\"ImageObject\",\"inLanguage\":\"pt-BR\",\"@id\":\"https:\/\/secure.gravatar.com\/avatar\/e0a867bdedb85fd243eadf09663511f96fc81e0720a4a42581f334ad4303aa6b?s=96&d=mm&r=g\",\"url\":\"https:\/\/secure.gravatar.com\/avatar\/e0a867bdedb85fd243eadf09663511f96fc81e0720a4a42581f334ad4303aa6b?s=96&d=mm&r=g\",\"contentUrl\":\"https:\/\/secure.gravatar.com\/avatar\/e0a867bdedb85fd243eadf09663511f96fc81e0720a4a42581f334ad4303aa6b?s=96&d=mm&r=g\",\"caption\":\"Reda\u00e7\u00e3o\"}}]}<\/script>\n<!-- \/ Yoast SEO plugin. -->","yoast_head_json":{"title":"O que n\u00e3o se disse na nota de autodefesa - Notibras","robots":{"index":"index","follow":"follow","max-snippet":"max-snippet:-1","max-image-preview":"max-image-preview:large","max-video-preview":"max-video-preview:-1"},"canonical":"https:\/\/www.notibras.com\/site\/o-que-nao-se-disse-na-nota-de-autodefesa\/","og_locale":"pt_BR","og_type":"article","og_title":"O que n\u00e3o se disse na nota de autodefesa - Notibras","og_description":"H\u00e1 notas que explicam. E h\u00e1 notas que se defendem. A do ministro Alexandre de Moraes pertence \u00e0 segunda categoria: um texto enxuto, juridicamente blindado, escrito n\u00e3o para convencer curiosos, mas para sobreviver a leitores atentos. Uma nota que diz muito, justamente pelo que escolhe n\u00e3o dizer. O ministro lista bancos, presidentes, federa\u00e7\u00f5es, vice-presidentes jur\u00eddicos, [&hellip;]","og_url":"https:\/\/www.notibras.com\/site\/o-que-nao-se-disse-na-nota-de-autodefesa\/","og_site_name":"Notibras","article_publisher":"https:\/\/www.facebook.com\/notibras\/","article_published_time":"2025-12-23T14:18:07+00:00","article_modified_time":"2025-12-23T14:41:58+00:00","og_image":[{"width":1170,"height":700,"url":"https:\/\/www.notibras.com\/site\/wp-content\/uploads\/2025\/02\/xandao_mg_9475.webp","type":"image\/webp"}],"author":"Reda\u00e7\u00e3o","twitter_card":"summary_large_image","twitter_creator":"@Notibras","twitter_site":"@Notibras","twitter_misc":{"Escrito por":"Reda\u00e7\u00e3o","Est. tempo de leitura":"3 minutos"},"schema":{"@context":"https:\/\/schema.org","@graph":[{"@type":"Article","@id":"https:\/\/www.notibras.com\/site\/o-que-nao-se-disse-na-nota-de-autodefesa\/#article","isPartOf":{"@id":"https:\/\/www.notibras.com\/site\/o-que-nao-se-disse-na-nota-de-autodefesa\/"},"author":{"name":"Reda\u00e7\u00e3o","@id":"https:\/\/www.notibras.com\/site\/#\/schema\/person\/36ab0979449956132d3e5b517ea76ac8"},"headline":"O que n\u00e3o se disse na nota de autodefesa","datePublished":"2025-12-23T14:18:07+00:00","dateModified":"2025-12-23T14:41:58+00:00","mainEntityOfPage":{"@id":"https:\/\/www.notibras.com\/site\/o-que-nao-se-disse-na-nota-de-autodefesa\/"},"wordCount":518,"publisher":{"@id":"https:\/\/www.notibras.com\/site\/#organization"},"image":{"@id":"https:\/\/www.notibras.com\/site\/o-que-nao-se-disse-na-nota-de-autodefesa\/#primaryimage"},"thumbnailUrl":"https:\/\/www.notibras.com\/site\/wp-content\/uploads\/2025\/02\/xandao_mg_9475.webp","keywords":["capa"],"articleSection":["Brasil"],"inLanguage":"pt-BR"},{"@type":"WebPage","@id":"https:\/\/www.notibras.com\/site\/o-que-nao-se-disse-na-nota-de-autodefesa\/","url":"https:\/\/www.notibras.com\/site\/o-que-nao-se-disse-na-nota-de-autodefesa\/","name":"O que n\u00e3o se disse na nota de autodefesa - Notibras","isPartOf":{"@id":"https:\/\/www.notibras.com\/site\/#website"},"primaryImageOfPage":{"@id":"https:\/\/www.notibras.com\/site\/o-que-nao-se-disse-na-nota-de-autodefesa\/#primaryimage"},"image":{"@id":"https:\/\/www.notibras.com\/site\/o-que-nao-se-disse-na-nota-de-autodefesa\/#primaryimage"},"thumbnailUrl":"https:\/\/www.notibras.com\/site\/wp-content\/uploads\/2025\/02\/xandao_mg_9475.webp","datePublished":"2025-12-23T14:18:07+00:00","dateModified":"2025-12-23T14:41:58+00:00","breadcrumb":{"@id":"https:\/\/www.notibras.com\/site\/o-que-nao-se-disse-na-nota-de-autodefesa\/#breadcrumb"},"inLanguage":"pt-BR","potentialAction":[{"@type":"ReadAction","target":["https:\/\/www.notibras.com\/site\/o-que-nao-se-disse-na-nota-de-autodefesa\/"]}]},{"@type":"ImageObject","inLanguage":"pt-BR","@id":"https:\/\/www.notibras.com\/site\/o-que-nao-se-disse-na-nota-de-autodefesa\/#primaryimage","url":"https:\/\/www.notibras.com\/site\/wp-content\/uploads\/2025\/02\/xandao_mg_9475.webp","contentUrl":"https:\/\/www.notibras.com\/site\/wp-content\/uploads\/2025\/02\/xandao_mg_9475.webp","width":1170,"height":700},{"@type":"BreadcrumbList","@id":"https:\/\/www.notibras.com\/site\/o-que-nao-se-disse-na-nota-de-autodefesa\/#breadcrumb","itemListElement":[{"@type":"ListItem","position":1,"name":"In\u00edcio","item":"https:\/\/www.notibras.com\/site\/"},{"@type":"ListItem","position":2,"name":"O que n\u00e3o se disse na nota de autodefesa"}]},{"@type":"WebSite","@id":"https:\/\/www.notibras.com\/site\/#website","url":"https:\/\/www.notibras.com\/site\/","name":"Notibras","description":"Not\u00edcias de Bras\u00edlia, do Brasil e do Mundo","publisher":{"@id":"https:\/\/www.notibras.com\/site\/#organization"},"potentialAction":[{"@type":"SearchAction","target":{"@type":"EntryPoint","urlTemplate":"https:\/\/www.notibras.com\/site\/?s={search_term_string}"},"query-input":{"@type":"PropertyValueSpecification","valueRequired":true,"valueName":"search_term_string"}}],"inLanguage":"pt-BR"},{"@type":"Organization","@id":"https:\/\/www.notibras.com\/site\/#organization","name":"Grupo Notibras de Comunica\u00e7\u00e3o","url":"https:\/\/www.notibras.com\/site\/","logo":{"@type":"ImageObject","inLanguage":"pt-BR","@id":"https:\/\/www.notibras.com\/site\/#\/schema\/logo\/image\/","url":"https:\/\/www.notibras.com\/site\/wp-content\/uploads\/2023\/01\/notibras23.png","contentUrl":"https:\/\/www.notibras.com\/site\/wp-content\/uploads\/2023\/01\/notibras23.png","width":350,"height":87,"caption":"Grupo Notibras de Comunica\u00e7\u00e3o"},"image":{"@id":"https:\/\/www.notibras.com\/site\/#\/schema\/logo\/image\/"},"sameAs":["https:\/\/www.facebook.com\/notibras\/","https:\/\/x.com\/Notibras","https:\/\/www.instagram.com\/notibras\/"]},{"@type":"Person","@id":"https:\/\/www.notibras.com\/site\/#\/schema\/person\/36ab0979449956132d3e5b517ea76ac8","name":"Reda\u00e7\u00e3o","image":{"@type":"ImageObject","inLanguage":"pt-BR","@id":"https:\/\/secure.gravatar.com\/avatar\/e0a867bdedb85fd243eadf09663511f96fc81e0720a4a42581f334ad4303aa6b?s=96&d=mm&r=g","url":"https:\/\/secure.gravatar.com\/avatar\/e0a867bdedb85fd243eadf09663511f96fc81e0720a4a42581f334ad4303aa6b?s=96&d=mm&r=g","contentUrl":"https:\/\/secure.gravatar.com\/avatar\/e0a867bdedb85fd243eadf09663511f96fc81e0720a4a42581f334ad4303aa6b?s=96&d=mm&r=g","caption":"Reda\u00e7\u00e3o"}}]}},"amp_enabled":true,"_links":{"self":[{"href":"https:\/\/www.notibras.com\/site\/wp-json\/wp\/v2\/posts\/375977","targetHints":{"allow":["GET"]}}],"collection":[{"href":"https:\/\/www.notibras.com\/site\/wp-json\/wp\/v2\/posts"}],"about":[{"href":"https:\/\/www.notibras.com\/site\/wp-json\/wp\/v2\/types\/post"}],"author":[{"embeddable":true,"href":"https:\/\/www.notibras.com\/site\/wp-json\/wp\/v2\/users\/2"}],"replies":[{"embeddable":true,"href":"https:\/\/www.notibras.com\/site\/wp-json\/wp\/v2\/comments?post=375977"}],"version-history":[{"count":3,"href":"https:\/\/www.notibras.com\/site\/wp-json\/wp\/v2\/posts\/375977\/revisions"}],"predecessor-version":[{"id":375985,"href":"https:\/\/www.notibras.com\/site\/wp-json\/wp\/v2\/posts\/375977\/revisions\/375985"}],"wp:featuredmedia":[{"embeddable":true,"href":"https:\/\/www.notibras.com\/site\/wp-json\/wp\/v2\/media\/347989"}],"wp:attachment":[{"href":"https:\/\/www.notibras.com\/site\/wp-json\/wp\/v2\/media?parent=375977"}],"wp:term":[{"taxonomy":"category","embeddable":true,"href":"https:\/\/www.notibras.com\/site\/wp-json\/wp\/v2\/categories?post=375977"},{"taxonomy":"post_tag","embeddable":true,"href":"https:\/\/www.notibras.com\/site\/wp-json\/wp\/v2\/tags?post=375977"}],"curies":[{"name":"wp","href":"https:\/\/api.w.org\/{rel}","templated":true}]}}