{"id":375994,"date":"2025-12-27T01:15:56","date_gmt":"2025-12-27T04:15:56","guid":{"rendered":"https:\/\/www.notibras.com\/site\/?p=375994"},"modified":"2025-12-27T07:24:24","modified_gmt":"2025-12-27T10:24:24","slug":"direito-de-ser-uma-tia-falha","status":"publish","type":"post","link":"https:\/\/www.notibras.com\/site\/direito-de-ser-uma-tia-falha\/","title":{"rendered":"DIREITO DE SER UMA TIA FALHA"},"content":{"rendered":"<p>Tenho um pouco de medo de como esse texto pode chegar a qualquer pessoa, principalmente \u00e0s minhas amigas, mas, como elas me conhecem, entender\u00e3o, espero que sim. A gente entra numa fase da vida em que ou todo mundo est\u00e1 casando e tendo filhos, ou voc\u00ea est\u00e1 na parcela como eu: descasada e sem planos para ter filhos. E \u00e9 sobre ter filhos que a coisa come\u00e7a a ficar ruim.<\/p>\n<p>Eu amo crian\u00e7as, gosto de estar com elas, levo para andar de patins, para jogar bola, tomo conta na pracinha e fa\u00e7o o que qualquer uma das minhas amigas precisar. Talvez trocar fralda seja dif\u00edcil, porque eu posso colar as abas de forma errada. O ponto \u00e9 que todas sabem que, de tia mesmo, eu tenho o t\u00edtulo. N\u00e3o que eu n\u00e3o ame esses pirralhos que me cercam, mas, com todo o respeito, eu conheci a m\u00e3e de cada um deles antes de eles existirem, ou a maior parte delas, ent\u00e3o \u00e9 dif\u00edcil aderir apenas ao t\u00edtulo de tia e esquecer o outro: amiga.<\/p>\n<p>Quando a gente se encontra, eu quero saber das fofocas, de como est\u00e1 o trabalho, se o prazo do edital deu certo, se aquele carinha \u00e9 maneiro, se deu tempo de fazer a unha e se a promo\u00e7\u00e3o do shampoo que a gente quer experimentar ainda est\u00e1 valendo. Quero contar meus babados, quero rir e poder falar palavr\u00e3o em voz alta. Quero tomar um chope e chamar elas para o pagode, para o samba e combinar o jantar na minha casa com o vinho que elas gostam.<\/p>\n<p>Ent\u00e3o, assim, existe uma linha t\u00eanue entre ser tia e ser amiga, porque, no fundo, d\u00e1 para ser os dois. Eu sou os dois, mas talvez eu seja a tia da minha amiga e n\u00e3o exatamente a tia do filho dela. Sei que \u00e9 confuso. Eu sou a tia que vai se preocupar se o bra\u00e7o da amiga j\u00e1 est\u00e1 saturado de carregar a crian\u00e7a; a tia que vai perguntar h\u00e1 quanto tempo ela n\u00e3o lava o cabelo; que vai dizer que j\u00e1 chega de inventar moda para o anivers\u00e1rio desse mini ser, porque ela precisa lembrar que depois vem o material escolar, em janeiro.<\/p>\n<p>Eu serei aquela que, com toda certeza, vai frisar que deixar a crian\u00e7a com o pai n\u00e3o est\u00e1 errado e faz parte, porque, no fundo, ela faz setenta coisas ao mesmo tempo e nunca reclama. Vou lembrar que, assim como ela alimenta o pequeno, ela tamb\u00e9m precisa se alimentar; que, \u00e0s vezes, vai precisar SIM encarar que a crian\u00e7a est\u00e1 manhosa e que precisa de limites, por mais que doa. Vou dizer tamb\u00e9m que \u00e9 normal n\u00e3o querer ser m\u00e3e vinte e quatro horas por dia, e que isso n\u00e3o diminui o amor que ela sente pelo filho. Pelo contr\u00e1rio: isso mostra com clareza que, al\u00e9m de m\u00e3e, ela ainda \u00e9 uma mulher, que tem uma vida que era dela e ainda pode ser.<\/p>\n<p>E que, \u00e0s vezes, juntar as cadeiras do lugar e deixar a crian\u00e7a dormir vai fazer com que ela tenha lembran\u00e7as legais quando crescer, assim como n\u00f3s, dos anos 90, tamb\u00e9m temos. Falarei mil coisas o tempo todo, sempre com o maior respeito e lembrando: \u201ceu n\u00e3o sou m\u00e3e, mas\u2026\u201d.<\/p>\n<p>Eu poderia relembrar cada vez que tentei ajudar minhas amigas com as crian\u00e7as e fui um fracasso total, mas tamb\u00e9m fui a fonte de apoio quando elas precisaram cem por cento de mim. Talvez eu seja a tia que chega aos anivers\u00e1rios atrasada, ou que, \u00e0s vezes, nem consiga ir, porque perdeu a hora, porque bebeu em excesso, porque estava trabalhando no evento ou por qualquer outro motivo. Talvez eu n\u00e3o lembre muito bem de que cor as crian\u00e7as gostam, mas terei sempre um l\u00e1pis de cor ou um desenho para fazer com elas. Talvez eu n\u00e3o esteja disposta a ser tia na maior parte do tempo, mas serei aquela que vai ensinar sobre respeito e amor a essas crian\u00e7as.<\/p>\n<p>Talvez eu n\u00e3o consiga convencer nenhuma delas a comer br\u00f3colis ou coisas do tipo, mas vou preparar as mamadeiras e ainda testar se est\u00e3o quentes. Talvez eu n\u00e3o v\u00e1 brincar o dia inteiro com nenhuma delas, mas \u00e0 noite ficarei ao lado para fazer dormir enquanto minha amiga termina qualquer coisa que tenha de fazer.<\/p>\n<p>Ser tia \u00e9 uma tarefa dif\u00edcil; esperam muito de voc\u00ea. Mas ser amiga \u00e9 uma expectativa ainda maior, porque a gente tem de equilibrar pratinhos, os pratinhos da amizade junto com o crescimento de uma pessoa que tamb\u00e9m vai fazer parte da sua vida. E, na maior parte do tempo, espera-se que a amiga seja uma tia exemplar e que fa\u00e7a parte da vida desses pirralhos t\u00e3o lindos.<\/p>\n<p>Mas a verdade \u00e9 que, no fundo, antes de ser tia, somos amigas: mulheres, irmandade, amor e respeito. Pouco se fala que, muitas vezes, h\u00e1 uma rede de apoio para as crian\u00e7as, a quem possamos recorrer para ajudar em diversas coisas. Mas quem \u00e9 a rede de apoio dessa m\u00e3e que, \u00e0s vezes, s\u00f3 precisa ser a mulher que um dia ela j\u00e1 foi? Uma mulher que possa dizer: \u201cestou exausta\u201d, \u201cestou puta com o fulano\u201d, \u201cestou cansada de fazer almo\u00e7o\u201d, \u201cestou cansada de buscar na creche\u201d, \u201cestou querendo sair para dan\u00e7ar\u201d, \u201cqueria ter um hobby legal\u201d, \u201cn\u00e3o acho justo o pai n\u00e3o ter hora para voltar\u201d, \u201cn\u00e3o aguento mais ser a primeira op\u00e7\u00e3o do meu filho, mesmo sabendo que serei\u201d.<\/p>\n<p>Ent\u00e3o, sim, para mim ser tia \u00e9 algo complexo, porque antes disso eu sou amiga. E, em qualquer oportunidade que eu puder, darei mais aten\u00e7\u00e3o \u00e0s minhas amigas para saber o que passa na cabe\u00e7a delas do que aos seus filhos. E, sim, isso tamb\u00e9m \u00e9 um ato de amor. Porque, afinal, pessoas felizes criam pessoas felizes.<\/p>\n<p>Assim, antes de mais nada, caminharei lado a lado com cada uma das minhas amigas para que estejam minimamente bem, felizes, seguras e confiantes de que est\u00e3o fazendo um bom trabalho como m\u00e3es, mesmo errando todo santo dia. Porque esse \u00e9 o meu modo mais sincero de ser tia: a tia que leva a crian\u00e7a ao parquinho, mas leva a m\u00e3e para sentar no bar e perguntar: voc\u00ea t\u00e1 bem? Precisa de qu\u00ea?<\/p>\n<p><strong>&#8230;&#8230;&#8230;&#8230;&#8230;&#8230;.<\/strong><\/p>\n<p><strong>Thalita Delgado (@tha_delgado): Jornalista, publicit\u00e1ria e empres\u00e1ria, que tamb\u00e9m se expressa como crocheteira e escritora. Apaixonada por m\u00fasica, livros e pequenas sensibilidades do cotidiano, lan\u00e7ou em 2024 seu primeiro livro A vida se faz rindo e chorando pela Editora Autoria.<\/strong><\/p>\n","protected":false},"excerpt":{"rendered":"<p>Tenho um pouco de medo de como esse texto pode chegar a qualquer pessoa, principalmente \u00e0s minhas amigas, mas, como elas me conhecem, entender\u00e3o, espero que sim. A gente entra numa fase da vida em que ou todo mundo est\u00e1 casando e tendo filhos, ou voc\u00ea est\u00e1 na parcela como eu: descasada e sem planos [&hellip;]<\/p>\n","protected":false},"author":21,"featured_media":375995,"comment_status":"closed","ping_status":"closed","sticky":false,"template":"","format":"standard","meta":{"_acf_changed":false,"footnotes":""},"categories":[234],"tags":[],"class_list":["post-375994","post","type-post","status-publish","format-standard","has-post-thumbnail","hentry","category-cafe-literario"],"acf":[],"yoast_head":"<!-- This site is optimized with the Yoast SEO plugin v27.5 - https:\/\/yoast.com\/product\/yoast-seo-wordpress\/ -->\n<title>DIREITO DE SER UMA TIA FALHA - Notibras<\/title>\n<meta name=\"robots\" content=\"index, follow, max-snippet:-1, max-image-preview:large, max-video-preview:-1\" \/>\n<link rel=\"canonical\" href=\"https:\/\/www.notibras.com\/site\/direito-de-ser-uma-tia-falha\/\" \/>\n<meta property=\"og:locale\" content=\"pt_BR\" \/>\n<meta property=\"og:type\" content=\"article\" \/>\n<meta property=\"og:title\" content=\"DIREITO DE SER UMA TIA FALHA - Notibras\" \/>\n<meta property=\"og:description\" content=\"Tenho um pouco de medo de como esse texto pode chegar a qualquer pessoa, principalmente \u00e0s minhas amigas, mas, como elas me conhecem, entender\u00e3o, espero que sim. A gente entra numa fase da vida em que ou todo mundo est\u00e1 casando e tendo filhos, ou voc\u00ea est\u00e1 na parcela como eu: descasada e sem planos [&hellip;]\" \/>\n<meta property=\"og:url\" content=\"https:\/\/www.notibras.com\/site\/direito-de-ser-uma-tia-falha\/\" \/>\n<meta property=\"og:site_name\" content=\"Notibras\" \/>\n<meta property=\"article:publisher\" content=\"https:\/\/www.facebook.com\/notibras\/\" \/>\n<meta property=\"article:published_time\" content=\"2025-12-27T04:15:56+00:00\" \/>\n<meta property=\"article:modified_time\" content=\"2025-12-27T10:24:24+00:00\" \/>\n<meta property=\"og:image\" content=\"https:\/\/www.notibras.com\/site\/wp-content\/uploads\/2025\/12\/WhatsApp-Image-2025-12-23-at-12.55.30-1.jpeg\" \/>\n\t<meta property=\"og:image:width\" content=\"1536\" \/>\n\t<meta property=\"og:image:height\" content=\"1024\" \/>\n\t<meta property=\"og:image:type\" content=\"image\/jpeg\" \/>\n<meta name=\"author\" content=\"Eduardo Mart\u00ednez\" \/>\n<meta name=\"twitter:card\" content=\"summary_large_image\" \/>\n<meta name=\"twitter:creator\" content=\"@Notibras\" \/>\n<meta name=\"twitter:site\" content=\"@Notibras\" \/>\n<meta name=\"twitter:label1\" content=\"Escrito por\" \/>\n\t<meta name=\"twitter:data1\" content=\"Eduardo Mart\u00ednez\" \/>\n\t<meta name=\"twitter:label2\" content=\"Est. tempo de leitura\" \/>\n\t<meta name=\"twitter:data2\" content=\"7 minutos\" \/>\n<script type=\"application\/ld+json\" class=\"yoast-schema-graph\">{\"@context\":\"https:\\\/\\\/schema.org\",\"@graph\":[{\"@type\":\"Article\",\"@id\":\"https:\\\/\\\/www.notibras.com\\\/site\\\/direito-de-ser-uma-tia-falha\\\/#article\",\"isPartOf\":{\"@id\":\"https:\\\/\\\/www.notibras.com\\\/site\\\/direito-de-ser-uma-tia-falha\\\/\"},\"author\":{\"name\":\"Eduardo Mart\u00ednez\",\"@id\":\"https:\\\/\\\/www.notibras.com\\\/site\\\/#\\\/schema\\\/person\\\/5b7fabf2aedc3ada2105f03b22b4d3dd\"},\"headline\":\"DIREITO DE SER UMA TIA FALHA\",\"datePublished\":\"2025-12-27T04:15:56+00:00\",\"dateModified\":\"2025-12-27T10:24:24+00:00\",\"mainEntityOfPage\":{\"@id\":\"https:\\\/\\\/www.notibras.com\\\/site\\\/direito-de-ser-uma-tia-falha\\\/\"},\"wordCount\":1139,\"publisher\":{\"@id\":\"https:\\\/\\\/www.notibras.com\\\/site\\\/#organization\"},\"image\":{\"@id\":\"https:\\\/\\\/www.notibras.com\\\/site\\\/direito-de-ser-uma-tia-falha\\\/#primaryimage\"},\"thumbnailUrl\":\"https:\\\/\\\/www.notibras.com\\\/site\\\/wp-content\\\/uploads\\\/2025\\\/12\\\/WhatsApp-Image-2025-12-23-at-12.55.30-1.jpeg\",\"articleSection\":[\"Caf\u00e9 Liter\u00e1rio\"],\"inLanguage\":\"pt-BR\"},{\"@type\":\"WebPage\",\"@id\":\"https:\\\/\\\/www.notibras.com\\\/site\\\/direito-de-ser-uma-tia-falha\\\/\",\"url\":\"https:\\\/\\\/www.notibras.com\\\/site\\\/direito-de-ser-uma-tia-falha\\\/\",\"name\":\"DIREITO DE SER UMA TIA FALHA - Notibras\",\"isPartOf\":{\"@id\":\"https:\\\/\\\/www.notibras.com\\\/site\\\/#website\"},\"primaryImageOfPage\":{\"@id\":\"https:\\\/\\\/www.notibras.com\\\/site\\\/direito-de-ser-uma-tia-falha\\\/#primaryimage\"},\"image\":{\"@id\":\"https:\\\/\\\/www.notibras.com\\\/site\\\/direito-de-ser-uma-tia-falha\\\/#primaryimage\"},\"thumbnailUrl\":\"https:\\\/\\\/www.notibras.com\\\/site\\\/wp-content\\\/uploads\\\/2025\\\/12\\\/WhatsApp-Image-2025-12-23-at-12.55.30-1.jpeg\",\"datePublished\":\"2025-12-27T04:15:56+00:00\",\"dateModified\":\"2025-12-27T10:24:24+00:00\",\"breadcrumb\":{\"@id\":\"https:\\\/\\\/www.notibras.com\\\/site\\\/direito-de-ser-uma-tia-falha\\\/#breadcrumb\"},\"inLanguage\":\"pt-BR\",\"potentialAction\":[{\"@type\":\"ReadAction\",\"target\":[\"https:\\\/\\\/www.notibras.com\\\/site\\\/direito-de-ser-uma-tia-falha\\\/\"]}]},{\"@type\":\"ImageObject\",\"inLanguage\":\"pt-BR\",\"@id\":\"https:\\\/\\\/www.notibras.com\\\/site\\\/direito-de-ser-uma-tia-falha\\\/#primaryimage\",\"url\":\"https:\\\/\\\/www.notibras.com\\\/site\\\/wp-content\\\/uploads\\\/2025\\\/12\\\/WhatsApp-Image-2025-12-23-at-12.55.30-1.jpeg\",\"contentUrl\":\"https:\\\/\\\/www.notibras.com\\\/site\\\/wp-content\\\/uploads\\\/2025\\\/12\\\/WhatsApp-Image-2025-12-23-at-12.55.30-1.jpeg\",\"width\":1536,\"height\":1024},{\"@type\":\"BreadcrumbList\",\"@id\":\"https:\\\/\\\/www.notibras.com\\\/site\\\/direito-de-ser-uma-tia-falha\\\/#breadcrumb\",\"itemListElement\":[{\"@type\":\"ListItem\",\"position\":1,\"name\":\"In\u00edcio\",\"item\":\"https:\\\/\\\/www.notibras.com\\\/site\\\/\"},{\"@type\":\"ListItem\",\"position\":2,\"name\":\"DIREITO DE SER UMA TIA FALHA\"}]},{\"@type\":\"WebSite\",\"@id\":\"https:\\\/\\\/www.notibras.com\\\/site\\\/#website\",\"url\":\"https:\\\/\\\/www.notibras.com\\\/site\\\/\",\"name\":\"Notibras\",\"description\":\"Not\u00edcias de Bras\u00edlia, do Brasil e do Mundo\",\"publisher\":{\"@id\":\"https:\\\/\\\/www.notibras.com\\\/site\\\/#organization\"},\"potentialAction\":[{\"@type\":\"SearchAction\",\"target\":{\"@type\":\"EntryPoint\",\"urlTemplate\":\"https:\\\/\\\/www.notibras.com\\\/site\\\/?s={search_term_string}\"},\"query-input\":{\"@type\":\"PropertyValueSpecification\",\"valueRequired\":true,\"valueName\":\"search_term_string\"}}],\"inLanguage\":\"pt-BR\"},{\"@type\":\"Organization\",\"@id\":\"https:\\\/\\\/www.notibras.com\\\/site\\\/#organization\",\"name\":\"Grupo Notibras de Comunica\u00e7\u00e3o\",\"url\":\"https:\\\/\\\/www.notibras.com\\\/site\\\/\",\"logo\":{\"@type\":\"ImageObject\",\"inLanguage\":\"pt-BR\",\"@id\":\"https:\\\/\\\/www.notibras.com\\\/site\\\/#\\\/schema\\\/logo\\\/image\\\/\",\"url\":\"https:\\\/\\\/www.notibras.com\\\/site\\\/wp-content\\\/uploads\\\/2023\\\/01\\\/notibras23.png\",\"contentUrl\":\"https:\\\/\\\/www.notibras.com\\\/site\\\/wp-content\\\/uploads\\\/2023\\\/01\\\/notibras23.png\",\"width\":350,\"height\":87,\"caption\":\"Grupo Notibras de Comunica\u00e7\u00e3o\"},\"image\":{\"@id\":\"https:\\\/\\\/www.notibras.com\\\/site\\\/#\\\/schema\\\/logo\\\/image\\\/\"},\"sameAs\":[\"https:\\\/\\\/www.facebook.com\\\/notibras\\\/\",\"https:\\\/\\\/x.com\\\/Notibras\",\"https:\\\/\\\/www.instagram.com\\\/notibras\\\/\"]},{\"@type\":\"Person\",\"@id\":\"https:\\\/\\\/www.notibras.com\\\/site\\\/#\\\/schema\\\/person\\\/5b7fabf2aedc3ada2105f03b22b4d3dd\",\"name\":\"Eduardo Mart\u00ednez\",\"image\":{\"@type\":\"ImageObject\",\"inLanguage\":\"pt-BR\",\"@id\":\"https:\\\/\\\/secure.gravatar.com\\\/avatar\\\/7902f906289926289cbcda644b5197c796b893c6ffd7b9a536a42d290f7704a0?s=96&d=mm&r=g\",\"url\":\"https:\\\/\\\/secure.gravatar.com\\\/avatar\\\/7902f906289926289cbcda644b5197c796b893c6ffd7b9a536a42d290f7704a0?s=96&d=mm&r=g\",\"contentUrl\":\"https:\\\/\\\/secure.gravatar.com\\\/avatar\\\/7902f906289926289cbcda644b5197c796b893c6ffd7b9a536a42d290f7704a0?s=96&d=mm&r=g\",\"caption\":\"Eduardo Mart\u00ednez\"}}]}<\/script>\n<!-- \/ Yoast SEO plugin. -->","yoast_head_json":{"title":"DIREITO DE SER UMA TIA FALHA - Notibras","robots":{"index":"index","follow":"follow","max-snippet":"max-snippet:-1","max-image-preview":"max-image-preview:large","max-video-preview":"max-video-preview:-1"},"canonical":"https:\/\/www.notibras.com\/site\/direito-de-ser-uma-tia-falha\/","og_locale":"pt_BR","og_type":"article","og_title":"DIREITO DE SER UMA TIA FALHA - Notibras","og_description":"Tenho um pouco de medo de como esse texto pode chegar a qualquer pessoa, principalmente \u00e0s minhas amigas, mas, como elas me conhecem, entender\u00e3o, espero que sim. A gente entra numa fase da vida em que ou todo mundo est\u00e1 casando e tendo filhos, ou voc\u00ea est\u00e1 na parcela como eu: descasada e sem planos [&hellip;]","og_url":"https:\/\/www.notibras.com\/site\/direito-de-ser-uma-tia-falha\/","og_site_name":"Notibras","article_publisher":"https:\/\/www.facebook.com\/notibras\/","article_published_time":"2025-12-27T04:15:56+00:00","article_modified_time":"2025-12-27T10:24:24+00:00","og_image":[{"width":1536,"height":1024,"url":"https:\/\/www.notibras.com\/site\/wp-content\/uploads\/2025\/12\/WhatsApp-Image-2025-12-23-at-12.55.30-1.jpeg","type":"image\/jpeg"}],"author":"Eduardo Mart\u00ednez","twitter_card":"summary_large_image","twitter_creator":"@Notibras","twitter_site":"@Notibras","twitter_misc":{"Escrito por":"Eduardo Mart\u00ednez","Est. tempo de leitura":"7 minutos"},"schema":{"@context":"https:\/\/schema.org","@graph":[{"@type":"Article","@id":"https:\/\/www.notibras.com\/site\/direito-de-ser-uma-tia-falha\/#article","isPartOf":{"@id":"https:\/\/www.notibras.com\/site\/direito-de-ser-uma-tia-falha\/"},"author":{"name":"Eduardo Mart\u00ednez","@id":"https:\/\/www.notibras.com\/site\/#\/schema\/person\/5b7fabf2aedc3ada2105f03b22b4d3dd"},"headline":"DIREITO DE SER UMA TIA FALHA","datePublished":"2025-12-27T04:15:56+00:00","dateModified":"2025-12-27T10:24:24+00:00","mainEntityOfPage":{"@id":"https:\/\/www.notibras.com\/site\/direito-de-ser-uma-tia-falha\/"},"wordCount":1139,"publisher":{"@id":"https:\/\/www.notibras.com\/site\/#organization"},"image":{"@id":"https:\/\/www.notibras.com\/site\/direito-de-ser-uma-tia-falha\/#primaryimage"},"thumbnailUrl":"https:\/\/www.notibras.com\/site\/wp-content\/uploads\/2025\/12\/WhatsApp-Image-2025-12-23-at-12.55.30-1.jpeg","articleSection":["Caf\u00e9 Liter\u00e1rio"],"inLanguage":"pt-BR"},{"@type":"WebPage","@id":"https:\/\/www.notibras.com\/site\/direito-de-ser-uma-tia-falha\/","url":"https:\/\/www.notibras.com\/site\/direito-de-ser-uma-tia-falha\/","name":"DIREITO DE SER UMA TIA FALHA - Notibras","isPartOf":{"@id":"https:\/\/www.notibras.com\/site\/#website"},"primaryImageOfPage":{"@id":"https:\/\/www.notibras.com\/site\/direito-de-ser-uma-tia-falha\/#primaryimage"},"image":{"@id":"https:\/\/www.notibras.com\/site\/direito-de-ser-uma-tia-falha\/#primaryimage"},"thumbnailUrl":"https:\/\/www.notibras.com\/site\/wp-content\/uploads\/2025\/12\/WhatsApp-Image-2025-12-23-at-12.55.30-1.jpeg","datePublished":"2025-12-27T04:15:56+00:00","dateModified":"2025-12-27T10:24:24+00:00","breadcrumb":{"@id":"https:\/\/www.notibras.com\/site\/direito-de-ser-uma-tia-falha\/#breadcrumb"},"inLanguage":"pt-BR","potentialAction":[{"@type":"ReadAction","target":["https:\/\/www.notibras.com\/site\/direito-de-ser-uma-tia-falha\/"]}]},{"@type":"ImageObject","inLanguage":"pt-BR","@id":"https:\/\/www.notibras.com\/site\/direito-de-ser-uma-tia-falha\/#primaryimage","url":"https:\/\/www.notibras.com\/site\/wp-content\/uploads\/2025\/12\/WhatsApp-Image-2025-12-23-at-12.55.30-1.jpeg","contentUrl":"https:\/\/www.notibras.com\/site\/wp-content\/uploads\/2025\/12\/WhatsApp-Image-2025-12-23-at-12.55.30-1.jpeg","width":1536,"height":1024},{"@type":"BreadcrumbList","@id":"https:\/\/www.notibras.com\/site\/direito-de-ser-uma-tia-falha\/#breadcrumb","itemListElement":[{"@type":"ListItem","position":1,"name":"In\u00edcio","item":"https:\/\/www.notibras.com\/site\/"},{"@type":"ListItem","position":2,"name":"DIREITO DE SER UMA TIA FALHA"}]},{"@type":"WebSite","@id":"https:\/\/www.notibras.com\/site\/#website","url":"https:\/\/www.notibras.com\/site\/","name":"Notibras","description":"Not\u00edcias de Bras\u00edlia, do Brasil e do Mundo","publisher":{"@id":"https:\/\/www.notibras.com\/site\/#organization"},"potentialAction":[{"@type":"SearchAction","target":{"@type":"EntryPoint","urlTemplate":"https:\/\/www.notibras.com\/site\/?s={search_term_string}"},"query-input":{"@type":"PropertyValueSpecification","valueRequired":true,"valueName":"search_term_string"}}],"inLanguage":"pt-BR"},{"@type":"Organization","@id":"https:\/\/www.notibras.com\/site\/#organization","name":"Grupo Notibras de Comunica\u00e7\u00e3o","url":"https:\/\/www.notibras.com\/site\/","logo":{"@type":"ImageObject","inLanguage":"pt-BR","@id":"https:\/\/www.notibras.com\/site\/#\/schema\/logo\/image\/","url":"https:\/\/www.notibras.com\/site\/wp-content\/uploads\/2023\/01\/notibras23.png","contentUrl":"https:\/\/www.notibras.com\/site\/wp-content\/uploads\/2023\/01\/notibras23.png","width":350,"height":87,"caption":"Grupo Notibras de Comunica\u00e7\u00e3o"},"image":{"@id":"https:\/\/www.notibras.com\/site\/#\/schema\/logo\/image\/"},"sameAs":["https:\/\/www.facebook.com\/notibras\/","https:\/\/x.com\/Notibras","https:\/\/www.instagram.com\/notibras\/"]},{"@type":"Person","@id":"https:\/\/www.notibras.com\/site\/#\/schema\/person\/5b7fabf2aedc3ada2105f03b22b4d3dd","name":"Eduardo Mart\u00ednez","image":{"@type":"ImageObject","inLanguage":"pt-BR","@id":"https:\/\/secure.gravatar.com\/avatar\/7902f906289926289cbcda644b5197c796b893c6ffd7b9a536a42d290f7704a0?s=96&d=mm&r=g","url":"https:\/\/secure.gravatar.com\/avatar\/7902f906289926289cbcda644b5197c796b893c6ffd7b9a536a42d290f7704a0?s=96&d=mm&r=g","contentUrl":"https:\/\/secure.gravatar.com\/avatar\/7902f906289926289cbcda644b5197c796b893c6ffd7b9a536a42d290f7704a0?s=96&d=mm&r=g","caption":"Eduardo Mart\u00ednez"}}]}},"amp_enabled":true,"_links":{"self":[{"href":"https:\/\/www.notibras.com\/site\/wp-json\/wp\/v2\/posts\/375994","targetHints":{"allow":["GET"]}}],"collection":[{"href":"https:\/\/www.notibras.com\/site\/wp-json\/wp\/v2\/posts"}],"about":[{"href":"https:\/\/www.notibras.com\/site\/wp-json\/wp\/v2\/types\/post"}],"author":[{"embeddable":true,"href":"https:\/\/www.notibras.com\/site\/wp-json\/wp\/v2\/users\/21"}],"replies":[{"embeddable":true,"href":"https:\/\/www.notibras.com\/site\/wp-json\/wp\/v2\/comments?post=375994"}],"version-history":[{"count":2,"href":"https:\/\/www.notibras.com\/site\/wp-json\/wp\/v2\/posts\/375994\/revisions"}],"predecessor-version":[{"id":376551,"href":"https:\/\/www.notibras.com\/site\/wp-json\/wp\/v2\/posts\/375994\/revisions\/376551"}],"wp:featuredmedia":[{"embeddable":true,"href":"https:\/\/www.notibras.com\/site\/wp-json\/wp\/v2\/media\/375995"}],"wp:attachment":[{"href":"https:\/\/www.notibras.com\/site\/wp-json\/wp\/v2\/media?parent=375994"}],"wp:term":[{"taxonomy":"category","embeddable":true,"href":"https:\/\/www.notibras.com\/site\/wp-json\/wp\/v2\/categories?post=375994"},{"taxonomy":"post_tag","embeddable":true,"href":"https:\/\/www.notibras.com\/site\/wp-json\/wp\/v2\/tags?post=375994"}],"curies":[{"name":"wp","href":"https:\/\/api.w.org\/{rel}","templated":true}]}}