{"id":37600,"date":"2015-02-19T00:10:57","date_gmt":"2015-02-19T03:10:57","guid":{"rendered":"http:\/\/www.notibras.com\/site\/?p=37600"},"modified":"2015-02-19T17:17:31","modified_gmt":"2015-02-19T20:17:31","slug":"estudantes-de-sao-paulo-ganham-passe-livre-em-onibus-metro-e-trem","status":"publish","type":"post","link":"https:\/\/www.notibras.com\/site\/estudantes-de-sao-paulo-ganham-passe-livre-em-onibus-metro-e-trem\/","title":{"rendered":"Estudantes de S\u00e3o Paulo ganham passe livre integral para \u00f4nibus, metr\u00f4 e trem"},"content":{"rendered":"<p>O governador de S\u00e3o Paulo, Geraldo Alckmin (PSDB), sancionou nesta quinta-feira (19) lei que garante tarifa zero aos estudantes nos transportes p\u00fablicos metropolitanos. Os estudantes j\u00e1 circulam nos \u00f4nibus municipais desde o in\u00edcio do ano sem pagar.<\/p>\n<p>Alunos dos ensinos fundamental, m\u00e9dio e superior da rede p\u00fablica ter\u00e3o direito ao passe livre no Metr\u00f4, nos trens da Companhia Paulista de Trens Metropolitanos (CPTM) e nos \u00f4nibus da Empresa Metropolitana de Transportes Urbanos (EMTU). Os estudantes da rede privada que tiverem renda familiar de at\u00e9 um sal\u00e1rio m\u00ednimo e meio por pessoa tamb\u00e9m ter\u00e3o direito.<\/p>\n<blockquote><p>Os estudantes poder\u00e3o usar 48 passagens gratuitas por m\u00eas. Se n\u00e3o usarem, as passagens n\u00e3o ficam acumuladas para o m\u00eas seguinte. O passe livre ser\u00e1 concedido mediante cadastro enviado pela institui\u00e7\u00e3o de ensino e declara\u00e7\u00e3o de comprova\u00e7\u00e3o de renda do aluno.<\/p><\/blockquote>\n<p>A gratuidade passa a valer imediatamente nos trens do Metr\u00f4 e da CPTM e em 30 dias nos \u00f4nibus da EMTU. O governo diz que o prazo \u00e9 necess\u00e1rio para ser implantado o sistema para a opera\u00e7\u00e3o. Cerca de 615 mil estudantes ser\u00e3o contemplados na regi\u00e3o metropolitana de S\u00e3o Paulo, Baixada Santista, Campinas, Vale do Para\u00edba e Litoral Norte.<\/p>\n<p>&#8220;Hoje os estudantes t\u00eam meia passagem e passam a ter gratuidade total. Essa \u00e9 uma medida socialmente justa, de grande estimulo a educa\u00e7\u00e3o. Vai facilitar muito a vida dos estudantes, evitar uma despesa para o aluno, para o seus pais e para quem precisa&#8221;, afirmou Alckmin durante cerim\u00f4nia de san\u00e7\u00e3o do projeto de lei.<\/p>\n","protected":false},"excerpt":{"rendered":"<p>O governador de S\u00e3o Paulo, Geraldo Alckmin (PSDB), sancionou nesta quinta-feira (19) lei que garante tarifa zero aos estudantes nos transportes p\u00fablicos metropolitanos. Os estudantes j\u00e1 circulam nos \u00f4nibus municipais desde o in\u00edcio do ano sem pagar. Alunos dos ensinos fundamental, m\u00e9dio e superior da rede p\u00fablica ter\u00e3o direito ao passe livre no Metr\u00f4, nos [&hellip;]<\/p>\n","protected":false},"author":2,"featured_media":37601,"comment_status":"open","ping_status":"closed","sticky":false,"template":"","format":"standard","meta":{"_acf_changed":false,"footnotes":""},"categories":[16],"tags":[],"class_list":["post-37600","post","type-post","status-publish","format-standard","has-post-thumbnail","hentry","category-brasil"],"acf":[],"yoast_head":"<!-- This site is optimized with the Yoast SEO plugin v27.2 - https:\/\/yoast.com\/product\/yoast-seo-wordpress\/ -->\n<title>Estudantes de S\u00e3o Paulo ganham passe livre integral para \u00f4nibus, metr\u00f4 e trem - Notibras<\/title>\n<meta name=\"robots\" content=\"index, follow, max-snippet:-1, max-image-preview:large, max-video-preview:-1\" \/>\n<link rel=\"canonical\" href=\"https:\/\/www.notibras.com\/site\/estudantes-de-sao-paulo-ganham-passe-livre-em-onibus-metro-e-trem\/\" \/>\n<meta property=\"og:locale\" content=\"pt_BR\" \/>\n<meta property=\"og:type\" content=\"article\" \/>\n<meta property=\"og:title\" content=\"Estudantes de S\u00e3o Paulo ganham passe livre integral para \u00f4nibus, metr\u00f4 e trem - Notibras\" \/>\n<meta property=\"og:description\" content=\"O governador de S\u00e3o Paulo, Geraldo Alckmin (PSDB), sancionou nesta quinta-feira (19) lei que garante tarifa zero aos estudantes nos transportes p\u00fablicos metropolitanos. Os estudantes j\u00e1 circulam nos \u00f4nibus municipais desde o in\u00edcio do ano sem pagar. Alunos dos ensinos fundamental, m\u00e9dio e superior da rede p\u00fablica ter\u00e3o direito ao passe livre no Metr\u00f4, nos [&hellip;]\" \/>\n<meta property=\"og:url\" content=\"https:\/\/www.notibras.com\/site\/estudantes-de-sao-paulo-ganham-passe-livre-em-onibus-metro-e-trem\/\" \/>\n<meta property=\"og:site_name\" content=\"Notibras\" \/>\n<meta property=\"article:publisher\" content=\"https:\/\/www.facebook.com\/notibras\/\" \/>\n<meta property=\"article:published_time\" content=\"2015-02-19T03:10:57+00:00\" \/>\n<meta property=\"article:modified_time\" content=\"2015-02-19T20:17:31+00:00\" \/>\n<meta property=\"og:image\" content=\"https:\/\/www.notibras.com\/site\/wp-content\/uploads\/2015\/02\/images2.jpeg\" \/>\n\t<meta property=\"og:image:width\" content=\"275\" \/>\n\t<meta property=\"og:image:height\" content=\"183\" \/>\n\t<meta property=\"og:image:type\" content=\"image\/jpeg\" \/>\n<meta name=\"author\" content=\"Reda\u00e7\u00e3o\" \/>\n<meta name=\"twitter:card\" content=\"summary_large_image\" \/>\n<meta name=\"twitter:creator\" content=\"@Notibras\" \/>\n<meta name=\"twitter:site\" content=\"@Notibras\" \/>\n<meta name=\"twitter:label1\" content=\"Escrito por\" \/>\n\t<meta name=\"twitter:data1\" content=\"Reda\u00e7\u00e3o\" \/>\n\t<meta name=\"twitter:label2\" content=\"Est. tempo de leitura\" \/>\n\t<meta name=\"twitter:data2\" content=\"1 minuto\" \/>\n<script type=\"application\/ld+json\" class=\"yoast-schema-graph\">{\"@context\":\"https:\/\/schema.org\",\"@graph\":[{\"@type\":\"Article\",\"@id\":\"https:\/\/www.notibras.com\/site\/estudantes-de-sao-paulo-ganham-passe-livre-em-onibus-metro-e-trem\/#article\",\"isPartOf\":{\"@id\":\"https:\/\/www.notibras.com\/site\/estudantes-de-sao-paulo-ganham-passe-livre-em-onibus-metro-e-trem\/\"},\"author\":{\"name\":\"Reda\u00e7\u00e3o\",\"@id\":\"https:\/\/www.notibras.com\/site\/#\/schema\/person\/36ab0979449956132d3e5b517ea76ac8\"},\"headline\":\"Estudantes de S\u00e3o Paulo ganham passe livre integral para \u00f4nibus, metr\u00f4 e trem\",\"datePublished\":\"2015-02-19T03:10:57+00:00\",\"dateModified\":\"2015-02-19T20:17:31+00:00\",\"mainEntityOfPage\":{\"@id\":\"https:\/\/www.notibras.com\/site\/estudantes-de-sao-paulo-ganham-passe-livre-em-onibus-metro-e-trem\/\"},\"wordCount\":284,\"commentCount\":0,\"publisher\":{\"@id\":\"https:\/\/www.notibras.com\/site\/#organization\"},\"image\":{\"@id\":\"https:\/\/www.notibras.com\/site\/estudantes-de-sao-paulo-ganham-passe-livre-em-onibus-metro-e-trem\/#primaryimage\"},\"thumbnailUrl\":\"https:\/\/www.notibras.com\/site\/wp-content\/uploads\/2015\/02\/images2.jpeg\",\"articleSection\":[\"Brasil\"],\"inLanguage\":\"pt-BR\",\"potentialAction\":[{\"@type\":\"CommentAction\",\"name\":\"Comment\",\"target\":[\"https:\/\/www.notibras.com\/site\/estudantes-de-sao-paulo-ganham-passe-livre-em-onibus-metro-e-trem\/#respond\"]}]},{\"@type\":\"WebPage\",\"@id\":\"https:\/\/www.notibras.com\/site\/estudantes-de-sao-paulo-ganham-passe-livre-em-onibus-metro-e-trem\/\",\"url\":\"https:\/\/www.notibras.com\/site\/estudantes-de-sao-paulo-ganham-passe-livre-em-onibus-metro-e-trem\/\",\"name\":\"Estudantes de S\u00e3o Paulo ganham passe livre integral para \u00f4nibus, metr\u00f4 e trem - Notibras\",\"isPartOf\":{\"@id\":\"https:\/\/www.notibras.com\/site\/#website\"},\"primaryImageOfPage\":{\"@id\":\"https:\/\/www.notibras.com\/site\/estudantes-de-sao-paulo-ganham-passe-livre-em-onibus-metro-e-trem\/#primaryimage\"},\"image\":{\"@id\":\"https:\/\/www.notibras.com\/site\/estudantes-de-sao-paulo-ganham-passe-livre-em-onibus-metro-e-trem\/#primaryimage\"},\"thumbnailUrl\":\"https:\/\/www.notibras.com\/site\/wp-content\/uploads\/2015\/02\/images2.jpeg\",\"datePublished\":\"2015-02-19T03:10:57+00:00\",\"dateModified\":\"2015-02-19T20:17:31+00:00\",\"breadcrumb\":{\"@id\":\"https:\/\/www.notibras.com\/site\/estudantes-de-sao-paulo-ganham-passe-livre-em-onibus-metro-e-trem\/#breadcrumb\"},\"inLanguage\":\"pt-BR\",\"potentialAction\":[{\"@type\":\"ReadAction\",\"target\":[\"https:\/\/www.notibras.com\/site\/estudantes-de-sao-paulo-ganham-passe-livre-em-onibus-metro-e-trem\/\"]}]},{\"@type\":\"ImageObject\",\"inLanguage\":\"pt-BR\",\"@id\":\"https:\/\/www.notibras.com\/site\/estudantes-de-sao-paulo-ganham-passe-livre-em-onibus-metro-e-trem\/#primaryimage\",\"url\":\"https:\/\/www.notibras.com\/site\/wp-content\/uploads\/2015\/02\/images2.jpeg\",\"contentUrl\":\"https:\/\/www.notibras.com\/site\/wp-content\/uploads\/2015\/02\/images2.jpeg\",\"width\":275,\"height\":183},{\"@type\":\"BreadcrumbList\",\"@id\":\"https:\/\/www.notibras.com\/site\/estudantes-de-sao-paulo-ganham-passe-livre-em-onibus-metro-e-trem\/#breadcrumb\",\"itemListElement\":[{\"@type\":\"ListItem\",\"position\":1,\"name\":\"In\u00edcio\",\"item\":\"https:\/\/www.notibras.com\/site\/\"},{\"@type\":\"ListItem\",\"position\":2,\"name\":\"Estudantes de S\u00e3o Paulo ganham passe livre integral para \u00f4nibus, metr\u00f4 e trem\"}]},{\"@type\":\"WebSite\",\"@id\":\"https:\/\/www.notibras.com\/site\/#website\",\"url\":\"https:\/\/www.notibras.com\/site\/\",\"name\":\"Notibras\",\"description\":\"Not\u00edcias de Bras\u00edlia, do Brasil e do Mundo\",\"publisher\":{\"@id\":\"https:\/\/www.notibras.com\/site\/#organization\"},\"potentialAction\":[{\"@type\":\"SearchAction\",\"target\":{\"@type\":\"EntryPoint\",\"urlTemplate\":\"https:\/\/www.notibras.com\/site\/?s={search_term_string}\"},\"query-input\":{\"@type\":\"PropertyValueSpecification\",\"valueRequired\":true,\"valueName\":\"search_term_string\"}}],\"inLanguage\":\"pt-BR\"},{\"@type\":\"Organization\",\"@id\":\"https:\/\/www.notibras.com\/site\/#organization\",\"name\":\"Grupo Notibras de Comunica\u00e7\u00e3o\",\"url\":\"https:\/\/www.notibras.com\/site\/\",\"logo\":{\"@type\":\"ImageObject\",\"inLanguage\":\"pt-BR\",\"@id\":\"https:\/\/www.notibras.com\/site\/#\/schema\/logo\/image\/\",\"url\":\"https:\/\/www.notibras.com\/site\/wp-content\/uploads\/2023\/01\/notibras23.png\",\"contentUrl\":\"https:\/\/www.notibras.com\/site\/wp-content\/uploads\/2023\/01\/notibras23.png\",\"width\":350,\"height\":87,\"caption\":\"Grupo Notibras de Comunica\u00e7\u00e3o\"},\"image\":{\"@id\":\"https:\/\/www.notibras.com\/site\/#\/schema\/logo\/image\/\"},\"sameAs\":[\"https:\/\/www.facebook.com\/notibras\/\",\"https:\/\/x.com\/Notibras\",\"https:\/\/www.instagram.com\/notibras\/\"]},{\"@type\":\"Person\",\"@id\":\"https:\/\/www.notibras.com\/site\/#\/schema\/person\/36ab0979449956132d3e5b517ea76ac8\",\"name\":\"Reda\u00e7\u00e3o\",\"image\":{\"@type\":\"ImageObject\",\"inLanguage\":\"pt-BR\",\"@id\":\"https:\/\/secure.gravatar.com\/avatar\/e0a867bdedb85fd243eadf09663511f96fc81e0720a4a42581f334ad4303aa6b?s=96&d=mm&r=g\",\"url\":\"https:\/\/secure.gravatar.com\/avatar\/e0a867bdedb85fd243eadf09663511f96fc81e0720a4a42581f334ad4303aa6b?s=96&d=mm&r=g\",\"contentUrl\":\"https:\/\/secure.gravatar.com\/avatar\/e0a867bdedb85fd243eadf09663511f96fc81e0720a4a42581f334ad4303aa6b?s=96&d=mm&r=g\",\"caption\":\"Reda\u00e7\u00e3o\"}}]}<\/script>\n<!-- \/ Yoast SEO plugin. -->","yoast_head_json":{"title":"Estudantes de S\u00e3o Paulo ganham passe livre integral para \u00f4nibus, metr\u00f4 e trem - Notibras","robots":{"index":"index","follow":"follow","max-snippet":"max-snippet:-1","max-image-preview":"max-image-preview:large","max-video-preview":"max-video-preview:-1"},"canonical":"https:\/\/www.notibras.com\/site\/estudantes-de-sao-paulo-ganham-passe-livre-em-onibus-metro-e-trem\/","og_locale":"pt_BR","og_type":"article","og_title":"Estudantes de S\u00e3o Paulo ganham passe livre integral para \u00f4nibus, metr\u00f4 e trem - Notibras","og_description":"O governador de S\u00e3o Paulo, Geraldo Alckmin (PSDB), sancionou nesta quinta-feira (19) lei que garante tarifa zero aos estudantes nos transportes p\u00fablicos metropolitanos. Os estudantes j\u00e1 circulam nos \u00f4nibus municipais desde o in\u00edcio do ano sem pagar. Alunos dos ensinos fundamental, m\u00e9dio e superior da rede p\u00fablica ter\u00e3o direito ao passe livre no Metr\u00f4, nos [&hellip;]","og_url":"https:\/\/www.notibras.com\/site\/estudantes-de-sao-paulo-ganham-passe-livre-em-onibus-metro-e-trem\/","og_site_name":"Notibras","article_publisher":"https:\/\/www.facebook.com\/notibras\/","article_published_time":"2015-02-19T03:10:57+00:00","article_modified_time":"2015-02-19T20:17:31+00:00","og_image":[{"width":275,"height":183,"url":"https:\/\/www.notibras.com\/site\/wp-content\/uploads\/2015\/02\/images2.jpeg","type":"image\/jpeg"}],"author":"Reda\u00e7\u00e3o","twitter_card":"summary_large_image","twitter_creator":"@Notibras","twitter_site":"@Notibras","twitter_misc":{"Escrito por":"Reda\u00e7\u00e3o","Est. tempo de leitura":"1 minuto"},"schema":{"@context":"https:\/\/schema.org","@graph":[{"@type":"Article","@id":"https:\/\/www.notibras.com\/site\/estudantes-de-sao-paulo-ganham-passe-livre-em-onibus-metro-e-trem\/#article","isPartOf":{"@id":"https:\/\/www.notibras.com\/site\/estudantes-de-sao-paulo-ganham-passe-livre-em-onibus-metro-e-trem\/"},"author":{"name":"Reda\u00e7\u00e3o","@id":"https:\/\/www.notibras.com\/site\/#\/schema\/person\/36ab0979449956132d3e5b517ea76ac8"},"headline":"Estudantes de S\u00e3o Paulo ganham passe livre integral para \u00f4nibus, metr\u00f4 e trem","datePublished":"2015-02-19T03:10:57+00:00","dateModified":"2015-02-19T20:17:31+00:00","mainEntityOfPage":{"@id":"https:\/\/www.notibras.com\/site\/estudantes-de-sao-paulo-ganham-passe-livre-em-onibus-metro-e-trem\/"},"wordCount":284,"commentCount":0,"publisher":{"@id":"https:\/\/www.notibras.com\/site\/#organization"},"image":{"@id":"https:\/\/www.notibras.com\/site\/estudantes-de-sao-paulo-ganham-passe-livre-em-onibus-metro-e-trem\/#primaryimage"},"thumbnailUrl":"https:\/\/www.notibras.com\/site\/wp-content\/uploads\/2015\/02\/images2.jpeg","articleSection":["Brasil"],"inLanguage":"pt-BR","potentialAction":[{"@type":"CommentAction","name":"Comment","target":["https:\/\/www.notibras.com\/site\/estudantes-de-sao-paulo-ganham-passe-livre-em-onibus-metro-e-trem\/#respond"]}]},{"@type":"WebPage","@id":"https:\/\/www.notibras.com\/site\/estudantes-de-sao-paulo-ganham-passe-livre-em-onibus-metro-e-trem\/","url":"https:\/\/www.notibras.com\/site\/estudantes-de-sao-paulo-ganham-passe-livre-em-onibus-metro-e-trem\/","name":"Estudantes de S\u00e3o Paulo ganham passe livre integral para \u00f4nibus, metr\u00f4 e trem - Notibras","isPartOf":{"@id":"https:\/\/www.notibras.com\/site\/#website"},"primaryImageOfPage":{"@id":"https:\/\/www.notibras.com\/site\/estudantes-de-sao-paulo-ganham-passe-livre-em-onibus-metro-e-trem\/#primaryimage"},"image":{"@id":"https:\/\/www.notibras.com\/site\/estudantes-de-sao-paulo-ganham-passe-livre-em-onibus-metro-e-trem\/#primaryimage"},"thumbnailUrl":"https:\/\/www.notibras.com\/site\/wp-content\/uploads\/2015\/02\/images2.jpeg","datePublished":"2015-02-19T03:10:57+00:00","dateModified":"2015-02-19T20:17:31+00:00","breadcrumb":{"@id":"https:\/\/www.notibras.com\/site\/estudantes-de-sao-paulo-ganham-passe-livre-em-onibus-metro-e-trem\/#breadcrumb"},"inLanguage":"pt-BR","potentialAction":[{"@type":"ReadAction","target":["https:\/\/www.notibras.com\/site\/estudantes-de-sao-paulo-ganham-passe-livre-em-onibus-metro-e-trem\/"]}]},{"@type":"ImageObject","inLanguage":"pt-BR","@id":"https:\/\/www.notibras.com\/site\/estudantes-de-sao-paulo-ganham-passe-livre-em-onibus-metro-e-trem\/#primaryimage","url":"https:\/\/www.notibras.com\/site\/wp-content\/uploads\/2015\/02\/images2.jpeg","contentUrl":"https:\/\/www.notibras.com\/site\/wp-content\/uploads\/2015\/02\/images2.jpeg","width":275,"height":183},{"@type":"BreadcrumbList","@id":"https:\/\/www.notibras.com\/site\/estudantes-de-sao-paulo-ganham-passe-livre-em-onibus-metro-e-trem\/#breadcrumb","itemListElement":[{"@type":"ListItem","position":1,"name":"In\u00edcio","item":"https:\/\/www.notibras.com\/site\/"},{"@type":"ListItem","position":2,"name":"Estudantes de S\u00e3o Paulo ganham passe livre integral para \u00f4nibus, metr\u00f4 e trem"}]},{"@type":"WebSite","@id":"https:\/\/www.notibras.com\/site\/#website","url":"https:\/\/www.notibras.com\/site\/","name":"Notibras","description":"Not\u00edcias de Bras\u00edlia, do Brasil e do Mundo","publisher":{"@id":"https:\/\/www.notibras.com\/site\/#organization"},"potentialAction":[{"@type":"SearchAction","target":{"@type":"EntryPoint","urlTemplate":"https:\/\/www.notibras.com\/site\/?s={search_term_string}"},"query-input":{"@type":"PropertyValueSpecification","valueRequired":true,"valueName":"search_term_string"}}],"inLanguage":"pt-BR"},{"@type":"Organization","@id":"https:\/\/www.notibras.com\/site\/#organization","name":"Grupo Notibras de Comunica\u00e7\u00e3o","url":"https:\/\/www.notibras.com\/site\/","logo":{"@type":"ImageObject","inLanguage":"pt-BR","@id":"https:\/\/www.notibras.com\/site\/#\/schema\/logo\/image\/","url":"https:\/\/www.notibras.com\/site\/wp-content\/uploads\/2023\/01\/notibras23.png","contentUrl":"https:\/\/www.notibras.com\/site\/wp-content\/uploads\/2023\/01\/notibras23.png","width":350,"height":87,"caption":"Grupo Notibras de Comunica\u00e7\u00e3o"},"image":{"@id":"https:\/\/www.notibras.com\/site\/#\/schema\/logo\/image\/"},"sameAs":["https:\/\/www.facebook.com\/notibras\/","https:\/\/x.com\/Notibras","https:\/\/www.instagram.com\/notibras\/"]},{"@type":"Person","@id":"https:\/\/www.notibras.com\/site\/#\/schema\/person\/36ab0979449956132d3e5b517ea76ac8","name":"Reda\u00e7\u00e3o","image":{"@type":"ImageObject","inLanguage":"pt-BR","@id":"https:\/\/secure.gravatar.com\/avatar\/e0a867bdedb85fd243eadf09663511f96fc81e0720a4a42581f334ad4303aa6b?s=96&d=mm&r=g","url":"https:\/\/secure.gravatar.com\/avatar\/e0a867bdedb85fd243eadf09663511f96fc81e0720a4a42581f334ad4303aa6b?s=96&d=mm&r=g","contentUrl":"https:\/\/secure.gravatar.com\/avatar\/e0a867bdedb85fd243eadf09663511f96fc81e0720a4a42581f334ad4303aa6b?s=96&d=mm&r=g","caption":"Reda\u00e7\u00e3o"}}]}},"amp_enabled":true,"_links":{"self":[{"href":"https:\/\/www.notibras.com\/site\/wp-json\/wp\/v2\/posts\/37600","targetHints":{"allow":["GET"]}}],"collection":[{"href":"https:\/\/www.notibras.com\/site\/wp-json\/wp\/v2\/posts"}],"about":[{"href":"https:\/\/www.notibras.com\/site\/wp-json\/wp\/v2\/types\/post"}],"author":[{"embeddable":true,"href":"https:\/\/www.notibras.com\/site\/wp-json\/wp\/v2\/users\/2"}],"replies":[{"embeddable":true,"href":"https:\/\/www.notibras.com\/site\/wp-json\/wp\/v2\/comments?post=37600"}],"version-history":[{"count":0,"href":"https:\/\/www.notibras.com\/site\/wp-json\/wp\/v2\/posts\/37600\/revisions"}],"wp:featuredmedia":[{"embeddable":true,"href":"https:\/\/www.notibras.com\/site\/wp-json\/wp\/v2\/media\/37601"}],"wp:attachment":[{"href":"https:\/\/www.notibras.com\/site\/wp-json\/wp\/v2\/media?parent=37600"}],"wp:term":[{"taxonomy":"category","embeddable":true,"href":"https:\/\/www.notibras.com\/site\/wp-json\/wp\/v2\/categories?post=37600"},{"taxonomy":"post_tag","embeddable":true,"href":"https:\/\/www.notibras.com\/site\/wp-json\/wp\/v2\/tags?post=37600"}],"curies":[{"name":"wp","href":"https:\/\/api.w.org\/{rel}","templated":true}]}}