{"id":37610,"date":"2015-02-19T19:40:21","date_gmt":"2015-02-19T22:40:21","guid":{"rendered":"http:\/\/www.notibras.com\/site\/?p=37610"},"modified":"2015-02-20T13:15:41","modified_gmt":"2015-02-20T16:15:41","slug":"semana-vai-exigir-de-dilma-bandeira-branca-ao-congresso","status":"publish","type":"post","link":"https:\/\/www.notibras.com\/site\/semana-vai-exigir-de-dilma-bandeira-branca-ao-congresso\/","title":{"rendered":"Crise vai exigir de Dilma bandeira branca ao Congresso Nacional"},"content":{"rendered":"<p>As atuais dificuldades da presidente Dilma Rousseff servir\u00e3o de combust\u00edvel para movimentar a agenda pol\u00edtica da pr\u00f3xima semana. A expectativa \u00e9 que ela, seguindo orienta\u00e7\u00e3o do ex- presidente Lula, desfralde bandeira branca para tentar baixar o clima de hostilidade dela no Congresso Nacional e junto \u00e0 sociedade brasileira.<\/p>\n<p>Na ter\u00e7a-feira (24), Dilma recebe no Pal\u00e1cio da Alvorada os l\u00edderes da base aliada e alguns ministros, para apresentar-lhes novas medidas econ\u00f4micas a serem submetidas ao Congresso Nacional. Ser\u00e1 o in\u00edcio de uma fase de di\u00e1logos.<\/p>\n<p>A inten\u00e7\u00e3o \u00e9 aproximar-se dos pol\u00edticos, visando a vota\u00e7\u00e3o das medidas do ajuste fiscal elaborado pelo ministro da Fazenda, Joaquim Levy. Esse reajuste est\u00e1 correndo s\u00e9rio risco de ficar pelo caminho por falta de apoio da pr\u00f3pria base governista.<\/p>\n<blockquote><p>No dia seguinte (25), os caciques do PMDB se reunir\u00e3o com lideran\u00e7as do empresariado nacional. Ser\u00e3o indagados sobre quais os projetos necess\u00e1rios para destravar a economia do pa\u00eds. Essa iniciativa do PMDB n\u00e3o est\u00e1 sendo engolida pelo Pal\u00e1cio do Planalto, nem pelo PT, que a apontam como um sinal de independ\u00eancia. Ou seja, come\u00e7o do distanciamento do governo Dilma.<\/p><\/blockquote>\n<p>No Congresso, s\u00e3o v\u00e1rias as a\u00e7\u00f5es partid\u00e1rias previstas para a pr\u00f3xima semana, cujos resultados ter\u00e3o tudo a ver com o momento de dificuldades da presidente Dilma e do PT.<\/p>\n<p>Na C\u00e2mara, a distribui\u00e7\u00e3o entre os partidos das comiss\u00f5es tem\u00e1ticas dever\u00e1 se consolidar o isolamento dos petistas. Eles ser\u00e3o alijados da presid\u00eancia das principais Comiss\u00f5es. Perder\u00e3o principalmente o controle da Comiss\u00e3o de Constitui\u00e7\u00e3o e Justi\u00e7a. Correm tamb\u00e9m o risco de perderem a relatoria da Comiss\u00e3o Mista do Or\u00e7amento. Outra dor de cabe\u00e7a para o Pal\u00e1cio do Planalto ser\u00e1 a instala\u00e7\u00e3o, na pr\u00f3xima ter\u00e7a-feira, da nova CPI da Petrobras.<\/p>\n<p>O Congresso Nacional tem sess\u00e3o prevista para ter\u00e7a-feira (24), para votar o Or\u00e7amento da Uni\u00e3o de 2015. Nele ser\u00e3o inclu\u00eddas emendas dos 224 novos deputados empossados no in\u00edcio do m\u00eas, no valor de R$ 10 milh\u00f5es cada uma. Essa decis\u00e3o foi duramente criticada pelo Pal\u00e1cio do Planalto.<\/p>\n<p>Como se v\u00ea, a pr\u00f3xima semana ser\u00e1 bem complicada politicamente.<\/p>\n<p><strong>Cl\u00e1udio Coletti<\/strong><\/p>\n","protected":false},"excerpt":{"rendered":"<p>As atuais dificuldades da presidente Dilma Rousseff servir\u00e3o de combust\u00edvel para movimentar a agenda pol\u00edtica da pr\u00f3xima semana. A expectativa \u00e9 que ela, seguindo orienta\u00e7\u00e3o do ex- presidente Lula, desfralde bandeira branca para tentar baixar o clima de hostilidade dela no Congresso Nacional e junto \u00e0 sociedade brasileira. Na ter\u00e7a-feira (24), Dilma recebe no Pal\u00e1cio [&hellip;]<\/p>\n","protected":false},"author":2,"featured_media":37621,"comment_status":"open","ping_status":"closed","sticky":false,"template":"","format":"standard","meta":{"_acf_changed":false,"footnotes":""},"categories":[25],"tags":[],"class_list":["post-37610","post","type-post","status-publish","format-standard","has-post-thumbnail","hentry","category-opina-ai"],"acf":[],"yoast_head":"<!-- This site is optimized with the Yoast SEO plugin v27.2 - https:\/\/yoast.com\/product\/yoast-seo-wordpress\/ -->\n<title>Crise vai exigir de Dilma bandeira branca ao Congresso Nacional - Notibras<\/title>\n<meta name=\"robots\" content=\"index, follow, max-snippet:-1, max-image-preview:large, max-video-preview:-1\" \/>\n<link rel=\"canonical\" href=\"https:\/\/www.notibras.com\/site\/semana-vai-exigir-de-dilma-bandeira-branca-ao-congresso\/\" \/>\n<meta property=\"og:locale\" content=\"pt_BR\" \/>\n<meta property=\"og:type\" content=\"article\" \/>\n<meta property=\"og:title\" content=\"Crise vai exigir de Dilma bandeira branca ao Congresso Nacional - Notibras\" \/>\n<meta property=\"og:description\" content=\"As atuais dificuldades da presidente Dilma Rousseff servir\u00e3o de combust\u00edvel para movimentar a agenda pol\u00edtica da pr\u00f3xima semana. A expectativa \u00e9 que ela, seguindo orienta\u00e7\u00e3o do ex- presidente Lula, desfralde bandeira branca para tentar baixar o clima de hostilidade dela no Congresso Nacional e junto \u00e0 sociedade brasileira. Na ter\u00e7a-feira (24), Dilma recebe no Pal\u00e1cio [&hellip;]\" \/>\n<meta property=\"og:url\" content=\"https:\/\/www.notibras.com\/site\/semana-vai-exigir-de-dilma-bandeira-branca-ao-congresso\/\" \/>\n<meta property=\"og:site_name\" content=\"Notibras\" \/>\n<meta property=\"article:publisher\" content=\"https:\/\/www.facebook.com\/notibras\/\" \/>\n<meta property=\"article:published_time\" content=\"2015-02-19T22:40:21+00:00\" \/>\n<meta property=\"article:modified_time\" content=\"2015-02-20T16:15:41+00:00\" \/>\n<meta property=\"og:image\" content=\"https:\/\/www.notibras.com\/site\/wp-content\/uploads\/2015\/02\/402_844-dilma.gif\" \/>\n\t<meta property=\"og:image:width\" content=\"473\" \/>\n\t<meta property=\"og:image:height\" content=\"302\" \/>\n\t<meta property=\"og:image:type\" content=\"image\/gif\" \/>\n<meta name=\"author\" content=\"Reda\u00e7\u00e3o\" \/>\n<meta name=\"twitter:card\" content=\"summary_large_image\" \/>\n<meta name=\"twitter:creator\" content=\"@Notibras\" \/>\n<meta name=\"twitter:site\" content=\"@Notibras\" \/>\n<meta name=\"twitter:label1\" content=\"Escrito por\" \/>\n\t<meta name=\"twitter:data1\" content=\"Reda\u00e7\u00e3o\" \/>\n\t<meta name=\"twitter:label2\" content=\"Est. tempo de leitura\" \/>\n\t<meta name=\"twitter:data2\" content=\"2 minutos\" \/>\n<script type=\"application\/ld+json\" class=\"yoast-schema-graph\">{\"@context\":\"https:\/\/schema.org\",\"@graph\":[{\"@type\":\"Article\",\"@id\":\"https:\/\/www.notibras.com\/site\/semana-vai-exigir-de-dilma-bandeira-branca-ao-congresso\/#article\",\"isPartOf\":{\"@id\":\"https:\/\/www.notibras.com\/site\/semana-vai-exigir-de-dilma-bandeira-branca-ao-congresso\/\"},\"author\":{\"name\":\"Reda\u00e7\u00e3o\",\"@id\":\"https:\/\/www.notibras.com\/site\/#\/schema\/person\/36ab0979449956132d3e5b517ea76ac8\"},\"headline\":\"Crise vai exigir de Dilma bandeira branca ao Congresso Nacional\",\"datePublished\":\"2015-02-19T22:40:21+00:00\",\"dateModified\":\"2015-02-20T16:15:41+00:00\",\"mainEntityOfPage\":{\"@id\":\"https:\/\/www.notibras.com\/site\/semana-vai-exigir-de-dilma-bandeira-branca-ao-congresso\/\"},\"wordCount\":402,\"commentCount\":0,\"publisher\":{\"@id\":\"https:\/\/www.notibras.com\/site\/#organization\"},\"image\":{\"@id\":\"https:\/\/www.notibras.com\/site\/semana-vai-exigir-de-dilma-bandeira-branca-ao-congresso\/#primaryimage\"},\"thumbnailUrl\":\"https:\/\/www.notibras.com\/site\/wp-content\/uploads\/2015\/02\/402_844-dilma.gif\",\"articleSection\":[\"Opina a\u00ed\"],\"inLanguage\":\"pt-BR\",\"potentialAction\":[{\"@type\":\"CommentAction\",\"name\":\"Comment\",\"target\":[\"https:\/\/www.notibras.com\/site\/semana-vai-exigir-de-dilma-bandeira-branca-ao-congresso\/#respond\"]}]},{\"@type\":\"WebPage\",\"@id\":\"https:\/\/www.notibras.com\/site\/semana-vai-exigir-de-dilma-bandeira-branca-ao-congresso\/\",\"url\":\"https:\/\/www.notibras.com\/site\/semana-vai-exigir-de-dilma-bandeira-branca-ao-congresso\/\",\"name\":\"Crise vai exigir de Dilma bandeira branca ao Congresso Nacional - Notibras\",\"isPartOf\":{\"@id\":\"https:\/\/www.notibras.com\/site\/#website\"},\"primaryImageOfPage\":{\"@id\":\"https:\/\/www.notibras.com\/site\/semana-vai-exigir-de-dilma-bandeira-branca-ao-congresso\/#primaryimage\"},\"image\":{\"@id\":\"https:\/\/www.notibras.com\/site\/semana-vai-exigir-de-dilma-bandeira-branca-ao-congresso\/#primaryimage\"},\"thumbnailUrl\":\"https:\/\/www.notibras.com\/site\/wp-content\/uploads\/2015\/02\/402_844-dilma.gif\",\"datePublished\":\"2015-02-19T22:40:21+00:00\",\"dateModified\":\"2015-02-20T16:15:41+00:00\",\"breadcrumb\":{\"@id\":\"https:\/\/www.notibras.com\/site\/semana-vai-exigir-de-dilma-bandeira-branca-ao-congresso\/#breadcrumb\"},\"inLanguage\":\"pt-BR\",\"potentialAction\":[{\"@type\":\"ReadAction\",\"target\":[\"https:\/\/www.notibras.com\/site\/semana-vai-exigir-de-dilma-bandeira-branca-ao-congresso\/\"]}]},{\"@type\":\"ImageObject\",\"inLanguage\":\"pt-BR\",\"@id\":\"https:\/\/www.notibras.com\/site\/semana-vai-exigir-de-dilma-bandeira-branca-ao-congresso\/#primaryimage\",\"url\":\"https:\/\/www.notibras.com\/site\/wp-content\/uploads\/2015\/02\/402_844-dilma.gif\",\"contentUrl\":\"https:\/\/www.notibras.com\/site\/wp-content\/uploads\/2015\/02\/402_844-dilma.gif\",\"width\":473,\"height\":302},{\"@type\":\"BreadcrumbList\",\"@id\":\"https:\/\/www.notibras.com\/site\/semana-vai-exigir-de-dilma-bandeira-branca-ao-congresso\/#breadcrumb\",\"itemListElement\":[{\"@type\":\"ListItem\",\"position\":1,\"name\":\"In\u00edcio\",\"item\":\"https:\/\/www.notibras.com\/site\/\"},{\"@type\":\"ListItem\",\"position\":2,\"name\":\"Crise vai exigir de Dilma bandeira branca ao Congresso Nacional\"}]},{\"@type\":\"WebSite\",\"@id\":\"https:\/\/www.notibras.com\/site\/#website\",\"url\":\"https:\/\/www.notibras.com\/site\/\",\"name\":\"Notibras\",\"description\":\"Not\u00edcias de Bras\u00edlia, do Brasil e do Mundo\",\"publisher\":{\"@id\":\"https:\/\/www.notibras.com\/site\/#organization\"},\"potentialAction\":[{\"@type\":\"SearchAction\",\"target\":{\"@type\":\"EntryPoint\",\"urlTemplate\":\"https:\/\/www.notibras.com\/site\/?s={search_term_string}\"},\"query-input\":{\"@type\":\"PropertyValueSpecification\",\"valueRequired\":true,\"valueName\":\"search_term_string\"}}],\"inLanguage\":\"pt-BR\"},{\"@type\":\"Organization\",\"@id\":\"https:\/\/www.notibras.com\/site\/#organization\",\"name\":\"Grupo Notibras de Comunica\u00e7\u00e3o\",\"url\":\"https:\/\/www.notibras.com\/site\/\",\"logo\":{\"@type\":\"ImageObject\",\"inLanguage\":\"pt-BR\",\"@id\":\"https:\/\/www.notibras.com\/site\/#\/schema\/logo\/image\/\",\"url\":\"https:\/\/www.notibras.com\/site\/wp-content\/uploads\/2023\/01\/notibras23.png\",\"contentUrl\":\"https:\/\/www.notibras.com\/site\/wp-content\/uploads\/2023\/01\/notibras23.png\",\"width\":350,\"height\":87,\"caption\":\"Grupo Notibras de Comunica\u00e7\u00e3o\"},\"image\":{\"@id\":\"https:\/\/www.notibras.com\/site\/#\/schema\/logo\/image\/\"},\"sameAs\":[\"https:\/\/www.facebook.com\/notibras\/\",\"https:\/\/x.com\/Notibras\",\"https:\/\/www.instagram.com\/notibras\/\"]},{\"@type\":\"Person\",\"@id\":\"https:\/\/www.notibras.com\/site\/#\/schema\/person\/36ab0979449956132d3e5b517ea76ac8\",\"name\":\"Reda\u00e7\u00e3o\",\"image\":{\"@type\":\"ImageObject\",\"inLanguage\":\"pt-BR\",\"@id\":\"https:\/\/secure.gravatar.com\/avatar\/e0a867bdedb85fd243eadf09663511f96fc81e0720a4a42581f334ad4303aa6b?s=96&d=mm&r=g\",\"url\":\"https:\/\/secure.gravatar.com\/avatar\/e0a867bdedb85fd243eadf09663511f96fc81e0720a4a42581f334ad4303aa6b?s=96&d=mm&r=g\",\"contentUrl\":\"https:\/\/secure.gravatar.com\/avatar\/e0a867bdedb85fd243eadf09663511f96fc81e0720a4a42581f334ad4303aa6b?s=96&d=mm&r=g\",\"caption\":\"Reda\u00e7\u00e3o\"}}]}<\/script>\n<!-- \/ Yoast SEO plugin. -->","yoast_head_json":{"title":"Crise vai exigir de Dilma bandeira branca ao Congresso Nacional - Notibras","robots":{"index":"index","follow":"follow","max-snippet":"max-snippet:-1","max-image-preview":"max-image-preview:large","max-video-preview":"max-video-preview:-1"},"canonical":"https:\/\/www.notibras.com\/site\/semana-vai-exigir-de-dilma-bandeira-branca-ao-congresso\/","og_locale":"pt_BR","og_type":"article","og_title":"Crise vai exigir de Dilma bandeira branca ao Congresso Nacional - Notibras","og_description":"As atuais dificuldades da presidente Dilma Rousseff servir\u00e3o de combust\u00edvel para movimentar a agenda pol\u00edtica da pr\u00f3xima semana. A expectativa \u00e9 que ela, seguindo orienta\u00e7\u00e3o do ex- presidente Lula, desfralde bandeira branca para tentar baixar o clima de hostilidade dela no Congresso Nacional e junto \u00e0 sociedade brasileira. Na ter\u00e7a-feira (24), Dilma recebe no Pal\u00e1cio [&hellip;]","og_url":"https:\/\/www.notibras.com\/site\/semana-vai-exigir-de-dilma-bandeira-branca-ao-congresso\/","og_site_name":"Notibras","article_publisher":"https:\/\/www.facebook.com\/notibras\/","article_published_time":"2015-02-19T22:40:21+00:00","article_modified_time":"2015-02-20T16:15:41+00:00","og_image":[{"width":473,"height":302,"url":"https:\/\/www.notibras.com\/site\/wp-content\/uploads\/2015\/02\/402_844-dilma.gif","type":"image\/gif"}],"author":"Reda\u00e7\u00e3o","twitter_card":"summary_large_image","twitter_creator":"@Notibras","twitter_site":"@Notibras","twitter_misc":{"Escrito por":"Reda\u00e7\u00e3o","Est. tempo de leitura":"2 minutos"},"schema":{"@context":"https:\/\/schema.org","@graph":[{"@type":"Article","@id":"https:\/\/www.notibras.com\/site\/semana-vai-exigir-de-dilma-bandeira-branca-ao-congresso\/#article","isPartOf":{"@id":"https:\/\/www.notibras.com\/site\/semana-vai-exigir-de-dilma-bandeira-branca-ao-congresso\/"},"author":{"name":"Reda\u00e7\u00e3o","@id":"https:\/\/www.notibras.com\/site\/#\/schema\/person\/36ab0979449956132d3e5b517ea76ac8"},"headline":"Crise vai exigir de Dilma bandeira branca ao Congresso Nacional","datePublished":"2015-02-19T22:40:21+00:00","dateModified":"2015-02-20T16:15:41+00:00","mainEntityOfPage":{"@id":"https:\/\/www.notibras.com\/site\/semana-vai-exigir-de-dilma-bandeira-branca-ao-congresso\/"},"wordCount":402,"commentCount":0,"publisher":{"@id":"https:\/\/www.notibras.com\/site\/#organization"},"image":{"@id":"https:\/\/www.notibras.com\/site\/semana-vai-exigir-de-dilma-bandeira-branca-ao-congresso\/#primaryimage"},"thumbnailUrl":"https:\/\/www.notibras.com\/site\/wp-content\/uploads\/2015\/02\/402_844-dilma.gif","articleSection":["Opina a\u00ed"],"inLanguage":"pt-BR","potentialAction":[{"@type":"CommentAction","name":"Comment","target":["https:\/\/www.notibras.com\/site\/semana-vai-exigir-de-dilma-bandeira-branca-ao-congresso\/#respond"]}]},{"@type":"WebPage","@id":"https:\/\/www.notibras.com\/site\/semana-vai-exigir-de-dilma-bandeira-branca-ao-congresso\/","url":"https:\/\/www.notibras.com\/site\/semana-vai-exigir-de-dilma-bandeira-branca-ao-congresso\/","name":"Crise vai exigir de Dilma bandeira branca ao Congresso Nacional - Notibras","isPartOf":{"@id":"https:\/\/www.notibras.com\/site\/#website"},"primaryImageOfPage":{"@id":"https:\/\/www.notibras.com\/site\/semana-vai-exigir-de-dilma-bandeira-branca-ao-congresso\/#primaryimage"},"image":{"@id":"https:\/\/www.notibras.com\/site\/semana-vai-exigir-de-dilma-bandeira-branca-ao-congresso\/#primaryimage"},"thumbnailUrl":"https:\/\/www.notibras.com\/site\/wp-content\/uploads\/2015\/02\/402_844-dilma.gif","datePublished":"2015-02-19T22:40:21+00:00","dateModified":"2015-02-20T16:15:41+00:00","breadcrumb":{"@id":"https:\/\/www.notibras.com\/site\/semana-vai-exigir-de-dilma-bandeira-branca-ao-congresso\/#breadcrumb"},"inLanguage":"pt-BR","potentialAction":[{"@type":"ReadAction","target":["https:\/\/www.notibras.com\/site\/semana-vai-exigir-de-dilma-bandeira-branca-ao-congresso\/"]}]},{"@type":"ImageObject","inLanguage":"pt-BR","@id":"https:\/\/www.notibras.com\/site\/semana-vai-exigir-de-dilma-bandeira-branca-ao-congresso\/#primaryimage","url":"https:\/\/www.notibras.com\/site\/wp-content\/uploads\/2015\/02\/402_844-dilma.gif","contentUrl":"https:\/\/www.notibras.com\/site\/wp-content\/uploads\/2015\/02\/402_844-dilma.gif","width":473,"height":302},{"@type":"BreadcrumbList","@id":"https:\/\/www.notibras.com\/site\/semana-vai-exigir-de-dilma-bandeira-branca-ao-congresso\/#breadcrumb","itemListElement":[{"@type":"ListItem","position":1,"name":"In\u00edcio","item":"https:\/\/www.notibras.com\/site\/"},{"@type":"ListItem","position":2,"name":"Crise vai exigir de Dilma bandeira branca ao Congresso Nacional"}]},{"@type":"WebSite","@id":"https:\/\/www.notibras.com\/site\/#website","url":"https:\/\/www.notibras.com\/site\/","name":"Notibras","description":"Not\u00edcias de Bras\u00edlia, do Brasil e do Mundo","publisher":{"@id":"https:\/\/www.notibras.com\/site\/#organization"},"potentialAction":[{"@type":"SearchAction","target":{"@type":"EntryPoint","urlTemplate":"https:\/\/www.notibras.com\/site\/?s={search_term_string}"},"query-input":{"@type":"PropertyValueSpecification","valueRequired":true,"valueName":"search_term_string"}}],"inLanguage":"pt-BR"},{"@type":"Organization","@id":"https:\/\/www.notibras.com\/site\/#organization","name":"Grupo Notibras de Comunica\u00e7\u00e3o","url":"https:\/\/www.notibras.com\/site\/","logo":{"@type":"ImageObject","inLanguage":"pt-BR","@id":"https:\/\/www.notibras.com\/site\/#\/schema\/logo\/image\/","url":"https:\/\/www.notibras.com\/site\/wp-content\/uploads\/2023\/01\/notibras23.png","contentUrl":"https:\/\/www.notibras.com\/site\/wp-content\/uploads\/2023\/01\/notibras23.png","width":350,"height":87,"caption":"Grupo Notibras de Comunica\u00e7\u00e3o"},"image":{"@id":"https:\/\/www.notibras.com\/site\/#\/schema\/logo\/image\/"},"sameAs":["https:\/\/www.facebook.com\/notibras\/","https:\/\/x.com\/Notibras","https:\/\/www.instagram.com\/notibras\/"]},{"@type":"Person","@id":"https:\/\/www.notibras.com\/site\/#\/schema\/person\/36ab0979449956132d3e5b517ea76ac8","name":"Reda\u00e7\u00e3o","image":{"@type":"ImageObject","inLanguage":"pt-BR","@id":"https:\/\/secure.gravatar.com\/avatar\/e0a867bdedb85fd243eadf09663511f96fc81e0720a4a42581f334ad4303aa6b?s=96&d=mm&r=g","url":"https:\/\/secure.gravatar.com\/avatar\/e0a867bdedb85fd243eadf09663511f96fc81e0720a4a42581f334ad4303aa6b?s=96&d=mm&r=g","contentUrl":"https:\/\/secure.gravatar.com\/avatar\/e0a867bdedb85fd243eadf09663511f96fc81e0720a4a42581f334ad4303aa6b?s=96&d=mm&r=g","caption":"Reda\u00e7\u00e3o"}}]}},"amp_enabled":true,"_links":{"self":[{"href":"https:\/\/www.notibras.com\/site\/wp-json\/wp\/v2\/posts\/37610","targetHints":{"allow":["GET"]}}],"collection":[{"href":"https:\/\/www.notibras.com\/site\/wp-json\/wp\/v2\/posts"}],"about":[{"href":"https:\/\/www.notibras.com\/site\/wp-json\/wp\/v2\/types\/post"}],"author":[{"embeddable":true,"href":"https:\/\/www.notibras.com\/site\/wp-json\/wp\/v2\/users\/2"}],"replies":[{"embeddable":true,"href":"https:\/\/www.notibras.com\/site\/wp-json\/wp\/v2\/comments?post=37610"}],"version-history":[{"count":0,"href":"https:\/\/www.notibras.com\/site\/wp-json\/wp\/v2\/posts\/37610\/revisions"}],"wp:featuredmedia":[{"embeddable":true,"href":"https:\/\/www.notibras.com\/site\/wp-json\/wp\/v2\/media\/37621"}],"wp:attachment":[{"href":"https:\/\/www.notibras.com\/site\/wp-json\/wp\/v2\/media?parent=37610"}],"wp:term":[{"taxonomy":"category","embeddable":true,"href":"https:\/\/www.notibras.com\/site\/wp-json\/wp\/v2\/categories?post=37610"},{"taxonomy":"post_tag","embeddable":true,"href":"https:\/\/www.notibras.com\/site\/wp-json\/wp\/v2\/tags?post=37610"}],"curies":[{"name":"wp","href":"https:\/\/api.w.org\/{rel}","templated":true}]}}