{"id":376102,"date":"2025-12-24T08:16:17","date_gmt":"2025-12-24T11:16:17","guid":{"rendered":"https:\/\/www.notibras.com\/site\/?p=376102"},"modified":"2025-12-24T08:16:17","modified_gmt":"2025-12-24T11:16:17","slug":"os-anos-silenciosos-dos-12-aos-30-de-jesus-cristo","status":"publish","type":"post","link":"https:\/\/www.notibras.com\/site\/os-anos-silenciosos-dos-12-aos-30-de-jesus-cristo\/","title":{"rendered":"Os anos silenciosos (dos 12 aos 30) de Jesus Cristo"},"content":{"rendered":"<p>O nascimento de Jesus Cristo em Bel\u00e9m da Judeia, insere-se em um contexto hist\u00f3rico marcado pela domina\u00e7\u00e3o romana e por intensas expectativas messi\u00e2nicas no juda\u00edsmo. Do ponto de vista simb\u00f3lico e herm\u00e9tico, Bel\u00e9m \u2014 cujo nome pode ser traduzido como \u201cCasa do P\u00e3o\u201d \u2014 representa o lugar onde o Logos, ou esp\u00edrito divino, se encarna como alimento espiritual da humanidade na figura de Jesus Cristo. A manjedoura, os pastores e a estrela s\u00e3o s\u00edmbolos arquet\u00edpicos: a humildade da mat\u00e9ria, a vigil\u00e2ncia da consci\u00eancia desperta e a orienta\u00e7\u00e3o celeste da alma encarnada. Na tradi\u00e7\u00e3o esot\u00e9rica crist\u00e3, o nascimento de Jesus assinala a descida da luz divina ao mundo sens\u00edvel, inaugurando um ciclo de reden\u00e7\u00e3o no qual o Verbo assume plenamente a condi\u00e7\u00e3o humana.<\/p>\n<p>Mas existe uma grande lacuna na hist\u00f3ria da vida de Jesus Cristo. O per\u00edodo compreendido entre os 12 e os 30 anos permanece um dos mais enigm\u00e1ticos da hist\u00f3ria do cristianismo. Ap\u00f3s o epis\u00f3dio de Jesus no Templo de Jerusal\u00e9m, relatado no Evangelho de Lucas, os textos can\u00f4nicos silenciam at\u00e9 o in\u00edcio de seu minist\u00e9rio p\u00fablico. Esse vazio narrativo estimulou, desde a Antiguidade, interpreta\u00e7\u00f5es simb\u00f3licas, m\u00edsticas e hip\u00f3teses interculturais que articulam cristianismo primitivo, filosofia oriental e hermetismo crist\u00e3o.<\/p>\n<p>Sob a perspectiva da an\u00e1lise herm\u00e9tica crist\u00e3, os \u201canos ocultos\u201d n\u00e3o representam uma aus\u00eancia, mas um per\u00edodo de prepara\u00e7\u00e3o inici\u00e1tica. Na tradi\u00e7\u00e3o herm\u00e9tica, todo mestre espiritual atravessa uma fase de recolhimento, estudo e purifica\u00e7\u00e3o antes de assumir sua miss\u00e3o p\u00fablica. Esse princ\u00edpio encontra paralelos na vida de figuras como Mois\u00e9s, Buda e Pit\u00e1goras.<\/p>\n<p>Autores como Nicolas Notovitch, Helena Blavatsky, Annie Besant, e, mais recentemente, Hoger Kersten (Jesus viveu na \u00cdndia) levantaram a hip\u00f3tese de que Jesus Cristo teria viajado para o Oriente, sobretudo para a \u00cdndia, Caxemira e Tibete, onde teria convivido com s\u00e1bios, br\u00e2manes e monges budistas. Segundo tais tradi\u00e7\u00f5es, Jesus \u2014 identificado nos manuscritos tibetanos como Issa \u2014 teria estudado \u00e9tica, metaf\u00edsica e pr\u00e1ticas contemplativas. Embora esses relatos n\u00e3o sejam aceitos como evid\u00eancia hist\u00f3rica conclusiva pela Igreja e a academia, eles ocupam lugar relevante na hist\u00f3ria das ideias religiosas.<\/p>\n<p>No contexto indiano, a poss\u00edvel aproxima\u00e7\u00e3o de Jesus com a tradi\u00e7\u00e3o v\u00e9dica \u00e9 frequentemente interpretada \u00e0 luz da filosofia dos Upanishads, parte final dos Vedas. Conceitos centrais como a unidade entre \u0100tman (o eu profundo) e Brahman (o absoluto) encontram resson\u00e2ncia na mensagem crist\u00e3 da filia\u00e7\u00e3o divina e da presen\u00e7a do Reino de Deus no interior do ser humano. A m\u00e1xima upanish\u00e1dica Tat Tvam Asi (\u201cTu \u00e9s Isso\u201d) dialoga simbolicamente com afirma\u00e7\u00f5es evang\u00e9licas como \u201cEu e o Pai somos um\u201d (Jo 10:30), sugerindo converg\u00eancias no plano metaf\u00edsico, ainda que expressas em linguagens culturais distintas.<\/p>\n<p>A tradi\u00e7\u00e3o tibetana, por sua vez, associa o aprendizado espiritual ao dom\u00ednio da compaix\u00e3o (karu\u1e47\u0101), da contempla\u00e7\u00e3o e da supera\u00e7\u00e3o do ego. O ensinamento de Jesus sobre o amor aos inimigos, a ren\u00fancia ao apego material e a busca da pureza interior apresenta afinidades \u00e9ticas com o budismo mahayana. Na leitura herm\u00e9tica crist\u00e3, essas converg\u00eancias indicam n\u00e3o uma depend\u00eancia direta, mas a manifesta\u00e7\u00e3o de uma sabedoria universal, que se expressa ciclicamente em diferentes civiliza\u00e7\u00f5es.<\/p>\n<p>Do ponto de vista do hermetismo crist\u00e3o, Jesus \u00e9 compreendido como o Logos encarnado, cuja jornada inclui a assimila\u00e7\u00e3o consciente das leis c\u00f3smicas que regem o Universo. O aprendizado filos\u00f3fico e espiritual atribu\u00eddo ao Oriente refor\u00e7a a imagem de Cristo como mestre sapiencial, capaz de integrar a\u00e7\u00e3o, contempla\u00e7\u00e3o e conhecimento. Nesse sentido, os Vedas, a m\u00edstica budista e a tradi\u00e7\u00e3o judaica n\u00e3o se excluem, mas convergem em uma vis\u00e3o na qual o ser humano \u00e9 chamado a realizar interiormente a uni\u00e3o com o divino.<\/p>\n<p>Em s\u00edntese, a an\u00e1lise comparativa e herm\u00e9tica dos \u201canos silenciosos\u201d de Jesus Cristo revela um campo fecundo para compreender o cristianismo em di\u00e1logo com as grandes tradi\u00e7\u00f5es espirituais da humanidade. Esses estudos ampliam a compreens\u00e3o de Jesus n\u00e3o apenas como figura hist\u00f3rica ou teol\u00f3gica, mas como s\u00edmbolo universal da realiza\u00e7\u00e3o espiritual e da consci\u00eancia iluminada.<\/p>\n<p>O reaparecimento de Jesus aos trinta anos, marcando o in\u00edcio de seu minist\u00e9rio p\u00fablico, possui profundo significado hist\u00f3rico, espiritual e inici\u00e1tico. Ap\u00f3s os anos de recolhimento e aprendizado \u2014 interpretados como per\u00edodo de assimila\u00e7\u00e3o da sabedoria universal \u2014 Jesus manifesta-se como Salvador e Mestre, proclamando o Reino de Deus n\u00e3o como realidade futura, mas como presen\u00e7a interior. Seu batismo no Jord\u00e3o simboliza a regenera\u00e7\u00e3o espiritual, enquanto seus ensinamentos revelam a s\u00edntese entre \u00e9tica, m\u00edstica e conhecimento c\u00f3smico. Assim, o Cristo que reaparece aos trinta anos n\u00e3o \u00e9 apenas o pregador hist\u00f3rico da Galileia, mas o arqu\u00e9tipo do homem plenamente realizado, aquele que, tendo conhecido a Lei, a Palavra e o Mist\u00e9rio, torna-se ponte viva entre o humano e o divino.<\/p>\n<p>&#8230;&#8230;&#8230;..<\/p>\n<p><strong>Giovanni Seabra <\/strong><br \/>\n<strong>Gr\u00e3o-Mestre do Col\u00e9gio dos Magos e Sacerdotisas<\/strong><br \/>\n<strong>@giovanniseabra.esoterico <\/strong><br \/>\n<strong>@colegiodosmagosesacerdotisas<\/strong><\/p>\n","protected":false},"excerpt":{"rendered":"<p>O nascimento de Jesus Cristo em Bel\u00e9m da Judeia, insere-se em um contexto hist\u00f3rico marcado pela domina\u00e7\u00e3o romana e por intensas expectativas messi\u00e2nicas no juda\u00edsmo. Do ponto de vista simb\u00f3lico e herm\u00e9tico, Bel\u00e9m \u2014 cujo nome pode ser traduzido como \u201cCasa do P\u00e3o\u201d \u2014 representa o lugar onde o Logos, ou esp\u00edrito divino, se encarna [&hellip;]<\/p>\n","protected":false},"author":2,"featured_media":376103,"comment_status":"closed","ping_status":"closed","sticky":false,"template":"","format":"standard","meta":{"_acf_changed":false,"footnotes":""},"categories":[237],"tags":[],"class_list":["post-376102","post","type-post","status-publish","format-standard","has-post-thumbnail","hentry","category-oraculos"],"acf":[],"yoast_head":"<!-- This site is optimized with the Yoast SEO plugin v27.2 - https:\/\/yoast.com\/product\/yoast-seo-wordpress\/ -->\n<title>Os anos silenciosos (dos 12 aos 30) de Jesus Cristo - Notibras<\/title>\n<meta name=\"robots\" content=\"index, follow, max-snippet:-1, max-image-preview:large, max-video-preview:-1\" \/>\n<link rel=\"canonical\" href=\"https:\/\/www.notibras.com\/site\/os-anos-silenciosos-dos-12-aos-30-de-jesus-cristo\/\" \/>\n<meta property=\"og:locale\" content=\"pt_BR\" \/>\n<meta property=\"og:type\" content=\"article\" \/>\n<meta property=\"og:title\" content=\"Os anos silenciosos (dos 12 aos 30) de Jesus Cristo - Notibras\" \/>\n<meta property=\"og:description\" content=\"O nascimento de Jesus Cristo em Bel\u00e9m da Judeia, insere-se em um contexto hist\u00f3rico marcado pela domina\u00e7\u00e3o romana e por intensas expectativas messi\u00e2nicas no juda\u00edsmo. Do ponto de vista simb\u00f3lico e herm\u00e9tico, Bel\u00e9m \u2014 cujo nome pode ser traduzido como \u201cCasa do P\u00e3o\u201d \u2014 representa o lugar onde o Logos, ou esp\u00edrito divino, se encarna [&hellip;]\" \/>\n<meta property=\"og:url\" content=\"https:\/\/www.notibras.com\/site\/os-anos-silenciosos-dos-12-aos-30-de-jesus-cristo\/\" \/>\n<meta property=\"og:site_name\" content=\"Notibras\" \/>\n<meta property=\"article:publisher\" content=\"https:\/\/www.facebook.com\/notibras\/\" \/>\n<meta property=\"article:published_time\" content=\"2025-12-24T11:16:17+00:00\" \/>\n<meta property=\"og:image\" content=\"https:\/\/www.notibras.com\/site\/wp-content\/uploads\/2025\/12\/0bab9419-efe6-464c-bfb5-3731231e90d9.jpg\" \/>\n\t<meta property=\"og:image:width\" content=\"1024\" \/>\n\t<meta property=\"og:image:height\" content=\"1536\" \/>\n\t<meta property=\"og:image:type\" content=\"image\/jpeg\" \/>\n<meta name=\"author\" content=\"Reda\u00e7\u00e3o\" \/>\n<meta name=\"twitter:card\" content=\"summary_large_image\" \/>\n<meta name=\"twitter:creator\" content=\"@Notibras\" \/>\n<meta name=\"twitter:site\" content=\"@Notibras\" \/>\n<meta name=\"twitter:label1\" content=\"Escrito por\" \/>\n\t<meta name=\"twitter:data1\" content=\"Reda\u00e7\u00e3o\" \/>\n\t<meta name=\"twitter:label2\" content=\"Est. tempo de leitura\" \/>\n\t<meta name=\"twitter:data2\" content=\"5 minutos\" \/>\n<script type=\"application\/ld+json\" class=\"yoast-schema-graph\">{\"@context\":\"https:\/\/schema.org\",\"@graph\":[{\"@type\":\"Article\",\"@id\":\"https:\/\/www.notibras.com\/site\/os-anos-silenciosos-dos-12-aos-30-de-jesus-cristo\/#article\",\"isPartOf\":{\"@id\":\"https:\/\/www.notibras.com\/site\/os-anos-silenciosos-dos-12-aos-30-de-jesus-cristo\/\"},\"author\":{\"name\":\"Reda\u00e7\u00e3o\",\"@id\":\"https:\/\/www.notibras.com\/site\/#\/schema\/person\/36ab0979449956132d3e5b517ea76ac8\"},\"headline\":\"Os anos silenciosos (dos 12 aos 30) de Jesus Cristo\",\"datePublished\":\"2025-12-24T11:16:17+00:00\",\"mainEntityOfPage\":{\"@id\":\"https:\/\/www.notibras.com\/site\/os-anos-silenciosos-dos-12-aos-30-de-jesus-cristo\/\"},\"wordCount\":908,\"publisher\":{\"@id\":\"https:\/\/www.notibras.com\/site\/#organization\"},\"image\":{\"@id\":\"https:\/\/www.notibras.com\/site\/os-anos-silenciosos-dos-12-aos-30-de-jesus-cristo\/#primaryimage\"},\"thumbnailUrl\":\"https:\/\/www.notibras.com\/site\/wp-content\/uploads\/2025\/12\/0bab9419-efe6-464c-bfb5-3731231e90d9.jpg\",\"articleSection\":[\"Or\u00e1culos\"],\"inLanguage\":\"pt-BR\"},{\"@type\":\"WebPage\",\"@id\":\"https:\/\/www.notibras.com\/site\/os-anos-silenciosos-dos-12-aos-30-de-jesus-cristo\/\",\"url\":\"https:\/\/www.notibras.com\/site\/os-anos-silenciosos-dos-12-aos-30-de-jesus-cristo\/\",\"name\":\"Os anos silenciosos (dos 12 aos 30) de Jesus Cristo - Notibras\",\"isPartOf\":{\"@id\":\"https:\/\/www.notibras.com\/site\/#website\"},\"primaryImageOfPage\":{\"@id\":\"https:\/\/www.notibras.com\/site\/os-anos-silenciosos-dos-12-aos-30-de-jesus-cristo\/#primaryimage\"},\"image\":{\"@id\":\"https:\/\/www.notibras.com\/site\/os-anos-silenciosos-dos-12-aos-30-de-jesus-cristo\/#primaryimage\"},\"thumbnailUrl\":\"https:\/\/www.notibras.com\/site\/wp-content\/uploads\/2025\/12\/0bab9419-efe6-464c-bfb5-3731231e90d9.jpg\",\"datePublished\":\"2025-12-24T11:16:17+00:00\",\"breadcrumb\":{\"@id\":\"https:\/\/www.notibras.com\/site\/os-anos-silenciosos-dos-12-aos-30-de-jesus-cristo\/#breadcrumb\"},\"inLanguage\":\"pt-BR\",\"potentialAction\":[{\"@type\":\"ReadAction\",\"target\":[\"https:\/\/www.notibras.com\/site\/os-anos-silenciosos-dos-12-aos-30-de-jesus-cristo\/\"]}]},{\"@type\":\"ImageObject\",\"inLanguage\":\"pt-BR\",\"@id\":\"https:\/\/www.notibras.com\/site\/os-anos-silenciosos-dos-12-aos-30-de-jesus-cristo\/#primaryimage\",\"url\":\"https:\/\/www.notibras.com\/site\/wp-content\/uploads\/2025\/12\/0bab9419-efe6-464c-bfb5-3731231e90d9.jpg\",\"contentUrl\":\"https:\/\/www.notibras.com\/site\/wp-content\/uploads\/2025\/12\/0bab9419-efe6-464c-bfb5-3731231e90d9.jpg\",\"width\":1024,\"height\":1536},{\"@type\":\"BreadcrumbList\",\"@id\":\"https:\/\/www.notibras.com\/site\/os-anos-silenciosos-dos-12-aos-30-de-jesus-cristo\/#breadcrumb\",\"itemListElement\":[{\"@type\":\"ListItem\",\"position\":1,\"name\":\"In\u00edcio\",\"item\":\"https:\/\/www.notibras.com\/site\/\"},{\"@type\":\"ListItem\",\"position\":2,\"name\":\"Os anos silenciosos (dos 12 aos 30) de Jesus Cristo\"}]},{\"@type\":\"WebSite\",\"@id\":\"https:\/\/www.notibras.com\/site\/#website\",\"url\":\"https:\/\/www.notibras.com\/site\/\",\"name\":\"Notibras\",\"description\":\"Not\u00edcias de Bras\u00edlia, do Brasil e do Mundo\",\"publisher\":{\"@id\":\"https:\/\/www.notibras.com\/site\/#organization\"},\"potentialAction\":[{\"@type\":\"SearchAction\",\"target\":{\"@type\":\"EntryPoint\",\"urlTemplate\":\"https:\/\/www.notibras.com\/site\/?s={search_term_string}\"},\"query-input\":{\"@type\":\"PropertyValueSpecification\",\"valueRequired\":true,\"valueName\":\"search_term_string\"}}],\"inLanguage\":\"pt-BR\"},{\"@type\":\"Organization\",\"@id\":\"https:\/\/www.notibras.com\/site\/#organization\",\"name\":\"Grupo Notibras de Comunica\u00e7\u00e3o\",\"url\":\"https:\/\/www.notibras.com\/site\/\",\"logo\":{\"@type\":\"ImageObject\",\"inLanguage\":\"pt-BR\",\"@id\":\"https:\/\/www.notibras.com\/site\/#\/schema\/logo\/image\/\",\"url\":\"https:\/\/www.notibras.com\/site\/wp-content\/uploads\/2023\/01\/notibras23.png\",\"contentUrl\":\"https:\/\/www.notibras.com\/site\/wp-content\/uploads\/2023\/01\/notibras23.png\",\"width\":350,\"height\":87,\"caption\":\"Grupo Notibras de Comunica\u00e7\u00e3o\"},\"image\":{\"@id\":\"https:\/\/www.notibras.com\/site\/#\/schema\/logo\/image\/\"},\"sameAs\":[\"https:\/\/www.facebook.com\/notibras\/\",\"https:\/\/x.com\/Notibras\",\"https:\/\/www.instagram.com\/notibras\/\"]},{\"@type\":\"Person\",\"@id\":\"https:\/\/www.notibras.com\/site\/#\/schema\/person\/36ab0979449956132d3e5b517ea76ac8\",\"name\":\"Reda\u00e7\u00e3o\",\"image\":{\"@type\":\"ImageObject\",\"inLanguage\":\"pt-BR\",\"@id\":\"https:\/\/secure.gravatar.com\/avatar\/e0a867bdedb85fd243eadf09663511f96fc81e0720a4a42581f334ad4303aa6b?s=96&d=mm&r=g\",\"url\":\"https:\/\/secure.gravatar.com\/avatar\/e0a867bdedb85fd243eadf09663511f96fc81e0720a4a42581f334ad4303aa6b?s=96&d=mm&r=g\",\"contentUrl\":\"https:\/\/secure.gravatar.com\/avatar\/e0a867bdedb85fd243eadf09663511f96fc81e0720a4a42581f334ad4303aa6b?s=96&d=mm&r=g\",\"caption\":\"Reda\u00e7\u00e3o\"}}]}<\/script>\n<!-- \/ Yoast SEO plugin. -->","yoast_head_json":{"title":"Os anos silenciosos (dos 12 aos 30) de Jesus Cristo - Notibras","robots":{"index":"index","follow":"follow","max-snippet":"max-snippet:-1","max-image-preview":"max-image-preview:large","max-video-preview":"max-video-preview:-1"},"canonical":"https:\/\/www.notibras.com\/site\/os-anos-silenciosos-dos-12-aos-30-de-jesus-cristo\/","og_locale":"pt_BR","og_type":"article","og_title":"Os anos silenciosos (dos 12 aos 30) de Jesus Cristo - Notibras","og_description":"O nascimento de Jesus Cristo em Bel\u00e9m da Judeia, insere-se em um contexto hist\u00f3rico marcado pela domina\u00e7\u00e3o romana e por intensas expectativas messi\u00e2nicas no juda\u00edsmo. Do ponto de vista simb\u00f3lico e herm\u00e9tico, Bel\u00e9m \u2014 cujo nome pode ser traduzido como \u201cCasa do P\u00e3o\u201d \u2014 representa o lugar onde o Logos, ou esp\u00edrito divino, se encarna [&hellip;]","og_url":"https:\/\/www.notibras.com\/site\/os-anos-silenciosos-dos-12-aos-30-de-jesus-cristo\/","og_site_name":"Notibras","article_publisher":"https:\/\/www.facebook.com\/notibras\/","article_published_time":"2025-12-24T11:16:17+00:00","og_image":[{"width":1024,"height":1536,"url":"https:\/\/www.notibras.com\/site\/wp-content\/uploads\/2025\/12\/0bab9419-efe6-464c-bfb5-3731231e90d9.jpg","type":"image\/jpeg"}],"author":"Reda\u00e7\u00e3o","twitter_card":"summary_large_image","twitter_creator":"@Notibras","twitter_site":"@Notibras","twitter_misc":{"Escrito por":"Reda\u00e7\u00e3o","Est. tempo de leitura":"5 minutos"},"schema":{"@context":"https:\/\/schema.org","@graph":[{"@type":"Article","@id":"https:\/\/www.notibras.com\/site\/os-anos-silenciosos-dos-12-aos-30-de-jesus-cristo\/#article","isPartOf":{"@id":"https:\/\/www.notibras.com\/site\/os-anos-silenciosos-dos-12-aos-30-de-jesus-cristo\/"},"author":{"name":"Reda\u00e7\u00e3o","@id":"https:\/\/www.notibras.com\/site\/#\/schema\/person\/36ab0979449956132d3e5b517ea76ac8"},"headline":"Os anos silenciosos (dos 12 aos 30) de Jesus Cristo","datePublished":"2025-12-24T11:16:17+00:00","mainEntityOfPage":{"@id":"https:\/\/www.notibras.com\/site\/os-anos-silenciosos-dos-12-aos-30-de-jesus-cristo\/"},"wordCount":908,"publisher":{"@id":"https:\/\/www.notibras.com\/site\/#organization"},"image":{"@id":"https:\/\/www.notibras.com\/site\/os-anos-silenciosos-dos-12-aos-30-de-jesus-cristo\/#primaryimage"},"thumbnailUrl":"https:\/\/www.notibras.com\/site\/wp-content\/uploads\/2025\/12\/0bab9419-efe6-464c-bfb5-3731231e90d9.jpg","articleSection":["Or\u00e1culos"],"inLanguage":"pt-BR"},{"@type":"WebPage","@id":"https:\/\/www.notibras.com\/site\/os-anos-silenciosos-dos-12-aos-30-de-jesus-cristo\/","url":"https:\/\/www.notibras.com\/site\/os-anos-silenciosos-dos-12-aos-30-de-jesus-cristo\/","name":"Os anos silenciosos (dos 12 aos 30) de Jesus Cristo - Notibras","isPartOf":{"@id":"https:\/\/www.notibras.com\/site\/#website"},"primaryImageOfPage":{"@id":"https:\/\/www.notibras.com\/site\/os-anos-silenciosos-dos-12-aos-30-de-jesus-cristo\/#primaryimage"},"image":{"@id":"https:\/\/www.notibras.com\/site\/os-anos-silenciosos-dos-12-aos-30-de-jesus-cristo\/#primaryimage"},"thumbnailUrl":"https:\/\/www.notibras.com\/site\/wp-content\/uploads\/2025\/12\/0bab9419-efe6-464c-bfb5-3731231e90d9.jpg","datePublished":"2025-12-24T11:16:17+00:00","breadcrumb":{"@id":"https:\/\/www.notibras.com\/site\/os-anos-silenciosos-dos-12-aos-30-de-jesus-cristo\/#breadcrumb"},"inLanguage":"pt-BR","potentialAction":[{"@type":"ReadAction","target":["https:\/\/www.notibras.com\/site\/os-anos-silenciosos-dos-12-aos-30-de-jesus-cristo\/"]}]},{"@type":"ImageObject","inLanguage":"pt-BR","@id":"https:\/\/www.notibras.com\/site\/os-anos-silenciosos-dos-12-aos-30-de-jesus-cristo\/#primaryimage","url":"https:\/\/www.notibras.com\/site\/wp-content\/uploads\/2025\/12\/0bab9419-efe6-464c-bfb5-3731231e90d9.jpg","contentUrl":"https:\/\/www.notibras.com\/site\/wp-content\/uploads\/2025\/12\/0bab9419-efe6-464c-bfb5-3731231e90d9.jpg","width":1024,"height":1536},{"@type":"BreadcrumbList","@id":"https:\/\/www.notibras.com\/site\/os-anos-silenciosos-dos-12-aos-30-de-jesus-cristo\/#breadcrumb","itemListElement":[{"@type":"ListItem","position":1,"name":"In\u00edcio","item":"https:\/\/www.notibras.com\/site\/"},{"@type":"ListItem","position":2,"name":"Os anos silenciosos (dos 12 aos 30) de Jesus Cristo"}]},{"@type":"WebSite","@id":"https:\/\/www.notibras.com\/site\/#website","url":"https:\/\/www.notibras.com\/site\/","name":"Notibras","description":"Not\u00edcias de Bras\u00edlia, do Brasil e do Mundo","publisher":{"@id":"https:\/\/www.notibras.com\/site\/#organization"},"potentialAction":[{"@type":"SearchAction","target":{"@type":"EntryPoint","urlTemplate":"https:\/\/www.notibras.com\/site\/?s={search_term_string}"},"query-input":{"@type":"PropertyValueSpecification","valueRequired":true,"valueName":"search_term_string"}}],"inLanguage":"pt-BR"},{"@type":"Organization","@id":"https:\/\/www.notibras.com\/site\/#organization","name":"Grupo Notibras de Comunica\u00e7\u00e3o","url":"https:\/\/www.notibras.com\/site\/","logo":{"@type":"ImageObject","inLanguage":"pt-BR","@id":"https:\/\/www.notibras.com\/site\/#\/schema\/logo\/image\/","url":"https:\/\/www.notibras.com\/site\/wp-content\/uploads\/2023\/01\/notibras23.png","contentUrl":"https:\/\/www.notibras.com\/site\/wp-content\/uploads\/2023\/01\/notibras23.png","width":350,"height":87,"caption":"Grupo Notibras de Comunica\u00e7\u00e3o"},"image":{"@id":"https:\/\/www.notibras.com\/site\/#\/schema\/logo\/image\/"},"sameAs":["https:\/\/www.facebook.com\/notibras\/","https:\/\/x.com\/Notibras","https:\/\/www.instagram.com\/notibras\/"]},{"@type":"Person","@id":"https:\/\/www.notibras.com\/site\/#\/schema\/person\/36ab0979449956132d3e5b517ea76ac8","name":"Reda\u00e7\u00e3o","image":{"@type":"ImageObject","inLanguage":"pt-BR","@id":"https:\/\/secure.gravatar.com\/avatar\/e0a867bdedb85fd243eadf09663511f96fc81e0720a4a42581f334ad4303aa6b?s=96&d=mm&r=g","url":"https:\/\/secure.gravatar.com\/avatar\/e0a867bdedb85fd243eadf09663511f96fc81e0720a4a42581f334ad4303aa6b?s=96&d=mm&r=g","contentUrl":"https:\/\/secure.gravatar.com\/avatar\/e0a867bdedb85fd243eadf09663511f96fc81e0720a4a42581f334ad4303aa6b?s=96&d=mm&r=g","caption":"Reda\u00e7\u00e3o"}}]}},"amp_enabled":true,"_links":{"self":[{"href":"https:\/\/www.notibras.com\/site\/wp-json\/wp\/v2\/posts\/376102","targetHints":{"allow":["GET"]}}],"collection":[{"href":"https:\/\/www.notibras.com\/site\/wp-json\/wp\/v2\/posts"}],"about":[{"href":"https:\/\/www.notibras.com\/site\/wp-json\/wp\/v2\/types\/post"}],"author":[{"embeddable":true,"href":"https:\/\/www.notibras.com\/site\/wp-json\/wp\/v2\/users\/2"}],"replies":[{"embeddable":true,"href":"https:\/\/www.notibras.com\/site\/wp-json\/wp\/v2\/comments?post=376102"}],"version-history":[{"count":1,"href":"https:\/\/www.notibras.com\/site\/wp-json\/wp\/v2\/posts\/376102\/revisions"}],"predecessor-version":[{"id":376104,"href":"https:\/\/www.notibras.com\/site\/wp-json\/wp\/v2\/posts\/376102\/revisions\/376104"}],"wp:featuredmedia":[{"embeddable":true,"href":"https:\/\/www.notibras.com\/site\/wp-json\/wp\/v2\/media\/376103"}],"wp:attachment":[{"href":"https:\/\/www.notibras.com\/site\/wp-json\/wp\/v2\/media?parent=376102"}],"wp:term":[{"taxonomy":"category","embeddable":true,"href":"https:\/\/www.notibras.com\/site\/wp-json\/wp\/v2\/categories?post=376102"},{"taxonomy":"post_tag","embeddable":true,"href":"https:\/\/www.notibras.com\/site\/wp-json\/wp\/v2\/tags?post=376102"}],"curies":[{"name":"wp","href":"https:\/\/api.w.org\/{rel}","templated":true}]}}