{"id":376105,"date":"2025-12-24T08:27:42","date_gmt":"2025-12-24T11:27:42","guid":{"rendered":"https:\/\/www.notibras.com\/site\/?p=376105"},"modified":"2025-12-24T08:27:42","modified_gmt":"2025-12-24T11:27:42","slug":"fragilizado-nordeste-tenta-vencer-adversidades","status":"publish","type":"post","link":"https:\/\/www.notibras.com\/site\/fragilizado-nordeste-tenta-vencer-adversidades\/","title":{"rendered":"Fragilizado, Nordeste tenta vencer adversidades"},"content":{"rendered":"<p>O Nordeste brasileiro \u00e9, ao mesmo tempo, territ\u00f3rio de pot\u00eancia e de fragilidade. Regi\u00e3o de culturas vibrantes, economias em transforma\u00e7\u00e3o e identidades profundamente enraizadas, tamb\u00e9m carrega marcas hist\u00f3ricas de desigualdade que, em muitos contextos, ainda exp\u00f5em sua popula\u00e7\u00e3o a situa\u00e7\u00f5es de desprote\u00e7\u00e3o social, econ\u00f4mica e ambiental. Falar de um Nordeste \u201c(des)protegido\u201d \u00e9 reconhecer essa ambival\u00eancia: avan\u00e7os reais convivendo com vulnerabilidades persistentes.<\/p>\n<p>Nas \u00faltimas d\u00e9cadas, pol\u00edticas de transfer\u00eancia de renda, amplia\u00e7\u00e3o do acesso \u00e0 educa\u00e7\u00e3o e investimentos em infraestrutura b\u00e1sica alteraram significativamente o cotidiano de milh\u00f5es de nordestinos. Programas sociais reduziram a fome extrema, elevaram a frequ\u00eancia escolar e movimentaram economias locais, especialmente em pequenos munic\u00edpios.<\/p>\n<p>Entretanto, a depend\u00eancia dessas pol\u00edticas tamb\u00e9m revela uma fragilidade estrutural. Em muitas cidades, a aus\u00eancia de um tecido produtivo s\u00f3lido faz com que qualquer redu\u00e7\u00e3o de investimentos sociais tenha impacto imediato no com\u00e9rcio, no emprego e na seguran\u00e7a alimentar. O Nordeste avan\u00e7a, mas ainda caminha sobre uma base sens\u00edvel a oscila\u00e7\u00f5es pol\u00edticas e econ\u00f4micas.<\/p>\n<p>A desprote\u00e7\u00e3o n\u00e3o \u00e9 homog\u00eanea. Ela se expressa de formas distintas na zona rural, nas periferias urbanas e nas \u00e1reas semi\u00e1ridas. No sert\u00e3o, a irregularidade das chuvas e os efeitos das mudan\u00e7as clim\u00e1ticas continuam impondo desafios \u00e0 agricultura familiar, apesar de tecnologias de conviv\u00eancia com o semi\u00e1rido terem reduzido parte dos riscos.<\/p>\n<p>Nas grandes cidades, o problema assume outra face: crescimento urbano acelerado, d\u00e9ficit habitacional, informalidade no trabalho e viol\u00eancia concentrada em \u00e1reas perif\u00e9ricas. Jovens, mulheres e popula\u00e7\u00f5es negras s\u00e3o os mais expostos, revelando como desigualdades sociais e raciais se sobrep\u00f5em.<\/p>\n<p>Eventos clim\u00e1ticos extremos \u2014 secas prolongadas, enchentes repentinas e aumento das temperaturas \u2014 ampliam o sentimento de desprote\u00e7\u00e3o. Embora o Nordeste tenha acumulado experi\u00eancias exitosas de adapta\u00e7\u00e3o, como cisternas, energias renov\u00e1veis e agricultura resiliente, essas iniciativas ainda n\u00e3o alcan\u00e7am todos que precisam.<\/p>\n<p>A falta de planejamento urbano e ambiental torna comunidades inteiras vulner\u00e1veis a desastres previs\u00edveis. Quando a prote\u00e7\u00e3o falha, o custo humano recai sobre quem j\u00e1 vive no limite.<\/p>\n<p>Apesar das fragilidades, o Nordeste n\u00e3o \u00e9 sin\u00f4nimo de passividade. Redes comunit\u00e1rias, associa\u00e7\u00f5es, cooperativas e iniciativas culturais funcionam como verdadeiros sistemas de prote\u00e7\u00e3o informal. A economia criativa, o turismo de base comunit\u00e1ria, a expans\u00e3o das energias e\u00f3lica e solar e o fortalecimento das universidades p\u00fablicas mostram uma regi\u00e3o que cria solu\u00e7\u00f5es pr\u00f3prias.<\/p>\n<p>A prote\u00e7\u00e3o, muitas vezes, nasce da solidariedade cotidiana: vizinhos que dividem \u00e1gua, renda, comida e esperan\u00e7a. Essa capacidade de resist\u00eancia \u00e9 um patrim\u00f4nio invis\u00edvel, mas fundamental.<\/p>\n<p>O retrato do Nordeste (des)protegido \u00e9, sobretudo, um retrato em movimento. A regi\u00e3o n\u00e3o pede apenas assist\u00eancia, mas continuidade, planejamento e respeito \u00e0 sua diversidade interna. Proteger o Nordeste significa fortalecer pol\u00edticas p\u00fablicas, reduzir desigualdades hist\u00f3ricas e reconhecer que investir na regi\u00e3o \u00e9 investir no desenvolvimento do pa\u00eds como um todo.<\/p>\n<p>Entre avan\u00e7os e aus\u00eancias, o Nordeste segue existindo, criando e resistindo \u2014 exigindo n\u00e3o compaix\u00e3o, mas compromisso.<\/p>\n","protected":false},"excerpt":{"rendered":"<p>O Nordeste brasileiro \u00e9, ao mesmo tempo, territ\u00f3rio de pot\u00eancia e de fragilidade. Regi\u00e3o de culturas vibrantes, economias em transforma\u00e7\u00e3o e identidades profundamente enraizadas, tamb\u00e9m carrega marcas hist\u00f3ricas de desigualdade que, em muitos contextos, ainda exp\u00f5em sua popula\u00e7\u00e3o a situa\u00e7\u00f5es de desprote\u00e7\u00e3o social, econ\u00f4mica e ambiental. Falar de um Nordeste \u201c(des)protegido\u201d \u00e9 reconhecer essa ambival\u00eancia: [&hellip;]<\/p>\n","protected":false},"author":2,"featured_media":376106,"comment_status":"closed","ping_status":"closed","sticky":false,"template":"","format":"standard","meta":{"_acf_changed":false,"footnotes":""},"categories":[165],"tags":[],"class_list":["post-376105","post","type-post","status-publish","format-standard","has-post-thumbnail","hentry","category-nordeste"],"acf":[],"yoast_head":"<!-- This site is optimized with the Yoast SEO plugin v27.5 - https:\/\/yoast.com\/product\/yoast-seo-wordpress\/ -->\n<title>Fragilizado, Nordeste tenta vencer adversidades - Notibras<\/title>\n<meta name=\"robots\" content=\"index, follow, max-snippet:-1, max-image-preview:large, max-video-preview:-1\" \/>\n<link rel=\"canonical\" href=\"https:\/\/www.notibras.com\/site\/fragilizado-nordeste-tenta-vencer-adversidades\/\" \/>\n<meta property=\"og:locale\" content=\"pt_BR\" \/>\n<meta property=\"og:type\" content=\"article\" \/>\n<meta property=\"og:title\" content=\"Fragilizado, Nordeste tenta vencer adversidades - Notibras\" \/>\n<meta property=\"og:description\" content=\"O Nordeste brasileiro \u00e9, ao mesmo tempo, territ\u00f3rio de pot\u00eancia e de fragilidade. Regi\u00e3o de culturas vibrantes, economias em transforma\u00e7\u00e3o e identidades profundamente enraizadas, tamb\u00e9m carrega marcas hist\u00f3ricas de desigualdade que, em muitos contextos, ainda exp\u00f5em sua popula\u00e7\u00e3o a situa\u00e7\u00f5es de desprote\u00e7\u00e3o social, econ\u00f4mica e ambiental. Falar de um Nordeste \u201c(des)protegido\u201d \u00e9 reconhecer essa ambival\u00eancia: [&hellip;]\" \/>\n<meta property=\"og:url\" content=\"https:\/\/www.notibras.com\/site\/fragilizado-nordeste-tenta-vencer-adversidades\/\" \/>\n<meta property=\"og:site_name\" content=\"Notibras\" \/>\n<meta property=\"article:publisher\" content=\"https:\/\/www.facebook.com\/notibras\/\" \/>\n<meta property=\"article:published_time\" content=\"2025-12-24T11:27:42+00:00\" \/>\n<meta property=\"og:image\" content=\"https:\/\/www.notibras.com\/site\/wp-content\/uploads\/2025\/12\/ec4a654a-b6e9-4de7-9e3f-ac1e87e0f766.jpg\" \/>\n\t<meta property=\"og:image:width\" content=\"1600\" \/>\n\t<meta property=\"og:image:height\" content=\"1031\" \/>\n\t<meta property=\"og:image:type\" content=\"image\/jpeg\" \/>\n<meta name=\"author\" content=\"Reda\u00e7\u00e3o\" \/>\n<meta name=\"twitter:card\" content=\"summary_large_image\" \/>\n<meta name=\"twitter:creator\" content=\"@Notibras\" \/>\n<meta name=\"twitter:site\" content=\"@Notibras\" \/>\n<meta name=\"twitter:label1\" content=\"Escrito por\" \/>\n\t<meta name=\"twitter:data1\" content=\"Reda\u00e7\u00e3o\" \/>\n\t<meta name=\"twitter:label2\" content=\"Est. tempo de leitura\" \/>\n\t<meta name=\"twitter:data2\" content=\"3 minutos\" \/>\n<script type=\"application\/ld+json\" class=\"yoast-schema-graph\">{\"@context\":\"https:\\\/\\\/schema.org\",\"@graph\":[{\"@type\":\"Article\",\"@id\":\"https:\\\/\\\/www.notibras.com\\\/site\\\/fragilizado-nordeste-tenta-vencer-adversidades\\\/#article\",\"isPartOf\":{\"@id\":\"https:\\\/\\\/www.notibras.com\\\/site\\\/fragilizado-nordeste-tenta-vencer-adversidades\\\/\"},\"author\":{\"name\":\"Reda\u00e7\u00e3o\",\"@id\":\"https:\\\/\\\/www.notibras.com\\\/site\\\/#\\\/schema\\\/person\\\/36ab0979449956132d3e5b517ea76ac8\"},\"headline\":\"Fragilizado, Nordeste tenta vencer adversidades\",\"datePublished\":\"2025-12-24T11:27:42+00:00\",\"mainEntityOfPage\":{\"@id\":\"https:\\\/\\\/www.notibras.com\\\/site\\\/fragilizado-nordeste-tenta-vencer-adversidades\\\/\"},\"wordCount\":549,\"publisher\":{\"@id\":\"https:\\\/\\\/www.notibras.com\\\/site\\\/#organization\"},\"image\":{\"@id\":\"https:\\\/\\\/www.notibras.com\\\/site\\\/fragilizado-nordeste-tenta-vencer-adversidades\\\/#primaryimage\"},\"thumbnailUrl\":\"https:\\\/\\\/www.notibras.com\\\/site\\\/wp-content\\\/uploads\\\/2025\\\/12\\\/ec4a654a-b6e9-4de7-9e3f-ac1e87e0f766.jpg\",\"articleSection\":[\"Nordeste\"],\"inLanguage\":\"pt-BR\"},{\"@type\":\"WebPage\",\"@id\":\"https:\\\/\\\/www.notibras.com\\\/site\\\/fragilizado-nordeste-tenta-vencer-adversidades\\\/\",\"url\":\"https:\\\/\\\/www.notibras.com\\\/site\\\/fragilizado-nordeste-tenta-vencer-adversidades\\\/\",\"name\":\"Fragilizado, Nordeste tenta vencer adversidades - Notibras\",\"isPartOf\":{\"@id\":\"https:\\\/\\\/www.notibras.com\\\/site\\\/#website\"},\"primaryImageOfPage\":{\"@id\":\"https:\\\/\\\/www.notibras.com\\\/site\\\/fragilizado-nordeste-tenta-vencer-adversidades\\\/#primaryimage\"},\"image\":{\"@id\":\"https:\\\/\\\/www.notibras.com\\\/site\\\/fragilizado-nordeste-tenta-vencer-adversidades\\\/#primaryimage\"},\"thumbnailUrl\":\"https:\\\/\\\/www.notibras.com\\\/site\\\/wp-content\\\/uploads\\\/2025\\\/12\\\/ec4a654a-b6e9-4de7-9e3f-ac1e87e0f766.jpg\",\"datePublished\":\"2025-12-24T11:27:42+00:00\",\"breadcrumb\":{\"@id\":\"https:\\\/\\\/www.notibras.com\\\/site\\\/fragilizado-nordeste-tenta-vencer-adversidades\\\/#breadcrumb\"},\"inLanguage\":\"pt-BR\",\"potentialAction\":[{\"@type\":\"ReadAction\",\"target\":[\"https:\\\/\\\/www.notibras.com\\\/site\\\/fragilizado-nordeste-tenta-vencer-adversidades\\\/\"]}]},{\"@type\":\"ImageObject\",\"inLanguage\":\"pt-BR\",\"@id\":\"https:\\\/\\\/www.notibras.com\\\/site\\\/fragilizado-nordeste-tenta-vencer-adversidades\\\/#primaryimage\",\"url\":\"https:\\\/\\\/www.notibras.com\\\/site\\\/wp-content\\\/uploads\\\/2025\\\/12\\\/ec4a654a-b6e9-4de7-9e3f-ac1e87e0f766.jpg\",\"contentUrl\":\"https:\\\/\\\/www.notibras.com\\\/site\\\/wp-content\\\/uploads\\\/2025\\\/12\\\/ec4a654a-b6e9-4de7-9e3f-ac1e87e0f766.jpg\",\"width\":1600,\"height\":1031},{\"@type\":\"BreadcrumbList\",\"@id\":\"https:\\\/\\\/www.notibras.com\\\/site\\\/fragilizado-nordeste-tenta-vencer-adversidades\\\/#breadcrumb\",\"itemListElement\":[{\"@type\":\"ListItem\",\"position\":1,\"name\":\"In\u00edcio\",\"item\":\"https:\\\/\\\/www.notibras.com\\\/site\\\/\"},{\"@type\":\"ListItem\",\"position\":2,\"name\":\"Fragilizado, Nordeste tenta vencer adversidades\"}]},{\"@type\":\"WebSite\",\"@id\":\"https:\\\/\\\/www.notibras.com\\\/site\\\/#website\",\"url\":\"https:\\\/\\\/www.notibras.com\\\/site\\\/\",\"name\":\"Notibras\",\"description\":\"Not\u00edcias de Bras\u00edlia, do Brasil e do Mundo\",\"publisher\":{\"@id\":\"https:\\\/\\\/www.notibras.com\\\/site\\\/#organization\"},\"potentialAction\":[{\"@type\":\"SearchAction\",\"target\":{\"@type\":\"EntryPoint\",\"urlTemplate\":\"https:\\\/\\\/www.notibras.com\\\/site\\\/?s={search_term_string}\"},\"query-input\":{\"@type\":\"PropertyValueSpecification\",\"valueRequired\":true,\"valueName\":\"search_term_string\"}}],\"inLanguage\":\"pt-BR\"},{\"@type\":\"Organization\",\"@id\":\"https:\\\/\\\/www.notibras.com\\\/site\\\/#organization\",\"name\":\"Grupo Notibras de Comunica\u00e7\u00e3o\",\"url\":\"https:\\\/\\\/www.notibras.com\\\/site\\\/\",\"logo\":{\"@type\":\"ImageObject\",\"inLanguage\":\"pt-BR\",\"@id\":\"https:\\\/\\\/www.notibras.com\\\/site\\\/#\\\/schema\\\/logo\\\/image\\\/\",\"url\":\"https:\\\/\\\/www.notibras.com\\\/site\\\/wp-content\\\/uploads\\\/2023\\\/01\\\/notibras23.png\",\"contentUrl\":\"https:\\\/\\\/www.notibras.com\\\/site\\\/wp-content\\\/uploads\\\/2023\\\/01\\\/notibras23.png\",\"width\":350,\"height\":87,\"caption\":\"Grupo Notibras de Comunica\u00e7\u00e3o\"},\"image\":{\"@id\":\"https:\\\/\\\/www.notibras.com\\\/site\\\/#\\\/schema\\\/logo\\\/image\\\/\"},\"sameAs\":[\"https:\\\/\\\/www.facebook.com\\\/notibras\\\/\",\"https:\\\/\\\/x.com\\\/Notibras\",\"https:\\\/\\\/www.instagram.com\\\/notibras\\\/\"]},{\"@type\":\"Person\",\"@id\":\"https:\\\/\\\/www.notibras.com\\\/site\\\/#\\\/schema\\\/person\\\/36ab0979449956132d3e5b517ea76ac8\",\"name\":\"Reda\u00e7\u00e3o\",\"image\":{\"@type\":\"ImageObject\",\"inLanguage\":\"pt-BR\",\"@id\":\"https:\\\/\\\/secure.gravatar.com\\\/avatar\\\/e0a867bdedb85fd243eadf09663511f96fc81e0720a4a42581f334ad4303aa6b?s=96&d=mm&r=g\",\"url\":\"https:\\\/\\\/secure.gravatar.com\\\/avatar\\\/e0a867bdedb85fd243eadf09663511f96fc81e0720a4a42581f334ad4303aa6b?s=96&d=mm&r=g\",\"contentUrl\":\"https:\\\/\\\/secure.gravatar.com\\\/avatar\\\/e0a867bdedb85fd243eadf09663511f96fc81e0720a4a42581f334ad4303aa6b?s=96&d=mm&r=g\",\"caption\":\"Reda\u00e7\u00e3o\"}}]}<\/script>\n<!-- \/ Yoast SEO plugin. -->","yoast_head_json":{"title":"Fragilizado, Nordeste tenta vencer adversidades - Notibras","robots":{"index":"index","follow":"follow","max-snippet":"max-snippet:-1","max-image-preview":"max-image-preview:large","max-video-preview":"max-video-preview:-1"},"canonical":"https:\/\/www.notibras.com\/site\/fragilizado-nordeste-tenta-vencer-adversidades\/","og_locale":"pt_BR","og_type":"article","og_title":"Fragilizado, Nordeste tenta vencer adversidades - Notibras","og_description":"O Nordeste brasileiro \u00e9, ao mesmo tempo, territ\u00f3rio de pot\u00eancia e de fragilidade. Regi\u00e3o de culturas vibrantes, economias em transforma\u00e7\u00e3o e identidades profundamente enraizadas, tamb\u00e9m carrega marcas hist\u00f3ricas de desigualdade que, em muitos contextos, ainda exp\u00f5em sua popula\u00e7\u00e3o a situa\u00e7\u00f5es de desprote\u00e7\u00e3o social, econ\u00f4mica e ambiental. Falar de um Nordeste \u201c(des)protegido\u201d \u00e9 reconhecer essa ambival\u00eancia: [&hellip;]","og_url":"https:\/\/www.notibras.com\/site\/fragilizado-nordeste-tenta-vencer-adversidades\/","og_site_name":"Notibras","article_publisher":"https:\/\/www.facebook.com\/notibras\/","article_published_time":"2025-12-24T11:27:42+00:00","og_image":[{"width":1600,"height":1031,"url":"https:\/\/www.notibras.com\/site\/wp-content\/uploads\/2025\/12\/ec4a654a-b6e9-4de7-9e3f-ac1e87e0f766.jpg","type":"image\/jpeg"}],"author":"Reda\u00e7\u00e3o","twitter_card":"summary_large_image","twitter_creator":"@Notibras","twitter_site":"@Notibras","twitter_misc":{"Escrito por":"Reda\u00e7\u00e3o","Est. tempo de leitura":"3 minutos"},"schema":{"@context":"https:\/\/schema.org","@graph":[{"@type":"Article","@id":"https:\/\/www.notibras.com\/site\/fragilizado-nordeste-tenta-vencer-adversidades\/#article","isPartOf":{"@id":"https:\/\/www.notibras.com\/site\/fragilizado-nordeste-tenta-vencer-adversidades\/"},"author":{"name":"Reda\u00e7\u00e3o","@id":"https:\/\/www.notibras.com\/site\/#\/schema\/person\/36ab0979449956132d3e5b517ea76ac8"},"headline":"Fragilizado, Nordeste tenta vencer adversidades","datePublished":"2025-12-24T11:27:42+00:00","mainEntityOfPage":{"@id":"https:\/\/www.notibras.com\/site\/fragilizado-nordeste-tenta-vencer-adversidades\/"},"wordCount":549,"publisher":{"@id":"https:\/\/www.notibras.com\/site\/#organization"},"image":{"@id":"https:\/\/www.notibras.com\/site\/fragilizado-nordeste-tenta-vencer-adversidades\/#primaryimage"},"thumbnailUrl":"https:\/\/www.notibras.com\/site\/wp-content\/uploads\/2025\/12\/ec4a654a-b6e9-4de7-9e3f-ac1e87e0f766.jpg","articleSection":["Nordeste"],"inLanguage":"pt-BR"},{"@type":"WebPage","@id":"https:\/\/www.notibras.com\/site\/fragilizado-nordeste-tenta-vencer-adversidades\/","url":"https:\/\/www.notibras.com\/site\/fragilizado-nordeste-tenta-vencer-adversidades\/","name":"Fragilizado, Nordeste tenta vencer adversidades - Notibras","isPartOf":{"@id":"https:\/\/www.notibras.com\/site\/#website"},"primaryImageOfPage":{"@id":"https:\/\/www.notibras.com\/site\/fragilizado-nordeste-tenta-vencer-adversidades\/#primaryimage"},"image":{"@id":"https:\/\/www.notibras.com\/site\/fragilizado-nordeste-tenta-vencer-adversidades\/#primaryimage"},"thumbnailUrl":"https:\/\/www.notibras.com\/site\/wp-content\/uploads\/2025\/12\/ec4a654a-b6e9-4de7-9e3f-ac1e87e0f766.jpg","datePublished":"2025-12-24T11:27:42+00:00","breadcrumb":{"@id":"https:\/\/www.notibras.com\/site\/fragilizado-nordeste-tenta-vencer-adversidades\/#breadcrumb"},"inLanguage":"pt-BR","potentialAction":[{"@type":"ReadAction","target":["https:\/\/www.notibras.com\/site\/fragilizado-nordeste-tenta-vencer-adversidades\/"]}]},{"@type":"ImageObject","inLanguage":"pt-BR","@id":"https:\/\/www.notibras.com\/site\/fragilizado-nordeste-tenta-vencer-adversidades\/#primaryimage","url":"https:\/\/www.notibras.com\/site\/wp-content\/uploads\/2025\/12\/ec4a654a-b6e9-4de7-9e3f-ac1e87e0f766.jpg","contentUrl":"https:\/\/www.notibras.com\/site\/wp-content\/uploads\/2025\/12\/ec4a654a-b6e9-4de7-9e3f-ac1e87e0f766.jpg","width":1600,"height":1031},{"@type":"BreadcrumbList","@id":"https:\/\/www.notibras.com\/site\/fragilizado-nordeste-tenta-vencer-adversidades\/#breadcrumb","itemListElement":[{"@type":"ListItem","position":1,"name":"In\u00edcio","item":"https:\/\/www.notibras.com\/site\/"},{"@type":"ListItem","position":2,"name":"Fragilizado, Nordeste tenta vencer adversidades"}]},{"@type":"WebSite","@id":"https:\/\/www.notibras.com\/site\/#website","url":"https:\/\/www.notibras.com\/site\/","name":"Notibras","description":"Not\u00edcias de Bras\u00edlia, do Brasil e do Mundo","publisher":{"@id":"https:\/\/www.notibras.com\/site\/#organization"},"potentialAction":[{"@type":"SearchAction","target":{"@type":"EntryPoint","urlTemplate":"https:\/\/www.notibras.com\/site\/?s={search_term_string}"},"query-input":{"@type":"PropertyValueSpecification","valueRequired":true,"valueName":"search_term_string"}}],"inLanguage":"pt-BR"},{"@type":"Organization","@id":"https:\/\/www.notibras.com\/site\/#organization","name":"Grupo Notibras de Comunica\u00e7\u00e3o","url":"https:\/\/www.notibras.com\/site\/","logo":{"@type":"ImageObject","inLanguage":"pt-BR","@id":"https:\/\/www.notibras.com\/site\/#\/schema\/logo\/image\/","url":"https:\/\/www.notibras.com\/site\/wp-content\/uploads\/2023\/01\/notibras23.png","contentUrl":"https:\/\/www.notibras.com\/site\/wp-content\/uploads\/2023\/01\/notibras23.png","width":350,"height":87,"caption":"Grupo Notibras de Comunica\u00e7\u00e3o"},"image":{"@id":"https:\/\/www.notibras.com\/site\/#\/schema\/logo\/image\/"},"sameAs":["https:\/\/www.facebook.com\/notibras\/","https:\/\/x.com\/Notibras","https:\/\/www.instagram.com\/notibras\/"]},{"@type":"Person","@id":"https:\/\/www.notibras.com\/site\/#\/schema\/person\/36ab0979449956132d3e5b517ea76ac8","name":"Reda\u00e7\u00e3o","image":{"@type":"ImageObject","inLanguage":"pt-BR","@id":"https:\/\/secure.gravatar.com\/avatar\/e0a867bdedb85fd243eadf09663511f96fc81e0720a4a42581f334ad4303aa6b?s=96&d=mm&r=g","url":"https:\/\/secure.gravatar.com\/avatar\/e0a867bdedb85fd243eadf09663511f96fc81e0720a4a42581f334ad4303aa6b?s=96&d=mm&r=g","contentUrl":"https:\/\/secure.gravatar.com\/avatar\/e0a867bdedb85fd243eadf09663511f96fc81e0720a4a42581f334ad4303aa6b?s=96&d=mm&r=g","caption":"Reda\u00e7\u00e3o"}}]}},"amp_enabled":true,"_links":{"self":[{"href":"https:\/\/www.notibras.com\/site\/wp-json\/wp\/v2\/posts\/376105","targetHints":{"allow":["GET"]}}],"collection":[{"href":"https:\/\/www.notibras.com\/site\/wp-json\/wp\/v2\/posts"}],"about":[{"href":"https:\/\/www.notibras.com\/site\/wp-json\/wp\/v2\/types\/post"}],"author":[{"embeddable":true,"href":"https:\/\/www.notibras.com\/site\/wp-json\/wp\/v2\/users\/2"}],"replies":[{"embeddable":true,"href":"https:\/\/www.notibras.com\/site\/wp-json\/wp\/v2\/comments?post=376105"}],"version-history":[{"count":1,"href":"https:\/\/www.notibras.com\/site\/wp-json\/wp\/v2\/posts\/376105\/revisions"}],"predecessor-version":[{"id":376107,"href":"https:\/\/www.notibras.com\/site\/wp-json\/wp\/v2\/posts\/376105\/revisions\/376107"}],"wp:featuredmedia":[{"embeddable":true,"href":"https:\/\/www.notibras.com\/site\/wp-json\/wp\/v2\/media\/376106"}],"wp:attachment":[{"href":"https:\/\/www.notibras.com\/site\/wp-json\/wp\/v2\/media?parent=376105"}],"wp:term":[{"taxonomy":"category","embeddable":true,"href":"https:\/\/www.notibras.com\/site\/wp-json\/wp\/v2\/categories?post=376105"},{"taxonomy":"post_tag","embeddable":true,"href":"https:\/\/www.notibras.com\/site\/wp-json\/wp\/v2\/tags?post=376105"}],"curies":[{"name":"wp","href":"https:\/\/api.w.org\/{rel}","templated":true}]}}