{"id":376143,"date":"2025-12-25T02:00:35","date_gmt":"2025-12-25T05:00:35","guid":{"rendered":"https:\/\/www.notibras.com\/site\/?p=376143"},"modified":"2025-12-24T20:57:59","modified_gmt":"2025-12-24T23:57:59","slug":"reminiscencias-de-um-natal-de-outrora","status":"publish","type":"post","link":"https:\/\/www.notibras.com\/site\/reminiscencias-de-um-natal-de-outrora\/","title":{"rendered":"Reminisc\u00eancias de um Natal de outrora"},"content":{"rendered":"<p>J\u00falia, diante da \u00e1rvore de Natal abarrotada de tantos embrulhos, voltou seus pensamentos para sua inf\u00e2ncia, quando a mis\u00e9ria lhe era t\u00e3o presente. De t\u00e3o pobre, n\u00e3o conseguia vislumbrar a exist\u00eancia de outro mundo al\u00e9m do pauperismo, que lhe acompanhou por anos.<\/p>\n<p>\u2014 M\u00e3e, a senhora t\u00e1 bem?<\/p>\n<p>\u2014 T\u00f4.<\/p>\n<p>\u2014 Tem certeza?<\/p>\n<p>\u2014 Sim, Laura, estou.<\/p>\n<p>\u2014 Vem comer um pouquinho. A farofa de couve est\u00e1 uma del\u00edcia.<\/p>\n<p>Puxada pela filha, J\u00falia sorriu, como se aquilo pudesse apagar suas mem\u00f3rias. Ela at\u00e9 se divertia e, n\u00e3o raro, apesar de ter vivenciado tais momentos, ficava surpresa com a criatividade de seu pai, Marinelson.<\/p>\n<p>J\u00falia n\u00e3o se recordava do ano exato, mas era algo pr\u00f3ximo a 1966, talvez 1968. A fam\u00edlia, composta pelos pais e cinco filhos, incluindo J\u00falia, se apertava em um barraco no Parano\u00e1, ent\u00e3o cidade sat\u00e9lite do Distrito Federal. Tempos em que n\u00e3o se tinha certeza de que teriam o que comer no dia seguinte. Esp\u00e9cie de roleta-russa da arte da sobreviv\u00eancia.<\/p>\n<p>Enquanto parte da capital do pa\u00eds estava extasiada pelas luzes do Natal daquele long\u00ednquo ano, J\u00falia e os parentes se preparavam para dividir meia panela de arroz, farinha e um punhado de feij\u00e3o, quando seu pai chegou com uma enorme caixa de papel\u00e3o vazia. Todos voltaram os olhos para o sujeito, pois n\u00e3o entendiam qual seria o objetivo daquilo.<\/p>\n<p>Laurentina, a esposa, foi a primeira a question\u00e1-lo:<\/p>\n<p>\u2014 O que voc\u00ea vai fazer com isso, meu bem?<\/p>\n<p>\u2014 T\u00e1 aqui o nosso presente de Natal.<\/p>\n<p>\u2014 Uma caixa de papel\u00e3o?<\/p>\n<p>\u2014 N\u00e3o, J\u00falia. Isto n\u00e3o \u00e9 apenas uma caixa de papel\u00e3o.<\/p>\n<p>\u2014 N\u00e3o? E o que \u00e9, ent\u00e3o, papai?<\/p>\n<p>\u2014 O que voc\u00ea quiser, minha filha.<\/p>\n<p>O homem estava certo. Aquela caixa foi transformada em cabana, em carruagem, at\u00e9 em disco voador. A mera caixa de papel\u00e3o era um mundo. E, pela primeira vez, J\u00falia aprendeu o que era sonhar. E, desde ent\u00e3o, nunca mais parou.<\/p>\n<p><strong>\u2026\u2026\u2026\u2026\u2026\u2026\u2026\u2026<\/strong><\/p>\n<p><strong>Eduardo Mart\u00ednez \u00e9 autor do livro \u201957 Contos e Cr\u00f4nicas por um Autor Muito Velho\u2019 (Vencedor do Pr\u00eamio Liter\u00e1rio Clarice Lispector \u2013 2025 na categoria livro de contos).<\/strong><\/p>\n<p><strong>Compre aqui<\/strong><\/p>\n<p><a href=\"https:\/\/www.joanineditora.com.br\/57-contos-e-cronicas-por-um-autor-muito-velho\"><strong>https:\/\/www.joanineditora.com.br\/57-contos-e-cronicas-por-um-autor-muito-velho<\/strong><\/a><\/p>\n","protected":false},"excerpt":{"rendered":"<p>J\u00falia, diante da \u00e1rvore de Natal abarrotada de tantos embrulhos, voltou seus pensamentos para sua inf\u00e2ncia, quando a mis\u00e9ria lhe era t\u00e3o presente. De t\u00e3o pobre, n\u00e3o conseguia vislumbrar a exist\u00eancia de outro mundo al\u00e9m do pauperismo, que lhe acompanhou por anos. \u2014 M\u00e3e, a senhora t\u00e1 bem? \u2014 T\u00f4. \u2014 Tem certeza? \u2014 Sim, [&hellip;]<\/p>\n","protected":false},"author":21,"featured_media":376144,"comment_status":"closed","ping_status":"closed","sticky":false,"template":"","format":"standard","meta":{"_acf_changed":false,"footnotes":""},"categories":[161],"tags":[],"class_list":["post-376143","post","type-post","status-publish","format-standard","has-post-thumbnail","hentry","category-quadradinho-em-foco"],"acf":[],"yoast_head":"<!-- This site is optimized with the Yoast SEO plugin v27.5 - https:\/\/yoast.com\/product\/yoast-seo-wordpress\/ -->\n<title>Reminisc\u00eancias de um Natal de outrora - Notibras<\/title>\n<meta name=\"robots\" content=\"index, follow, max-snippet:-1, max-image-preview:large, max-video-preview:-1\" \/>\n<link rel=\"canonical\" href=\"https:\/\/www.notibras.com\/site\/reminiscencias-de-um-natal-de-outrora\/\" \/>\n<meta property=\"og:locale\" content=\"pt_BR\" \/>\n<meta property=\"og:type\" content=\"article\" \/>\n<meta property=\"og:title\" content=\"Reminisc\u00eancias de um Natal de outrora - Notibras\" \/>\n<meta property=\"og:description\" content=\"J\u00falia, diante da \u00e1rvore de Natal abarrotada de tantos embrulhos, voltou seus pensamentos para sua inf\u00e2ncia, quando a mis\u00e9ria lhe era t\u00e3o presente. De t\u00e3o pobre, n\u00e3o conseguia vislumbrar a exist\u00eancia de outro mundo al\u00e9m do pauperismo, que lhe acompanhou por anos. \u2014 M\u00e3e, a senhora t\u00e1 bem? \u2014 T\u00f4. \u2014 Tem certeza? \u2014 Sim, [&hellip;]\" \/>\n<meta property=\"og:url\" content=\"https:\/\/www.notibras.com\/site\/reminiscencias-de-um-natal-de-outrora\/\" \/>\n<meta property=\"og:site_name\" content=\"Notibras\" \/>\n<meta property=\"article:publisher\" content=\"https:\/\/www.facebook.com\/notibras\/\" \/>\n<meta property=\"article:published_time\" content=\"2025-12-25T05:00:35+00:00\" \/>\n<meta property=\"og:image\" content=\"https:\/\/www.notibras.com\/site\/wp-content\/uploads\/2025\/12\/IMG_9763.jpg\" \/>\n\t<meta property=\"og:image:width\" content=\"1023\" \/>\n\t<meta property=\"og:image:height\" content=\"911\" \/>\n\t<meta property=\"og:image:type\" content=\"image\/jpeg\" \/>\n<meta name=\"author\" content=\"Eduardo Mart\u00ednez\" \/>\n<meta name=\"twitter:card\" content=\"summary_large_image\" \/>\n<meta name=\"twitter:creator\" content=\"@Notibras\" \/>\n<meta name=\"twitter:site\" content=\"@Notibras\" \/>\n<meta name=\"twitter:label1\" content=\"Escrito por\" \/>\n\t<meta name=\"twitter:data1\" content=\"Eduardo Mart\u00ednez\" \/>\n\t<meta name=\"twitter:label2\" content=\"Est. tempo de leitura\" \/>\n\t<meta name=\"twitter:data2\" content=\"3 minutos\" \/>\n<script type=\"application\/ld+json\" class=\"yoast-schema-graph\">{\"@context\":\"https:\\\/\\\/schema.org\",\"@graph\":[{\"@type\":\"Article\",\"@id\":\"https:\\\/\\\/www.notibras.com\\\/site\\\/reminiscencias-de-um-natal-de-outrora\\\/#article\",\"isPartOf\":{\"@id\":\"https:\\\/\\\/www.notibras.com\\\/site\\\/reminiscencias-de-um-natal-de-outrora\\\/\"},\"author\":{\"name\":\"Eduardo Mart\u00ednez\",\"@id\":\"https:\\\/\\\/www.notibras.com\\\/site\\\/#\\\/schema\\\/person\\\/5b7fabf2aedc3ada2105f03b22b4d3dd\"},\"headline\":\"Reminisc\u00eancias de um Natal de outrora\",\"datePublished\":\"2025-12-25T05:00:35+00:00\",\"mainEntityOfPage\":{\"@id\":\"https:\\\/\\\/www.notibras.com\\\/site\\\/reminiscencias-de-um-natal-de-outrora\\\/\"},\"wordCount\":388,\"publisher\":{\"@id\":\"https:\\\/\\\/www.notibras.com\\\/site\\\/#organization\"},\"image\":{\"@id\":\"https:\\\/\\\/www.notibras.com\\\/site\\\/reminiscencias-de-um-natal-de-outrora\\\/#primaryimage\"},\"thumbnailUrl\":\"https:\\\/\\\/www.notibras.com\\\/site\\\/wp-content\\\/uploads\\\/2025\\\/12\\\/IMG_9763.jpg\",\"articleSection\":[\"Quadradinho em Foco\"],\"inLanguage\":\"pt-BR\"},{\"@type\":\"WebPage\",\"@id\":\"https:\\\/\\\/www.notibras.com\\\/site\\\/reminiscencias-de-um-natal-de-outrora\\\/\",\"url\":\"https:\\\/\\\/www.notibras.com\\\/site\\\/reminiscencias-de-um-natal-de-outrora\\\/\",\"name\":\"Reminisc\u00eancias de um Natal de outrora - Notibras\",\"isPartOf\":{\"@id\":\"https:\\\/\\\/www.notibras.com\\\/site\\\/#website\"},\"primaryImageOfPage\":{\"@id\":\"https:\\\/\\\/www.notibras.com\\\/site\\\/reminiscencias-de-um-natal-de-outrora\\\/#primaryimage\"},\"image\":{\"@id\":\"https:\\\/\\\/www.notibras.com\\\/site\\\/reminiscencias-de-um-natal-de-outrora\\\/#primaryimage\"},\"thumbnailUrl\":\"https:\\\/\\\/www.notibras.com\\\/site\\\/wp-content\\\/uploads\\\/2025\\\/12\\\/IMG_9763.jpg\",\"datePublished\":\"2025-12-25T05:00:35+00:00\",\"breadcrumb\":{\"@id\":\"https:\\\/\\\/www.notibras.com\\\/site\\\/reminiscencias-de-um-natal-de-outrora\\\/#breadcrumb\"},\"inLanguage\":\"pt-BR\",\"potentialAction\":[{\"@type\":\"ReadAction\",\"target\":[\"https:\\\/\\\/www.notibras.com\\\/site\\\/reminiscencias-de-um-natal-de-outrora\\\/\"]}]},{\"@type\":\"ImageObject\",\"inLanguage\":\"pt-BR\",\"@id\":\"https:\\\/\\\/www.notibras.com\\\/site\\\/reminiscencias-de-um-natal-de-outrora\\\/#primaryimage\",\"url\":\"https:\\\/\\\/www.notibras.com\\\/site\\\/wp-content\\\/uploads\\\/2025\\\/12\\\/IMG_9763.jpg\",\"contentUrl\":\"https:\\\/\\\/www.notibras.com\\\/site\\\/wp-content\\\/uploads\\\/2025\\\/12\\\/IMG_9763.jpg\",\"width\":1023,\"height\":911},{\"@type\":\"BreadcrumbList\",\"@id\":\"https:\\\/\\\/www.notibras.com\\\/site\\\/reminiscencias-de-um-natal-de-outrora\\\/#breadcrumb\",\"itemListElement\":[{\"@type\":\"ListItem\",\"position\":1,\"name\":\"In\u00edcio\",\"item\":\"https:\\\/\\\/www.notibras.com\\\/site\\\/\"},{\"@type\":\"ListItem\",\"position\":2,\"name\":\"Reminisc\u00eancias de um Natal de outrora\"}]},{\"@type\":\"WebSite\",\"@id\":\"https:\\\/\\\/www.notibras.com\\\/site\\\/#website\",\"url\":\"https:\\\/\\\/www.notibras.com\\\/site\\\/\",\"name\":\"Notibras\",\"description\":\"Not\u00edcias de Bras\u00edlia, do Brasil e do Mundo\",\"publisher\":{\"@id\":\"https:\\\/\\\/www.notibras.com\\\/site\\\/#organization\"},\"potentialAction\":[{\"@type\":\"SearchAction\",\"target\":{\"@type\":\"EntryPoint\",\"urlTemplate\":\"https:\\\/\\\/www.notibras.com\\\/site\\\/?s={search_term_string}\"},\"query-input\":{\"@type\":\"PropertyValueSpecification\",\"valueRequired\":true,\"valueName\":\"search_term_string\"}}],\"inLanguage\":\"pt-BR\"},{\"@type\":\"Organization\",\"@id\":\"https:\\\/\\\/www.notibras.com\\\/site\\\/#organization\",\"name\":\"Grupo Notibras de Comunica\u00e7\u00e3o\",\"url\":\"https:\\\/\\\/www.notibras.com\\\/site\\\/\",\"logo\":{\"@type\":\"ImageObject\",\"inLanguage\":\"pt-BR\",\"@id\":\"https:\\\/\\\/www.notibras.com\\\/site\\\/#\\\/schema\\\/logo\\\/image\\\/\",\"url\":\"https:\\\/\\\/www.notibras.com\\\/site\\\/wp-content\\\/uploads\\\/2023\\\/01\\\/notibras23.png\",\"contentUrl\":\"https:\\\/\\\/www.notibras.com\\\/site\\\/wp-content\\\/uploads\\\/2023\\\/01\\\/notibras23.png\",\"width\":350,\"height\":87,\"caption\":\"Grupo Notibras de Comunica\u00e7\u00e3o\"},\"image\":{\"@id\":\"https:\\\/\\\/www.notibras.com\\\/site\\\/#\\\/schema\\\/logo\\\/image\\\/\"},\"sameAs\":[\"https:\\\/\\\/www.facebook.com\\\/notibras\\\/\",\"https:\\\/\\\/x.com\\\/Notibras\",\"https:\\\/\\\/www.instagram.com\\\/notibras\\\/\"]},{\"@type\":\"Person\",\"@id\":\"https:\\\/\\\/www.notibras.com\\\/site\\\/#\\\/schema\\\/person\\\/5b7fabf2aedc3ada2105f03b22b4d3dd\",\"name\":\"Eduardo Mart\u00ednez\",\"image\":{\"@type\":\"ImageObject\",\"inLanguage\":\"pt-BR\",\"@id\":\"https:\\\/\\\/secure.gravatar.com\\\/avatar\\\/7902f906289926289cbcda644b5197c796b893c6ffd7b9a536a42d290f7704a0?s=96&d=mm&r=g\",\"url\":\"https:\\\/\\\/secure.gravatar.com\\\/avatar\\\/7902f906289926289cbcda644b5197c796b893c6ffd7b9a536a42d290f7704a0?s=96&d=mm&r=g\",\"contentUrl\":\"https:\\\/\\\/secure.gravatar.com\\\/avatar\\\/7902f906289926289cbcda644b5197c796b893c6ffd7b9a536a42d290f7704a0?s=96&d=mm&r=g\",\"caption\":\"Eduardo Mart\u00ednez\"}}]}<\/script>\n<!-- \/ Yoast SEO plugin. -->","yoast_head_json":{"title":"Reminisc\u00eancias de um Natal de outrora - Notibras","robots":{"index":"index","follow":"follow","max-snippet":"max-snippet:-1","max-image-preview":"max-image-preview:large","max-video-preview":"max-video-preview:-1"},"canonical":"https:\/\/www.notibras.com\/site\/reminiscencias-de-um-natal-de-outrora\/","og_locale":"pt_BR","og_type":"article","og_title":"Reminisc\u00eancias de um Natal de outrora - Notibras","og_description":"J\u00falia, diante da \u00e1rvore de Natal abarrotada de tantos embrulhos, voltou seus pensamentos para sua inf\u00e2ncia, quando a mis\u00e9ria lhe era t\u00e3o presente. De t\u00e3o pobre, n\u00e3o conseguia vislumbrar a exist\u00eancia de outro mundo al\u00e9m do pauperismo, que lhe acompanhou por anos. \u2014 M\u00e3e, a senhora t\u00e1 bem? \u2014 T\u00f4. \u2014 Tem certeza? \u2014 Sim, [&hellip;]","og_url":"https:\/\/www.notibras.com\/site\/reminiscencias-de-um-natal-de-outrora\/","og_site_name":"Notibras","article_publisher":"https:\/\/www.facebook.com\/notibras\/","article_published_time":"2025-12-25T05:00:35+00:00","og_image":[{"width":1023,"height":911,"url":"https:\/\/www.notibras.com\/site\/wp-content\/uploads\/2025\/12\/IMG_9763.jpg","type":"image\/jpeg"}],"author":"Eduardo Mart\u00ednez","twitter_card":"summary_large_image","twitter_creator":"@Notibras","twitter_site":"@Notibras","twitter_misc":{"Escrito por":"Eduardo Mart\u00ednez","Est. tempo de leitura":"3 minutos"},"schema":{"@context":"https:\/\/schema.org","@graph":[{"@type":"Article","@id":"https:\/\/www.notibras.com\/site\/reminiscencias-de-um-natal-de-outrora\/#article","isPartOf":{"@id":"https:\/\/www.notibras.com\/site\/reminiscencias-de-um-natal-de-outrora\/"},"author":{"name":"Eduardo Mart\u00ednez","@id":"https:\/\/www.notibras.com\/site\/#\/schema\/person\/5b7fabf2aedc3ada2105f03b22b4d3dd"},"headline":"Reminisc\u00eancias de um Natal de outrora","datePublished":"2025-12-25T05:00:35+00:00","mainEntityOfPage":{"@id":"https:\/\/www.notibras.com\/site\/reminiscencias-de-um-natal-de-outrora\/"},"wordCount":388,"publisher":{"@id":"https:\/\/www.notibras.com\/site\/#organization"},"image":{"@id":"https:\/\/www.notibras.com\/site\/reminiscencias-de-um-natal-de-outrora\/#primaryimage"},"thumbnailUrl":"https:\/\/www.notibras.com\/site\/wp-content\/uploads\/2025\/12\/IMG_9763.jpg","articleSection":["Quadradinho em Foco"],"inLanguage":"pt-BR"},{"@type":"WebPage","@id":"https:\/\/www.notibras.com\/site\/reminiscencias-de-um-natal-de-outrora\/","url":"https:\/\/www.notibras.com\/site\/reminiscencias-de-um-natal-de-outrora\/","name":"Reminisc\u00eancias de um Natal de outrora - Notibras","isPartOf":{"@id":"https:\/\/www.notibras.com\/site\/#website"},"primaryImageOfPage":{"@id":"https:\/\/www.notibras.com\/site\/reminiscencias-de-um-natal-de-outrora\/#primaryimage"},"image":{"@id":"https:\/\/www.notibras.com\/site\/reminiscencias-de-um-natal-de-outrora\/#primaryimage"},"thumbnailUrl":"https:\/\/www.notibras.com\/site\/wp-content\/uploads\/2025\/12\/IMG_9763.jpg","datePublished":"2025-12-25T05:00:35+00:00","breadcrumb":{"@id":"https:\/\/www.notibras.com\/site\/reminiscencias-de-um-natal-de-outrora\/#breadcrumb"},"inLanguage":"pt-BR","potentialAction":[{"@type":"ReadAction","target":["https:\/\/www.notibras.com\/site\/reminiscencias-de-um-natal-de-outrora\/"]}]},{"@type":"ImageObject","inLanguage":"pt-BR","@id":"https:\/\/www.notibras.com\/site\/reminiscencias-de-um-natal-de-outrora\/#primaryimage","url":"https:\/\/www.notibras.com\/site\/wp-content\/uploads\/2025\/12\/IMG_9763.jpg","contentUrl":"https:\/\/www.notibras.com\/site\/wp-content\/uploads\/2025\/12\/IMG_9763.jpg","width":1023,"height":911},{"@type":"BreadcrumbList","@id":"https:\/\/www.notibras.com\/site\/reminiscencias-de-um-natal-de-outrora\/#breadcrumb","itemListElement":[{"@type":"ListItem","position":1,"name":"In\u00edcio","item":"https:\/\/www.notibras.com\/site\/"},{"@type":"ListItem","position":2,"name":"Reminisc\u00eancias de um Natal de outrora"}]},{"@type":"WebSite","@id":"https:\/\/www.notibras.com\/site\/#website","url":"https:\/\/www.notibras.com\/site\/","name":"Notibras","description":"Not\u00edcias de Bras\u00edlia, do Brasil e do Mundo","publisher":{"@id":"https:\/\/www.notibras.com\/site\/#organization"},"potentialAction":[{"@type":"SearchAction","target":{"@type":"EntryPoint","urlTemplate":"https:\/\/www.notibras.com\/site\/?s={search_term_string}"},"query-input":{"@type":"PropertyValueSpecification","valueRequired":true,"valueName":"search_term_string"}}],"inLanguage":"pt-BR"},{"@type":"Organization","@id":"https:\/\/www.notibras.com\/site\/#organization","name":"Grupo Notibras de Comunica\u00e7\u00e3o","url":"https:\/\/www.notibras.com\/site\/","logo":{"@type":"ImageObject","inLanguage":"pt-BR","@id":"https:\/\/www.notibras.com\/site\/#\/schema\/logo\/image\/","url":"https:\/\/www.notibras.com\/site\/wp-content\/uploads\/2023\/01\/notibras23.png","contentUrl":"https:\/\/www.notibras.com\/site\/wp-content\/uploads\/2023\/01\/notibras23.png","width":350,"height":87,"caption":"Grupo Notibras de Comunica\u00e7\u00e3o"},"image":{"@id":"https:\/\/www.notibras.com\/site\/#\/schema\/logo\/image\/"},"sameAs":["https:\/\/www.facebook.com\/notibras\/","https:\/\/x.com\/Notibras","https:\/\/www.instagram.com\/notibras\/"]},{"@type":"Person","@id":"https:\/\/www.notibras.com\/site\/#\/schema\/person\/5b7fabf2aedc3ada2105f03b22b4d3dd","name":"Eduardo Mart\u00ednez","image":{"@type":"ImageObject","inLanguage":"pt-BR","@id":"https:\/\/secure.gravatar.com\/avatar\/7902f906289926289cbcda644b5197c796b893c6ffd7b9a536a42d290f7704a0?s=96&d=mm&r=g","url":"https:\/\/secure.gravatar.com\/avatar\/7902f906289926289cbcda644b5197c796b893c6ffd7b9a536a42d290f7704a0?s=96&d=mm&r=g","contentUrl":"https:\/\/secure.gravatar.com\/avatar\/7902f906289926289cbcda644b5197c796b893c6ffd7b9a536a42d290f7704a0?s=96&d=mm&r=g","caption":"Eduardo Mart\u00ednez"}}]}},"amp_enabled":true,"_links":{"self":[{"href":"https:\/\/www.notibras.com\/site\/wp-json\/wp\/v2\/posts\/376143","targetHints":{"allow":["GET"]}}],"collection":[{"href":"https:\/\/www.notibras.com\/site\/wp-json\/wp\/v2\/posts"}],"about":[{"href":"https:\/\/www.notibras.com\/site\/wp-json\/wp\/v2\/types\/post"}],"author":[{"embeddable":true,"href":"https:\/\/www.notibras.com\/site\/wp-json\/wp\/v2\/users\/21"}],"replies":[{"embeddable":true,"href":"https:\/\/www.notibras.com\/site\/wp-json\/wp\/v2\/comments?post=376143"}],"version-history":[{"count":6,"href":"https:\/\/www.notibras.com\/site\/wp-json\/wp\/v2\/posts\/376143\/revisions"}],"predecessor-version":[{"id":376240,"href":"https:\/\/www.notibras.com\/site\/wp-json\/wp\/v2\/posts\/376143\/revisions\/376240"}],"wp:featuredmedia":[{"embeddable":true,"href":"https:\/\/www.notibras.com\/site\/wp-json\/wp\/v2\/media\/376144"}],"wp:attachment":[{"href":"https:\/\/www.notibras.com\/site\/wp-json\/wp\/v2\/media?parent=376143"}],"wp:term":[{"taxonomy":"category","embeddable":true,"href":"https:\/\/www.notibras.com\/site\/wp-json\/wp\/v2\/categories?post=376143"},{"taxonomy":"post_tag","embeddable":true,"href":"https:\/\/www.notibras.com\/site\/wp-json\/wp\/v2\/tags?post=376143"}],"curies":[{"name":"wp","href":"https:\/\/api.w.org\/{rel}","templated":true}]}}